{"id":300350,"date":"2025-12-21T21:16:16","date_gmt":"2025-12-21T21:16:16","guid":{"rendered":"https:\/\/www.europesays.com\/es\/300350\/"},"modified":"2025-12-21T21:16:16","modified_gmt":"2025-12-21T21:16:16","slug":"cta-y-la-consejeria-de-industria-analizan-el-papel-estrategico-de-andalucia-en-las-materias-primas-criticas","status":"publish","type":"post","link":"https:\/\/www.europesays.com\/es\/300350\/","title":{"rendered":"CTA y la Consejer\u00eda de Industria analizan el papel estrat\u00e9gico de Andaluc\u00eda en las materias primas cr\u00edticas"},"content":{"rendered":"<p><img loading=\"lazy\" decoding=\"async\" class=\"alignnone size-medium wp-image-106189 lazyload\" alt=\"\" width=\"300\" height=\"200\" src=\"https:\/\/www.europesays.com\/es\/wp-content\/uploads\/2025\/12\/251210_JornadaCTA-_ConsejeriaIndustria_MateriasPrimasCriticas1-300x200.jpg\"  data- data-eio-rwidth=\"300\" data-eio-rheight=\"200\"\/><\/p>\n<p>Corporaci\u00f3n Tecnol\u00f3gica de Andaluc\u00eda (CTA), en colaboraci\u00f3n con la Consejer\u00eda de Industria, Energ\u00eda y Minas de la Junta de Andaluc\u00eda y el Centro Internacional de Materiales Avanzados y Materias Primas de Castilla y Le\u00f3n (ICAMCYL), ha organizado la jornada \u2018Andaluc\u00eda en el centro de la Estrategia Europea de Materias Primas Cr\u00edticas\u2019, celebrada en Sevilla. El encuentro, enmarcado en el proyecto europeo IRMHUB del que CTA es socio, ha reunido a m\u00e1s de 50 asistentes internacionales que han analizado las oportunidades de desarrollo que ofrece el ecosistema minero andaluz y el papel de la regi\u00f3n con los proyectos europeos estrat\u00e9gicos de materias primas cr\u00edticas.<\/p>\n<p>El encuentro fue inaugurado por Jes\u00fas Portillo, director general de Minas de la Junta de Andaluc\u00eda, y por El\u00edas Atienza, director general de Corporaci\u00f3n Tecnol\u00f3gica de Andaluc\u00eda (CTA), quienes coincidieron en subrayar la oportunidad hist\u00f3rica que supone para Andaluc\u00eda situarse como referente en la gesti\u00f3n, transformaci\u00f3n y aprovechamiento sostenible de materias primas cr\u00edticas.<\/p>\n<p>El director general de Minas de la Junta de Andaluc\u00eda, Jes\u00fas Portillo, destac\u00f3 el \u201cpapel de liderazgo de Andaluc\u00eda en la escena minera nacional y tambi\u00e9n el importante peso que tiene la regi\u00f3n en el contexto europeo\u201d, siendo la segunda productora primaria de cobre. Incidi\u00f3 en el \u201cdecidido apoyo que desde el Gobierno de Andaluc\u00eda se le presta a la actividad minera como fundamento esencial para el desarrollo industrial y energ\u00e9tico de la regi\u00f3n\u201d, y cuyas l\u00edneas de desarrollo se recogen en la Estrategia para una Miner\u00eda Sostenible en Andaluc\u00eda 2030, aprobada en julio de 2023. Como principal reto de futuro destac\u00f3 \u201cla necesidad de fortalecer el ecosistema minero regional de modo que se incremente sustancialmente la capacidad de procesar y transformar el mineral en el territorio, extendiendo as\u00ed la cadena de valor\u201d en consonancia con las directrices que establece la Uni\u00f3n Europea.<\/p>\n<p>Por su parte, el director general de CTA, El\u00edas Atienza, subray\u00f3 que \u201cexiste una oportunidad significativa en torno a las materias primas cr\u00edticas debido a la transformaci\u00f3n global hacia la descarbonizaci\u00f3n y la digitalizaci\u00f3n\u00bb y se\u00f1al\u00f3 que \u00abesta situaci\u00f3n abre oportunidades para regiones con potencial geol\u00f3gico y capacidad industrial como Andaluc\u00eda\u00bb. Atienza insisti\u00f3 en que \u201clos territorios capaces de ofrecer materias primas cr\u00edticas con altos est\u00e1ndares ambientales y sociales pueden posicionarse estrat\u00e9gicamente en esta nueva econom\u00eda basada en tecnolog\u00edas limpias y cadenas de valor m\u00e1s seguras\u201d.<\/p>\n<p>En el \u00e1mbito empresarial, Diego Davoise Poto, miembro del comit\u00e9 directivo del Centro de Excelencia e Innovaci\u00f3n en Miner\u00eda Sostenible (CEIMS) y miembro de la Comisi\u00f3n de innovaci\u00f3n de Aminer, repas\u00f3 la trayectoria de Aminer en la \u00faltima d\u00e9cada e incidi\u00f3 en el fuerte impulso que Andaluc\u00eda ha dado a la miner\u00eda met\u00e1lica sostenible, consolid\u00e1ndose como referente nacional en innovaci\u00f3n aplicada al sector.<\/p>\n<p>La sesi\u00f3n, dedicada al posicionamiento europeo de Andaluc\u00eda, reuni\u00f3 a voces expertas en proyectos estrat\u00e9gicos financiados por la UE. Diana Fern\u00e1ndez (EIT Raw Materials Southern Spain Innovation Hub), Antonio Parra Lobato (director del proyecto CirCular en Atlantic Copper) y Joaqu\u00edn Gotor Mart\u00ednez (director de Tecnolog\u00eda, Innovaci\u00f3n y Medio Ambiente en CLC) presentaron iniciativas clave para avanzar hacia cadenas de suministro m\u00e1s resilientes, circulares y alineadas con la autonom\u00eda estrat\u00e9gica europea.<\/p>\n<p>En este contexto, y con especial atenci\u00f3n al impulso de las cadenas europeas de valor minera y de bater\u00edas, intervinieron tambi\u00e9n Manuel V\u00e1zquez Mora, consejero t\u00e9cnico de la Direcci\u00f3n General de Minas, quien present\u00f3 la Plataforma S3P Miner\u00eda; Marta Mac\u00edas, gestora de proyectos en CTA, que dio a conocer el proyecto europeo BATMASS, relacionado con la \u202fprocesos circulares para materiales de bater\u00edas en el marco de la Plataforma S3P Materiales Avanzados para Bater\u00edas; y Nieves Valenzuela, directora general de Fomento de la Innovaci\u00f3n, que expuso las l\u00edneas principales de la Estrategia S4 Andaluc\u00eda.<\/p>\n<p>Por otro lado, la dimensi\u00f3n internacional del encuentro se reforz\u00f3 con la participaci\u00f3n de Ioannis Retsoulis, Project &amp; Scientific Officer del Joint Research Centre (JRC), quien present\u00f3 el centro de innovaci\u00f3n Incite y su papel como motor de transformaci\u00f3n industrial en Europa.<\/p>\n<p>En cuanto a las oportunidades y mecanismos de apoyo que ofrece la Comisi\u00f3n Europea, el encuentro cont\u00f3 con una secci\u00f3n dedicada a la I3 y a su financiaci\u00f3n interregional para cadenas estrat\u00e9gicas de materias primas criticas de la mano de Susana Elena-P\u00e9rez, coordinadora del Policy Lab \u2013 I3 Support Facility, EFIS Centre.<\/p>\n<p>Por \u00faltimo, la jornada puso el foco en la importancia de la cooperaci\u00f3n interregional con la intervenci\u00f3n de Clara Balb\u00edn, gestora de proyectos en ISMC, quien present\u00f3 la colaboraci\u00f3n entre Andaluc\u00eda y Castilla y Le\u00f3n en el \u00e1mbito de las materias primas cr\u00edticas como una v\u00eda para reforzar el posicionamiento nacional y aumentar el peso de ambas comunidades en las iniciativas europeas. Su participaci\u00f3n, en el marco del consorcio IRMHUB, subray\u00f3 adem\u00e1s el valor de la colaboraci\u00f3n entre entidades socias como CTA e ISMC para avanzar conjuntamente en proyectos que contribuyan a fortalecer las cadenas de valor estrat\u00e9gicas en Europa.<\/p>\n<p>El encuentro se ha organizado con el apoyo del proyecto IRMHUB, una iniciativa financiada con cerca de 2 millones de euros a trav\u00e9s del programa Interregional Innovation Investment (I3) de la Uni\u00f3n Europea. IRMHUB persigue la creaci\u00f3n del primer meta-hub europeo orientado a impulsar la circularidad y a fortalecer la capacidad de inversi\u00f3n de las regiones menos desarrolladas en suministros sostenibles vinculados a tres \u00e1mbitos estrat\u00e9gicos: la energ\u00eda e\u00f3lica y la movilidad el\u00e9ctrica, los componentes para la fabricaci\u00f3n de bater\u00edas y los metales esenciales para la producci\u00f3n de microchips.<\/p>\n<p><strong>CTA<\/strong><br \/>CTA es una fundaci\u00f3n privada con m\u00e1s 185 empresas miembro y m\u00e1s de 20 a\u00f1os de experiencia, impulsada en su origen por la Junta de Andaluc\u00eda, con gesti\u00f3n privada y dedicada al fomento de la I+D+i regional y la transferencia de tecnolog\u00eda. CTA es un cl\u00faster que ayuda a las empresas a planificar una estrategia de innovaci\u00f3n, desde la identificaci\u00f3n de sus necesidades de I+D+i a la formulaci\u00f3n de los proyectos para resolverlas o la b\u00fasqueda de socios y la financiaci\u00f3n necesaria para llevarlos a cabo. Adem\u00e1s, ha desplegado una serie de servicios para ayudar a empresas, universidades, centros tecnol\u00f3gicos, Administraci\u00f3n y otras entidades a transformar en riqueza y negocio los resultados conseguidos. Tambi\u00e9n tiene una creciente actividad internacional, ha participado en m\u00e1s de 65 proyectos internacionales, tanto financiados por la UE como por organismos multilaterales, y ha colaborado con m\u00e1s de 500 entidades de 45 pa\u00edses.<\/p>\n","protected":false},"excerpt":{"rendered":"Corporaci\u00f3n Tecnol\u00f3gica de Andaluc\u00eda (CTA), en colaboraci\u00f3n con la Consejer\u00eda de Industria, Energ\u00eda y Minas de la Junta&hellip;\n","protected":false},"author":2,"featured_media":300351,"comment_status":"","ping_status":"","sticky":false,"template":"","format":"standard","meta":{"footnotes":""},"categories":[80],"tags":[259,82,71291,71292,37175,95,94,25,24,71293,23],"class_list":{"0":"post-300350","1":"post","2":"type-post","3":"status-publish","4":"format-standard","5":"has-post-thumbnail","7":"category-economia","8":"tag-andalucia","9":"tag-business","10":"tag-consejeria-de-industria","11":"tag-corporacion-tecnologica-de-andalucia","12":"tag-cta","13":"tag-economia","14":"tag-economy","15":"tag-es","16":"tag-espana","17":"tag-materias-primas-criticas","18":"tag-spain"},"share_on_mastodon":{"url":"https:\/\/pubeurope.com\/@es\/115759637438986695","error":""},"_links":{"self":[{"href":"https:\/\/www.europesays.com\/es\/wp-json\/wp\/v2\/posts\/300350","targetHints":{"allow":["GET"]}}],"collection":[{"href":"https:\/\/www.europesays.com\/es\/wp-json\/wp\/v2\/posts"}],"about":[{"href":"https:\/\/www.europesays.com\/es\/wp-json\/wp\/v2\/types\/post"}],"author":[{"embeddable":true,"href":"https:\/\/www.europesays.com\/es\/wp-json\/wp\/v2\/users\/2"}],"replies":[{"embeddable":true,"href":"https:\/\/www.europesays.com\/es\/wp-json\/wp\/v2\/comments?post=300350"}],"version-history":[{"count":0,"href":"https:\/\/www.europesays.com\/es\/wp-json\/wp\/v2\/posts\/300350\/revisions"}],"wp:featuredmedia":[{"embeddable":true,"href":"https:\/\/www.europesays.com\/es\/wp-json\/wp\/v2\/media\/300351"}],"wp:attachment":[{"href":"https:\/\/www.europesays.com\/es\/wp-json\/wp\/v2\/media?parent=300350"}],"wp:term":[{"taxonomy":"category","embeddable":true,"href":"https:\/\/www.europesays.com\/es\/wp-json\/wp\/v2\/categories?post=300350"},{"taxonomy":"post_tag","embeddable":true,"href":"https:\/\/www.europesays.com\/es\/wp-json\/wp\/v2\/tags?post=300350"}],"curies":[{"name":"wp","href":"https:\/\/api.w.org\/{rel}","templated":true}]}}