{"id":300364,"date":"2025-12-21T21:28:08","date_gmt":"2025-12-21T21:28:08","guid":{"rendered":"https:\/\/www.europesays.com\/es\/300364\/"},"modified":"2025-12-21T21:28:08","modified_gmt":"2025-12-21T21:28:08","slug":"tremendo-zasca-de-manolo-gonzalez-a-tv3","status":"publish","type":"post","link":"https:\/\/www.europesays.com\/es\/300364\/","title":{"rendered":"Tremendo &#8216;zasca&#8217; de Manolo Gonz\u00e1lez a TV3"},"content":{"rendered":"<p><strong>Manolo Gonz\u00e1lez<\/strong> ha vuelto a dejar una \u2018perla\u2019 durante la rueda de prensa previa al partido ante el <strong>Athletic Club de Bilbao<\/strong>. El m\u00edster gallego nunca deja indiferente a nadie, y siempre habla muy claro. En esta ocasi\u00f3n, sobre el derbi ante el<strong> FC Barcelona<\/strong> y <strong>TV3<\/strong>.\u00a0<\/p>\n<p>\u201c<strong>Es que nosotros no pensamos en el partido contra el Bar\u00e7a. De hecho, TV3 que siempre piensa en el Bar\u00e7a, pues piensa en el partido contra el Bar\u00e7a<\/strong>. Yo pienso en el partido contra Bilbao ma\u00f1ana\u201d, ha espetado el entrenador del <strong>Espanyol<\/strong> a la televisi\u00f3n p\u00fablica catalana. <strong>Manolo Gonz\u00e1lez<\/strong>, a buen seguro, ha dicho lo que piensan muchos pericos, quiz\u00e1s la mayor\u00eda.<\/p>\n","protected":false},"excerpt":{"rendered":"Manolo Gonz\u00e1lez ha vuelto a dejar una \u2018perla\u2019 durante la rueda de prensa previa al partido ante el&hellip;\n","protected":false},"author":2,"featured_media":300365,"comment_status":"","ping_status":"","sticky":false,"template":"","format":"standard","meta":{"footnotes":""},"categories":[268],"tags":[168,25,24,280,282,281,23,167],"class_list":{"0":"post-300364","1":"post","2":"type-post","3":"status-publish","4":"format-standard","5":"has-post-thumbnail","7":"category-futbol","8":"tag-deportes","9":"tag-es","10":"tag-espana","11":"tag-football","12":"tag-futbol","13":"tag-soccer","14":"tag-spain","15":"tag-sports"},"share_on_mastodon":{"url":"https:\/\/pubeurope.com\/@es\/115759684305955429","error":""},"_links":{"self":[{"href":"https:\/\/www.europesays.com\/es\/wp-json\/wp\/v2\/posts\/300364","targetHints":{"allow":["GET"]}}],"collection":[{"href":"https:\/\/www.europesays.com\/es\/wp-json\/wp\/v2\/posts"}],"about":[{"href":"https:\/\/www.europesays.com\/es\/wp-json\/wp\/v2\/types\/post"}],"author":[{"embeddable":true,"href":"https:\/\/www.europesays.com\/es\/wp-json\/wp\/v2\/users\/2"}],"replies":[{"embeddable":true,"href":"https:\/\/www.europesays.com\/es\/wp-json\/wp\/v2\/comments?post=300364"}],"version-history":[{"count":0,"href":"https:\/\/www.europesays.com\/es\/wp-json\/wp\/v2\/posts\/300364\/revisions"}],"wp:featuredmedia":[{"embeddable":true,"href":"https:\/\/www.europesays.com\/es\/wp-json\/wp\/v2\/media\/300365"}],"wp:attachment":[{"href":"https:\/\/www.europesays.com\/es\/wp-json\/wp\/v2\/media?parent=300364"}],"wp:term":[{"taxonomy":"category","embeddable":true,"href":"https:\/\/www.europesays.com\/es\/wp-json\/wp\/v2\/categories?post=300364"},{"taxonomy":"post_tag","embeddable":true,"href":"https:\/\/www.europesays.com\/es\/wp-json\/wp\/v2\/tags?post=300364"}],"curies":[{"name":"wp","href":"https:\/\/api.w.org\/{rel}","templated":true}]}}