{"id":300382,"date":"2025-12-21T21:40:08","date_gmt":"2025-12-21T21:40:08","guid":{"rendered":"https:\/\/www.europesays.com\/es\/300382\/"},"modified":"2025-12-21T21:40:08","modified_gmt":"2025-12-21T21:40:08","slug":"operacion-espacio-publico-lidero-1-721-acciones-en-bogota-durante-2025","status":"publish","type":"post","link":"https:\/\/www.europesays.com\/es\/300382\/","title":{"rendered":"Operaci\u00f3n Espacio P\u00fablico lider\u00f3 1.721 acciones en Bogot\u00e1 durante 2025"},"content":{"rendered":"<p>\u00a1Aqu\u00ed s\u00ed pasa, en\u00a0<a href=\"https:\/\/bogota.gov.co\/tag\/bogota-mi-ciudad-mi-casa\" target=\"_blank\" rel=\"nofollow noopener\">Bogot\u00e1, mi Ciudad, mi Casa<\/a>\u00a0unimos esfuerzos para mantener limpia la ciudad y proteger el espacio p\u00fablico!<strong>\u00a0En un esfuerzo articulado sin precedentes, la\u00a0<a href=\"https:\/\/bogota.gov.co\/\" rel=\"nofollow noopener\" target=\"_blank\">Alcald\u00eda Mayor de Bogot\u00e1<\/a>\u00a0por medio de la <a href=\"https:\/\/www.gobiernobogota.gov.co\/\" target=\"_blank\" rel=\"nofollow noopener\">Secretar\u00eda\u00a0Distrital\u00a0de\u00a0Gobierno<\/a>\u00a0(SDG), en conjunto con las 20 alcald\u00edas locales, ha puesto en marcha la &#8216;Operaci\u00f3n Espacio P\u00fablico&#8217;. Una estrategia integral que busca transformar la cara de la capital, garantizando que parques, plazas, andenes y corredores viales sean escenarios de convivencia plena, seguridad y libre movilidad para la ciudadan\u00eda. Durante 2025, en <a href=\"https:\/\/bogota.gov.co\/\" rel=\"nofollow noopener\" target=\"_blank\">Bogot\u00e1<\/a>\u00a0fueron lideradas 1.721 acciones con la\u00a0&#8216;Operaci\u00f3n Espacio P\u00fablico&#8217;.<\/strong><\/p>\n<p><strong>No te vayas sin leer:\u00a0<\/strong><a href=\"https:\/\/bogota.gov.co\/mi-ciudad\/gobierno\/portal-norte-de-bogota-estrena-banos-publicos-y-biciparqueaderos-2025\" rel=\"nofollow noopener\" target=\"_blank\">El Portal Norte de TransMilenio en Bogot\u00e1, estrena ba\u00f1os p\u00fablicos y dos biciparqueaderos<\/a><\/p>\n<p>La ofensiva, contra la ocupaci\u00f3n ilegal del espacio p\u00fablico y contra el arrojo ilegal de escombros y basuras, ya se despliega de manera simult\u00e1nea desde Usaqu\u00e9n hasta Sumapaz, en 2025 ya deja m\u00e1s de 1.721 operativos, y continuar\u00e1 en 2026 con un despliegue operativo y comunitario en las 20 localidades de\u00a0<strong><a href=\"https:\/\/bogota.gov.co\/\" rel=\"nofollow noopener\" target=\"_blank\">Bogot\u00e1<\/a>\u00a0<\/strong>para enfrentar, entre otros, los puntos cr\u00edticos de disposici\u00f3n inadecuada de residuos y desechos.<\/p>\n<blockquote>\n<p>\u201cEn diciembre de 2025 y enero 2026 todo los equipos de la\u00a0<strong><a href=\"https:\/\/www.gobiernobogota.gov.co\/\" target=\"_blank\" rel=\"nofollow noopener\">Secretar\u00eda\u00a0Distrital\u00a0de\u00a0Gobierno<\/a>\u00a0y las Alcald\u00edas Locales\u00a0<\/strong>salen a la calle a recuperar espacios p\u00fablicos, vamos a hacer intervenciones en muchos puntos de las localidades y v\u00edas principales. Vamos a trabajar sin descanso para tener una mejor ciudad el pr\u00f3ximo a\u00f1o\u201d, asegur\u00f3 el\u00a0<a href=\"https:\/\/bogota.gov.co\/\" rel=\"nofollow noopener\" target=\"_blank\">alcalde Mayor de Bogot\u00e1<\/a>, Carlos Fernando Gal\u00e1n.<\/p>\n<\/blockquote>\n<p>Esta estrategia de abordaje territorial tambi\u00e9n combina la sensibilizaci\u00f3n ciudadana, el aprovechamiento regulado del espacio y la recuperaci\u00f3n de \u00e1reas cr\u00edticas que hab\u00edan sido afectadas por el deterioro urbano.<\/p>\n<p><strong>\u00a0&#8216;Operaci\u00f3n Espacio P\u00fablico&#8217; en Bogot\u00e1: i<\/strong>mpacto y cubrimiento territorial<\/p>\n<p>A diferencia de intervenciones aisladas del pasado, &#8216;Operaci\u00f3n Espacio P\u00fablico&#8217; destaca por su escala. Con el apoyo de los equipos de Gesti\u00f3n Policiva y gestoras y gestores de Di\u00e1logo de cada localidad, se est\u00e1n logrando resultados hist\u00f3ricos en:<\/p>\n<ul>\n<li>Recuperaci\u00f3n de m\u00e1s de 500 mil metros cuadrados de espacio p\u00fablico: liberando andenes para priorizar a las personas que se desplazan caminando y especialmente con movilidad reducida.<\/li>\n<li>Seguridad y Convivencia: con acciones de desmantelamiento de focos de inseguridad vinculados al uso indebido de zonas comunes, a la fecha ya son 2.347 las medidas correctivas aplicadas y 245 cambuches retirados.<\/li>\n<li>Organizaci\u00f3n del comercio: a trav\u00e9s del di\u00e1logo directo con vendedoras y vendedores informales para su caracterizaci\u00f3n y reubicaci\u00f3n con alternativas productivas dignas.<\/li>\n<\/ul>\n<blockquote>\n<p>\u00abEsta operaci\u00f3n no es un esfuerzo aislado; es la respuesta institucional a una ciudadan\u00eda que exige una ciudad m\u00e1s ordenada y segura. Con el apoyo de nuestras 20 alcald\u00edas locales, estamos demostrando que el espacio p\u00fablico es el bien m\u00e1s sagrado de <a href=\"https:\/\/bogota.gov.co\/\" rel=\"nofollow noopener\" target=\"_blank\">Bogot\u00e1<\/a>, el lugar donde somos iguales y donde la ley y el respeto deben prevalecer para mejorar la calidad de vida de cada barrio\u00bb, afirm\u00f3 el\u00a0<strong><a href=\"https:\/\/www.gobiernobogota.gov.co\/\" target=\"_blank\" rel=\"nofollow noopener\">secretario Distrital\u00a0de\u00a0Gobierno<\/a><\/strong>, Gustavo Quintero.<\/p>\n<\/blockquote>\n<p><strong>No te vayas sin leer:\u00a0<\/strong><a href=\"https:\/\/bogota.gov.co\/mi-ciudad\/gobierno\/entregan-segmentos-viales-en-unir-kennedy-bogota-2025\" rel=\"nofollow noopener\" target=\"_blank\">Kennedy entreg\u00f3 nuevos segmentos viales en Unir 1 para mejorar movilidad local<\/a><\/p>\n<p><strong>Espacio p\u00fablico en Bogot\u00e1: i<\/strong>mportancia para la ciudad<\/p>\n<p>Para <a href=\"https:\/\/bogota.gov.co\/\" rel=\"nofollow noopener\" target=\"_blank\">Bogot\u00e1<\/a>, recuperar el espacio p\u00fablico significa dinamizar la econom\u00eda local bajo el marco de la legalidad y devolverle la confianza a la ciudadan\u00eda para habitar su entorno. La estrategia incluye jornadas de limpieza, embellecimiento de fachadas y la articulaci\u00f3n con la\u00a0<a href=\"https:\/\/www.uaesp.gov.co\/\" rel=\"nofollow noopener\" target=\"_blank\">Unidad Administrativa Especial de Servicios P\u00fablicos<\/a> (UAESP) para garantizar entornos libres de residuos.<\/p>\n<p>Es importante tener en cuenta que en lo corrido del 2025, mediante esta iniciativa ya se han recolectado 320.480 toneladas de residuos mixtos y escombros.<\/p>\n","protected":false},"excerpt":{"rendered":"\u00a1Aqu\u00ed s\u00ed pasa, en\u00a0Bogot\u00e1, mi Ciudad, mi Casa\u00a0unimos esfuerzos para mantener limpia la ciudad y proteger el espacio&hellip;\n","protected":false},"author":2,"featured_media":300383,"comment_status":"","ping_status":"","sticky":false,"template":"","format":"standard","meta":{"footnotes":""},"categories":[42],"tags":[17,18,13,14,11,61,62,63,64,19,20,9,10,15,16,12,21,22,65,66,67],"class_list":{"0":"post-300382","1":"post","2":"type-post","3":"status-publish","4":"format-standard","5":"has-post-thumbnail","7":"category-internacional","8":"tag-breaking-news","9":"tag-breakingnews","10":"tag-featured-news","11":"tag-featurednews","12":"tag-headlines","13":"tag-internacional","14":"tag-international","15":"tag-international-news","16":"tag-internationalnews","17":"tag-latest-news","18":"tag-latestnews","19":"tag-news","20":"tag-noticias","21":"tag-noticias-destacadas","22":"tag-noticiasdestacadas","23":"tag-titulares","24":"tag-ultimas-noticias","25":"tag-ultimasnoticias","26":"tag-world","27":"tag-world-news","28":"tag-worldnews"},"share_on_mastodon":{"url":"https:\/\/pubeurope.com\/@es\/115759731626229001","error":""},"_links":{"self":[{"href":"https:\/\/www.europesays.com\/es\/wp-json\/wp\/v2\/posts\/300382","targetHints":{"allow":["GET"]}}],"collection":[{"href":"https:\/\/www.europesays.com\/es\/wp-json\/wp\/v2\/posts"}],"about":[{"href":"https:\/\/www.europesays.com\/es\/wp-json\/wp\/v2\/types\/post"}],"author":[{"embeddable":true,"href":"https:\/\/www.europesays.com\/es\/wp-json\/wp\/v2\/users\/2"}],"replies":[{"embeddable":true,"href":"https:\/\/www.europesays.com\/es\/wp-json\/wp\/v2\/comments?post=300382"}],"version-history":[{"count":0,"href":"https:\/\/www.europesays.com\/es\/wp-json\/wp\/v2\/posts\/300382\/revisions"}],"wp:featuredmedia":[{"embeddable":true,"href":"https:\/\/www.europesays.com\/es\/wp-json\/wp\/v2\/media\/300383"}],"wp:attachment":[{"href":"https:\/\/www.europesays.com\/es\/wp-json\/wp\/v2\/media?parent=300382"}],"wp:term":[{"taxonomy":"category","embeddable":true,"href":"https:\/\/www.europesays.com\/es\/wp-json\/wp\/v2\/categories?post=300382"},{"taxonomy":"post_tag","embeddable":true,"href":"https:\/\/www.europesays.com\/es\/wp-json\/wp\/v2\/tags?post=300382"}],"curies":[{"name":"wp","href":"https:\/\/api.w.org\/{rel}","templated":true}]}}