{"id":300386,"date":"2025-12-21T21:42:09","date_gmt":"2025-12-21T21:42:09","guid":{"rendered":"https:\/\/www.europesays.com\/es\/300386\/"},"modified":"2025-12-21T21:42:09","modified_gmt":"2025-12-21T21:42:09","slug":"el-pp-ha-forzado-el-adelanto-electoral-con-la-intencion-de-que-el-psoe-encadene-varias-derrotas-en-varios-territorios-sociedad","status":"publish","type":"post","link":"https:\/\/www.europesays.com\/es\/300386\/","title":{"rendered":"\u00abEl PP ha forzado el adelanto electoral con la intenci\u00f3n de que el PSOE encadene varias derrotas en varios territorios\u00bb | Sociedad"},"content":{"rendered":"<p class=\"loc\">Madrid<\/p>\n<p>Las elecciones en Extremadura celebradas este domingo arrancan un ciclo electoral en Espa\u00f1a con el tel\u00f3n de fondo de las \u00faltimas investigaciones por corrupci\u00f3n y los casos de presunto acoso sexual de figuras pol\u00edticas del PSOE y el PP a mujeres. <\/p>\n<p>\u00abEn los planes de S\u00e1nchez no estaban ni esta cita ni la de febrero en Arag\u00f3n, pero ha sido el PP el que ha forzado el adelanto con este rally auton\u00f3mico con el objetivo de impedir al Gobierno agotar la legistaltura\u00bb, ha dicho Guillermo Lerma, jefe de pol\u00edtica de La SER. \u00abHabr\u00e1 que ver si el PSOE es capaz de aguantar la presi\u00f3n\u00bb, a\u00f1ad\u00eda.<\/p>\n<p>Guardiola, al borde de la mayor\u00eda absoluta<\/p>\n<p>La presidenta extreme\u00f1a, Mar\u00eda Guardiola, rozar\u00eda los 33 esca\u00f1os de la mayor\u00eda absoluta en la Asamblea de Extremadura en las elecciones celebradas este domingo, seg\u00fan un sondeo de Sigma Dos para El Mundo.<\/p>\n<p>El PP vencer\u00eda en los comicios con el 44,9 % de los votos, con entre 30 y 32 esca\u00f1os, unos resultados que doblar\u00edan la representaci\u00f3n que obtendr\u00eda el PSOE, al que la encuesta concede entre 16 y 18 diputados y el 24,7 % de los sufragios.<\/p>\n<p>Este resultado supondr\u00eda un batacazo para los socialistas, que ahora cuentan con 28 representantes en la Asamblea de Extremadura, los mismos que el Partido Popular.<\/p>\n<p>Vox, por su parte, conseguir\u00eda una importante subida que doblar\u00eda sus actuales cinco esca\u00f1os, con una horquilla de entre 9 y 11 parlamentarios y el 15,3 % de los votos.<\/p>\n<p>Crecer\u00eda igualmente Unidos por Extremadura, con un apoyo del 11,5 % y entre 7 y 8 esca\u00f1os, frente a los cuatro que su candidatura de 2023 logr\u00f3 en la Asamblea, seg\u00fan publica El Mundo, que no especifica la ficha t\u00e9cnica de la encuesta. <\/p>\n","protected":false},"excerpt":{"rendered":"Madrid Las elecciones en Extremadura celebradas este domingo arrancan un ciclo electoral en Espa\u00f1a con el tel\u00f3n de&hellip;\n","protected":false},"author":2,"featured_media":300387,"comment_status":"","ping_status":"","sticky":false,"template":"","format":"standard","meta":{"footnotes":""},"categories":[5],"tags":[17,18,25,24,13,14,11,19,20,9,10,15,16,23,12,21,22],"class_list":{"0":"post-300386","1":"post","2":"type-post","3":"status-publish","4":"format-standard","5":"has-post-thumbnail","7":"category-titulares","8":"tag-breaking-news","9":"tag-breakingnews","10":"tag-es","11":"tag-espana","12":"tag-featured-news","13":"tag-featurednews","14":"tag-headlines","15":"tag-latest-news","16":"tag-latestnews","17":"tag-news","18":"tag-noticias","19":"tag-noticias-destacadas","20":"tag-noticiasdestacadas","21":"tag-spain","22":"tag-titulares","23":"tag-ultimas-noticias","24":"tag-ultimasnoticias"},"share_on_mastodon":{"url":"https:\/\/pubeurope.com\/@es\/115759739300823455","error":""},"_links":{"self":[{"href":"https:\/\/www.europesays.com\/es\/wp-json\/wp\/v2\/posts\/300386","targetHints":{"allow":["GET"]}}],"collection":[{"href":"https:\/\/www.europesays.com\/es\/wp-json\/wp\/v2\/posts"}],"about":[{"href":"https:\/\/www.europesays.com\/es\/wp-json\/wp\/v2\/types\/post"}],"author":[{"embeddable":true,"href":"https:\/\/www.europesays.com\/es\/wp-json\/wp\/v2\/users\/2"}],"replies":[{"embeddable":true,"href":"https:\/\/www.europesays.com\/es\/wp-json\/wp\/v2\/comments?post=300386"}],"version-history":[{"count":0,"href":"https:\/\/www.europesays.com\/es\/wp-json\/wp\/v2\/posts\/300386\/revisions"}],"wp:featuredmedia":[{"embeddable":true,"href":"https:\/\/www.europesays.com\/es\/wp-json\/wp\/v2\/media\/300387"}],"wp:attachment":[{"href":"https:\/\/www.europesays.com\/es\/wp-json\/wp\/v2\/media?parent=300386"}],"wp:term":[{"taxonomy":"category","embeddable":true,"href":"https:\/\/www.europesays.com\/es\/wp-json\/wp\/v2\/categories?post=300386"},{"taxonomy":"post_tag","embeddable":true,"href":"https:\/\/www.europesays.com\/es\/wp-json\/wp\/v2\/tags?post=300386"}],"curies":[{"name":"wp","href":"https:\/\/api.w.org\/{rel}","templated":true}]}}