{"id":300392,"date":"2025-12-21T21:48:11","date_gmt":"2025-12-21T21:48:11","guid":{"rendered":"https:\/\/www.europesays.com\/es\/300392\/"},"modified":"2025-12-21T21:48:11","modified_gmt":"2025-12-21T21:48:11","slug":"otros-dos-junior-de-picusa-academy-dan-el-salto-a-continental-omer-ramon-y-quique-maranchon","status":"publish","type":"post","link":"https:\/\/www.europesays.com\/es\/300392\/","title":{"rendered":"Otros dos j\u00fanior de Picusa Academy dan el salto a continental: Omer Ramon y Quique Maranch\u00f3n"},"content":{"rendered":"<p>El equipo Picusa Academy tuvo la satisfacci\u00f3n de ver publicado de forma oficial que otros dos corredores formados en el seno de la formaci\u00f3n gallega ser\u00e1n miembros de un equipo continental en 2026: hablamos de Omer Ram\u00f3n y de Quique Maranch\u00f3n. En apenas dos a\u00f1os, son seis los ciclistas que han pasado de j\u00fanior a continental a ra\u00edz de su formaci\u00f3n en la escuadra de Velofutur.<\/p>\n<p><strong>Picusa Academy<\/strong> tiene como objetivo fundamental la formaci\u00f3n de j\u00f3venes talentos de todo el mundo. En ese camino, el ejemplo de 2025 fue m\u00e1s que significativo, puesto que se ayud\u00f3 al gallego <strong>Lois Dejes\u00fas<\/strong> a pasar con el equipo <strong>Tavfer<\/strong> y al brasile\u00f1o <strong>Henrique Bravo<\/strong> a ser fichado por el equipo continental de <strong>Soudal<\/strong>. Y eso que 2025 era el primer a\u00f1o para el equipo gallego en las carreteras y no contaban con muchos corredores que estuvieran firmando su segunda temporada en la categor\u00eda j\u00fanior.<\/p>\n<p>De cara a 2026, la cosecha ha sido duplicada, puesto que Picusa Academy ha pasado de ayudar a dos corredores a hacerlo con nada menos que cuatro. Hasta ahora se hab\u00eda publicado que el gallego <strong>Diego L\u00f3pez<\/strong> se incorporaba tambi\u00e9n a <strong>Tavfer<\/strong> dentro de la apuesta por la calidad y el trabajo a largo plazo que viene haciendo este equipo portugu\u00e9s. Tambi\u00e9n se hab\u00eda anunciado que el doble campe\u00f3n mundial de pista, <strong>Eric Igual<\/strong>, era miembro del nuevo equipo <strong>Movistar<\/strong> continental.<\/p>\n<p>Ahora se han conocido otros dos fichajes: el israel\u00ed <strong>Omer Ramon<\/strong> sum\u00f3 nada menos que <strong>cuatro victorias<\/strong> con los colores de Picusa Academy: una de las cl\u00e1sicas de la Ta\u00e7a de Portugal, dos etapas de la Volta ao Concelho de Loul\u00e9 y una de las etapas de la Challenge Volta Barbanza. Adem\u00e1s, tambi\u00e9n se incorpora a ese mismo filial de NSN otro corredor espa\u00f1ol: <strong>Enrique Maranch\u00f3n<\/strong>. El valenciano, ex campe\u00f3n de Espa\u00f1a cadete, sufri\u00f3 una monunecleosis durante la temporada 2025, pero su principio de a\u00f1o fue bueno (segundo en la contrarreloj individual del <strong>Gran Premio San Vicente<\/strong>, frente a muchos rivales de diferentes pa\u00edses) y acab\u00f3 de la misma forma, con victoria en el campeonato de Galicia tras exhibici\u00f3n en solitario y actuaciones destacadas en la Vuelta a Cantabria y en la Vuelta a Valladolid.<\/p>\n<p>Adem\u00e1s, Picusa Academy tiene otro motivo de orgullo, puesto que <strong>todos<\/strong> y cada uno de los corredores que han pasado por el equipo j\u00fanior han tenido <strong>un equipo sub-23<\/strong> para seguir con su formaci\u00f3n como ciclistas ya sea en la categor\u00eda continental o ya sea en un equipo de club, es decir, elite y sub-23.<\/p>\n","protected":false},"excerpt":{"rendered":"El equipo Picusa Academy tuvo la satisfacci\u00f3n de ver publicado de forma oficial que otros dos corredores formados&hellip;\n","protected":false},"author":2,"featured_media":25563,"comment_status":"","ping_status":"","sticky":false,"template":"","format":"standard","meta":{"footnotes":""},"categories":[273],"tags":[313,312,168,25,24,23,167],"class_list":{"0":"post-300392","1":"post","2":"type-post","3":"status-publish","4":"format-standard","5":"has-post-thumbnail","7":"category-ciclismo","8":"tag-ciclismo","9":"tag-cycling","10":"tag-deportes","11":"tag-es","12":"tag-espana","13":"tag-spain","14":"tag-sports"},"share_on_mastodon":{"url":"https:\/\/pubeurope.com\/@es\/115759762867513370","error":""},"_links":{"self":[{"href":"https:\/\/www.europesays.com\/es\/wp-json\/wp\/v2\/posts\/300392","targetHints":{"allow":["GET"]}}],"collection":[{"href":"https:\/\/www.europesays.com\/es\/wp-json\/wp\/v2\/posts"}],"about":[{"href":"https:\/\/www.europesays.com\/es\/wp-json\/wp\/v2\/types\/post"}],"author":[{"embeddable":true,"href":"https:\/\/www.europesays.com\/es\/wp-json\/wp\/v2\/users\/2"}],"replies":[{"embeddable":true,"href":"https:\/\/www.europesays.com\/es\/wp-json\/wp\/v2\/comments?post=300392"}],"version-history":[{"count":0,"href":"https:\/\/www.europesays.com\/es\/wp-json\/wp\/v2\/posts\/300392\/revisions"}],"wp:featuredmedia":[{"embeddable":true,"href":"https:\/\/www.europesays.com\/es\/wp-json\/wp\/v2\/media\/25563"}],"wp:attachment":[{"href":"https:\/\/www.europesays.com\/es\/wp-json\/wp\/v2\/media?parent=300392"}],"wp:term":[{"taxonomy":"category","embeddable":true,"href":"https:\/\/www.europesays.com\/es\/wp-json\/wp\/v2\/categories?post=300392"},{"taxonomy":"post_tag","embeddable":true,"href":"https:\/\/www.europesays.com\/es\/wp-json\/wp\/v2\/tags?post=300392"}],"curies":[{"name":"wp","href":"https:\/\/api.w.org\/{rel}","templated":true}]}}