{"id":300395,"date":"2025-12-21T21:51:09","date_gmt":"2025-12-21T21:51:09","guid":{"rendered":"https:\/\/www.europesays.com\/es\/300395\/"},"modified":"2025-12-21T21:51:09","modified_gmt":"2025-12-21T21:51:09","slug":"el-sorprendente-salvador-de-xabi-alonso","status":"publish","type":"post","link":"https:\/\/www.europesays.com\/es\/300395\/","title":{"rendered":"El sorprendente salvador de Xabi Alonso"},"content":{"rendered":"<p data-gtm-element-container=\"modulo-texto-link\" class=\"paragraph\"><strong>Rodrygo Goes <\/strong>se ha convertido, junto a <strong>Mbapp\u00e9 y Courtois<\/strong>, en el salvador d<strong>e Xabi Alonso <\/strong>en los \u00faltimos partidos. El brasile\u00f1o ha pasado de no contar para el vasco a ser decisivo en los \u00faltimos encuentros del Real Madrid que le han dado aire a Xabi Alonso para seguir en el banquillo.<\/p>\n<p data-gtm-element-container=\"modulo-texto-link\" class=\"paragraph\"><strong>Rodrygo<\/strong> era un suplente habitual para el entrenador vasco que, adem\u00e1s, s\u00f3lo lo ve\u00eda por la banda izquierda como recambio de Vinicius. Xabi Alonso lo prob\u00f3 ah\u00ed en varios encuentros, pero Rodrygo no\u00a0 hizo nada para que el t\u00e9cnico pensara en \u00e9l como titular.<\/p>\n<p>    Lee tambi\u00e9n<\/p>\n<p data-gtm-element-container=\"modulo-texto-link\" class=\"paragraph\"><strong>Todo cambi\u00f3 en el duelo de Champions ante el City. <\/strong>Xabi Alonso puso a <strong>Rodrygo<\/strong> como titular, pero por la derecha, donde jugaba con Ancelotti y ah\u00ed, el brasile\u00f1o despert\u00f3. El Real Madrid perdi\u00f3, pero el brasile\u00f1o marc\u00f3 un gol que acaba con su sequ\u00eda goleadora que dur\u00f3 281 d\u00edas. Adem\u00e1s de ese tanto, Xabi Alonso descubri\u00f3 a un Rodrygo que no s\u00f3lo jugaba en punta, tambi\u00e9n lo pod\u00eda hacer en el centro del campo. As\u00ed, pod\u00eda ayudar a sacar el bal\u00f3n desde atr\u00e1s.<\/p>\n<p data-gtm-element-container=\"modulo-texto-link\" class=\"paragraph\">Desde el encuentro ante el City, Rodrygo ha ido a m\u00e1s y salvo en Copa ante el Talavera, <strong>ha sido titular ante el Alav\u00e9s y el Sevilla. Dos partidos que acabaron con triunfo blanco y en los que Rodrygo tuvo un papel principal.<\/strong> En Vitoria, marc\u00f3 el tanto del triunfo blanco y ante el Sevilla, dio el pase del 1-0 de Bellingham y provoc\u00f3 el penalti del 2-0 de Mbapp\u00e9.<\/p>\n<p data-gtm-element-container=\"modulo-texto-link\" class=\"paragraph\"><strong>Rodrygo <\/strong>es clave en este Real Madrid y ha salvado al entrenador que poco menos que le mostr\u00f3 la puerta de salida hace nada. El brasile\u00f1o se ha &#8216;comido&#8217; a Mastantuono y Brahim para jugar por la derecha, una posici\u00f3n en el que no lo ve\u00eda Xabi Alonso y ahora, habr\u00e1 que ver qui\u00e9n le saca de ah\u00ed.\u00a0<\/p>\n","protected":false},"excerpt":{"rendered":"Rodrygo Goes se ha convertido, junto a Mbapp\u00e9 y Courtois, en el salvador de Xabi Alonso en los&hellip;\n","protected":false},"author":2,"featured_media":300396,"comment_status":"","ping_status":"","sticky":false,"template":"","format":"standard","meta":{"footnotes":""},"categories":[268],"tags":[168,25,24,280,282,281,23,167],"class_list":{"0":"post-300395","1":"post","2":"type-post","3":"status-publish","4":"format-standard","5":"has-post-thumbnail","7":"category-futbol","8":"tag-deportes","9":"tag-es","10":"tag-espana","11":"tag-football","12":"tag-futbol","13":"tag-soccer","14":"tag-spain","15":"tag-sports"},"share_on_mastodon":{"url":"https:\/\/pubeurope.com\/@es\/115759774820073007","error":""},"_links":{"self":[{"href":"https:\/\/www.europesays.com\/es\/wp-json\/wp\/v2\/posts\/300395","targetHints":{"allow":["GET"]}}],"collection":[{"href":"https:\/\/www.europesays.com\/es\/wp-json\/wp\/v2\/posts"}],"about":[{"href":"https:\/\/www.europesays.com\/es\/wp-json\/wp\/v2\/types\/post"}],"author":[{"embeddable":true,"href":"https:\/\/www.europesays.com\/es\/wp-json\/wp\/v2\/users\/2"}],"replies":[{"embeddable":true,"href":"https:\/\/www.europesays.com\/es\/wp-json\/wp\/v2\/comments?post=300395"}],"version-history":[{"count":0,"href":"https:\/\/www.europesays.com\/es\/wp-json\/wp\/v2\/posts\/300395\/revisions"}],"wp:featuredmedia":[{"embeddable":true,"href":"https:\/\/www.europesays.com\/es\/wp-json\/wp\/v2\/media\/300396"}],"wp:attachment":[{"href":"https:\/\/www.europesays.com\/es\/wp-json\/wp\/v2\/media?parent=300395"}],"wp:term":[{"taxonomy":"category","embeddable":true,"href":"https:\/\/www.europesays.com\/es\/wp-json\/wp\/v2\/categories?post=300395"},{"taxonomy":"post_tag","embeddable":true,"href":"https:\/\/www.europesays.com\/es\/wp-json\/wp\/v2\/tags?post=300395"}],"curies":[{"name":"wp","href":"https:\/\/api.w.org\/{rel}","templated":true}]}}