{"id":300410,"date":"2025-12-21T22:04:07","date_gmt":"2025-12-21T22:04:07","guid":{"rendered":"https:\/\/www.europesays.com\/es\/300410\/"},"modified":"2025-12-21T22:04:07","modified_gmt":"2025-12-21T22:04:07","slug":"ee-uu-y-ucrania-discuten-garantias-de-paz-posconflicto-dw-21-12-2025","status":"publish","type":"post","link":"https:\/\/www.europesays.com\/es\/300410\/","title":{"rendered":"EE.UU. y Ucrania discuten garant\u00edas de paz posconflicto \u2013 DW \u2013 21\/12\/2025"},"content":{"rendered":"<p>Representantes de EE.UU. y <a class=\"internal-link\" href=\"https:\/\/www.dw.com\/es\/ucrania\/t-36925922\" rel=\"nofollow noopener\" target=\"_blank\">Ucrania<\/a> abordaron en Miami las garant\u00edas de seguridad a Kiev dentro de <a class=\"internal-link\" href=\"https:\/\/www.dw.com\/es\/las-l\u00edneas-rojas-de-los-ucranianos-ante-el-proceso-de-paz\/a-75244881\" rel=\"nofollow noopener\" target=\"_blank\">un plan de paz con Rusia impulsado por Washington<\/a> y la recuperaci\u00f3n econ\u00f3mica del pa\u00eds europeo tras el fin del conflicto, con \u00e9nfasis en la definici\u00f3n de plazos y la secuencia de los pr\u00f3ximos pasos en la negociaci\u00f3n.<\/p>\n<p>El enviado especial estadounidense, Steve Witkoff, hizo un recuento este domingo (21.12.2025) en X de las reuniones \u00abproductivas y constructivas\u00bb de los \u00faltimos tres d\u00edas con sus pares ucranianos, que contaron con la presencia de aliados europeos \u00abpara coordinar un enfoque estrat\u00e9gico com\u00fan entre Ucrania, <a class=\"internal-link\" href=\"https:\/\/www.dw.com\/es\/estados-unidos\/t-17411942\" rel=\"nofollow noopener\" target=\"_blank\">Estados Unidos<\/a> y Europa\u00bb.<\/p>\n<p>\u00abTambi\u00e9n se celebr\u00f3 una reuni\u00f3n constructiva separada en formato Estados Unidos\u2013Ucrania, durante la cual se abordaron cuatro documentos clave: el desarrollo adicional de un plan de 20 puntos, la alineaci\u00f3n de posiciones sobre <a class=\"internal-link\" href=\"https:\/\/www.dw.com\/es\/la-fuerza-de-paz-que-se-perfila-para-dar-seguridad-a-ucrania\/a-75248137\" rel=\"nofollow noopener\" target=\"_blank\">un marco de garant\u00edas de seguridad<\/a>de EE.UU. para Ucrania y el desarrollo futuro de un plan econ\u00f3mico y de prosperidad\u00bb, agreg\u00f3.<\/p>\n<p>Seg\u00fan el enviado del presidente de Estados Unidos, <a class=\"internal-link\" href=\"https:\/\/www.dw.com\/es\/donald-trump\/t-19445010\" rel=\"nofollow noopener\" target=\"_blank\">Donald Trump<\/a>, en las conversaciones \u00abse prest\u00f3 especial atenci\u00f3n a la discusi\u00f3n de los plazos y la secuencia de los pr\u00f3ximos pasos a seguir\u201d.<\/p>\n<p>Witkoff y el yerno de Trump, Jared Kushner, se reunieron durante el fin de semana en Miami con el secretario del Consejo de Seguridad Nacional y de Defensa de Ucrania, Rustem Um\u00e9rov, y el jefe del Estado Mayor ucraniano, Andr\u00ed Gn\u00e1tov. En paralelo, los representantes de Washington mantuvieron <a class=\"internal-link\" href=\"https:\/\/www.dw.com\/es\/enviado-del-kremlin-viaja-a-miami-para-negociaciones-sobre-ucrania\/a-75252159\" rel=\"nofollow noopener\" target=\"_blank\">contactos separados con el emisario del Kremlin, Kiril Dm\u00edtriev<\/a>.<\/p>\n<p>En su mensaje en X, Witkoff resalt\u00f3 que Ucrania mantiene su compromiso por alcanzar una \u00abpaz justa y sostenible\u00bb. \u00abLa paz no debe ser solo el cese de las hostilidades, sino tambi\u00e9n una base s\u00f3lida para un futuro estable\u00bb, insisti\u00f3 el enviado, que no se refiri\u00f3 en su publicaci\u00f3n a las reuniones con Dm\u00edtriev.<\/p>\n<p>(mn\/efe, afp)<\/p>\n<p>\u00a0<\/p>\n","protected":false},"excerpt":{"rendered":"Representantes de EE.UU. y Ucrania abordaron en Miami las garant\u00edas de seguridad a Kiev dentro de un plan&hellip;\n","protected":false},"author":2,"featured_media":300411,"comment_status":"","ping_status":"","sticky":false,"template":"","format":"standard","meta":{"footnotes":""},"categories":[42],"tags":[17,18,13,14,11,61,62,63,64,19,20,9,10,15,16,12,21,22,65,66,67],"class_list":{"0":"post-300410","1":"post","2":"type-post","3":"status-publish","4":"format-standard","5":"has-post-thumbnail","7":"category-internacional","8":"tag-breaking-news","9":"tag-breakingnews","10":"tag-featured-news","11":"tag-featurednews","12":"tag-headlines","13":"tag-internacional","14":"tag-international","15":"tag-international-news","16":"tag-internationalnews","17":"tag-latest-news","18":"tag-latestnews","19":"tag-news","20":"tag-noticias","21":"tag-noticias-destacadas","22":"tag-noticiasdestacadas","23":"tag-titulares","24":"tag-ultimas-noticias","25":"tag-ultimasnoticias","26":"tag-world","27":"tag-world-news","28":"tag-worldnews"},"share_on_mastodon":{"url":"https:\/\/pubeurope.com\/@es\/115759825863194287","error":""},"_links":{"self":[{"href":"https:\/\/www.europesays.com\/es\/wp-json\/wp\/v2\/posts\/300410","targetHints":{"allow":["GET"]}}],"collection":[{"href":"https:\/\/www.europesays.com\/es\/wp-json\/wp\/v2\/posts"}],"about":[{"href":"https:\/\/www.europesays.com\/es\/wp-json\/wp\/v2\/types\/post"}],"author":[{"embeddable":true,"href":"https:\/\/www.europesays.com\/es\/wp-json\/wp\/v2\/users\/2"}],"replies":[{"embeddable":true,"href":"https:\/\/www.europesays.com\/es\/wp-json\/wp\/v2\/comments?post=300410"}],"version-history":[{"count":0,"href":"https:\/\/www.europesays.com\/es\/wp-json\/wp\/v2\/posts\/300410\/revisions"}],"wp:featuredmedia":[{"embeddable":true,"href":"https:\/\/www.europesays.com\/es\/wp-json\/wp\/v2\/media\/300411"}],"wp:attachment":[{"href":"https:\/\/www.europesays.com\/es\/wp-json\/wp\/v2\/media?parent=300410"}],"wp:term":[{"taxonomy":"category","embeddable":true,"href":"https:\/\/www.europesays.com\/es\/wp-json\/wp\/v2\/categories?post=300410"},{"taxonomy":"post_tag","embeddable":true,"href":"https:\/\/www.europesays.com\/es\/wp-json\/wp\/v2\/tags?post=300410"}],"curies":[{"name":"wp","href":"https:\/\/api.w.org\/{rel}","templated":true}]}}