{"id":300414,"date":"2025-12-21T22:06:11","date_gmt":"2025-12-21T22:06:11","guid":{"rendered":"https:\/\/www.europesays.com\/es\/300414\/"},"modified":"2025-12-21T22:06:11","modified_gmt":"2025-12-21T22:06:11","slug":"guardiola-gana-en-extremadura-pero-dependera-de-vox","status":"publish","type":"post","link":"https:\/\/www.europesays.com\/es\/300414\/","title":{"rendered":"Guardiola gana en Extremadura pero depender\u00e1 de Vox"},"content":{"rendered":"<p>El PP y <strong><a href=\"https:\/\/www.elindependiente.com\/espana\/2025\/12\/21\/guardiola-votar-libertad-elecciones-extremadura\/\" target=\"_blank\" rel=\"noreferrer noopener nofollow\">Mar\u00eda Guardiola<\/a> ganar\u00edan las elecciones auton\u00f3micas de Extremadura <\/strong>de este domingo 21 de diciembre. As\u00ed lo determina la encuesta de Sigma Dos para El Mundo a pie de urnas publicada tras el <strong>cierre de los colegios electorales a las 20.00 horas<\/strong>. No podr\u00eda gobernar en solitario y <strong>depender\u00eda nuevamente de un acuerdo con Vox<\/strong> que se antoja complicado dado la tensi\u00f3n entre ambas formaciones en las \u00faltimas semanas. Guardiola adelant\u00f3 unas elecciones que estaban fijadas en el calendario para 2027 tras el fracaso de presupuestos regionales, para intentar configurar una mayor\u00eda absoluta propia.<\/p>\n<p>La candidatura de la presidenta en funciones, <strong>Guardiola, se llevar\u00eda 30-32 esca\u00f1os (44,9%)<\/strong>. Subir\u00eda notablemente. En las anteriores, de mayo de 2023, qued\u00f3 en segunda posici\u00f3n empatada a 28 esca\u00f1os (38,8%) con el PSOE. Los socialistas, ganadores de la anterior contienda, en esta ocasi\u00f3n son los grandes perjudicados de la noche. Los de <strong>Miguel \u00c1ngel Gallado<\/strong>, que debuta en unos comicios en sustituci\u00f3n a Guillermo Fern\u00e1ndez Vara -fallecido a principios de octubre-, <strong>bajar\u00edan de los 28 diputados regionales (39,9%) a los 16-18 (24,7%)<\/strong>. <\/p>\n<p>            <a class=\"articulo-relacionado__media\" href=\"https:\/\/www.elindependiente.com\/espana\/2025\/12\/21\/extremadura-el-campo-de-pruebas-con-el-que-feijoo-reta-a-sanchez\/\" title=\"Extremadura, el campo de pruebas con el que Feij\u00f3o reta a S\u00e1nchez\" rel=\"nofollow noopener\" target=\"_blank\"><\/p>\n<p>                <img decoding=\"async\" src=\"https:\/\/www.europesays.com\/es\/wp-content\/uploads\/2025\/12\/sanchez-elecciones-extremadura-feijoo-390x220.jpg\" loading=\"lazy\" width=\"390\" height=\"220\" alt=\"Extremadura, el campo de pruebas con el que Feij\u00f3o reta a S\u00e1nchez\"\/><\/p>\n<p>\t\t\t            <\/a><\/p>\n<p>Ser\u00eda el peor resultado de la historia para el PSOE de Extremadura. La baja movilizaci\u00f3n -de casi 5,5 puntos respecto a 2023, seg\u00fan el avance de participaci\u00f3n a las 18.00 horas- ha influido con notoriedad en la izquierda. Su candidatura era vista con recelos entre sectores del PSOE desde el principio, especialmente por su procesamiento por cohecho y tr\u00e1fico de influencias en <a href=\"https:\/\/www.elindependiente.com\/espana\/2025\/12\/03\/aplaza-juicio-corrupcion-hermano-pedro-sanchez\/\" target=\"_blank\" rel=\"noreferrer noopener nofollow\">la causa de David S\u00e1nchez y la Diputaci\u00f3n de Badajoz<\/a>.<\/p>\n<p><strong>Vox<\/strong>, que ser\u00e1 indispensable para el PP, a la hora de lograr una investidura y dar viabilidad a la legislatura, logra un <strong>impulso y crece desde los 5 esca\u00f1os (8,1%) a una horquilla del 9-11 (15,3%)<\/strong>. Al igual que el PSOE, los de <a href=\"https:\/\/www.elindependiente.com\/espana\/2025\/12\/21\/marcar-el-paso-al-pp-la-tendencia-que-abascal-quiere-consolidar-en-extremadura\/\" target=\"_blank\" rel=\"noreferrer noopener nofollow\">Santiago Abascal<\/a> no repiten candidato. <a href=\"https:\/\/www.elindependiente.com\/espana\/2025\/12\/20\/el-candidato-de-vox-en-extremadura-un-desconocido-que-puja-por-el-voto-joven-con-guardiola\/\" target=\"_blank\" rel=\"noreferrer noopener nofollow\">\u00d3scar Fern\u00e1ndez Calle<\/a>, quien fuese portavoz parlamentario en la legislatura anterior, suple a \u00c1ngel Pelayo Gordillo.<\/p>\n<p>Por la izquierda, la coalici\u00f3n Unidas por Extremadura, que integran Podemos, IU y Alianza Verde, mejorar\u00eda resultados. De los 4 esca\u00f1os de 2023 y el 6% de los votos, la candidatura de <strong>Irene de Miguel <\/strong>alcanzar\u00eda ahora 7-8 (11,5%). No se incluye a Movimiento Sumar, sin estructura territorial. Pese a todo, los de Yolanda D\u00edaz apoyan a De Miguel. El golpe de los socialistas beneficia a la izquierda alternativa, que casi duplica resultados.<\/p>\n<p>A partir de las 21.00 horas, El Independiente ofrece el escrutinio electoral. Los resultados oficiales podr\u00e1n estar disponibles en torno a las 22.30 &#8211; 23.00 horas. El 20 de enero es el l\u00edmite para la apertura de la Asamblea y la nueva legislatura. Guardiola tendr\u00e1 que buscar su investidura en los d\u00edas siguientes y de fracasar la primera votaci\u00f3n, dispondr\u00e1 de hasta dos meses para nuevos intentos. De no llegarse a un acuerdo con Vox u otra formaci\u00f3n, habr\u00e1 segunda convocatoria electoral.<\/p>\n<p>            <a class=\"articulo-relacionado__media\" href=\"https:\/\/www.elindependiente.com\/espana\/2025\/12\/21\/marcar-el-paso-al-pp-la-tendencia-que-abascal-quiere-consolidar-en-extremadura\/\" title=\"Marcar el paso al PP, la tendencia que Abascal quiere consolidar en Extremadura\" rel=\"nofollow noopener\" target=\"_blank\"><\/p>\n<p>                <img decoding=\"async\" src=\"https:\/\/www.europesays.com\/es\/wp-content\/uploads\/2025\/12\/bbea07e11df1392c7cc41d7c297cd05578b9d2a6w-390x220.jpg\" loading=\"lazy\" width=\"390\" height=\"220\" alt=\"Marcar el paso al PP, la tendencia que Abascal quiere consolidar en Extremadura\"\/><\/p>\n<p>\t\t\t            <\/a><\/p>\n<p>PUBLICIDAD<\/p>\n","protected":false},"excerpt":{"rendered":"El PP y Mar\u00eda Guardiola ganar\u00edan las elecciones auton\u00f3micas de Extremadura de este domingo 21 de diciembre. As\u00ed&hellip;\n","protected":false},"author":2,"featured_media":300415,"comment_status":"","ping_status":"","sticky":false,"template":"","format":"standard","meta":{"footnotes":""},"categories":[5],"tags":[17,18,71078,38850,25,24,13,14,11,19,20,24986,54696,9,10,15,16,6066,35764,6067,23,12,21,22,624],"class_list":{"0":"post-300414","1":"post","2":"type-post","3":"status-publish","4":"format-standard","5":"has-post-thumbnail","7":"category-titulares","8":"tag-breaking-news","9":"tag-breakingnews","10":"tag-elecciones-extremadura-2025","11":"tag-encuestas-electorales","12":"tag-es","13":"tag-espana","14":"tag-featured-news","15":"tag-featurednews","16":"tag-headlines","17":"tag-latest-news","18":"tag-latestnews","19":"tag-maria-guardiola","20":"tag-miguel-angel-gallardo","21":"tag-news","22":"tag-noticias","23":"tag-noticias-destacadas","24":"tag-noticiasdestacadas","25":"tag-partido-popular-pp","26":"tag-partido-socialista-obrero-espanol-psoe","27":"tag-podemos","28":"tag-spain","29":"tag-titulares","30":"tag-ultimas-noticias","31":"tag-ultimasnoticias","32":"tag-vox"},"share_on_mastodon":{"url":"https:\/\/pubeurope.com\/@es\/115759834062396328","error":""},"_links":{"self":[{"href":"https:\/\/www.europesays.com\/es\/wp-json\/wp\/v2\/posts\/300414","targetHints":{"allow":["GET"]}}],"collection":[{"href":"https:\/\/www.europesays.com\/es\/wp-json\/wp\/v2\/posts"}],"about":[{"href":"https:\/\/www.europesays.com\/es\/wp-json\/wp\/v2\/types\/post"}],"author":[{"embeddable":true,"href":"https:\/\/www.europesays.com\/es\/wp-json\/wp\/v2\/users\/2"}],"replies":[{"embeddable":true,"href":"https:\/\/www.europesays.com\/es\/wp-json\/wp\/v2\/comments?post=300414"}],"version-history":[{"count":0,"href":"https:\/\/www.europesays.com\/es\/wp-json\/wp\/v2\/posts\/300414\/revisions"}],"wp:featuredmedia":[{"embeddable":true,"href":"https:\/\/www.europesays.com\/es\/wp-json\/wp\/v2\/media\/300415"}],"wp:attachment":[{"href":"https:\/\/www.europesays.com\/es\/wp-json\/wp\/v2\/media?parent=300414"}],"wp:term":[{"taxonomy":"category","embeddable":true,"href":"https:\/\/www.europesays.com\/es\/wp-json\/wp\/v2\/categories?post=300414"},{"taxonomy":"post_tag","embeddable":true,"href":"https:\/\/www.europesays.com\/es\/wp-json\/wp\/v2\/tags?post=300414"}],"curies":[{"name":"wp","href":"https:\/\/api.w.org\/{rel}","templated":true}]}}