{"id":300416,"date":"2025-12-21T22:12:09","date_gmt":"2025-12-21T22:12:09","guid":{"rendered":"https:\/\/www.europesays.com\/es\/300416\/"},"modified":"2025-12-21T22:12:09","modified_gmt":"2025-12-21T22:12:09","slug":"luis-daniel-oses-revalida-el-titulo-en-la-vuelta-a-costa-rica-y-sebastian-moya-se-impone-en-la-ultima-etapa-esciclismo","status":"publish","type":"post","link":"https:\/\/www.europesays.com\/es\/300416\/","title":{"rendered":"Luis Daniel Oses revalida el t\u00edtulo en la Vuelta a Costa Rica y Sebasti\u00e1n Moya se impone en la \u00faltima etapa &#8211; Esciclismo"},"content":{"rendered":"<ol>\n<li><a href=\"https:\/\/news.google.com\/rss\/articles\/CBMiakFVX3lxTE1aZTVENlFuYUNEbzFya2gyMm82dzJVTmpQeGVZZExXamZRYTFqWWhFYVhiOHZBNTNpZF9CY0lVcXhNay1WdENLVHN0bUpQQ0ZxREl1YWs1a0dwbkphajk0NG5LbWVjR0cxYlE?oc=5\" target=\"_blank\" rel=\"nofollow noopener\">Luis Daniel Oses revalida el t\u00edtulo en la Vuelta a Costa Rica y Sebasti\u00e1n Moya se impone en la \u00faltima etapa<\/a>&nbsp;&nbsp;Esciclismo<\/li>\n<li><a href=\"https:\/\/news.google.com\/rss\/articles\/CBMiakFVX3lxTE9JNTJfajd1ajlBTlAxX0JHaHJhY0IxcC11UWcwb3NuVy1YNFFmYzU1ZHk4c1ljbjhabzdZOTBiZDB6dmR6VGw5djJ3YklaQng3OEdzeTF3MWdJemdTVmduX1MxZWJHN1hhQ0E?oc=5\" target=\"_blank\" rel=\"nofollow noopener\">Clasificaciones completas tras la 9\u00aa etapa de la Vuelta a Costa Rica 2025<\/a>&nbsp;&nbsp;Esciclismo<\/li>\n<li><a href=\"https:\/\/news.google.com\/rss\/articles\/CBMiywFBVV95cUxQU0d2VFFKOU5NZjNFM05GUDVNRG5hdnlsVU9YLUNzLVBPaHlvejBsWWNlZzhSOG50c2t1WUZlc1ZUNXVSMWVzaV9wOHQ3MWV4bEtxU0JRRzZoSTBCQkdLU2RjSGFrSUZudi1xMGZ6X3dvVndTb3d1MFZYRk1WRE9OR25peDMzMmxzcGtHZDk3a1lsUkxycW1xSi1jcmswNFJ1TXBTb0x2QW5zV0dhQnAycVNqdER3Vzc4RWY1OVFHNkNmRUJHRy1yQk12Y9IB0AFBVV95cUxPZnJOb2h4R3FKeGVtS0t6VDFqUnEtZ1Jya2dicjBDZTBqLTNtbVIxanNLeVRPbUtqYnlWUmJzNXRhR1VJZXJPblk4YzhsRnZUV2RRZFNydmh5aGNfNkN1UDBzay1jZ2N6bDgycmJWZHpfOGNCNkwybnBzbWJweGt4RmE1WHEzNFFOak80WWxFUm1mRXBvdkxNM3cwZFhKbFJGSE53UnlwTklIZ3lmRzZfQjhkOXlHU0ZwR3hWNThmR0tYVkdJTGVEampseFNXZDdv?oc=5\" target=\"_blank\" rel=\"nofollow noopener\">Luis Daniel Oses suma una victoria m\u00e1s y asegura su primer lugar en la Vuelta a Costa Rica<\/a>&nbsp;&nbsp;Teletica<\/li>\n<li><a href=\"https:\/\/news.google.com\/rss\/articles\/CBMikgFBVV95cUxQNXFvYTE3UVdzSjRmOXpja3phTDZsVlRoUHZjME1GbTJlVFE2REdEbmdxdTRzaW1HY2FzVHJJaXExT3Brbzl2SmxQY1BKNTRnR3ZOdmUyR3hVdng4cUxGQ0x3ckN4M0R3WmJ0d2dOZkdNWnpMUXQxbllGSlpjTGQ1M3l1ZVl2Tm13TzBDY2NwVGYwZw?oc=5\" target=\"_blank\" rel=\"nofollow noopener\">Ciclista denuncia a rival por no cumplir su palabra<\/a>&nbsp;&nbsp;Diario Extra<\/li>\n<li><a href=\"https:\/\/news.google.com\/rss\/articles\/CBMiuwFBVV95cUxOd3Zad1pBNFhwU1padDA0RmsyQlhDTDRIRVlGaXdoZ1lpZUIxNVVqd0V3bUFTY3hHT0xrTFVKQlZSZm5TSkFlcGwxNE8yYi1DeG4tMlptTW13N3dSX3QtM1JHb0k4TlhRaEs3SE1CTzlWTmhWVUJNbUtDcm1oWEZhbHdhQXozOEdTUHJ3ZHNHUENaTFFpZnp0YTQ2cEEyaXpjejFvVW0tOC03UXE4aGt1WDM4T25UaXBOSlNn?oc=5\" target=\"_blank\" rel=\"nofollow noopener\">Luis Daniel Oses fue profeta en su tierra ante el enojo de Alejandro Granados, quien lanz\u00f3 acusaci\u00f3n contra el l\u00edder<\/a>&nbsp;&nbsp;nacion.com<\/li>\n<\/ol>\n","protected":false},"excerpt":{"rendered":"Luis Daniel Oses revalida el t\u00edtulo en la Vuelta a Costa Rica y Sebasti\u00e1n Moya se impone en&hellip;\n","protected":false},"author":2,"featured_media":300417,"comment_status":"","ping_status":"","sticky":false,"template":"","format":"standard","meta":{"footnotes":""},"categories":[273],"tags":[313,1757,2828,312,168,2197,25,24,61,1783,68609,23,167,1357],"class_list":{"0":"post-300416","1":"post","2":"type-post","3":"status-publish","4":"format-standard","5":"has-post-thumbnail","7":"category-ciclismo","8":"tag-ciclismo","9":"tag-ciclista","10":"tag-costa","11":"tag-cycling","12":"tag-deportes","13":"tag-edicion","14":"tag-es","15":"tag-espana","16":"tag-internacional","17":"tag-la","18":"tag-rica","19":"tag-spain","20":"tag-sports","21":"tag-vuelta"},"share_on_mastodon":{"url":"https:\/\/pubeurope.com\/@es\/115759857264455460","error":""},"_links":{"self":[{"href":"https:\/\/www.europesays.com\/es\/wp-json\/wp\/v2\/posts\/300416","targetHints":{"allow":["GET"]}}],"collection":[{"href":"https:\/\/www.europesays.com\/es\/wp-json\/wp\/v2\/posts"}],"about":[{"href":"https:\/\/www.europesays.com\/es\/wp-json\/wp\/v2\/types\/post"}],"author":[{"embeddable":true,"href":"https:\/\/www.europesays.com\/es\/wp-json\/wp\/v2\/users\/2"}],"replies":[{"embeddable":true,"href":"https:\/\/www.europesays.com\/es\/wp-json\/wp\/v2\/comments?post=300416"}],"version-history":[{"count":0,"href":"https:\/\/www.europesays.com\/es\/wp-json\/wp\/v2\/posts\/300416\/revisions"}],"wp:featuredmedia":[{"embeddable":true,"href":"https:\/\/www.europesays.com\/es\/wp-json\/wp\/v2\/media\/300417"}],"wp:attachment":[{"href":"https:\/\/www.europesays.com\/es\/wp-json\/wp\/v2\/media?parent=300416"}],"wp:term":[{"taxonomy":"category","embeddable":true,"href":"https:\/\/www.europesays.com\/es\/wp-json\/wp\/v2\/categories?post=300416"},{"taxonomy":"post_tag","embeddable":true,"href":"https:\/\/www.europesays.com\/es\/wp-json\/wp\/v2\/tags?post=300416"}],"curies":[{"name":"wp","href":"https:\/\/api.w.org\/{rel}","templated":true}]}}