{"id":300420,"date":"2025-12-21T22:15:12","date_gmt":"2025-12-21T22:15:12","guid":{"rendered":"https:\/\/www.europesays.com\/es\/300420\/"},"modified":"2025-12-21T22:15:12","modified_gmt":"2025-12-21T22:15:12","slug":"el-elche-se-divierte-bajo-la-lluvia-y-sigue-invicto-en-casa","status":"publish","type":"post","link":"https:\/\/www.europesays.com\/es\/300420\/","title":{"rendered":"El Elche se divierte bajo la lluvia y sigue invicto en casa"},"content":{"rendered":"<p data-gtm-element-container=\"modulo-texto-link\" class=\"paragraph\">La lluvia no ces\u00f3 en el <strong>Estadio Mart\u00ednez Valero<\/strong> pero no evit\u00f3 la fiesta en el campo y en las gradas para un <strong>Elche <\/strong>que se divirti\u00f3 a costa del Rayo Vallecano con un festival de goles y una rotunda victoria por 4-0 que le permite seguir invicto en casa y comerse los turrones con tremenda alegr\u00eda. Los goles de <strong>H\u00e9ctor Fort, Germ\u00e1n Valera, \u00c1lvaro Rodr\u00edguez y Martim Neto <\/strong>sentenciaron en un gran partido coral del equipo alicantino. El Rayo, que se presentaba con un aluvi\u00f3n de bajas, sufre un severo rev\u00e9s antes del par\u00f3n navide\u00f1o.\u00a0<\/p>\n<p>                     Galer\u00eda<\/p>\n<p>                <img loading=\"lazy\" decoding=\"async\" data-full-src=\"https:\/\/www.mundodeportivo.com\/uploads\/2025\/12\/21\/69485ecf66c7c.jpeg\" alt=\"Horizontal\" src=\"https:\/\/www.europesays.com\/es\/wp-content\/uploads\/2025\/12\/69485ecf66c7c.r_d.2698-1949.jpeg\" class=\"lazy\" width=\"449\" height=\"299\"\/><\/p>\n<p>                    <a class=\"caption-title \" href=\"https:\/\/www.mundodeportivo.com\/futbol\/laliga\/20251221\/1002590773\/elche-gana-contundentemente-rayo-vallecano.html\" rel=\"nofollow noopener\" target=\"_blank\">El Elche gana contundentemente al Rayo Vallecano<\/a><\/p>\n<p>                    Clive Brunskill \/ Getty<\/p>\n<p>    Lee tambi\u00e9n<\/p>\n<p data-gtm-element-container=\"modulo-texto-link\" class=\"paragraph\">Los de <strong>Eder Sarabia,<\/strong> en el partido 200 del entrenador en el f\u00fatbol profesional, salen reforzados con un triunfo de prestigio. Los locales no renunciaron a nada desde el principio y a los seis minutos se adelantaban con un golazo del canterano del Bar\u00e7a, <strong>H\u00e9ctor Fort,<\/strong> muy enchufado en este tramo de la temporada.\u00a0Menudo golazo se invent\u00f3 el catal\u00e1n, el primero en Primera Divisi\u00f3n, con un disparo en alto imposible para Batalla tras un regate a mucha velocidad, aunque fue un tanto con sabor agridulce porque en la celebraci\u00f3n se hizo da\u00f1o en el hombro izquierdo tras un choque con <strong>Mendy <\/strong>y tuvo que abandonar de inmediato el terreno de juego. En su lugar entr\u00f3\u00a0Martim Neto.<\/p>\n<tr>\n<td align=\"left\" valign=\"middle\" width=\"36.79%\">\n13 I\u00f1aki Pe\u00f1a <\/td>\n<td valign=\"middle\" align=\"right\" width=\"18.49\"\/>\n<td align=\"left\" valign=\"middle\" width=\"36.79%\">\n13 A. Batalla <\/td>\n<td valign=\"middle\" align=\"right\" width=\"18.49\"\/>\n<\/tr>\n<tr>\n<td align=\"left\" valign=\"middle\" width=\"36.79%\">\n18 John Chetauya <\/td>\n<td valign=\"middle\" align=\"right\" width=\"18.49\"\/>\n<td align=\"left\" valign=\"middle\" width=\"36.79%\">\n20 Iv\u00e1n Balliu 33&#8242;<\/td>\n<td valign=\"middle\" align=\"right\" width=\"18.49\"\/>\n<\/tr>\n<tr>\n<td align=\"left\" valign=\"middle\" width=\"36.79%\">\n22 David Affengruber <\/td>\n<td valign=\"middle\" align=\"right\" width=\"18.49\"\/>\n<td align=\"left\" valign=\"middle\" width=\"36.79%\">\n(21 Fran P\u00e9rez)\n<\/td>\n<td valign=\"middle\" align=\"right\" width=\"18.49\"\/>\n<\/tr>\n<tr>\n<td align=\"left\" valign=\"middle\" width=\"36.79%\">\n6 P. Bigas 80&#8242;<\/td>\n<td valign=\"middle\" align=\"right\" width=\"18.49\"\/>\n<td align=\"left\" valign=\"middle\" width=\"36.79%\">\n24 Florian Lejeune <\/td>\n<td valign=\"middle\" align=\"right\" width=\"18.49\"\/>\n<\/tr>\n<tr>\n<td align=\"left\" valign=\"middle\" width=\"36.79%\">\n(21 L. P\u00e9trot)\n<\/td>\n<td valign=\"middle\" align=\"right\" width=\"18.49\"\/>\n<td align=\"left\" valign=\"middle\" width=\"36.79%\">\n32 Nobel Mendy 75&#8242;<\/td>\n<td valign=\"middle\" align=\"right\" width=\"18.49\"\/>\n<\/tr>\n<tr>\n<td align=\"left\" valign=\"middle\" width=\"36.79%\">\n14 Aleix Febas <\/td>\n<td valign=\"middle\" align=\"right\" width=\"18.49\"\/>\n<td align=\"left\" valign=\"middle\" width=\"36.79%\">\n(5 Luiz Felipe)\n<\/td>\n<td valign=\"middle\" align=\"right\" width=\"18.49\"\/>\n<\/tr>\n<tr>\n<td align=\"left\" valign=\"middle\" width=\"36.79%\">\n8 Marc Aguado 80&#8242;<\/td>\n<td valign=\"middle\" align=\"right\" width=\"18.49\"\/>\n<td align=\"left\" valign=\"middle\" width=\"36.79%\">\n3 Pep Chavarr\u00eda <\/td>\n<td valign=\"middle\" align=\"right\" width=\"18.49\"\/>\n<\/tr>\n<tr>\n<td align=\"left\" valign=\"middle\" width=\"36.79%\">\n(17 Josan)\n<\/td>\n<td valign=\"middle\" align=\"right\" width=\"18.49\"\/>\n<td align=\"left\" valign=\"middle\" width=\"36.79%\">\n17 Unai L\u00f3pez 75&#8242;<\/td>\n<td valign=\"middle\" align=\"right\" width=\"18.49\"\/>\n<\/tr>\n<tr>\n<td align=\"left\" valign=\"middle\" width=\"36.79%\">\n39 H\u00e9ctor Fort 12&#8242;<\/td>\n<td valign=\"middle\" align=\"right\" width=\"18.49\"\/>\n<td align=\"left\" valign=\"middle\" width=\"36.79%\">\n(33 J. Vertrouwd)\n<\/td>\n<td valign=\"middle\" align=\"right\" width=\"18.49\"\/>\n<\/tr>\n<tr>\n<td align=\"left\" valign=\"middle\" width=\"36.79%\">\n(16 Martim Neto)\n<\/td>\n<td valign=\"middle\" align=\"right\" width=\"18.49\"\/>\n<td align=\"left\" valign=\"middle\" width=\"36.79%\">\n23 \u00d3scar Valent\u00edn 60&#8242;<\/td>\n<td valign=\"middle\" align=\"right\" width=\"18.49\"\/>\n<\/tr>\n<tr>\n<td align=\"left\" valign=\"middle\" width=\"36.79%\">\n15 \u00c1lvaro N\u00fa\u00f1ez <\/td>\n<td valign=\"middle\" align=\"right\" width=\"18.49\"\/>\n<td align=\"left\" valign=\"middle\" width=\"36.79%\">\n(4 Pedro D\u00edaz)\n<\/td>\n<td valign=\"middle\" align=\"right\" width=\"18.49\"\/>\n<\/tr>\n<tr>\n<td align=\"left\" valign=\"middle\" width=\"36.79%\">\n11 Germ\u00e1n Valera <\/td>\n<td valign=\"middle\" align=\"right\" width=\"18.49\"\/>\n<td align=\"left\" valign=\"middle\" width=\"36.79%\">\n22 Pacha Espino 75&#8242;<\/td>\n<td valign=\"middle\" align=\"right\" width=\"18.49\"\/>\n<\/tr>\n<tr>\n<td align=\"left\" valign=\"middle\" width=\"36.79%\">\n20 \u00c1lvaro Rodr\u00edguez 80&#8242;<\/td>\n<td valign=\"middle\" align=\"right\" width=\"18.49\"\/>\n<td align=\"left\" valign=\"middle\" width=\"36.79%\">\n(15 G. Gumbau)\n<\/td>\n<td valign=\"middle\" align=\"right\" width=\"18.49\"\/>\n<\/tr>\n<tr>\n<td align=\"left\" valign=\"middle\" width=\"36.79%\">\n(7 Yago Santiago)\n<\/td>\n<td valign=\"middle\" align=\"right\" width=\"18.49\"\/>\n<td align=\"left\" valign=\"middle\" width=\"36.79%\">\n7 Isi Palaz\u00f3n <\/td>\n<td valign=\"middle\" align=\"right\" width=\"18.49\"\/>\n<\/tr>\n<tr>\n<td align=\"left\" valign=\"middle\" width=\"36.79%\">\n10 Rafa Mir 89&#8242;<\/td>\n<td valign=\"middle\" align=\"right\" width=\"18.49\"\/>\n<td align=\"left\" valign=\"middle\" width=\"36.79%\">\n18 \u00c1lvaro Garc\u00eda <\/td>\n<td valign=\"middle\" align=\"right\" width=\"18.49\"\/>\n<\/tr>\n<tr>\n<td align=\"left\" valign=\"middle\" width=\"36.79%\">\n(32 Adam Boayar)\n<\/td>\n<td valign=\"middle\" align=\"right\" width=\"18.49\"\/>\n<td align=\"left\" valign=\"middle\" width=\"36.79%\">\n10 Sergio Camello <\/td>\n<td valign=\"middle\" align=\"right\" width=\"18.49\"\/>\n<\/tr>\n<tr>\n<td align=\"left\" valign=\"middle\" width=\"36.79%\">\n <\/td>\n<td valign=\"middle\" align=\"right\" width=\"18.49\"\/>\n<td align=\"left\" valign=\"middle\" width=\"36.79%\">\n <\/td>\n<td valign=\"middle\" align=\"right\" width=\"18.49\"\/>\n<\/tr>\n<p class=\"negrita\">Goles:(1-0) H\u00e9ctor Fort (6&#8242;), (2-0) \u00c1lvaro Rodr\u00edguez (67&#8242;), (3-0) Germ\u00e1n Valera (70&#8242;), (4-0) Martim Neto (91&#8242;) <\/p>\n<p class=\"negrita\">Tarjetas:L Nobel Mendy (22&#8242;), Unai L\u00f3pez (57&#8242;), Aleix Febas (79&#8242;), Florian Lejeune (82&#8242;), Josan (84&#8242;)L <\/p>\n<p class=\"negrita\">\u00c1rbitro: Adri\u00e1n Cordero Vega<\/p>\n<p class=\"negrita\">Espectadores: 23.765 en el Estadio Mart\u00ednez Valero<\/p>\n<tr class=\"lomejor\">\n<td class=\"topo mejor\"\/>\n<td align=\"left\" class=\"comentario\">\nLO MEJOR El Elche tiene un fort\u00edn en el Mart\u00ednez Valero<\/td>\n<\/tr>\n<tr class=\"lopeor\">\n<td class=\"topo peor\"\/>\n<td align=\"left\" class=\"comentario\">\nLO PEOR La lesi\u00f3n de H\u00e9ctor Fort en la celebraci\u00f3n del gol que le oblig\u00f3 a abandonar a los siete minutos<\/td>\n<\/tr>\n<p data-gtm-element-container=\"modulo-texto-link\" class=\"paragraph\">La respuesta de los de I\u00f1igo P\u00e9rez vino r\u00e1pida con un disparo potente desde la frontal del \u00e1rea de \u00d3scar Valent\u00edn que oblig\u00f3 a estirarse a I\u00f1aki Pe\u00f1a con una gran parada.<\/p>\n<p data-gtm-element-container=\"modulo-texto-link\" class=\"paragraph\">Estaba pr\u00e1cticamente sin ideas el Rayo en salida de bal\u00f3n y el Elche se crec\u00eda. A la media hora, se le fue alto el disparo a<strong> Balliu en la mejor ocasi\u00f3n del Rayo en la primera parte.\u00a0<\/strong>\u00a0Y no acaban los problemas f\u00edsicos en el partido porque el mismo Balliu se iba directamente al suelo tras una carrera en ataque, se llevaba las manos a los isquiotibiales. Se marchaba tambi\u00e9n lesionado.<\/p>\n<p data-gtm-element-container=\"modulo-texto-link\" class=\"paragraph\">En el 37&#8242; la tuvo <strong>\u00c1lvaro Rodr\u00edguez<\/strong>\u00a0, tras un remate casi desde el \u00e1rea peque\u00f1a bloqueado por Lejeune, muy atento al corte. El mismo jugador la enviaba fuera en el 44&#8242; tras un control magn\u00edfico.<\/p>\n<p data-gtm-element-container=\"modulo-texto-link\" class=\"paragraph\">Comenzaron fuertes los locales la segunda mitad con una doble ocasi\u00f3n de <strong>Rafa Mir <\/strong>cuyo remate se fue alto y de<strong> \u00c1lvaro,<\/strong>\u00a0muy activo en el partido,\u00a0con un buen cabezazo El premio le lleg\u00f3 en el 67&#8242; en forma de gol para poner el 2-0. El gran protagonista en la acci\u00f3n fue Pedro Bigas, partiendo desde atr\u00e1s por el carril izquierdo para llegar antes que Batalla y dejar la meta libre. Acab\u00f3 regal\u00e1ndole el bal\u00f3n al delantero uruguayo. El tercero lleg\u00f3 apenas dos minutos despu\u00e9s para delirio de la afici\u00f3n, aguantando el chaparr\u00f3n desde las gradas, a cargo de <strong>Germ\u00e1n Valera, <\/strong>tras una jugada asociativa perfecta del Elche, que acab\u00f3 dejando el bal\u00f3n a Valera, en otro tanto a placer.\u00a0<\/p>\n<p data-gtm-element-container=\"modulo-texto-link\" class=\"paragraph\">La guinda la puso en el 91&#8242; <strong>Martim Neto <\/strong>para sentenciar con el cuarto gol tras un pase de Josan al primer toque que el portugu\u00e9s defini\u00f3 ante el meta argentino. Segunda parte estelar para acabar con un festival de goles para alegr\u00eda de un p\u00fablico que se lo pas\u00f3 en grande bajo la lluvia.<\/p>\n","protected":false},"excerpt":{"rendered":"La lluvia no ces\u00f3 en el Estadio Mart\u00ednez Valero pero no evit\u00f3 la fiesta en el campo y&hellip;\n","protected":false},"author":2,"featured_media":300421,"comment_status":"","ping_status":"","sticky":false,"template":"","format":"standard","meta":{"footnotes":""},"categories":[268],"tags":[168,25,24,280,282,281,23,167],"class_list":{"0":"post-300420","1":"post","2":"type-post","3":"status-publish","4":"format-standard","5":"has-post-thumbnail","7":"category-futbol","8":"tag-deportes","9":"tag-es","10":"tag-espana","11":"tag-football","12":"tag-futbol","13":"tag-soccer","14":"tag-spain","15":"tag-sports"},"share_on_mastodon":{"url":"https:\/\/pubeurope.com\/@es\/115759869509703343","error":""},"_links":{"self":[{"href":"https:\/\/www.europesays.com\/es\/wp-json\/wp\/v2\/posts\/300420","targetHints":{"allow":["GET"]}}],"collection":[{"href":"https:\/\/www.europesays.com\/es\/wp-json\/wp\/v2\/posts"}],"about":[{"href":"https:\/\/www.europesays.com\/es\/wp-json\/wp\/v2\/types\/post"}],"author":[{"embeddable":true,"href":"https:\/\/www.europesays.com\/es\/wp-json\/wp\/v2\/users\/2"}],"replies":[{"embeddable":true,"href":"https:\/\/www.europesays.com\/es\/wp-json\/wp\/v2\/comments?post=300420"}],"version-history":[{"count":0,"href":"https:\/\/www.europesays.com\/es\/wp-json\/wp\/v2\/posts\/300420\/revisions"}],"wp:featuredmedia":[{"embeddable":true,"href":"https:\/\/www.europesays.com\/es\/wp-json\/wp\/v2\/media\/300421"}],"wp:attachment":[{"href":"https:\/\/www.europesays.com\/es\/wp-json\/wp\/v2\/media?parent=300420"}],"wp:term":[{"taxonomy":"category","embeddable":true,"href":"https:\/\/www.europesays.com\/es\/wp-json\/wp\/v2\/categories?post=300420"},{"taxonomy":"post_tag","embeddable":true,"href":"https:\/\/www.europesays.com\/es\/wp-json\/wp\/v2\/tags?post=300420"}],"curies":[{"name":"wp","href":"https:\/\/api.w.org\/{rel}","templated":true}]}}