{"id":300422,"date":"2025-12-21T22:16:09","date_gmt":"2025-12-21T22:16:09","guid":{"rendered":"https:\/\/www.europesays.com\/es\/300422\/"},"modified":"2025-12-21T22:16:09","modified_gmt":"2025-12-21T22:16:09","slug":"comenzar-a-parar-por-fin","status":"publish","type":"post","link":"https:\/\/www.europesays.com\/es\/300422\/","title":{"rendered":"\u00abComenzar a parar por fin\u00bb"},"content":{"rendered":"<p style=\"\">Hora de frenar y comenzar a asumir prioridades vitales. En esas est\u00e1 el matrimonio compuesto por los humoristas <a href=\"https:\/\/www.abc.es\/gente\/vida-buenafuente-matrimonio-silvia-abril-hija-joana-20250508211105-nt.html\" target=\"_self\" data-voc-vtm-id=\"in-text-traffic\" title=\"Andreu Buenafuente y Silvia Abril\" data-mrf-link=\"www.abc.es\" rel=\"nofollow noopener\">Andreu Buenafuente y Silvia Abril<\/a>, quienes se vieron <a href=\"https:\/\/www.abc.es\/gente\/buenafuente-silvia-abril-daran-campanadas-2025-rtve-20251212114409-vi.html\" target=\"_self\" data-voc-vtm-id=\"in-text-traffic\" title=\"obligados a renunciar a dar las Campanadas\" data-mrf-link=\"www.abc.es\" rel=\"nofollow noopener\">obligados a renunciar a dar las Campanadas<\/a> despu\u00e9s de que el presentador desvelara un episodio de <strong>estr\u00e9s <\/strong> &#8230; <strong>y cansancio<\/strong>. Ahora, su mujer ha publicado <strong>una reflexi\u00f3n en Instagram<\/strong> para mostrar en que periodo de sus vidas est\u00e1n.<\/p>\n<p class=\"voc-p\" style=\"\">Todo estaba preparado para que Andreu Buenafuente y Silvia Abril asumieran la responsabilidad de <strong>tomar el relevo de David Broncano y Lala Chus<\/strong>, quienes el pasado a\u00f1o lograron un \u00e9xito extraordinario en Televisi\u00f3n Espa\u00f1ola al ser las Campanadas m\u00e1s vistas esa noche por la peque\u00f1a pantalla. Sin embargo, los elegidos como sucesores tuvieron que renunciar. La cadena anunci\u00f3 oficialmente el pasado 12 de diciembre que no ocurrir\u00eda y luego <strong>Andreu Buenafuente explic\u00f3 los motivos<\/strong>.<\/p>\n<p class=\"voc-p\" style=\"\">El presentador catal\u00e1n public\u00f3<strong> un sincero v\u00eddeo<\/strong> en su cuenta Instagram en el que anunciaba que har\u00eda una pausa en su agenda \u00ab<strong>por motivos de exceso de carga laboral y por prescripci\u00f3n m\u00e9dica<\/strong>\u00bb. As\u00ed, a\u00f1ad\u00eda en ante la c\u00e1mara: \u00abTengo que parar un poco para recuperarme y <strong>volver con la energ\u00eda que se merece todo lo que hago<\/strong>. Gracias por la comprensi\u00f3n, el apoyo y el cari\u00f1o\u00bb.<\/p>\n<p>\nCambio de prioridades\n<\/p>\n<p class=\"voc-p\" style=\"\">Efectivamente, Andreu Buenafuente ha ido reduciendo sus intervenciones, que ha dejado en aquellos m\u00ednimos que no pod\u00eda evitar de ninguna manera. <strong>Ha dejado de participar en &#8216;Futuro imperfecto&#8217;<\/strong>, uno de los programas m\u00e1s vistos de la cadena p\u00fablica esta temporada, y ha cancelado todas las funciones de &#8216;<strong>El Tenoriu<\/strong>&#8216;, la versi\u00f3n c\u00f3mica de Don Juan Tenorio que protagonizaba junto a su mujer en el Teatro Coliseum de Barcelona.<\/p>\n<p class=\"voc-p\" style=\"\">\u00abTengo que estar bien para hacer lo que me hace feliz y, por consiguiente, no va a ser posible hacer las Campanadas con Silvia Abril. <strong>Quer\u00eda dec\u00edroslo yo en este contexto de recuperaci\u00f3n<\/strong>. No veo ninguna cosa buena en forzarme para hacer un trabajo un d\u00eda. Hay que volver bien, hay que estar en la senda, en el camino, en el avance y en la serenidad para <strong>volver a hacer lo que me gusta<\/strong>\u00bb, dec\u00eda Andreu Buenafuente en lo que hasta ahora es su \u00faltimo mensaje en sus redes sociales.<\/p>\n<p>\nEl mensaje de Silvia Abril\n<\/p>\n<p class=\"voc-p\" style=\"\">Quien ha reaparecido ahora ha sido su mujer, <a href=\"https:\/\/www.abc.es\/gente\/vida-personal-silvia-abril-matrimonio-andreu-buenafuente-20241112193000-nt.html\" target=\"_self\" data-voc-vtm-id=\"in-text-traffic\" title=\"Silvia Abril\" data-mrf-link=\"www.abc.es\" rel=\"nofollow noopener\">Silvia Abril<\/a>, que ahora ha compartido en su cuenta de Instagram una reflexi\u00f3n profundamente significativa del momento que atraviesa la pareja. En el mensaje, se ve <strong>una imagen de una carretera con un precioso y tranquilo atardecer<\/strong> sobre la que la actriz ha escrito en catal\u00e1n: \u00abComen\u00e7ar a parar per fi\u2026\u00bb (<strong>empezar a parar por fin<\/strong>). Un mensaje de lo m\u00e1s breve, pero completamente definitorio de lo que est\u00e1 ocurriendo alrededor del matrimonio.<\/p>\n<p><img decoding=\"async\" loading=\"lazy\" src=\"https:\/\/www.europesays.com\/es\/wp-content\/uploads\/2025\/12\/silvia-abril-instagram-U00723710144Dhg-760x900@diario_abc.jpg\" class=\"voc-img\" width=\"760\" height=\"900\" alt=\"La reflexi\u00f3n de Silvia Abril tras renunciar a las Campanadas con Andreu Buenafuente: \u00abComenzar a parar por fin\u00bb\" data-voc-vtm-id=\"in-text-traffic\"\/><\/p>\n<p>REDES<\/p>\n<p class=\"voc-p\" style=\"\">As\u00ed pues, Andreu Buenafuente y Silvia Abril vivir\u00e1n <strong>unas Navidades recogidas<\/strong>, serenas y en familia. Nada de ensayos, presi\u00f3n del directo y preocupaciones por los \u00edndices de audiencia. Se sentar\u00e1n tranquilos en torno a una mesa, con su hija Joana y amigos, y probablemente ver\u00e1n las Campanadas de <strong>Estopa y Chenoa<\/strong>, sus sustitutos en la Puerta del Sol. ha llegado el momento de parar y tomarse la vida con m\u00e1s calma.<\/p>\n","protected":false},"excerpt":{"rendered":"Hora de frenar y comenzar a asumir prioridades vitales. En esas est\u00e1 el matrimonio compuesto por los humoristas&hellip;\n","protected":false},"author":2,"featured_media":300423,"comment_status":"","ping_status":"","sticky":false,"template":"","format":"standard","meta":{"footnotes":""},"categories":[174],"tags":[13099,2847,1270,48603,255,11667,146,147,25,24,256,772,10780,27958,19216,15615,23,575],"class_list":{"0":"post-300422","1":"post","2":"type-post","3":"status-publish","4":"format-standard","5":"has-post-thumbnail","7":"category-famosos","8":"tag-abril","9":"tag-andreu","10":"tag-buenafuente","11":"tag-campanadas","12":"tag-celebrities","13":"tag-comenzar","14":"tag-entertainment","15":"tag-entretenimiento","16":"tag-es","17":"tag-espana","18":"tag-famosos","19":"tag-fin","20":"tag-parar","21":"tag-reflexion","22":"tag-renunciar","23":"tag-silvia","24":"tag-spain","25":"tag-tras"},"share_on_mastodon":{"url":"https:\/\/pubeurope.com\/@es\/115759873269752064","error":""},"_links":{"self":[{"href":"https:\/\/www.europesays.com\/es\/wp-json\/wp\/v2\/posts\/300422","targetHints":{"allow":["GET"]}}],"collection":[{"href":"https:\/\/www.europesays.com\/es\/wp-json\/wp\/v2\/posts"}],"about":[{"href":"https:\/\/www.europesays.com\/es\/wp-json\/wp\/v2\/types\/post"}],"author":[{"embeddable":true,"href":"https:\/\/www.europesays.com\/es\/wp-json\/wp\/v2\/users\/2"}],"replies":[{"embeddable":true,"href":"https:\/\/www.europesays.com\/es\/wp-json\/wp\/v2\/comments?post=300422"}],"version-history":[{"count":0,"href":"https:\/\/www.europesays.com\/es\/wp-json\/wp\/v2\/posts\/300422\/revisions"}],"wp:featuredmedia":[{"embeddable":true,"href":"https:\/\/www.europesays.com\/es\/wp-json\/wp\/v2\/media\/300423"}],"wp:attachment":[{"href":"https:\/\/www.europesays.com\/es\/wp-json\/wp\/v2\/media?parent=300422"}],"wp:term":[{"taxonomy":"category","embeddable":true,"href":"https:\/\/www.europesays.com\/es\/wp-json\/wp\/v2\/categories?post=300422"},{"taxonomy":"post_tag","embeddable":true,"href":"https:\/\/www.europesays.com\/es\/wp-json\/wp\/v2\/tags?post=300422"}],"curies":[{"name":"wp","href":"https:\/\/api.w.org\/{rel}","templated":true}]}}