{"id":300424,"date":"2025-12-21T22:17:10","date_gmt":"2025-12-21T22:17:10","guid":{"rendered":"https:\/\/www.europesays.com\/es\/300424\/"},"modified":"2025-12-21T22:17:10","modified_gmt":"2025-12-21T22:17:10","slug":"fernando-gomez-de-asf-nos-sentimos-en-la-necesidad-de-alzar-la-voz-frente-a-una-realidad-que-es-insostenible","status":"publish","type":"post","link":"https:\/\/www.europesays.com\/es\/300424\/","title":{"rendered":"Fernando G\u00f3mez, de ASF: \u201cNos sentimos en la necesidad de alzar la voz frente a una realidad que es insostenible\u201d"},"content":{"rendered":"<p>\n        El tren<strong> no pasa dos veces en la vida<\/strong>. O quiz\u00e1s s\u00ed. Solo hay que<strong> abrir los ojos <\/strong>y buscar el momento para subirse. <strong>Fernando G\u00f3mez<\/strong>, de 59 a\u00f1os, conserva un recuerdo del <strong>primer fogonazo<\/strong>: era estudiante en la Escuela T\u00e9cnica Superior de Arquitectura de <a href=\"https:\/\/www.noticiasdegipuzkoa.eus\/tags\/donostia\/\" title=\"Donostia\" class=\"link copy\" rel=\"nofollow noopener\" target=\"_blank\">Donostia<\/a> y estaba sentado en un banco, <strong>\u201crepasando los apuntes\u201d<\/strong> antes de un examen.\n<\/p>\n<p class=\"article-body__text \">\n        Levant\u00f3 la cabeza y vio en la pared un anuncio de <a href=\"https:\/\/asfes.org\/\" title=\"Arquitectura Sin Fronteras\" rel=\"nofollow noopener\" class=\"link copy\" target=\"_blank\"><strong>Arquitectura Sin Fronteras<\/strong><\/a> en el que se animaba a la gente a que participara de manera voluntaria en la <strong>ONG<\/strong>. Le llam\u00f3 la atenci\u00f3n, se mostr\u00f3 interesado, pero no dio el paso. <strong>\u201cSe me qued\u00f3 la espinita clavada\u201d<\/strong>, afirma.\u00a0\n<\/p>\n<p class=\"article-body__text \">\n        Pasaron muchos a\u00f1os desde que aquella <strong>hoja informativa <\/strong>colgada en la pared del campus de la<strong> UPV-EHU<\/strong> despert\u00f3 su curiosidad y decidi\u00f3 pasar por fin a la acci\u00f3n en <strong>2023<\/strong>. Fernando, que adem\u00e1s de arquitecto t\u00e9cnico es profesor y vive a caballo entre<strong> Bizkaia y Navarra<\/strong>, no acierta a precisar el tiempo exacto transcurrido. <strong>\u00bfQuince, veinte a\u00f1os?<\/strong>\n<\/p>\n<p class=\"article-body__text \">\n        El caso es que desde hac\u00eda un tiempo hab\u00eda r<strong>elajado sus exigencias laborales <\/strong>y se encontr\u00f3 con <strong>una flexibilidad horaria<\/strong> que le permit\u00eda implicarse en <strong>un voluntariado<\/strong>. \u201cLos arquitectos siempre estamos trabajando en red y conoc\u00ed a uno que hab\u00eda colaborado con esta ONG y me cont\u00f3 su experiencia. <strong>Hab\u00eda llegado el momento<\/strong>\u201d, explica.\u00a0\n<\/p>\n<p class=\"article-body__text \">\n        Fernando es <strong>voluntario<\/strong>, y tambi\u00e9n socio, lo que quiere decir que aporta una \u201cm\u00f3dica\u201d contribuci\u00f3n econ\u00f3mica a la entidad. En total, aproximadamente <strong>20 personas <\/strong>forman parte de <strong>ASF Euskadi-Mugarik Gabeko Arkitektura<\/strong>, que cuenta con sendas sedes f\u00edsicas en <strong>Bilbao y Donostia<\/strong>. \u00c9l no tiene una tarea espec\u00edfica ni ocupa un puesto determinado, sino que parece m\u00e1s bien que funciona como<strong> un comod\u00edn <\/strong>o <strong>un voluntario polivalente<\/strong>. \u201cEs una tarea vers\u00e1til en la que estoy dispuesto a colaborar en lo que surja:<strong> hacer planos, memorias t\u00e9cnicas\u2026<\/strong> El abanico es muy amplio\u201d.\u00a0\n<\/p>\n<p class=\"article-photo__footer\">\n            Fernando G\u00f3mez colabora desinteresadamente con ASF desde hace dos a\u00f1os.            Cedida        <\/p>\n<p>  Alicante: un encuentro fruct\u00edfero<\/p>\n<p class=\"article-body__text \">\n        A principios de noviembre particip\u00f3 en el encuentro anual estatal de ASF en <strong>Alicante <\/strong>como representante de <strong>la coordinadora vasca<\/strong>. Fue un intercambio de ideas<strong> \u201crico e interesante\u201d<\/strong> para encontrarse y hacer puesta en com\u00fan.\n<\/p>\n<p class=\"article-body__text \">\n        B\u00e1sicamente, all\u00ed se abordaron <strong>dos grandes temas<\/strong>: el modelo de voluntariado dentro de la organizaci\u00f3n y una cuesti\u00f3n tan en boga como el compromiso de la entidad<strong> \u201ccon el derecho humano de una vivienda digna<\/strong>. Nos sentimos en la necesidad de alzar nuestra voz frente a una realidad que es insostenible para cientos de miles de personas en el Estado\u201d. Fernando a\u00f1ade un dato interesante sobre la realidad de este drama: \u201cEl problema del derecho de la vivienda en el Estado <strong>es bastante m\u00e1s global de lo que pensamos<\/strong>, aunque est\u00e9 muy localizado en nuestros pueblos o ciudades\u201d.\u00a0\n<\/p>\n<p class=\"article-body__text \">\n        Constituida en <strong>1992<\/strong>, la ONG Arquitectura Sin Fronteras est\u00e1 presente actualmente en <strong>m\u00e1s de una decena de pa\u00edses de todo el mundo<\/strong>, en el que lleva a cabo \u201cproyectos que promueven<strong> el desarrollo humano equitativo y sostenible<\/strong>, a trav\u00e9s de la mejora de la habitabilidad y la defensa del derecho de las personas a tener un h\u00e1bitat digno\u201d.\n<\/p>\n<p class=\"article-body__text \">\n        Asimismo, aunque en menor medida, realizan<strong> acciones a nivel local <\/strong>en colaboraci\u00f3n con otras organizaciones. \u201cM\u00e1s bien tr\u00e1mites burocr\u00e1ticos o peque\u00f1as obras, trabajos m\u00e1s puntuales. Nuestra agenda lo marcan principalmente <strong>los proyectos internacionales<\/strong> que requieren un mayor tiempo\u201d, apunta.\u00a0\n<\/p>\n<p class=\"article-body__text \">\n        En estos momentos, la coordinadora vasca trabaja, por una parte, en un proyecto educativo en <strong>la Escuela Secundaria de Muele<\/strong>, en el municipio de <strong>Inhambane (Mozambique)<\/strong>, donde se busca impulsar la <strong>educaci\u00f3n inclusiva<\/strong> a personas con discapacidad visual. Otro de los ejes de trabajo se ubica en una zona cercana a <strong>Chiapas<\/strong>, en <strong>M\u00e9xico<\/strong>, donde el propio Fernando tiene una implicaci\u00f3n m\u00e1s directa en un proyecto en el que \u201cel derecho habitacional est\u00e1 siendo vulnerado\u201d.\n<\/p>\n<p class=\"article-body__text \">\n        Seg\u00fan explica, no se trata solo de<strong> la construcci\u00f3n de un espacio f\u00edsico<\/strong>, sino que \u201cabarca muchos otros conceptos que se intentan trabajar siempre de forma transversal\u201d. Escuch\u00e1ndole, est\u00e1 claro que la arquitectura y la manera en que construimos el entorno <strong>nos afectan irremediablemente<\/strong>. Todo esto tiene que ver con la comunidad, con nuestra manera de relacionarnos con los dem\u00e1s. <strong>\u201cPor eso es tan importante\u201d<\/strong>, concluye Fernando.\u00a0\n<\/p>\n<p class=\"article-photo__footer\">\n            El equipo de Mugarik Gabeko Arkitektura trabaja principalmente en proyectos de cooperaci\u00f3n internacional.            Cedida        <\/p>\n<p>  Repensando lo que es el voluntariado<\/p>\n<p class=\"article-body__text \">\n        Suele ser ya <strong>muy habitual<\/strong>, casi un lugar com\u00fan, comentar que <strong>el voluntariado tradicional no pasa por su mejor momento<\/strong> y que falta relevo generacional, con las nuevas tecnolog\u00edas y las redes sociales sombreando el panorama. Este veterano voluntario concede, en parte, que ayudar al pr\u00f3jimo <strong>no est\u00e1 de moda en una \u00e9poca marcada por la inmediatez<\/strong> y la b\u00fasqueda de resultados instant\u00e1neos a golpe de clic.\n<\/p>\n<p class=\"article-body__text \">\n        Sin embargo, en Alicante, Fernando se llev\u00f3 una sorpresa al ver a <strong>gran cantidad de gente joven<\/strong> comprometida con unos ideales por un mundo m\u00e1s justo. \u201cYo era de los m\u00e1s veteranos. Parece que los j\u00f3venes no se implican, pero luego ves que a un nivel m\u00e1s concreto s\u00ed lo hacen\u201d. Apuesta por cambiar de paradigma, <strong>repensar el voluntariado en el siglo XXI<\/strong>: \u201cHabr\u00e1 que flexibilizar los tipos de voluntariado y adecuarse a los nuevos tiempos, incorporando, por qu\u00e9 no, la tecnolog\u00eda y la colaboraci\u00f3n a distancia. El voluntariado tal como lo hemos entendido tiene que<strong> cambiar y evolucionar<\/strong>\u201d, afirma.\u00a0\u00a0\n<\/p>\n<p class=\"article-photo__footer\">\n            Fernando se llev\u00f3 una sorpresa al ver a gran cantidad de gente joven comprometida.            Cedida        <\/p>\n<p>  El quid del derecho al h\u00e1bitat\u00a0<\/p>\n<p class=\"article-body__text \">\n        El derecho al <strong>h\u00e1bitat <\/strong>es un concepto repetido, como un mantra o una oraci\u00f3n, en todos los documentos de ASF. En <strong>el plan estrat\u00e9gico 2022-2026 <\/strong>de la ONG se habla constantemente de este derecho, \u201cque atiende y se nutre de m\u00faltiples disciplinas puestas al servicio de las personas y de las comunidades\u201d.\n<\/p>\n<p class=\"article-body__text \">\n        Fernando G\u00f3mez afirma que el derecho al h\u00e1bitat <strong>\u201ces complejo y multidimensional<\/strong>. Muchas veces se ha dicho, y con toda l\u00f3gica, que las comunidades se crean a partir de la vivienda; pero ahora estamos viendo c\u00f3mo tambi\u00e9n se pueden destruir las comunidades por las pol\u00edticas de vivienda\u201d, alerta. El arquitecto y voluntario apunta directamente a <strong>las consecuencias que el turismo masivo est\u00e1 teniendo en nuestras vidas<\/strong>. \u201cLo vemos ahora todos los d\u00edas en <strong>los cascos viejos de nuestras ciudades<\/strong>, por ejemplo. Ah\u00ed se produce una crisis de la comunidad; la vida en sociedad se est\u00e1 destruyendo\u201d, concluye.\u00a0\u00a0<\/p>\n","protected":false},"excerpt":{"rendered":"El tren no pasa dos veces en la vida. O quiz\u00e1s s\u00ed. Solo hay que abrir los ojos&hellip;\n","protected":false},"author":2,"featured_media":300425,"comment_status":"","ping_status":"","sticky":false,"template":"","format":"standard","meta":{"footnotes":""},"categories":[173],"tags":[71299,229,233,231,230,42893,232,234,146,147,25,24,71298,32029,9812,23],"class_list":{"0":"post-300424","1":"post","2":"type-post","3":"status-publish","4":"format-standard","5":"has-post-thumbnail","7":"category-arte-y-diseno","8":"tag-alzar-la-voz","9":"tag-arte","10":"tag-arte-y-diseno","11":"tag-arts","12":"tag-arts-and-design","13":"tag-asf","14":"tag-design","15":"tag-diseno","16":"tag-entertainment","17":"tag-entretenimiento","18":"tag-es","19":"tag-espana","20":"tag-fernando-gomez","21":"tag-insostenible","22":"tag-realidad","23":"tag-spain"},"share_on_mastodon":{"url":"https:\/\/pubeurope.com\/@es\/115759876884767561","error":""},"_links":{"self":[{"href":"https:\/\/www.europesays.com\/es\/wp-json\/wp\/v2\/posts\/300424","targetHints":{"allow":["GET"]}}],"collection":[{"href":"https:\/\/www.europesays.com\/es\/wp-json\/wp\/v2\/posts"}],"about":[{"href":"https:\/\/www.europesays.com\/es\/wp-json\/wp\/v2\/types\/post"}],"author":[{"embeddable":true,"href":"https:\/\/www.europesays.com\/es\/wp-json\/wp\/v2\/users\/2"}],"replies":[{"embeddable":true,"href":"https:\/\/www.europesays.com\/es\/wp-json\/wp\/v2\/comments?post=300424"}],"version-history":[{"count":0,"href":"https:\/\/www.europesays.com\/es\/wp-json\/wp\/v2\/posts\/300424\/revisions"}],"wp:featuredmedia":[{"embeddable":true,"href":"https:\/\/www.europesays.com\/es\/wp-json\/wp\/v2\/media\/300425"}],"wp:attachment":[{"href":"https:\/\/www.europesays.com\/es\/wp-json\/wp\/v2\/media?parent=300424"}],"wp:term":[{"taxonomy":"category","embeddable":true,"href":"https:\/\/www.europesays.com\/es\/wp-json\/wp\/v2\/categories?post=300424"},{"taxonomy":"post_tag","embeddable":true,"href":"https:\/\/www.europesays.com\/es\/wp-json\/wp\/v2\/tags?post=300424"}],"curies":[{"name":"wp","href":"https:\/\/api.w.org\/{rel}","templated":true}]}}