{"id":300426,"date":"2025-12-21T22:19:11","date_gmt":"2025-12-21T22:19:11","guid":{"rendered":"https:\/\/www.europesays.com\/es\/300426\/"},"modified":"2025-12-21T22:19:11","modified_gmt":"2025-12-21T22:19:11","slug":"de-que-va-innato-argumento-y-protagonistas-de-la-serie-que-estrena-netflix","status":"publish","type":"post","link":"https:\/\/www.europesays.com\/es\/300426\/","title":{"rendered":"De qu\u00e9 va &#8216;Innato&#8217;: argumento y protagonistas de la serie que estrena Netflix"},"content":{"rendered":"<p><a class=\"v-mdl-ath__fig-a\" href=\"https:\/\/www.lasprovincias.es\/autor\/maria-gardo-481.html\" title=\"Mar\u00eda Gard\u00f3\" rel=\"nofollow noopener\" target=\"_blank\"><br \/>\n<img decoding=\"async\" class=\"v-mdl-ath__img\" src=\"https:\/\/www.europesays.com\/es\/wp-content\/uploads\/2025\/07\/autor-481-foto-2.jpeg\" alt=\"Mar\u00eda Gard\u00f3\"\/><br \/>\n<\/a><\/p>\n<p class=\"v-mdl-ath__p v-mdl-ath__p--6\">\nDomingo, 21 de diciembre 2025, 19:54<\/p>\n<p class=\"v-p\">Netflix despide el a\u00f1o 2025 por todo lo alto con el estreno de &#8216;Innato&#8217;, una serie espa\u00f1ola que explora las sombras de la herencia criminal y los secretos familiares. Producida por Plano a Plano (responsables de \u00e9xitos como &#8216;Valeria&#8217; o &#8216;Toy Boy&#8217;) y creada por Fran Carballal y Enrique Lojo, la ficci\u00f3n se posiciona como uno de los lanzamientos m\u00e1s potentes del cierre de a\u00f1o. Con una atm\u00f3sfera opresiva y un ritmo de thriller cl\u00e1sico, la serie plantea si la maldad es algo que se lleva en los genes o si es posible escapar de un pasado marcado por la sangre.<\/p>\n<p>Argumento<\/p>\n<p class=\"v-p\">La serie narra la historia de Sara, una psic\u00f3loga que ha logrado construir una vida id\u00edlica y estable, ocultando un pasado traum\u00e1tico: es la hija de F\u00e9lix Garay, un medi\u00e1tico asesino en serie conocido como &#8216;el asesino del gasoil&#8217;. Tras a\u00f1os de silencio, la perfecta realidad de Sara junto a su marido y su hijo adolescente se desmorona cuando su padre sale de prisi\u00f3n. Su liberaci\u00f3n coincide con la aparici\u00f3n de una nueva oleada de cr\u00edmenes que calcan el modus operandi de F\u00e9lix, lo que obliga a Sara a colaborar con la polic\u00eda y enfrentarse cara a cara con el monstruo del que huy\u00f3, mientras intenta evitar que su propia familia descubra qui\u00e9n es ella realmente.<\/p>\n<p>Protagonistas<\/p>\n<p class=\"v-p\"><strong>Sara<\/strong>, interpretada por Elena Anaya: Es la protagonista, una mujer que vive bajo una identidad emocionalmente protegida y que debe lidiar con el regreso de su padre y la sospecha de que su pasado la ha alcanzado.<\/p>\n<p class=\"v-p\"><strong>F\u00e9lix Garay<\/strong>, interpretado por Imanol Arias. Es el padre de Sara y antagonista principal, un asesino m\u00faltiple que recupera su libertad tras a\u00f1os en la c\u00e1rcel, desencadenando el caos en la vida de su hija.<\/p>\n<p class=\"v-p\"><strong>Arias<\/strong>, interpretada por Emma Su\u00e1rez. Es una figura clave en la trama cuya relaci\u00f3n con los protagonistas aporta una capa extra de complejidad al misterio.<\/p>\n<p class=\"v-p\"><strong>Aitor<\/strong>, interpretado por Roberto \u00c1lamo. Es el marido de Sara, un hombre que desconoce el oscuro origen de su esposa y que se ver\u00e1 envuelto en la espiral de violencia que trae el regreso de F\u00e9lix.<\/p>\n<p class=\"v-p\"><strong>Sebas<\/strong>, interpretado por Teo Soler. Es el hijo adolescente de Sara y Aitor, quien representa la inocencia de la familia y el riesgo de que la herencia de su abuelo llegue a afectarle.<\/p>\n<p class=\"v-p\"><strong> Lorena<\/strong>, interpretada por Clara Sans. Es uno de los personajes secundarios que forman parte del entorno social y policial que rodea la investigaci\u00f3n de los nuevos cr\u00edmenes.<\/p>\n<p class=\"v-p\"><strong> Mercedes<\/strong>, interpretada por Ane Gabarain. Es una de las veteranas de la serie que aporta peso dram\u00e1tico a la red de secretos que une a las familias implicadas.<\/p>\n<p>Reporta un error<\/p>\n","protected":false},"excerpt":{"rendered":"Domingo, 21 de diciembre 2025, 19:54 Netflix despide el a\u00f1o 2025 por todo lo alto con el estreno&hellip;\n","protected":false},"author":2,"featured_media":300427,"comment_status":"","ping_status":"","sticky":false,"template":"","format":"standard","meta":{"footnotes":""},"categories":[171],"tags":[71300,146,147,25,24,1719,70933,152,6874,156,23,214],"class_list":{"0":"post-300426","1":"post","2":"type-post","3":"status-publish","4":"format-standard","5":"has-post-thumbnail","7":"category-tv","8":"tag-argumento","9":"tag-entertainment","10":"tag-entretenimiento","11":"tag-es","12":"tag-espana","13":"tag-estrena","14":"tag-innato","15":"tag-netflix","16":"tag-protagonistas","17":"tag-serie","18":"tag-spain","19":"tag-tv"},"share_on_mastodon":{"url":"https:\/\/pubeurope.com\/@es\/115759885229234046","error":""},"_links":{"self":[{"href":"https:\/\/www.europesays.com\/es\/wp-json\/wp\/v2\/posts\/300426","targetHints":{"allow":["GET"]}}],"collection":[{"href":"https:\/\/www.europesays.com\/es\/wp-json\/wp\/v2\/posts"}],"about":[{"href":"https:\/\/www.europesays.com\/es\/wp-json\/wp\/v2\/types\/post"}],"author":[{"embeddable":true,"href":"https:\/\/www.europesays.com\/es\/wp-json\/wp\/v2\/users\/2"}],"replies":[{"embeddable":true,"href":"https:\/\/www.europesays.com\/es\/wp-json\/wp\/v2\/comments?post=300426"}],"version-history":[{"count":0,"href":"https:\/\/www.europesays.com\/es\/wp-json\/wp\/v2\/posts\/300426\/revisions"}],"wp:featuredmedia":[{"embeddable":true,"href":"https:\/\/www.europesays.com\/es\/wp-json\/wp\/v2\/media\/300427"}],"wp:attachment":[{"href":"https:\/\/www.europesays.com\/es\/wp-json\/wp\/v2\/media?parent=300426"}],"wp:term":[{"taxonomy":"category","embeddable":true,"href":"https:\/\/www.europesays.com\/es\/wp-json\/wp\/v2\/categories?post=300426"},{"taxonomy":"post_tag","embeddable":true,"href":"https:\/\/www.europesays.com\/es\/wp-json\/wp\/v2\/tags?post=300426"}],"curies":[{"name":"wp","href":"https:\/\/api.w.org\/{rel}","templated":true}]}}