{"id":300430,"date":"2025-12-21T22:23:09","date_gmt":"2025-12-21T22:23:09","guid":{"rendered":"https:\/\/www.europesays.com\/es\/300430\/"},"modified":"2025-12-21T22:23:09","modified_gmt":"2025-12-21T22:23:09","slug":"los-ingresos-hospitalarios-aumentan-en-un-50-en-la-ultima-semana","status":"publish","type":"post","link":"https:\/\/www.europesays.com\/es\/300430\/","title":{"rendered":"Los ingresos hospitalarios aumentan en un 50% en la \u00faltima semana"},"content":{"rendered":"<p><strong>Redacci\u00f3n<br \/><\/strong>La gripe A, el virus respiratorio sincitial (VRS) y las descompensaciones de pacientes cr\u00f3nicos han provocado un <strong>aumento del 50% de los ingresos hospitalarios en una sola semana<\/strong>, super\u00e1ndose as\u00ed los registros de la temporada pasada.<\/p>\n<p>\u00abEstamos ya en una situaci\u00f3n muy compleja en muchos servicios de urgencias, con salas de espera saturadas, largas demoras y pacientes pendientes de cama de hospitalizaci\u00f3n\u00bb, ha alertado el <strong>Dr. Javier Mill\u00e1n<\/strong>, vicepresidente de la <strong><a href=\"https:\/\/www.semes.org\/\" target=\"_blank\" rel=\"noopener nofollow\">Sociedad Espa\u00f1ola de Medicina de Urgencias y Emergencias<\/a> <\/strong>(<strong>SEMES<\/strong>).\u00a0Adem\u00e1s, ha insistido en la necesidad de activar de forma urgente planes de contingencia, de reforzar las plantillas y garantizar la disponibilidad de camas para evitar el colapso del sistema.<\/p>\n<p>Desde Semes destacan que <strong>Espa\u00f1a ya sobrepasa el umbral epid\u00e9mico<\/strong>, con un claro predominio de la gripe A y un incremento sostenido de los casos diagnosticados, seg\u00fan los \u00faltimos datos correspondientes a la semana 49 de la temporada 2025-2026.<\/p>\n<p>\u00abCada vez son m\u00e1s los pacientes que requieren ingreso hospitalario por complicaciones, sobre todo <strong>mayores de 65 a\u00f1os con comorbilidades<\/strong> como enfermedades cardiovasculares, respiratorias cr\u00f3nicas, procesos oncohematol\u00f3gicos o situaciones de inmunodepresi\u00f3n\u00bb, ha explicado el Dr. Mill\u00e1n.<\/p>\n<p>\u00abCada vez son m\u00e1s los pacientes que requieren ingreso hospitalario por complicaciones, sobre todo mayores de 65 a\u00f1os con comorbilidades\u00bb, ha explicado el Dr. Javier Mill\u00e1n<\/p>\n<p>La <strong>distribuci\u00f3n de los virus respiratorios<\/strong>, el vicepresidente de Semes destac\u00f3 que entre el 60% y 70% de los casos se corresponden con Gripe A, con el predominio de la variante H3N2 clado K, \u00abque parece tener una mayor velocidad de transmisi\u00f3n\u00bb. La covid-19 y el virus respiratorio sincitial mantienen una menor circulaci\u00f3n.<\/p>\n<p>\u00abEn la \u00faltima semana, pr\u00e1cticamente se ha duplicado la tasa de infecciones por virus respiratorios, situ\u00e1ndose ya a nivel nacional en torno a los<strong> 700 casos por cada 100.000 habitantes<\/strong> y superando los 1.000 casos en muchas comunidades aut\u00f3nomas\u00bb, ha observado el Dr. Mill\u00e1n.<\/p>\n<p><strong>Catalu\u00f1a<\/strong> registra en la semana 50 una situaci\u00f3n de m\u00e1xima intensidad, con <strong>1.152 casos<\/strong> de infecciones respiratorias agudas por 100.000 habitantes y una incidencia de gripe que alcanza los 764 casos por 100.000 habitantes, situ\u00e1ndose entre las cifras m\u00e1s altas del pa\u00eds.<\/p>\n<p>\u00abEn la \u00faltima semana, pr\u00e1cticamente se ha duplicado la tasa de infecciones por virus respiratorios\u00bb, a\u00f1adi\u00f3 el Dr. Mill\u00e1n<\/p>\n<p><strong>Andaluc\u00eda<\/strong> es otra de las comunidades m\u00e1s afectadas, adentr\u00e1ndose en fase epidemica, con una tasa de incidencia de infecciones respiratorias agudas (IRAs) de 411,3 casos por 100.000 habitantes, superando el umbral basal de la temporada. La tasa de s\u00edndrome gripal aument\u00f3 de forma muy marcada hasta 33,5 casos por 100.000 habitantes.<\/p>\n<p>En la <strong>Regi\u00f3n de Murcia<\/strong> la incidencia de IRAs en Atenci\u00f3n Primaria aument\u00f3 un 32%, alcanzando los 982 casos por 100.000 habitantes. El incremento se debe principalmente a la gripe, cuya incidencia pas\u00f3 de 52 a 180 casos por 100.000 habitantes en una sola semana.<\/p>\n<p>Por ultimo, <strong>Castilla-La Mancha<\/strong> present\u00f3 un incremento de las infecciones respiratorias agudas, impulsado principalmente por la gripe y por un aumento paralelo de las infecciones por virus respiratorio sincitial (VRS). La incidencia de IRAs en Atenci\u00f3n Primaria se situ\u00f3 en 998,5 casos por 100.000 habitantes, frente a los 722 casos de la semana anterior, mientras que la incidencia hospitalaria ascendi\u00f3 hasta 19,9 casos por 100.000 habitantes, desde los 15,8 registrados previamente, con niveles de intensidad medios.<\/p>\n","protected":false},"excerpt":{"rendered":"Redacci\u00f3nLa gripe A, el virus respiratorio sincitial (VRS) y las descompensaciones de pacientes cr\u00f3nicos han provocado un aumento&hellip;\n","protected":false},"author":2,"featured_media":280924,"comment_status":"","ping_status":"","sticky":false,"template":"","format":"standard","meta":{"footnotes":""},"categories":[92],"tags":[3297,517,71301,25,24,7749,165,71302,166,23,12353,30987],"class_list":{"0":"post-300430","1":"post","2":"type-post","3":"status-publish","4":"format-standard","5":"has-post-thumbnail","7":"category-salud","8":"tag-a1","9":"tag-actualidad","10":"tag-cronicidad","11":"tag-es","12":"tag-espana","13":"tag-gripe","14":"tag-health","15":"tag-ingreso-hospitalario","16":"tag-salud","17":"tag-spain","18":"tag-urgencias","19":"tag-vrs"},"share_on_mastodon":{"url":"https:\/\/pubeurope.com\/@es\/115759900711949175","error":""},"_links":{"self":[{"href":"https:\/\/www.europesays.com\/es\/wp-json\/wp\/v2\/posts\/300430","targetHints":{"allow":["GET"]}}],"collection":[{"href":"https:\/\/www.europesays.com\/es\/wp-json\/wp\/v2\/posts"}],"about":[{"href":"https:\/\/www.europesays.com\/es\/wp-json\/wp\/v2\/types\/post"}],"author":[{"embeddable":true,"href":"https:\/\/www.europesays.com\/es\/wp-json\/wp\/v2\/users\/2"}],"replies":[{"embeddable":true,"href":"https:\/\/www.europesays.com\/es\/wp-json\/wp\/v2\/comments?post=300430"}],"version-history":[{"count":0,"href":"https:\/\/www.europesays.com\/es\/wp-json\/wp\/v2\/posts\/300430\/revisions"}],"wp:featuredmedia":[{"embeddable":true,"href":"https:\/\/www.europesays.com\/es\/wp-json\/wp\/v2\/media\/280924"}],"wp:attachment":[{"href":"https:\/\/www.europesays.com\/es\/wp-json\/wp\/v2\/media?parent=300430"}],"wp:term":[{"taxonomy":"category","embeddable":true,"href":"https:\/\/www.europesays.com\/es\/wp-json\/wp\/v2\/categories?post=300430"},{"taxonomy":"post_tag","embeddable":true,"href":"https:\/\/www.europesays.com\/es\/wp-json\/wp\/v2\/tags?post=300430"}],"curies":[{"name":"wp","href":"https:\/\/api.w.org\/{rel}","templated":true}]}}