{"id":300443,"date":"2025-12-21T22:35:09","date_gmt":"2025-12-21T22:35:09","guid":{"rendered":"https:\/\/www.europesays.com\/es\/300443\/"},"modified":"2025-12-21T22:35:09","modified_gmt":"2025-12-21T22:35:09","slug":"benjamin-noval-joya-ciclismo-espanol-5","status":"publish","type":"post","link":"https:\/\/www.europesays.com\/es\/300443\/","title":{"rendered":"BENJAM\u00cdN NOVAL JOYA CICLISMO ESPA\u00d1OL"},"content":{"rendered":"<p class=\"ft-text ft-helper-closenews\"><strong>El asturiano <\/strong><a class=\"ft-link ft-link--decoration\" href=\"https:\/\/www.lne.es\/deportes\/deporte-astur\/2025\/12\/06\/benjamin-noval-gana-autoridad-prueba-124519215.html\" rel=\"nofollow noopener\" target=\"_blank\"><strong>Benjam\u00edn Noval (Nesta MMR)<\/strong><\/a><strong> roz\u00f3 el podio en la prestigiosa prueba de la Copa del Mundo disputada en Koksijde (B\u00e9lgica),<\/strong> en la que acab\u00f3 cuarto en categor\u00eda junior, a 13 segundos del ganador, el belga Giel Lejeune. <a class=\"ft-link ft-link--decoration\" href=\"https:\/\/www.lne.es\/deportes\/deporte-astur\/2025\/11\/30\/nuevo-exito-benjamin-noval-sexto-124298046.html\" rel=\"nofollow noopener\" target=\"_blank\">En segunda posici\u00f3n, con el mismo tiempo que el ganador,<\/a><a class=\"ft-link ft-link--decoration\" href=\"https:\/\/www.lne.es\/deportes\/deporte-astur\/2025\/11\/30\/nuevo-exito-benjamin-noval-sexto-124298046.html\" rel=\"nofollow noopener\" target=\"_blank\"><strong> lleg\u00f3 el neerland\u00e9s Delano Heeren, y tercero el tambi\u00e9n neerland\u00e9s Cas Timmermans,<\/strong><\/a><strong> <\/strong>a un segundo de su compatriota y del ganador.<\/p>\n<p>Mart\u00edn Fern\u00e1ndez, tambi\u00e9n entre los mejores<\/p>\n<p class=\"ft-text\">En esa misma carrera, otro asturiano, <a class=\"ft-link ft-link--decoration\" href=\"https:\/\/www.lne.es\/deportes\/deporte-astur\/2025\/11\/05\/numero-mundo-ciclocross-junior-ranon-123359273.html\" rel=\"nofollow noopener\" target=\"_blank\"><strong>Mart\u00edn Fern\u00e1ndez (Nesta MMR), hizo un gran papel, acabando en 19.\u00aa posici\u00f3n, a 3:30 del ganador.<\/strong><\/a><strong> <\/strong>El tambi\u00e9n asturiano Pelayo Gancedo no pudo acabar.<\/p>\n<p>Victoria de Van der Poel <\/p>\n<p class=\"ft-text\">En la prueba \u00e9lite masculina, el ganador fue nada menos que el neerland\u00e9s<strong> <\/strong><a class=\"ft-link ft-link--decoration\" href=\"https:\/\/www.lne.es\/deportes\/deporte-astur\/2023\/08\/07\/der-poel-logra-oro-asturiano-90727300.html\" rel=\"nofollow noopener\" target=\"_blank\"><strong>Mathieu van der Poel. <\/strong><\/a>El mejor espa\u00f1ol fue <strong>Felipe Orts<\/strong>, que fue 21.\u00ba, a 4:21 del poderoso Van der Poel. El c\u00e1ntabro Kevin Su\u00e1rez (Nesta MMR) fue 26.\u00ba, a 5:51 del ganador. <strong>El mejor asturiano fue el gijon\u00e9s Mario Junquera (Unicaja Gij\u00f3n), que lleg\u00f3 el 35.\u00ba, a 7:22 de Van der Poel. <\/strong><\/p>\n<p>Luc\u00eda Gonz\u00e1lez, mejor asturiana en \u00e9lite <\/p>\n<p class=\"ft-text\">En \u00e9lite mujeres, la ganadora fue la neerlandesa <strong>Lucinda Brand,<\/strong> que se impuso con solvencia, sacando 36 segundos a la segunda, su compatriota<strong> Van Anrooij<\/strong>. La mejor espa\u00f1ola fue la valencia <strong>Sof\u00eda Rodr\u00edguez, tambi\u00e9n del equipo asturiano Nesta MMR<\/strong>, que lleg\u00f3 26.\u00aa, a 6:07 de la ganadora.<a class=\"ft-link ft-link--decoration\" href=\"https:\/\/www.lne.es\/deportes\/deporte-astur\/2025\/12\/11\/lucia-gonzalez-seis-veces-campeona-124693637.html\" rel=\"nofollow noopener\" target=\"_blank\"><strong> La mejor asturiana fue Luc\u00eda Gonz\u00e1lez (Nesta MMR), 37.\u00aa<\/strong><\/a><strong>, a 7:42. Sara Cueto, del Unicaja Gij\u00f3n, lleg\u00f3 41.\u00aa, a 8:53. <\/strong><\/p>\n<p>Una caida lastr\u00f3 a Mart\u00edn<\/p>\n<p class=\"ft-text\">Tras la carrera, Noval y Mart\u00edn Fern\u00e1ndez, compa\u00f1eros del <strong>Nesta MMR<\/strong>, comentaron las sensaciones vividas en la prueba. <strong>Preguntado por Noval, Mart\u00edn Fern\u00e1ndez explic\u00f3 que se sinti\u00f3 bien aunque estuvo lastrado por una ca\u00edda al inicio:<\/strong> \u00abEl circuito se nos adapt\u00f3 bien, lo malo es que en la salida tuve una ca\u00edda, luego fui remontando hasta la posici\u00f3n 20. <strong>Iba muy bien t\u00e9cnicamente pero tuve un poco de mala suerte en la salida\u00bb. <\/strong><\/p>\n<p>Noval tiene \u00abbuenas sensaciones\u00bb<\/p>\n<p class=\"ft-text\">A continuaci\u00f3n, Fern\u00e1ndez <a class=\"ft-link ft-link--decoration\" href=\"https:\/\/www.lne.es\/deportes\/deporte-astur\/2025\/09\/26\/sido-caida-dejado-benjamin-noval-121985378.html\" rel=\"nofollow noopener\" target=\"_blank\">le pregunt\u00f3 a Noval por sus sensaciones<\/a>. <strong>\u00abUna carrera bastante complicada t\u00e9cnicamente, sobre todo con la arena, que no estoy acostumbrado, pero tenemos buenas sensaciones para el resto de carreras, as\u00ed que a seguir confiado y a pensar en el resto de carreras\u00bb<\/strong>, concluy\u00f3 el de Laviana.<\/p>\n<p data-close=\"closedContent\" class=\"subscribeHideForDisplay\">Suscr\u00edbete para seguir leyendo<\/p>\n","protected":false},"excerpt":{"rendered":"El asturiano Benjam\u00edn Noval (Nesta MMR) roz\u00f3 el podio en la prestigiosa prueba de la Copa del Mundo&hellip;\n","protected":false},"author":2,"featured_media":300444,"comment_status":"","ping_status":"","sticky":false,"template":"","format":"standard","meta":{"footnotes":""},"categories":[273],"tags":[12232,3171,28980,313,2493,8186,312,168,25,24,31573,22058,16861,23,167],"class_list":{"0":"post-300443","1":"post","2":"type-post","3":"status-publish","4":"format-standard","5":"has-post-thumbnail","7":"category-ciclismo","8":"tag-asturiano","9":"tag-belgica","10":"tag-benjamin","11":"tag-ciclismo","12":"tag-copa","13":"tag-copa-del-mundo","14":"tag-cycling","15":"tag-deportes","16":"tag-es","17":"tag-espana","18":"tag-noval","19":"tag-podio","20":"tag-roza","21":"tag-spain","22":"tag-sports"},"share_on_mastodon":{"url":"https:\/\/pubeurope.com\/@es\/115759947596532256","error":""},"_links":{"self":[{"href":"https:\/\/www.europesays.com\/es\/wp-json\/wp\/v2\/posts\/300443","targetHints":{"allow":["GET"]}}],"collection":[{"href":"https:\/\/www.europesays.com\/es\/wp-json\/wp\/v2\/posts"}],"about":[{"href":"https:\/\/www.europesays.com\/es\/wp-json\/wp\/v2\/types\/post"}],"author":[{"embeddable":true,"href":"https:\/\/www.europesays.com\/es\/wp-json\/wp\/v2\/users\/2"}],"replies":[{"embeddable":true,"href":"https:\/\/www.europesays.com\/es\/wp-json\/wp\/v2\/comments?post=300443"}],"version-history":[{"count":0,"href":"https:\/\/www.europesays.com\/es\/wp-json\/wp\/v2\/posts\/300443\/revisions"}],"wp:featuredmedia":[{"embeddable":true,"href":"https:\/\/www.europesays.com\/es\/wp-json\/wp\/v2\/media\/300444"}],"wp:attachment":[{"href":"https:\/\/www.europesays.com\/es\/wp-json\/wp\/v2\/media?parent=300443"}],"wp:term":[{"taxonomy":"category","embeddable":true,"href":"https:\/\/www.europesays.com\/es\/wp-json\/wp\/v2\/categories?post=300443"},{"taxonomy":"post_tag","embeddable":true,"href":"https:\/\/www.europesays.com\/es\/wp-json\/wp\/v2\/tags?post=300443"}],"curies":[{"name":"wp","href":"https:\/\/api.w.org\/{rel}","templated":true}]}}