{"id":300447,"date":"2025-12-21T22:38:16","date_gmt":"2025-12-21T22:38:16","guid":{"rendered":"https:\/\/www.europesays.com\/es\/300447\/"},"modified":"2025-12-21T22:38:16","modified_gmt":"2025-12-21T22:38:16","slug":"matarazzo-ya-conoce-su-nueva-casa","status":"publish","type":"post","link":"https:\/\/www.europesays.com\/es\/300447\/","title":{"rendered":"Matarazzo ya conoce su nueva casa"},"content":{"rendered":"<p>Las primeras 24 horas de Pellegrino Matarazzo como nuevo entrenador de la Real fueron realmente intensas. El entrenador estadounidense de 48 a\u00f1os recal\u00f3 este domingo  &#8230; en Donostia procedente de Alemania y ya conoce la que ser\u00e1 su nueva casa al menos hasta junio de 2027, despu\u00e9s de que el club oficializara su fichaje a \u00faltima hora del s\u00e1bado tras el empate insuficiente de la Real ante el Levante en Orriols. El club se encomienda al t\u00e9cnico para revertir la mala situaci\u00f3n liguera y este lunes podr\u00e1 dar las explicaciones sobre el tipo de equipo que quiere que sea su Real porque ser\u00e1 presentado como nuevo t\u00e9cnico a partir de las 16.00 horas en la sala de prensa de Anoeta.<\/p>\n<p><a href=\"http:\/\/www.diariovasco.com\/real-sociedad\/nuevo-entrenador-txuriurdin-conoce-anoeta-20251221162156-nt.html#vtm_modulosEngag=mod-rel:real-sociedad:noticia:1:cmp:1-not\" class=\"v-a-link\" aria-label=\"Imagen\" rel=\"nofollow noopener\" target=\"_blank\"><\/p>\n<p><img decoding=\"async\" loading=\"lazy\" src=\"https:\/\/www.europesays.com\/es\/wp-content\/uploads\/2025\/12\/aperri-matarazzo-kHyF--366x256@Diario Vasco.jpg\" class=\"v-a-img\" width=\"258\" height=\"180\" alt=\"\" data-voc-vtm-id=\"in-text-traffic\"\/><\/p>\n<p><\/a><\/p>\n<p class=\"v-p\">No obstante, Matarazzo ya conoce tanto Zubieta como Anoeta puesto que ayer ya realiz\u00f3 un tour por las instalaciones txuri-urdin acompa\u00f1ado por Jokin Aperribay, Erik Bretos y Andoni Iraola, con quienes tambi\u00e9n comparti\u00f3 mesa y mantel en el restaurante Rekondo de la capital guipuzcoana. El d\u00eda comenz\u00f3 pronto puesto que el horario del Sanse condicionaba la jornada de domingo. Matarazzo ya sabe d\u00f3nde pasar\u00e1 la mayor\u00eda de sus horas en Donostia al personarse en una Zubieta pr\u00e1cticamente vac\u00eda puesto que la mayor\u00eda de equipos ya est\u00e1n sin competici\u00f3n. Tampoco los jugadores del primer equipo hicieron acto de presencia puesto que tras regresar de Valencia comenzaron ayer mismo sus vacaciones. Matarazzo conoci\u00f3 las entra\u00f1as de las instalaciones acompa\u00f1ado por los dos m\u00e1ximos responsables del club, que le ense\u00f1aron los vestuarios y el campo Jos\u00e9 Luis Orbegozo donde entrenar\u00e1 a partir de la pr\u00f3xima semana, as\u00ed como su zona de trabajo. \u00abEsto es precioso\u00bb, se le observa decir en el v\u00eddeo que public\u00f3 el club en sus redes sociales. <\/p>\n<p class=\"v-p\">De momento, el americano pis\u00f3 ayer Zubieta solo, sin ning\u00fan miembro de alg\u00fan staff de su pasado. Habr\u00e1 que esperar hasta la rueda de prensa de esta tarde para conocer si finalmente traer\u00e1 un t\u00e9cnico de confianza, toda vez que Iosu Rivas no seguir\u00e1 como segundo entrenador pese a que no est\u00e1 descartado que se quede en Zubieta. Est\u00e1 por ver si Felipe S\u00e1nchez Mateos, asistente de equipo propio hasta la fecha, se convierte en segundo de Matarazzo como ya hiciera con Francesco Farioli durante sus etapas en el Niza y en el Ajax. El de Nueva Jersey atender\u00e1 hoy a los medios de comunicaci\u00f3n y por primera vez en tiempo volver\u00e1 a haber traductor o traducci\u00f3n simult\u00e1nea en las comparecencias del t\u00e9cnico de la Real puesto que Matarazzo no habla castellano. Domina a la perfecci\u00f3n, eso s\u00ed, ingl\u00e9s, alem\u00e1n e italiano por lo que no deber\u00eda tener problemas para comunicarse con una plantilla en la que el ingl\u00e9s tambi\u00e9n est\u00e1 a la orden del d\u00eda.<\/p>\n<p><img decoding=\"async\" loading=\"lazy\" src=\"https:\/\/www.europesays.com\/es\/wp-content\/uploads\/2025\/12\/matarazzo4-U2302112198ZMF--650x455@Diario Vasco.jpg\" class=\"v-a-img\" width=\"650\" height=\"455\" alt=\"Aperribay y Matarazzo, en Anoeta.\" data-voc-vtm-id=\"in-text-traffic\"\/><\/p>\n<p>Aperribay y Matarazzo, en Anoeta.<\/p>\n<p>Jose Mari L\u00f3pez<\/p>\n<p><img loading=\"lazy\" decoding=\"async\" src=\"https:\/\/www.europesays.com\/es\/wp-content\/uploads\/2025\/12\/matarazzo4-U2302112198ZMF--1920x1344@Diario Vasco.jpg\" class=\"v-mdl__img-z\" width=\"1920\" height=\"1344\" alt=\"\"\/><\/p>\n<p class=\"v-p\">Tras conocer Zubieta, Matarazzo y sus nuevos jefes se dirigieron al restaurante Rekondo de Donostia antes de ver en directo la derrota del Sanse ante el Ceuta. El men\u00fa estuvo compuesto de carpaccio de carabineros, raviolis de morcilla y rodaballo a la brasa, mientras que de postre se decant\u00f3 por el pastel de chocolate y los canutillos de crema pastelera con helado de turr\u00f3n y queso Idiazabal. Hay que alimentar un cuerpo de 1,98 metros, y lo que puede tener claro el nuevo entrenador de la Real es que va a comer mejor que en Sttutgart y Hoffenheim. No pidi\u00f3 cerveza alemana. Prob\u00f3 el blanco de Rafael Palacios &#8216;Louro do Bolo&#8217; y el tinto Muga Selecci\u00f3n Especial 2020. El tema de conversaci\u00f3n el d\u00eda de Santo Tom\u00e1s no pod\u00eda ser otro que el tiempo de perros que hizo ayer en Gipuzkoa. \u00abVengo de Alemania, donde hace mucho m\u00e1s fr\u00edo\u00bb, dijo sonriente el americano a un fot\u00f3grafo de este peri\u00f3dico a la salida del restaurante antes de subirse al coche rumbo al estadio.<\/p>\n<p>Ocho d\u00edas de vacaciones<\/p>\n<p class=\"v-p\">Con la tripa llena, la plana mayor realista acompa\u00f1\u00f3 a Matarazzo a Anoeta. Jokin Aperribay se situ\u00f3 junto al vicepresidente \u00c1ngel Oyarzun y el consejero Joseba Ibarburu, mientras que el americano se sent\u00f3 unas filas m\u00e1s atr\u00e1s en el palco acompa\u00f1ado de Andoni Iraola, direcci\u00f3n de presidencia, y Erik Bretos, que hoy tambi\u00e9n atender\u00e1 a los medios de comunicaci\u00f3n. Las \u00faltimas palabras del director de f\u00fatbol de manera p\u00fablica fueron el 2 de septiembre, donde hizo una valoraci\u00f3n del mercado de fichajes en la presentaci\u00f3n de Yangel y Soler como nuevos realistas. Veremos qu\u00e9 explicaciones aporta el m\u00e1ximo responsable de la direcci\u00f3n de f\u00fatbol, que claramente fue \u00e9l y su equipo de trabajo quienes pusieron el nombre del americano encima de la mesa como futurible toda vez que para el aficionado medio de momento sigue siendo un desconocido.<\/p>\n<p class=\"v-p\">Matarazzo sigui\u00f3 con atenci\u00f3n el partido del Sanse, la materia prima con la que la Real ha cimentado su historia. Una de las caracter\u00edsticas que tiene el americano, que ha sumado para que finalmente sea el candidato elegido, es que durante sus dos etapas en Sttutgart y Hoffenheim fue capaz de sacar rendimiento a j\u00f3venes talentos. M\u00e1s all\u00e1 de los resultados, que tienen que llegar cuanto antes, Matarazzo tambi\u00e9n debe sacar brillo a las perlas que tiene la Real en casa, pero tambi\u00e9n al talento de fuera como Sucic, Zakharyan y \u00d3skarsson, que solo han demostrado su val\u00eda por rachas. Los Turrientes, Mar\u00edn y Goti tambi\u00e9n desean que el contador se ponga a cero para tratar de convencer al m\u00edster.<\/p>\n<p class=\"v-p\">Matarazzo, que lleva semanas viendo los partidos de la Real y recabando informaci\u00f3n por si se cerraba su fichaje, todav\u00eda tendr\u00e1 que esperar para conocer a la plantilla y poder empezar a trabajar. El club ha decidido otorgar ocho d\u00edas de fiesta a la plantilla, que regresar\u00e1 a los entrenamientos el lunes 29 a Zubieta cuando varios futbolistas daban por hecho que iban a tener menos d\u00edas de descanso con la llegada del nuevo t\u00e9cnico. El equipo est\u00e1 de vacaciones desde el s\u00e1bado, cuando regres\u00f3 con un punto de Valencia. En los pr\u00f3ximos d\u00edas se har\u00e1 p\u00fablico el plan de trabajo con a priori seis sesiones, a la espera de conocer si alguno de los entrenamientos ser\u00e1 a puerta abierta.<\/p>\n","protected":false},"excerpt":{"rendered":"Las primeras 24 horas de Pellegrino Matarazzo como nuevo entrenador de la Real fueron realmente intensas. El entrenador&hellip;\n","protected":false},"author":2,"featured_media":300448,"comment_status":"","ping_status":"","sticky":false,"template":"","format":"standard","meta":{"footnotes":""},"categories":[268],"tags":[168,25,24,280,282,71094,281,23,167,6967],"class_list":{"0":"post-300447","1":"post","2":"type-post","3":"status-publish","4":"format-standard","5":"has-post-thumbnail","7":"category-futbol","8":"tag-deportes","9":"tag-es","10":"tag-espana","11":"tag-football","12":"tag-futbol","13":"tag-matarazzo","14":"tag-soccer","15":"tag-spain","16":"tag-sports","17":"tag-zubieta"},"share_on_mastodon":{"url":"https:\/\/pubeurope.com\/@es\/115759960286298977","error":""},"_links":{"self":[{"href":"https:\/\/www.europesays.com\/es\/wp-json\/wp\/v2\/posts\/300447","targetHints":{"allow":["GET"]}}],"collection":[{"href":"https:\/\/www.europesays.com\/es\/wp-json\/wp\/v2\/posts"}],"about":[{"href":"https:\/\/www.europesays.com\/es\/wp-json\/wp\/v2\/types\/post"}],"author":[{"embeddable":true,"href":"https:\/\/www.europesays.com\/es\/wp-json\/wp\/v2\/users\/2"}],"replies":[{"embeddable":true,"href":"https:\/\/www.europesays.com\/es\/wp-json\/wp\/v2\/comments?post=300447"}],"version-history":[{"count":0,"href":"https:\/\/www.europesays.com\/es\/wp-json\/wp\/v2\/posts\/300447\/revisions"}],"wp:featuredmedia":[{"embeddable":true,"href":"https:\/\/www.europesays.com\/es\/wp-json\/wp\/v2\/media\/300448"}],"wp:attachment":[{"href":"https:\/\/www.europesays.com\/es\/wp-json\/wp\/v2\/media?parent=300447"}],"wp:term":[{"taxonomy":"category","embeddable":true,"href":"https:\/\/www.europesays.com\/es\/wp-json\/wp\/v2\/categories?post=300447"},{"taxonomy":"post_tag","embeddable":true,"href":"https:\/\/www.europesays.com\/es\/wp-json\/wp\/v2\/tags?post=300447"}],"curies":[{"name":"wp","href":"https:\/\/api.w.org\/{rel}","templated":true}]}}