{"id":300453,"date":"2025-12-21T22:42:14","date_gmt":"2025-12-21T22:42:14","guid":{"rendered":"https:\/\/www.europesays.com\/es\/300453\/"},"modified":"2025-12-21T22:42:14","modified_gmt":"2025-12-21T22:42:14","slug":"disfruta-el-otono-20-12-2025","status":"publish","type":"post","link":"https:\/\/www.europesays.com\/es\/300453\/","title":{"rendered":"Disfruta el oto\u00f1o 20.12.2025"},"content":{"rendered":"<p class=\"mce\">Arrancamos la \u00faltima tarde de Disfruta el oto\u00f1o cargada de sorpresas. Nos desplazamos hasta Soto del Real para presenciar la carrera solidaria por la Navidad y la Asociaci\u00f3n Espa\u00f1ola contra el C\u00e1ncer. Adem\u00e1s, los taxistas de Madrid tambi\u00e9n se unen a una iniciativa solidaria paseando por la ciudad a mayores y ni\u00f1os que est\u00e1n ingresados en hospitales.<\/p>\n<p class=\"mce\">Tambi\u00e9n visitamos Colmenar Viejo, para poder disfrutar de su caracter\u00edstico Bel\u00e9n Viviente. En Getafe, en la Casa de Andaluc\u00eda cocinamos pesti\u00f1os y bailamos en el Flashmob, un ambiente incre\u00edble por la llegada de la Navidad. Y, c\u00f3mo no pod\u00eda ser de otra forma, visitamos el mercadillo de Ciudad Lineal en busca de los \u00faltimos productos de oto\u00f1o.<\/p>\n<p class=\"mce\">Gracias a la magia virtual del programa descubrimos el origen de la tradici\u00f3n de cenar pavo en Navidad y, gracias a nuestros disfruconsejos, os dejamos un truco para que el pavo quede exquisito.<\/p>\n","protected":false},"excerpt":{"rendered":"Arrancamos la \u00faltima tarde de Disfruta el oto\u00f1o cargada de sorpresas. Nos desplazamos hasta Soto del Real para&hellip;\n","protected":false},"author":2,"featured_media":300454,"comment_status":"","ping_status":"","sticky":false,"template":"","format":"standard","meta":{"footnotes":""},"categories":[171],"tags":[146,147,25,24,5727,5729,5728,23,5726,214,5730],"class_list":{"0":"post-300453","1":"post","2":"type-post","3":"status-publish","4":"format-standard","5":"has-post-thumbnail","7":"category-tv","8":"tag-entertainment","9":"tag-entretenimiento","10":"tag-es","11":"tag-espana","12":"tag-programacion-a-la-carta","13":"tag-programas-telemadrid","14":"tag-programas-television","15":"tag-spain","16":"tag-telemadrid-a-la-carta","17":"tag-tv","18":"tag-vod"},"share_on_mastodon":{"url":"https:\/\/pubeurope.com\/@es\/115759975327411430","error":""},"_links":{"self":[{"href":"https:\/\/www.europesays.com\/es\/wp-json\/wp\/v2\/posts\/300453","targetHints":{"allow":["GET"]}}],"collection":[{"href":"https:\/\/www.europesays.com\/es\/wp-json\/wp\/v2\/posts"}],"about":[{"href":"https:\/\/www.europesays.com\/es\/wp-json\/wp\/v2\/types\/post"}],"author":[{"embeddable":true,"href":"https:\/\/www.europesays.com\/es\/wp-json\/wp\/v2\/users\/2"}],"replies":[{"embeddable":true,"href":"https:\/\/www.europesays.com\/es\/wp-json\/wp\/v2\/comments?post=300453"}],"version-history":[{"count":0,"href":"https:\/\/www.europesays.com\/es\/wp-json\/wp\/v2\/posts\/300453\/revisions"}],"wp:featuredmedia":[{"embeddable":true,"href":"https:\/\/www.europesays.com\/es\/wp-json\/wp\/v2\/media\/300454"}],"wp:attachment":[{"href":"https:\/\/www.europesays.com\/es\/wp-json\/wp\/v2\/media?parent=300453"}],"wp:term":[{"taxonomy":"category","embeddable":true,"href":"https:\/\/www.europesays.com\/es\/wp-json\/wp\/v2\/categories?post=300453"},{"taxonomy":"post_tag","embeddable":true,"href":"https:\/\/www.europesays.com\/es\/wp-json\/wp\/v2\/tags?post=300453"}],"curies":[{"name":"wp","href":"https:\/\/api.w.org\/{rel}","templated":true}]}}