{"id":300471,"date":"2025-12-21T22:52:11","date_gmt":"2025-12-21T22:52:11","guid":{"rendered":"https:\/\/www.europesays.com\/es\/300471\/"},"modified":"2025-12-21T22:52:11","modified_gmt":"2025-12-21T22:52:11","slug":"como-llega-joan-garcia-al-derbi","status":"publish","type":"post","link":"https:\/\/www.europesays.com\/es\/300471\/","title":{"rendered":"\u00a1C\u00f3mo llega Joan Garc\u00eda al derbi!"},"content":{"rendered":"<p data-mrf-recirculation=\"Links P\u00e1rrafos\" class=\"ue-c-article__paragraph paragraph ue-c-article--first-letter-highlighted\"><strong>Joan Garc\u00eda <\/strong>est\u00e1 firmando una temporada de esc\u00e1ndalo con el <strong>Barcelona<\/strong>. Para<strong> Hansi Flick<\/strong> es el n\u00famero 1 y no es de extra\u00f1ar, ya que el meta de <strong>Sallent <\/strong>demuestra en cada partido por qu\u00e9 el club cul\u00e9 pag\u00f3 su cl\u00e1usula de rescisi\u00f3n. Eso s\u00ed, ahora al catal\u00e1n le espera un trago amargo. El pr\u00f3ximo partido es contra el <strong>Espanyol <\/strong>y ante un <strong>RCDE Stadium<\/strong> que no le perdona que cambiase los colores blanquiazules por los azulgranas. Llega al derbi tras ser uno d<\/p>\n<p>\n                \u00bfQuieres seguir leyendo?\n            <\/p>\n<p>                Reg\u00edstrate GRATIS<\/p>\n<p class=\"ue-c-article__premium-club-marca-member\">\u00bfYa tienes cuenta?<br \/>\n                Inicia sesi\u00f3n\n            <\/p>\n","protected":false},"excerpt":{"rendered":"Joan Garc\u00eda est\u00e1 firmando una temporada de esc\u00e1ndalo con el Barcelona. Para Hansi Flick es el n\u00famero 1&hellip;\n","protected":false},"author":2,"featured_media":300472,"comment_status":"","ping_status":"","sticky":false,"template":"","format":"standard","meta":{"footnotes":""},"categories":[5],"tags":[17,18,25,24,13,14,11,19,20,9,10,15,16,23,12,21,22],"class_list":{"0":"post-300471","1":"post","2":"type-post","3":"status-publish","4":"format-standard","5":"has-post-thumbnail","7":"category-titulares","8":"tag-breaking-news","9":"tag-breakingnews","10":"tag-es","11":"tag-espana","12":"tag-featured-news","13":"tag-featurednews","14":"tag-headlines","15":"tag-latest-news","16":"tag-latestnews","17":"tag-news","18":"tag-noticias","19":"tag-noticias-destacadas","20":"tag-noticiasdestacadas","21":"tag-spain","22":"tag-titulares","23":"tag-ultimas-noticias","24":"tag-ultimasnoticias"},"share_on_mastodon":{"url":"https:\/\/pubeurope.com\/@es\/115760014508619517","error":""},"_links":{"self":[{"href":"https:\/\/www.europesays.com\/es\/wp-json\/wp\/v2\/posts\/300471","targetHints":{"allow":["GET"]}}],"collection":[{"href":"https:\/\/www.europesays.com\/es\/wp-json\/wp\/v2\/posts"}],"about":[{"href":"https:\/\/www.europesays.com\/es\/wp-json\/wp\/v2\/types\/post"}],"author":[{"embeddable":true,"href":"https:\/\/www.europesays.com\/es\/wp-json\/wp\/v2\/users\/2"}],"replies":[{"embeddable":true,"href":"https:\/\/www.europesays.com\/es\/wp-json\/wp\/v2\/comments?post=300471"}],"version-history":[{"count":0,"href":"https:\/\/www.europesays.com\/es\/wp-json\/wp\/v2\/posts\/300471\/revisions"}],"wp:featuredmedia":[{"embeddable":true,"href":"https:\/\/www.europesays.com\/es\/wp-json\/wp\/v2\/media\/300472"}],"wp:attachment":[{"href":"https:\/\/www.europesays.com\/es\/wp-json\/wp\/v2\/media?parent=300471"}],"wp:term":[{"taxonomy":"category","embeddable":true,"href":"https:\/\/www.europesays.com\/es\/wp-json\/wp\/v2\/categories?post=300471"},{"taxonomy":"post_tag","embeddable":true,"href":"https:\/\/www.europesays.com\/es\/wp-json\/wp\/v2\/tags?post=300471"}],"curies":[{"name":"wp","href":"https:\/\/api.w.org\/{rel}","templated":true}]}}