{"id":300479,"date":"2025-12-21T23:01:23","date_gmt":"2025-12-21T23:01:23","guid":{"rendered":"https:\/\/www.europesays.com\/es\/300479\/"},"modified":"2025-12-21T23:01:23","modified_gmt":"2025-12-21T23:01:23","slug":"dura-derrota-del-sanse-ante-el-ceuta-para-cerrar-un-2025-impresionante","status":"publish","type":"post","link":"https:\/\/www.europesays.com\/es\/300479\/","title":{"rendered":"Dura derrota del Sanse ante el Ceuta para cerrar un 2025 impresionante"},"content":{"rendered":"<p data-gtm-element-container=\"modulo-texto-link\" class=\"paragraph\">Dura derrota del Sanse en Anoeta en un d\u00eda de Santo Tom\u00e1s aciago para la secci\u00f3n masculina del club txuri urdin. Se adelant\u00f3 pronto el filial con un gran gol de <strong>Marchal <\/strong>pero el Ceuta, que era el tercer peor visitante de Segunda, le dio la vuelta al marcador siendo mejor que los txuri urdin y sentenciando el partido gracias a un error arbitral claro en forma de penalti de un colegiado espantoso. No fue un buen partido, muy lejano a las versiones de la mayor\u00eda de partidos. No pudieron regalarle una victoria a <strong>Pellegrino Matarazzo, Ansotegi o Agirretxe, <\/strong>presentes en el estadio, ni a los 1.600 valientes que acudieron. Son dos derrotas seguidas en casa de los potrillos, que cierran un 2025 impresionante fuera del descenso a\u00fan.<\/p>\n<p>                <img loading=\"lazy\" decoding=\"async\" data-full-src=\"https:\/\/www.mundodeportivo.com\/uploads\/2025\/12\/21\/694812a5222f9.jpeg\" alt=\"Horizontal\" width=\"449\" height=\"299\" src=\"https:\/\/www.europesays.com\/es\/wp-content\/uploads\/2025\/12\/694812a5222f9.jpeg\" class=\"lazy\"\/><\/p>\n<p class=\"caption-title \">Futbol segunda division estadio de Anoeta Sanse Ceuta gol de Alex Marchal<\/p>\n<p>                    Luis M. Unciti \/ Propias<\/p>\n<p>                        <img loading=\"lazy\" decoding=\"async\" data-full-src=\"https:\/\/www.mundodeportivo.com\/uploads\/2021\/07\/19\/60f53a42d8b4e.png\" alt=\"https:\/\/www.mundodeportivo.com\/futbol\/real-sociedad\" src=\"https:\/\/www.europesays.com\/es\/wp-content\/uploads\/2025\/08\/60f53a42d8b4e.png\" class=\"lazy\" width=\"38\" height=\"38\"\/><\/p>\n<p>                SANSE<\/p>\n<p>            13\n<\/p>\n<p>                        <img loading=\"lazy\" decoding=\"async\" data-full-src=\"https:\/\/www.mundodeportivo.com\/uploads\/2023\/01\/05\/63b696c97560d.png\" alt=\"https:\/\/www.mundodeportivo.com\/futbol\/ceuta\" src=\"https:\/\/www.europesays.com\/es\/wp-content\/uploads\/2025\/12\/63b696c97560d.png\" class=\"lazy\" width=\"38\" height=\"38\"\/><\/p>\n<p>                CEUTA<\/p>\n<p>SANSE: Fraga; Garro (Dadie, 82&#8242;), Peru Rodr\u00edguez, Kita, Balda; Eceizabarrena (Gorka Gorosabel, 58&#8242;), Aguirre, Mikel Rodr\u00edguez (Dani D\u00edaz, 58&#8242;); Astiazar\u00e1n, Mariezkurrena (Jakes Gorosabel, 75&#8242;), Marchal (Ochieng, 58&#8242;).<br \/>\u200b<br \/>\u200bCEUTA:\u00a0 Vallejo; Ahmed (Konrad de la Fuente, 78&#8242;), Hern\u00e1ndez, Gonz\u00e1lez, Matos (Salvi S\u00e1nchez, 91&#8242;); Youness, Jamelli; Anuar, Zalazar (Bodiger, 73&#8242;), Kon\u00e9 (Redru, 91&#8242;); Obeng (Ortu\u00f1o, 78&#8242;).<br \/>\u200b<br \/>\u200bGoles: 1-0 Marchal (7&#8242;); 1-1 Zalazar (43&#8242;); 1-2 Kon\u00e9 (50&#8242;); 1-3 Jamelli de penalti (70&#8242;).<br \/>\u200b<br \/>\u200b\u00c1rbitro: Adri\u00e1n Fuentes (C. valenciano). Amonest\u00f3 a Balda, Ochieng, Aguirre, Mikel Rodr\u00edguez y Kita por el Sanse y a Ahmed, Hern\u00e1ndez, Youness, Jamelli y Matos por el Ceuta.<br \/>\u200b<br \/>\u200bAnoeta. 1.614 espectadores.<\/p>\n<p>\n                ver ficha partido\n            <\/p>\n<p>                <img loading=\"lazy\" decoding=\"async\" data-full-src=\"https:\/\/www.mundodeportivo.com\/uploads\/2025\/12\/21\/694812b0031fb.jpeg\" alt=\"Horizontal\" width=\"449\" height=\"299\" src=\"https:\/\/www.europesays.com\/es\/wp-content\/uploads\/2025\/12\/694812b0031fb.jpeg\" class=\"lazy\"\/><\/p>\n<p class=\"caption-title \">Futbol segunda division estadio de Anoeta Sanse Ceuta Jon Gorrotxategi<\/p>\n<p>                    Luis M. Unciti \/ Propias<\/p>\n<p data-gtm-element-container=\"modulo-texto-link\" class=\"paragraph\">El Sanse tuvo nuevo entrenador y nuevos analistas para el partido. <strong>Jon Gorrotxategi <\/strong>se estren\u00f3 como primer entrenador en Segunda, y <strong>Ion Ansotegi <\/strong>e <strong>Imanol Agirretxe <\/strong>vivieron el duelo desde la cabina de analistas donde habitualmente est\u00e1 <strong>Gorrotxategi<\/strong>. Lo vivieron con tensi\u00f3n y nerviosismo, desde otro punto de vista antes de retomar el mando.\u00a0<strong>Gorrotxategi <\/strong>no dud\u00f3 al tener la posibilidad y aline\u00f3 directamente a los tres que ven\u00edan de Valencia: <strong>Fraga<\/strong>, <strong>Astiazar\u00e1n <\/strong>y <strong>Mariezkurrena<\/strong>. El delantero fue una de las tres novedades respecto a Riazor, junto a <strong>Mikel<\/strong> <strong>Rodr\u00edguez <\/strong>y <strong>Marchal<\/strong>. <strong>Carrera<\/strong>, sancionado, <strong>Ochieng <\/strong>y <strong>Carbonell <\/strong>se cayeron del equipo titular.\u00a0<\/p>\n<p>                <img loading=\"lazy\" decoding=\"async\" data-full-src=\"https:\/\/www.mundodeportivo.com\/uploads\/2025\/12\/21\/694821d7495e0.jpeg\" alt=\"Horizontal\" width=\"449\" height=\"219\" src=\"https:\/\/www.europesays.com\/es\/wp-content\/uploads\/2025\/12\/694821d7495e0.jpeg\" class=\"lazy\"\/><\/p>\n<p class=\"caption-title \">Futbol segunda division estadio de Anoeta Sanse Ceuta Jon Ansotegi Agirretxe<\/p>\n<p>                    Luis M. Unciti \/ Propias<\/p>\n<p data-gtm-element-container=\"modulo-texto-link\" class=\"paragraph\">Enseguida lleg\u00f3 el habitual ritmo de f\u00fatbol del Sanse y el primer gol, tempranero. <strong>Marchal <\/strong>bati\u00f3 a <strong>Vallejo <\/strong>con una picadita justo a tiempo tras una asistencia de <strong>Mariezkurrena<\/strong>, que recibi\u00f3 al espacio un buen bal\u00f3n rompel\u00edneas de <strong>Garro<\/strong>. Seguro que al ariete de Astigarraga le vino fant\u00e1sticamente para la confianza tras lo sufrido en Valencia. Celebr\u00f3 con rabia. Era el primer gol de <strong>Marchal <\/strong>esta temporada y, por tanto, en Segunda. Pero fue ef\u00edmera la alegr\u00eda futbol\u00edstica.<\/p>\n<p data-gtm-element-container=\"modulo-texto-link\" class=\"paragraph\">Hubo varios minutos de golpe a golpe tras el gol. <strong>Marchal<\/strong>, entonado, revent\u00f3 el bal\u00f3n desde la frontal obligando a <strong>Vallejo <\/strong>a hacer una gran parada voladora, tras una jugada de juego directo con <strong>Mikel Rodr\u00edguez<\/strong>. <strong>Fraga <\/strong>hizo un parad\u00f3n a un cabezazo del Ceuta en un c\u00f3rner ensayado y <strong>Kon\u00e9<\/strong>, poco despu\u00e9s, dispar\u00f3 fuera tras una peligrosa contra. Tom\u00f3 el control poco a poco el cuadro visitante, arropado por unas decenas de valientes aficionados que animaban en la grada. <strong>Fraga <\/strong>tuvo que hacer otra gran intervenci\u00f3n a un disparo lejano que fue un aviso de lo que ven\u00eda. Antes, la liada del portero visitante casi acaba en el 2-0 pero <strong>Mariezkurrena <\/strong>se qued\u00f3 sin espacio. Y en el 43&#8242;, en otra contra r\u00e1pida, <strong>Zalazar <\/strong>marc\u00f3 el golazo de la jornada. Recorri\u00f3 20 metros con velocidad y se marc\u00f3 una vaselina m\u00e1gica desde lej\u00edsimos que pill\u00f3 por sorpresa a <strong>Fraga <\/strong>y se col\u00f3 por la escuadra para empatar el partido.<\/p>\n<p data-gtm-element-container=\"modulo-texto-link\" class=\"paragraph\"><strong>Dura segunda parte<\/strong><\/p>\n<p data-gtm-element-container=\"modulo-texto-link\" class=\"paragraph\">No fue mejor la segunda mitad porque el Sanse continu\u00f3 siendo incapaz de recuperar la alegr\u00eda y la iniciativa. El Ceuta, adem\u00e1s, iba a conseguir darle la vuelta al marcador en el 50&#8242; con otro contragolpe vertiginoso, esta vez de <strong>Kon\u00e9 <\/strong>por la izquierda. Entr\u00f3 demasiado s\u00f3lo en el \u00e1rea y defini\u00f3 demasiado f\u00e1cil con la zurda para batir a <strong>Fraga<\/strong>. No esper\u00f3 <strong>Gorrotxategi <\/strong>para mover el banquillo. Entraron <strong>Dani D\u00edaz<\/strong>, <strong>Ochieng <\/strong>y <strong>Gorosabel <\/strong>de una tacada antes de la hora de juego. En cuesti\u00f3n de segundos,\u00a0<strong>D\u00edaz <\/strong>recort\u00f3 a un defensor y dispar\u00f3 a porter\u00eda.<\/p>\n<p data-gtm-element-container=\"modulo-texto-link\" class=\"paragraph\">Pasaban los minutos y el Sanse iba avanzando metros poco a poco. Pero lleg\u00f3 la sentencia con otra injusticia arbitral, en el 69&#8242;. <strong>Adri\u00e1n Fuentes<\/strong>, que estuvo nefasto durante todo el partido perjudicando al Sanse, se\u00f1al\u00f3 penalti de <strong>Aguirre <\/strong>en un centro lateral en el que no le hace nada al delantero del Ceuta. Amarilla y sin revisi\u00f3n de monitor. <strong>Jamelli <\/strong>super\u00f3 por el lado izquierdo a <strong>Fraga<\/strong>. Llevaba un cabreo impresionante <strong>Ansotegi <\/strong>en la cabina de analistas que est\u00e1 detr\u00e1s de la tribuna de prensa. Hasta sali\u00f3 de ella para protestar. Dos penaltis injustos le han pitado en menos de 24 horas. Tir\u00f3 de car\u00e1cter el Sanse para intentar reaccionar. <strong>Astiazar\u00e1n <\/strong>puso un buen centro que cabece\u00f3 con fuerza <strong>Ochieng<\/strong>, pero muy centrado. Entr\u00f3 <strong>Jakes Gorosabel <\/strong>como delantero. <strong>Hern\u00e1ndez <\/strong>salv\u00f3 bajo palos el gol de <strong>Ochieng <\/strong>en el 84&#8242;, y la zaga en general el de <strong>Jakes <\/strong>justo despu\u00e9s. Casi recorta distancias despu\u00e9s <strong>Kita <\/strong>en el segundo palo. Pero no hubo manera.<\/p>\n","protected":false},"excerpt":{"rendered":"Dura derrota del Sanse en Anoeta en un d\u00eda de Santo Tom\u00e1s aciago para la secci\u00f3n masculina del&hellip;\n","protected":false},"author":2,"featured_media":300480,"comment_status":"","ping_status":"","sticky":false,"template":"","format":"standard","meta":{"footnotes":""},"categories":[268],"tags":[168,25,24,280,282,281,23,167],"class_list":{"0":"post-300479","1":"post","2":"type-post","3":"status-publish","4":"format-standard","5":"has-post-thumbnail","7":"category-futbol","8":"tag-deportes","9":"tag-es","10":"tag-espana","11":"tag-football","12":"tag-futbol","13":"tag-soccer","14":"tag-spain","15":"tag-sports"},"share_on_mastodon":{"url":"https:\/\/pubeurope.com\/@es\/115760050363080766","error":""},"_links":{"self":[{"href":"https:\/\/www.europesays.com\/es\/wp-json\/wp\/v2\/posts\/300479","targetHints":{"allow":["GET"]}}],"collection":[{"href":"https:\/\/www.europesays.com\/es\/wp-json\/wp\/v2\/posts"}],"about":[{"href":"https:\/\/www.europesays.com\/es\/wp-json\/wp\/v2\/types\/post"}],"author":[{"embeddable":true,"href":"https:\/\/www.europesays.com\/es\/wp-json\/wp\/v2\/users\/2"}],"replies":[{"embeddable":true,"href":"https:\/\/www.europesays.com\/es\/wp-json\/wp\/v2\/comments?post=300479"}],"version-history":[{"count":0,"href":"https:\/\/www.europesays.com\/es\/wp-json\/wp\/v2\/posts\/300479\/revisions"}],"wp:featuredmedia":[{"embeddable":true,"href":"https:\/\/www.europesays.com\/es\/wp-json\/wp\/v2\/media\/300480"}],"wp:attachment":[{"href":"https:\/\/www.europesays.com\/es\/wp-json\/wp\/v2\/media?parent=300479"}],"wp:term":[{"taxonomy":"category","embeddable":true,"href":"https:\/\/www.europesays.com\/es\/wp-json\/wp\/v2\/categories?post=300479"},{"taxonomy":"post_tag","embeddable":true,"href":"https:\/\/www.europesays.com\/es\/wp-json\/wp\/v2\/tags?post=300479"}],"curies":[{"name":"wp","href":"https:\/\/api.w.org\/{rel}","templated":true}]}}