{"id":300498,"date":"2025-12-21T23:16:17","date_gmt":"2025-12-21T23:16:17","guid":{"rendered":"https:\/\/www.europesays.com\/es\/300498\/"},"modified":"2025-12-21T23:16:17","modified_gmt":"2025-12-21T23:16:17","slug":"no-se-han-llevado-los-votos-ni-dinero","status":"publish","type":"post","link":"https:\/\/www.europesays.com\/es\/300498\/","title":{"rendered":"no se han llevado los votos ni dinero"},"content":{"rendered":"<p>Dos nuevos intentos de robo en <strong>oficinas de Correos de <a href=\"https:\/\/okdiario.com\/espana\/890-985-extremenos-decide-hoy-futuro-politico-primeras-elecciones-anticipadas-historia-extremadura-15968940\" rel=\"nofollow noopener\" target=\"_blank\">Extremadura,<\/a><\/strong> esta vez en <strong>Malpartida de C\u00e1ceres y en Alag\u00f3n del R\u00edo<\/strong> (ambas en la provincia de C\u00e1ceres). Los hechos han tenido lugar en la madrugada de este domingo, a s\u00f3lo 3 horas de que abrieran los <a href=\"https:\/\/okdiario.com\/espana\/sanchez-da-perdidas-autonomicas-pero-confia-que-guerra-pp-vox-regale-unas-elecciones-generales-15964108\" rel=\"nofollow noopener\" target=\"_blank\">colegios electorales<\/a> en la regi\u00f3n. Estas dos localidades se encuentran a unos 70 kil\u00f3metros de distancia, a una hora en coche aproximadamente.<\/p>\n<p>Los asaltantes han intentado forzar las puertas de las oficinas sin \u00e9xito, ya que en ninguno de los casos han podido acceder a ellas. <strong>Tampoco se han visto alteradas las cajas fuertes<\/strong> que custodiaban <strong>los votos por correo<\/strong> hasta que fueran trasladados a los colegios electorales, que han abierto sus puertas a las 09:00 horas. As\u00ed lo ha confirmado la Guardia Civil.<\/p>\n<p>En Alag\u00f3n del R\u00edo s\u00ed han podido acceder al edificio anexo a la oficina, donde se encuentra la sede del <strong>Ayuntamiento.<\/strong> De all\u00ed se han llevado <strong>algo de dinero en efectivo.<\/strong><\/p>\n<p>Seg\u00fan ha publicado el diario ABC, que ha avanzado la informaci\u00f3n, la Guardia Civil ya est\u00e1 investigando los dos intentos de robo, aunque en ninguno de los casos se han llevado los votos por correo, como s\u00ed ocurri\u00f3 el otro d\u00eda en el municipio pacense de Fuente de Cantos.<\/p>\n<p>Intentos de robo antes de las elecciones<\/p>\n<p>Estos dos nuevos intentos de robo se han producido despu\u00e9s de que el pasado jueves, 18 de diciembre, se produjeran <strong><a href=\"https:\/\/okdiario.com\/espana\/guardia-civil-investiga-9-asaltos-organizados-sucursales-voto-correo-extremadura-15957280\" rel=\"nofollow noopener\" target=\"_blank\">nueve asaltos en distintas oficinas de Correos de Badajoz.<\/a><\/strong> Los investigadores creen, en este caso, los autores forman parte de una banda organizada de \u00abdelincuencia com\u00fan\u00bb.<\/p>\n<p>Los agentes de la Guardia Civil han abierto diligencias para esclarecer los hechos y detener a sus autores.<\/p>\n<p>S\u00ed cabe destacar que el \u00fanico asalto en el que se llevaron la caja fuerte con los votos fue en el de la oficina de Correos de Fuente de Cantos. All\u00ed sustrajeron<strong>\u00a0124 votos<\/strong> <strong>y unos 14.000 euros.<\/strong> Los afectados por este robo pudieron volver a votar el viernes.<\/p>\n","protected":false},"excerpt":{"rendered":"Dos nuevos intentos de robo en oficinas de Correos de Extremadura, esta vez en Malpartida de C\u00e1ceres y&hellip;\n","protected":false},"author":2,"featured_media":300499,"comment_status":"","ping_status":"","sticky":false,"template":"","format":"standard","meta":{"footnotes":""},"categories":[5],"tags":[17,18,25,24,13,14,11,19,20,9,10,15,16,23,12,21,22],"class_list":{"0":"post-300498","1":"post","2":"type-post","3":"status-publish","4":"format-standard","5":"has-post-thumbnail","7":"category-titulares","8":"tag-breaking-news","9":"tag-breakingnews","10":"tag-es","11":"tag-espana","12":"tag-featured-news","13":"tag-featurednews","14":"tag-headlines","15":"tag-latest-news","16":"tag-latestnews","17":"tag-news","18":"tag-noticias","19":"tag-noticias-destacadas","20":"tag-noticiasdestacadas","21":"tag-spain","22":"tag-titulares","23":"tag-ultimas-noticias","24":"tag-ultimasnoticias"},"share_on_mastodon":{"url":"https:\/\/pubeurope.com\/@es\/115760108895046212","error":""},"_links":{"self":[{"href":"https:\/\/www.europesays.com\/es\/wp-json\/wp\/v2\/posts\/300498","targetHints":{"allow":["GET"]}}],"collection":[{"href":"https:\/\/www.europesays.com\/es\/wp-json\/wp\/v2\/posts"}],"about":[{"href":"https:\/\/www.europesays.com\/es\/wp-json\/wp\/v2\/types\/post"}],"author":[{"embeddable":true,"href":"https:\/\/www.europesays.com\/es\/wp-json\/wp\/v2\/users\/2"}],"replies":[{"embeddable":true,"href":"https:\/\/www.europesays.com\/es\/wp-json\/wp\/v2\/comments?post=300498"}],"version-history":[{"count":0,"href":"https:\/\/www.europesays.com\/es\/wp-json\/wp\/v2\/posts\/300498\/revisions"}],"wp:featuredmedia":[{"embeddable":true,"href":"https:\/\/www.europesays.com\/es\/wp-json\/wp\/v2\/media\/300499"}],"wp:attachment":[{"href":"https:\/\/www.europesays.com\/es\/wp-json\/wp\/v2\/media?parent=300498"}],"wp:term":[{"taxonomy":"category","embeddable":true,"href":"https:\/\/www.europesays.com\/es\/wp-json\/wp\/v2\/categories?post=300498"},{"taxonomy":"post_tag","embeddable":true,"href":"https:\/\/www.europesays.com\/es\/wp-json\/wp\/v2\/tags?post=300498"}],"curies":[{"name":"wp","href":"https:\/\/api.w.org\/{rel}","templated":true}]}}