{"id":300505,"date":"2025-12-21T23:26:08","date_gmt":"2025-12-21T23:26:08","guid":{"rendered":"https:\/\/www.europesays.com\/es\/300505\/"},"modified":"2025-12-21T23:26:08","modified_gmt":"2025-12-21T23:26:08","slug":"gisele-bundchen-se-casa-en-secreto-con-joaquim-valente-en-su-propia-casa","status":"publish","type":"post","link":"https:\/\/www.europesays.com\/es\/300505\/","title":{"rendered":"Gisele B\u00fcndchen se casa en secreto con Joaquim Valente en su propia casa"},"content":{"rendered":"<p class=\"c-paragraph\">Fiel a la discreci\u00f3n que la caracteriza,\u00a0<b>Gisele B\u00fcndchen se ha casado en secreto y sin hacer ruido con\u00a0Joaquim Valente<\/b>, en una ceremonia \u00edntima celebrada en su casa de Surfside, Florida.<\/p>\n<p class=\"c-paragraph\">La boda de la supermodelo brasile\u00f1a y el instructor de jiu-jitsu, adelantada por medios como TMZ o People, <b>tuvo lugar el d\u00eda 3 de diciembre<\/b>, aunque se ha conocido ahora.<\/p>\n<p class=\"c-paragraph\">Seg\u00fan indican fuentes cercanas a la pareja a dichos medios, el enlace se celebr\u00f3 en su propia casa, con un <b>reducido grupo de familiares y amigos<\/b> que ya conoc\u00edan de antemano los planes de la pareja pero que, a petici\u00f3n de ellos, hab\u00edan mantenido en rigurosos secreto la noticia.<\/p>\n<p class=\"c-paragraph\">Se desconoce si la supermodelo se fue de luna de miel con su ya marido, porque\u00a0<b>el pasado 6 de diciembre, solo 3 d\u00edas despu\u00e9s del enlace, colg\u00f3 en sus redes su \u00faltimo proyecto<\/b>, la portada y un amplio reportaje en la revista Vogue en la edici\u00f3n de Brasil.<\/p>\n<p class=\"c-paragraph\">\u00abGracias, Vogue Brasil, por la invitaci\u00f3n para cerrar las celebraciones de tu 50 aniversario. Qu\u00e9 honor ser parte de esta historia\u00bb, escribi\u00f3 en el pie de foto. Hace solo unas horas, tambi\u00e9n en sus redes, hac\u00eda su \u00faltima aparici\u00f3n en redes sociales pero no para contar algo de su vida privada sino para colgar un carrusel de fotograf\u00edas que resumen el \u00faltimo evento social al que ha acudido.<\/p>\n","protected":false},"excerpt":{"rendered":"Fiel a la discreci\u00f3n que la caracteriza,\u00a0Gisele B\u00fcndchen se ha casado en secreto y sin hacer ruido con\u00a0Joaquim&hellip;\n","protected":false},"author":2,"featured_media":300506,"comment_status":"","ping_status":"","sticky":false,"template":"","format":"standard","meta":{"footnotes":""},"categories":[174],"tags":[71318,385,255,146,147,25,24,256,37864,7745,7463,23],"class_list":{"0":"post-300505","1":"post","2":"type-post","3":"status-publish","4":"format-standard","5":"has-post-thumbnail","7":"category-famosos","8":"tag-bundchen","9":"tag-casa","10":"tag-celebrities","11":"tag-entertainment","12":"tag-entretenimiento","13":"tag-es","14":"tag-espana","15":"tag-famosos","16":"tag-gisele","17":"tag-se","18":"tag-secreto","19":"tag-spain"},"share_on_mastodon":{"url":"https:\/\/pubeurope.com\/@es\/115760148464240793","error":""},"_links":{"self":[{"href":"https:\/\/www.europesays.com\/es\/wp-json\/wp\/v2\/posts\/300505","targetHints":{"allow":["GET"]}}],"collection":[{"href":"https:\/\/www.europesays.com\/es\/wp-json\/wp\/v2\/posts"}],"about":[{"href":"https:\/\/www.europesays.com\/es\/wp-json\/wp\/v2\/types\/post"}],"author":[{"embeddable":true,"href":"https:\/\/www.europesays.com\/es\/wp-json\/wp\/v2\/users\/2"}],"replies":[{"embeddable":true,"href":"https:\/\/www.europesays.com\/es\/wp-json\/wp\/v2\/comments?post=300505"}],"version-history":[{"count":0,"href":"https:\/\/www.europesays.com\/es\/wp-json\/wp\/v2\/posts\/300505\/revisions"}],"wp:featuredmedia":[{"embeddable":true,"href":"https:\/\/www.europesays.com\/es\/wp-json\/wp\/v2\/media\/300506"}],"wp:attachment":[{"href":"https:\/\/www.europesays.com\/es\/wp-json\/wp\/v2\/media?parent=300505"}],"wp:term":[{"taxonomy":"category","embeddable":true,"href":"https:\/\/www.europesays.com\/es\/wp-json\/wp\/v2\/categories?post=300505"},{"taxonomy":"post_tag","embeddable":true,"href":"https:\/\/www.europesays.com\/es\/wp-json\/wp\/v2\/tags?post=300505"}],"curies":[{"name":"wp","href":"https:\/\/api.w.org\/{rel}","templated":true}]}}