{"id":300519,"date":"2025-12-21T23:37:07","date_gmt":"2025-12-21T23:37:07","guid":{"rendered":"https:\/\/www.europesays.com\/es\/300519\/"},"modified":"2025-12-21T23:37:07","modified_gmt":"2025-12-21T23:37:07","slug":"guerra-ucrania-rusia-hoy-ultima-hora-en-directo-15","status":"publish","type":"post","link":"https:\/\/www.europesays.com\/es\/300519\/","title":{"rendered":"Guerra Ucrania \u2013 Rusia hoy: \u00faltima hora en directo"},"content":{"rendered":"<p><strong>EE.UU. aborda con Ucrania las garant\u00edas de una paz con Rusia y la recuperaci\u00f3n posconflicto<\/strong><\/p>\n<p>\u00a0<\/p>\n<p>Representantes de Estados Unidos y Ucrania han abordado en Miami las garant\u00edas de seguridad a Kiev dentro de un plan de paz con Rusia impulsado por Washington y la recuperaci\u00f3n econ\u00f3mica del pa\u00eds tras el fin de la guerra, con \u00e9nfasis en la definici\u00f3n de plazos y la secuencia de los pr\u00f3ximos pasos en la negociaci\u00f3n.<\/p>\n<p>\u00a0<\/p>\n<p>El enviado especial estadounidense, Steve Witkoff, ha hecho un recuento en X de las reuniones \u00abproductivas y constructivas\u00bb de los \u00faltimos tres d\u00edas con sus pares ucranianos, que contaron con la presencia de aliados europeos \u00abpara coordinar un enfoque estrat\u00e9gico com\u00fan entre Ucrania, Estados Unidos y Europa\u00bb.<\/p>\n<p>\u00a0<\/p>\n<p>\u00abTambi\u00e9n se celebr\u00f3 una reuni\u00f3n constructiva separada en formato Estados Unidos-Ucrania, durante la cual se abordaron cuatro documentos clave: el desarrollo adicional de un plan de 20 puntos, la alineaci\u00f3n de posiciones sobre un marco de garant\u00edas de seguridad de EE.UU. para Ucrania y el desarrollo futuro de un plan econ\u00f3mico y de prosperidad\u00bb, ha a\u00f1adido.<\/p>\n<p>\u00a0<\/p>\n<p>Witkoff y el yerno de Trump, Jared Kushner, se han reunido durante el fin de semana en Miami con el secretario del Consejo de Seguridad Nacional y de Defensa de Ucrania, Rustem Um\u00e9rov, y con el jefe del Estado Mayor ucraniano, Andr\u00ed Gn\u00e1tov. En paralelo, los representantes de Washington han mantenido\u00a0contactos separados con el emisario del Kremlin, Kiril Dm\u00edtriev, quien asegur\u00f3 la v\u00edspera que el di\u00e1logo con EE.UU. transcurr\u00eda de \u00abforma constructiva\u00bb.<\/p>\n","protected":false},"excerpt":{"rendered":"EE.UU. aborda con Ucrania las garant\u00edas de una paz con Rusia y la recuperaci\u00f3n posconflicto \u00a0 Representantes de&hellip;\n","protected":false},"author":2,"featured_media":300520,"comment_status":"","ping_status":"","sticky":false,"template":"","format":"standard","meta":{"footnotes":""},"categories":[42],"tags":[17,18,13,14,11,61,62,63,64,19,20,9,10,15,16,12,21,22,65,66,67],"class_list":{"0":"post-300519","1":"post","2":"type-post","3":"status-publish","4":"format-standard","5":"has-post-thumbnail","7":"category-internacional","8":"tag-breaking-news","9":"tag-breakingnews","10":"tag-featured-news","11":"tag-featurednews","12":"tag-headlines","13":"tag-internacional","14":"tag-international","15":"tag-international-news","16":"tag-internationalnews","17":"tag-latest-news","18":"tag-latestnews","19":"tag-news","20":"tag-noticias","21":"tag-noticias-destacadas","22":"tag-noticiasdestacadas","23":"tag-titulares","24":"tag-ultimas-noticias","25":"tag-ultimasnoticias","26":"tag-world","27":"tag-world-news","28":"tag-worldnews"},"share_on_mastodon":{"url":"https:\/\/pubeurope.com\/@es\/115760191770170984","error":""},"_links":{"self":[{"href":"https:\/\/www.europesays.com\/es\/wp-json\/wp\/v2\/posts\/300519","targetHints":{"allow":["GET"]}}],"collection":[{"href":"https:\/\/www.europesays.com\/es\/wp-json\/wp\/v2\/posts"}],"about":[{"href":"https:\/\/www.europesays.com\/es\/wp-json\/wp\/v2\/types\/post"}],"author":[{"embeddable":true,"href":"https:\/\/www.europesays.com\/es\/wp-json\/wp\/v2\/users\/2"}],"replies":[{"embeddable":true,"href":"https:\/\/www.europesays.com\/es\/wp-json\/wp\/v2\/comments?post=300519"}],"version-history":[{"count":0,"href":"https:\/\/www.europesays.com\/es\/wp-json\/wp\/v2\/posts\/300519\/revisions"}],"wp:featuredmedia":[{"embeddable":true,"href":"https:\/\/www.europesays.com\/es\/wp-json\/wp\/v2\/media\/300520"}],"wp:attachment":[{"href":"https:\/\/www.europesays.com\/es\/wp-json\/wp\/v2\/media?parent=300519"}],"wp:term":[{"taxonomy":"category","embeddable":true,"href":"https:\/\/www.europesays.com\/es\/wp-json\/wp\/v2\/categories?post=300519"},{"taxonomy":"post_tag","embeddable":true,"href":"https:\/\/www.europesays.com\/es\/wp-json\/wp\/v2\/tags?post=300519"}],"curies":[{"name":"wp","href":"https:\/\/api.w.org\/{rel}","templated":true}]}}