{"id":300523,"date":"2025-12-21T23:39:40","date_gmt":"2025-12-21T23:39:40","guid":{"rendered":"https:\/\/www.europesays.com\/es\/300523\/"},"modified":"2025-12-21T23:39:40","modified_gmt":"2025-12-21T23:39:40","slug":"de-su-marido-empresario-a-su-infancia-sin-padre","status":"publish","type":"post","link":"https:\/\/www.europesays.com\/es\/300523\/","title":{"rendered":"de su marido empresario a su infancia sin padre"},"content":{"rendered":"<p class=\"paragraph\">Antes de que finalice el a\u00f1o, los residentes en Extremadura volver\u00e1n a tener una cita con las urnas este domingo. El pasado 27 de octubre, la presidenta de la Junta, <b>Mar\u00eda Guardiola,<\/b> dirigente del Partido Popular, convoc\u00f3 elecciones anticipadas tras no lograr aprobar los presupuestos auton\u00f3micos de 2026 por falta de acuerdo con Vox.<\/p>\n<p class=\"paragraph\">La decisi\u00f3n devolvi\u00f3 a la actualidad nacional a una pol\u00edtica que, desde 2023, ocupa un lugar destacado en la escena espa\u00f1ola como la primera mujer en presidir la Junta de <b>Extremadura.<\/b> Pero m\u00e1s all\u00e1 de los titulares y los plenos, \u00bfqui\u00e9n es <b>Mar\u00eda Guardiola<\/b> cuando se apagan los focos?<\/p>\n<p class=\"c-detail__media__subtitle composite_image\">\n<p>        Felipe VI con Mar\u00eda GuardiolaGTRES<\/p>\n<p class=\"paragraph\">Naci\u00f3 en C\u00e1ceres el 5 de diciembre de 1978. Cacere\u00f1a de origen y de acento reconocible, suele evocar su infancia a trav\u00e9s de im\u00e1genes muy concretas: la casa de sus abuelos, el olor a caf\u00e9 reci\u00e9n hecho y a tostadas por la ma\u00f1ana, y los veranos en peque\u00f1os pueblos de la <b>Sierra de Gata <\/b>como Descargamar\u00eda o Robledillo. Lugares a los que sigue regresando, mental o f\u00edsicamente, cuando habla de rincones de <b>Extremadura <\/b>\u00abpara perderse\u00bb, citando tambi\u00e9n la Vera, con su mezcla de gargantas, arquitectura popular y paisajes verdes.<\/p>\n<p class=\"paragraph\">Su biograf\u00eda personal est\u00e1 marcada por un inicio dif\u00edcil. Creci\u00f3 sin su padre desde los tres a\u00f1os. Su madre, <b>Dolores,<\/b> maestra de Educaci\u00f3n Infantil, se traslad\u00f3 con Mar\u00eda y su hermano <b>Fernando<\/b> a C\u00e1ceres, a casa de la abuela. All\u00ed se criaron ambos ni\u00f1os. A\u00f1os despu\u00e9s, Dolores reh\u00edzo su vida junto a <b>Jos\u00e9 Antonio,<\/b> con quien tuvo dos hijas m\u00e1s, Blanca y Carmen, hoy veintea\u00f1eras y muy presentes en la vida de la presidenta.<\/p>\n<p class=\"c-detail__media__subtitle composite_image\">\n<p>        Mar\u00eda Guardiola  el  12 de octubre de  2024, en el Palacio Real vestida por Bea de la C\u00e1mara .GTRES<\/p>\n<p>Su infancia en C\u00e1ceres<\/p>\n<p class=\"paragraph\">De peque\u00f1a, so\u00f1aba con ser <b>Teresa de Calcuta. <\/b>O ser matem\u00e1tica. Dos aspiraciones aparentemente opuestas que anticipaban una mezcla de vocaci\u00f3n social y rigor num\u00e9rico. Estudi\u00f3 en el colegio <b>Santa Cecilia de C\u00e1ceres<\/b> y m\u00e1s tarde se matricul\u00f3 en Administraci\u00f3n y Direcci\u00f3n de Empresas en la <b>Universidad de Extremadura. <\/b>Durante la carrera encaden\u00f3 trabajos: clases particulares de matem\u00e1ticas, reparto de gu\u00edas telef\u00f3nicas y ventas en grandes almacenes.<\/p>\n<p class=\"paragraph\">Se licenci\u00f3 con el mejor expediente de su promoci\u00f3n, lo que le abri\u00f3 las puertas de la <b>Junta de Extremadura<\/b> con un contrato en pr\u00e1cticas. Paralelamente, prepar\u00f3 oposiciones a la Administraci\u00f3n auton\u00f3mica. Super\u00f3 dos procesos selectivos del <b>grupo A,<\/b> el cuerpo superior de funcionarios, que exige formaci\u00f3n universitaria y habilita para puestos de alta responsabilidad t\u00e9cnica y directiva dentro de la Administraci\u00f3n. Esa etapa la consolid\u00f3 como funcionaria antes de dar el salto definitivo a la pol\u00edtica.<\/p>\n<p class=\"c-detail__media__subtitle composite_image\">\n<p>        Mar\u00eda Guardiola<\/p>\n<p class=\"paragraph\">Entre 2011 y 2015, con <b>Jos\u00e9 Antonio Monago<\/b> al frente de la Junta, fue secretaria general de Econom\u00eda y Hacienda y de Ciencia y Tecnolog\u00eda. Tras esa etapa dio el salto a la pol\u00edtica municipal como concejala en C\u00e1ceres y, en 2022, fue elegida por aclamaci\u00f3n presidenta del <b>Partido Popular de Extremadura, <\/b>despu\u00e9s de que su nombre empezara a sonar en las quinielas regionales.<\/p>\n<p>Casada y madre de dos hijos<\/p>\n<p class=\"paragraph\">En lo personal, est\u00e1 casada con un ejecutivo de cuentas de banca y es madre de dos adolescentes: <b>Jorge,<\/b> de 17 a\u00f1os, aficionado al f\u00fatbol y a la pol\u00edtica, y <b>Carmen,<\/b> de 14, pianista aplicada.<\/p>\n<p class=\"paragraph\">La m\u00fasica es una constante. Ha asistido a conciertos de <b>Robe Iniesta<\/b> desde ni\u00f1a (Decidir es una de sus canciones) y confiesa devoci\u00f3n por <b>Alejandro Sanz,<\/b> cuyas letras suenan en momentos clave de su vida. Tambi\u00e9n <b>Tina Turner<\/b> figura entre sus referentes. Durante campa\u00f1as electorales, ha recurrido incluso a <b>Rosal\u00eda<\/b> como hilo musical para conectar con los m\u00e1s j\u00f3venes.<\/p>\n<p class=\"paragraph\">Esa voluntad de conexi\u00f3n se refleja tambi\u00e9n en su imagen. Moderna en las formas, ha utilizado la moda como lenguaje pol\u00edtico y personal. Una cazadora de cuero personalizada, obra del dise\u00f1ador cacere\u00f1o <b>Juanma Cruz,<\/b> se convirti\u00f3 en s\u00edmbolo de campa\u00f1a. En actos institucionales apuesta por firmas espa\u00f1olas: desde un vestido blanco plisado de <b>Antonio Garc\u00eda<\/b> con ondas verdes y negras (gui\u00f1o expl\u00edcito a la bandera extreme\u00f1a) hasta un dise\u00f1o verde oscuro de <b>Beatriz de la C\u00e1mara <\/b>en la recepci\u00f3n ofrecida por los Reyes tras el desfile militar en el a\u00f1o 2024. Camisas con lazada, pantalones anchos, chaquetas oversize y camisetas con mensajes reivindicativos completan su armario.<\/p>\n","protected":false},"excerpt":{"rendered":"Antes de que finalice el a\u00f1o, los residentes en Extremadura volver\u00e1n a tener una cita con las urnas&hellip;\n","protected":false},"author":2,"featured_media":300524,"comment_status":"","ping_status":"","sticky":false,"template":"","format":"standard","meta":{"footnotes":""},"categories":[5],"tags":[17,18,25,24,13,14,11,19,20,9,10,15,16,23,12,21,22],"class_list":{"0":"post-300523","1":"post","2":"type-post","3":"status-publish","4":"format-standard","5":"has-post-thumbnail","7":"category-titulares","8":"tag-breaking-news","9":"tag-breakingnews","10":"tag-es","11":"tag-espana","12":"tag-featured-news","13":"tag-featurednews","14":"tag-headlines","15":"tag-latest-news","16":"tag-latestnews","17":"tag-news","18":"tag-noticias","19":"tag-noticias-destacadas","20":"tag-noticiasdestacadas","21":"tag-spain","22":"tag-titulares","23":"tag-ultimas-noticias","24":"tag-ultimasnoticias"},"share_on_mastodon":{"url":"https:\/\/pubeurope.com\/@es\/115760199300946019","error":""},"_links":{"self":[{"href":"https:\/\/www.europesays.com\/es\/wp-json\/wp\/v2\/posts\/300523","targetHints":{"allow":["GET"]}}],"collection":[{"href":"https:\/\/www.europesays.com\/es\/wp-json\/wp\/v2\/posts"}],"about":[{"href":"https:\/\/www.europesays.com\/es\/wp-json\/wp\/v2\/types\/post"}],"author":[{"embeddable":true,"href":"https:\/\/www.europesays.com\/es\/wp-json\/wp\/v2\/users\/2"}],"replies":[{"embeddable":true,"href":"https:\/\/www.europesays.com\/es\/wp-json\/wp\/v2\/comments?post=300523"}],"version-history":[{"count":0,"href":"https:\/\/www.europesays.com\/es\/wp-json\/wp\/v2\/posts\/300523\/revisions"}],"wp:featuredmedia":[{"embeddable":true,"href":"https:\/\/www.europesays.com\/es\/wp-json\/wp\/v2\/media\/300524"}],"wp:attachment":[{"href":"https:\/\/www.europesays.com\/es\/wp-json\/wp\/v2\/media?parent=300523"}],"wp:term":[{"taxonomy":"category","embeddable":true,"href":"https:\/\/www.europesays.com\/es\/wp-json\/wp\/v2\/categories?post=300523"},{"taxonomy":"post_tag","embeddable":true,"href":"https:\/\/www.europesays.com\/es\/wp-json\/wp\/v2\/tags?post=300523"}],"curies":[{"name":"wp","href":"https:\/\/api.w.org\/{rel}","templated":true}]}}