{"id":300525,"date":"2025-12-21T23:45:18","date_gmt":"2025-12-21T23:45:18","guid":{"rendered":"https:\/\/www.europesays.com\/es\/300525\/"},"modified":"2025-12-21T23:45:18","modified_gmt":"2025-12-21T23:45:18","slug":"caja-rural-seguros-rga-tendra-acceso-a-todo-el-calendario-proseries-2026-team-caja-rural","status":"publish","type":"post","link":"https:\/\/www.europesays.com\/es\/300525\/","title":{"rendered":"Caja Rural-Seguros RGA tendr\u00e1 acceso a todo el calendario ProSeries 2026 &#8211; Team Caja Rural"},"content":{"rendered":"<p class=\"encabezado\">La buena temporada 2025 sigue dando r\u00e9ditos a Caja Rural-Seguros RGA. Gracias a su posici\u00f3n en el ranking UCI del pasado a\u00f1o, la formaci\u00f3n espa\u00f1ola se ha garantizado el derecho a participar en todas las competiciones que componen el amplio calendario ProSeries, que re\u00fane las carreras que se encuentran en el escal\u00f3n inmediatamente inferior al WorldTour. Y es que desde esta campa\u00f1a, los cinco mejores conjuntos ProTeam tienen billete confirmado para todas las pruebas de esta categor\u00eda.<\/p>\n<p>De este modo, Caja Rural-Seguros RGA se asegura su presencia en carreras a menudo de dif\u00edcil acceso y que hasta ahora han dependido de invitaciones directas por parte de los propios organizadores. Un escaparate internacional en lugares donde se reparten un buen n\u00famero de puntos UCI y que se extiende a trav\u00e9s de distintos pa\u00edses de <strong>Asia<\/strong>, <strong>Europa<\/strong>, <strong>Ocean\u00eda<\/strong>y <strong>Norte Am\u00e9rica<\/strong>, comenzando este pr\u00f3ximo mes de enero en el AlUla Tour de Arabia Saud\u00ed y finalizando a mediados de octubre en la Veneto Classic italiana y la Japan Cup.<\/p>\n<p>El logro pone de manifiesto una vez m\u00e1s el <strong>paso adelante<\/strong> de Caja Rural-Seguros RGA, que ha asumido el reto ampliando su plantilla hasta los 26 corredores para hacer frente con garant\u00edas a la exigencia de estas nuevas pruebas al tiempo que no descuida su presencia en otras citas ya habituales en su calendario.<\/p>\n<p>El circuito ProSeries 2026 est\u00e1 compuesto por <strong>59 carreras<\/strong> despu\u00e9s de la cancelaci\u00f3n del Tour of Norway. Caja Rural-Seguros RGA podr\u00e1 participar en todas si as\u00ed lo desea, pudiendo tambi\u00e9n declinar su invitaci\u00f3n en algunos compromisos. Carreras como el <strong>Tour of Deutschland<\/strong>, el <strong>Tour of Britain<\/strong>, la <strong>Arctic Race<\/strong>, el B<strong>elgium Tour<\/strong> y el <strong>Tour of Denmark<\/strong>forman parte del escal\u00f3n ProSeries al igual que cl\u00e1sicas hist\u00f3ricas como <strong>Par\u00eds-Tours<\/strong>, <strong>Mil\u00e1n-Tur\u00edn<\/strong>, <strong>Flecha Brabanzona<\/strong>o <strong>Scheldeprijs<\/strong>. Comunidad Valenciana, Almer\u00eda, Andaluc\u00eda, Miguel Indurain y Burgos componen el listado nacional de ProSeries.<\/p>\n<p>La confirmaci\u00f3n de la noticia se ha recibido este domingo en el cierre de la concentraci\u00f3n de pretemporada celebrada en Moj\u00e1car. Diez d\u00edas de trabajo para ciclistas, t\u00e9cnicos y dem\u00e1s personal de Caja Rural-Seguros RGA en los que se han realizado avances, mediciones y planificaciones para un curso que arrancar\u00e1 en pocas semanas, ahora adem\u00e1s con otra excelente noticia.<\/p>\n","protected":false},"excerpt":{"rendered":"La buena temporada 2025 sigue dando r\u00e9ditos a Caja Rural-Seguros RGA. Gracias a su posici\u00f3n en el ranking&hellip;\n","protected":false},"author":2,"featured_media":300526,"comment_status":"","ping_status":"","sticky":false,"template":"","format":"standard","meta":{"footnotes":""},"categories":[273],"tags":[313,312,168,25,24,23,167],"class_list":{"0":"post-300525","1":"post","2":"type-post","3":"status-publish","4":"format-standard","5":"has-post-thumbnail","7":"category-ciclismo","8":"tag-ciclismo","9":"tag-cycling","10":"tag-deportes","11":"tag-es","12":"tag-espana","13":"tag-spain","14":"tag-sports"},"share_on_mastodon":{"url":"https:\/\/pubeurope.com\/@es\/115760222921527925","error":""},"_links":{"self":[{"href":"https:\/\/www.europesays.com\/es\/wp-json\/wp\/v2\/posts\/300525","targetHints":{"allow":["GET"]}}],"collection":[{"href":"https:\/\/www.europesays.com\/es\/wp-json\/wp\/v2\/posts"}],"about":[{"href":"https:\/\/www.europesays.com\/es\/wp-json\/wp\/v2\/types\/post"}],"author":[{"embeddable":true,"href":"https:\/\/www.europesays.com\/es\/wp-json\/wp\/v2\/users\/2"}],"replies":[{"embeddable":true,"href":"https:\/\/www.europesays.com\/es\/wp-json\/wp\/v2\/comments?post=300525"}],"version-history":[{"count":0,"href":"https:\/\/www.europesays.com\/es\/wp-json\/wp\/v2\/posts\/300525\/revisions"}],"wp:featuredmedia":[{"embeddable":true,"href":"https:\/\/www.europesays.com\/es\/wp-json\/wp\/v2\/media\/300526"}],"wp:attachment":[{"href":"https:\/\/www.europesays.com\/es\/wp-json\/wp\/v2\/media?parent=300525"}],"wp:term":[{"taxonomy":"category","embeddable":true,"href":"https:\/\/www.europesays.com\/es\/wp-json\/wp\/v2\/categories?post=300525"},{"taxonomy":"post_tag","embeddable":true,"href":"https:\/\/www.europesays.com\/es\/wp-json\/wp\/v2\/tags?post=300525"}],"curies":[{"name":"wp","href":"https:\/\/api.w.org\/{rel}","templated":true}]}}