{"id":300529,"date":"2025-12-21T23:48:11","date_gmt":"2025-12-21T23:48:11","guid":{"rendered":"https:\/\/www.europesays.com\/es\/300529\/"},"modified":"2025-12-21T23:48:11","modified_gmt":"2025-12-21T23:48:11","slug":"el-cadiz-cf-tine-la-navidad-de-amarillo-2-0","status":"publish","type":"post","link":"https:\/\/www.europesays.com\/es\/300529\/","title":{"rendered":"El C\u00e1diz CF ti\u00f1e la Navidad de amarillo (2-0)"},"content":{"rendered":"<p class=\"paragraph-atom&#10;        &#10;        B-510-400-550-N B-525-400-700-N--md&#10;        &#10;        \">\n    El <a href=\"https:\/\/www.diariodecadiz.es\/cadizcf\/\" rel=\"nofollow noopener\" target=\"_blank\">C\u00e1diz CF<\/a> supo jugar sus cartas a la perfecci\u00f3n y acab\u00f3 el a\u00f1o de la mejor manera posible, con una victoria (2-0) sobre un buen Castell\u00f3n que le lleva a celebrar una feliz Navidad. El conjunto amarillo mantuvo la porter\u00eda a cero y <strong>golpe\u00f3 a la contra en la segunda parte con la conexi\u00f3n letal entre \u00c1lvaro Garc\u00eda Pascual y Dawda<\/strong>, este \u00faltimo autor de un doblete en una gran noche. El duelo entre estilos opuestos lo gan\u00f3 un C\u00e1diz CF que acert\u00f3 en las dos \u00e1reas y demostr\u00f3 sentirse como pez en el agua con su actual modelo de juego.\n    <\/p>\n<p class=\"paragraph-atom&#10;        &#10;        B-510-400-550-N B-525-400-700-N--md&#10;        &#10;        \">\n    El cuadro gaditano puso fin a su mala racha en casa. <strong>Llevaba dos meses sin ganar<\/strong> y su regreso al triunfo conlleva un premio a\u00f1adido porque termina 2025 en puesto de fase de ascenso\n    <\/p>\n<p class=\"paragraph-atom&#10;        &#10;        B-510-400-550-N B-525-400-700-N--md&#10;        &#10;        \">\n    No hab\u00eda motivo para modificar el bloque y Gaizka Garitano repiti\u00f3 su apuesta con la \u00fanica novedad de Ra\u00fal Pereira en lugar del sancionado Mario Climent. <strong>Un 4-4-2 habitual en las \u00faltimas semanas<\/strong>, impulsor de la mejor\u00eda a falta de un paso al frente en el estadio Nuevo Mirandilla.\n    <\/p>\n<p class=\"paragraph-atom&#10;        &#10;        B-510-400-550-N B-525-400-700-N--md&#10;        &#10;        \">\n    Los amarillos quisieron aprovechar su condici\u00f3n de locales para apretar desde el principio con una presi\u00f3n asfixiante arriba con la que neutralizar la arriesgada salida al toque de los visitantes. <strong>El entrenador cadista no tard\u00f3 en reclamar a los suyos <\/strong>que juntasen m\u00e1s las l\u00edneas para ser m\u00e1s compactos. A la espera de remates, la primera llegada seria la protagoniz\u00f3 Pereira con internada por la izquierda y centro despejado a c\u00f3rner por Sienra.\n    <\/p>\n<p class=\"paragraph-atom&#10;        &#10;        B-510-400-550-N B-525-400-700-N--md&#10;        &#10;        \">\n    Mucha intensidad en los compases iniciales hasta que lleg\u00f3 la primera ocasi\u00f3n de verdad. En el minuto 12, <strong>Ousmane Camara mand\u00f3 la pelota al poste con un sutil cabezazo<\/strong> que se convirti\u00f3 en un serio aviso. El Castell\u00f3n demostr\u00f3 que le bastaba con muy poco para poder asestar un golpe.\n    <\/p>\n<p class=\"paragraph-atom&#10;        &#10;        B-510-400-550-N B-525-400-700-N--md&#10;        &#10;        \">\n    Replic\u00f3 en el 16 De la Rosa con un tiro dirigido a puerta antes de que un defensa desviara la direcci\u00f3n del esf\u00e9rico. Le cost\u00f3 crear al C\u00e1diz CF m\u00e1s all\u00e1 del tes\u00f3n de los jugadores. <strong>Predominaron los centros al \u00e1rea sin demasiado peligro.<\/strong> Alguna galopada de Brian Ocampo, a veces tard\u00f3n a la hora de soltar el bal\u00f3n. Poco m\u00e1s en una primera parte de excesiva prudencia, a expensas de un chispazo individual.\n    <\/p>\n<p class=\"paragraph-atom&#10;        &#10;        B-510-400-550-N B-525-400-700-N--md&#10;        &#10;        \">\n    El paso de los minutos favoreci\u00f3 a un equipo albinegro (de blanco entero en su cita como visitante) que se fue entonando sin tener que hacer nada del otro mundo, <strong>simplemente con aumentar la posesi\u00f3n de bal\u00f3n<\/strong> y buscar sin timidez el \u00e1rea contraria. En el 31, Cala se qued\u00f3 a escasos cent\u00edmentros de marcar un gol ol\u00edmpico en un saque de esquina.\n    <\/p>\n<p class=\"paragraph-atom&#10;        &#10;        B-510-400-550-N B-525-400-700-N--md&#10;        &#10;        \">\n    Los locales lo intentaron pero con limitaciones en el juego, sin clarividencia en la elaboraci\u00f3n y sin efectividad cuando pr\u00e1cticaron un f\u00fatbol directo. <strong>Dif\u00edcil ver un acci\u00f3n de m\u00e9rito,<\/strong> un regate, un pase de gol, imposible un disparo a puerta&#8230; hasta en la recta final final de la primera mitad.\n    <\/p>\n<p class=\"paragraph-atom&#10;        &#10;        B-510-400-550-N B-525-400-700-N--md&#10;        &#10;        \">\n    En pleno asedio castellonense, Dawda firm\u00f3 en el 41 una gran jugada al contragolpe cuando se deshizo de un oponente y <strong>se plant\u00f3 delante del portero aunque su inocente vaselina la deshizo Matthys<\/strong> con un despeje con un mano. Continu\u00f3 la acci\u00f3n y el centro del ariete con la porter\u00eda sin arquero lo sac\u00f3 Barri antes de Roger Mart\u00ed alcanzase la pelota. Una ocasi\u00f3n clar\u00edsima.\n    <\/p>\n<p class=\"paragraph-atom&#10;        &#10;        B-510-400-550-N B-525-400-700-N--md&#10;        &#10;        \">\n    En la prolongaci\u00f3n, justo antes de que el \u00e1rbitro decretase el descanso, <strong>Brian Ocampo se escap\u00f3 de un par de rivales pero su rosca<\/strong>, ya dentro del \u00e1rea, se perdi\u00f3 lejos del objetivo. Justo empate sin goles al intermedio y todo pendiente para una segunda parte decisiva.\n    <\/p>\n<p class=\"paragraph-atom&#10;        &#10;        B-510-400-550-N B-525-400-700-N--md&#10;        &#10;        \">\n    El Castell\u00f3n sali\u00f3 en modo apisonadora en la reanudaci\u00f3n, como si el partido fuese en Castalia y no en el antiguo Carranza. El C\u00e1diz CF, metido demasiado atr\u00e1s, con momentos de sufrimiento mientras brotaron silbidos desde la grada.\n    <\/p>\n<p class=\"paragraph-atom&#10;        &#10;        B-510-400-550-N B-525-400-700-N--md&#10;        &#10;        \">\n    El dominio de los visitantes lleg\u00f3 a ser apabullante, con una constante sensaci\u00f3n de peligro. El equipo amarillo estaba con el agua al cuello. <strong>Garitano no debi\u00f3 verlo muy claro<\/strong> porque no tard\u00f3 en mover piezas con la pronta entrada de Iuri Tabatadze y \u00c1lvaro Garc\u00eda Pascual (en el 52).\n    <\/p>\n<p class=\"paragraph-atom&#10;        &#10;        B-510-400-550-N B-525-400-700-N--md&#10;        &#10;        \">\n    Se libraron los locales del 0-1 en el 55 cuando el colegiado, tras revisar la acci\u00f3n en el monitor, anul\u00f3 el gol de Lucas Alc\u00e1zar por una mano previa de Camara mientras cabece\u00f3 el cuero para pasarlo a su compa\u00f1ero. La cosa no pintaba nada bien con los orelluts sin parar de atacar.<strong> Brian Ocampo trat\u00f3 de cambiar el guion en el 59 con un zapatazo desviado<\/strong> por un contrario. Un acci\u00f3n aislada en medio del permanente arre\u00f3n visitante.\n    <\/p>\n<p class=\"paragraph-atom&#10;        &#10;        B-510-400-550-N B-525-400-700-N--md&#10;        &#10;        \">\n    Defenderse con u\u00f1as y dientes y salir con rapidez a la contra. Esa fue la apuesta de los gaditanos. En el 69, cuando m\u00e1s agobiaban los visitantes, Garc\u00eda Pascual irrumpi\u00f3 raudo por el centro, se deshizo de tres adversarios y con su asistencia dej\u00f3 solo a Dawda, que esta vez s\u00ed defini\u00f3n con precisi\u00f3n con un remate raso con el llev\u00f3 la pelota al interior de la porter\u00eda tras tocar en el poste. <strong>El 1-0, un golazo, lo fabric\u00f3 el malague\u00f1o y lo embelleci\u00f3 el catal\u00e1n para poner con ventaja a un C\u00e1diz CF<\/strong> que se creci\u00f3 al verse de la victoria.\n    <\/p>\n<p class=\"paragraph-atom&#10;        &#10;        B-510-400-550-N B-525-400-700-N--md&#10;        &#10;        \">\n    Los de casa, ya con Javier Ontiveros sobre el c\u00e9sped, se dedicaron en cuerpo y alma a intentar contener las incesantes acometidas de los albinegros sin olvidar el contragolpe. <strong>En el 82, de nuevo funcion\u00f3 a la perfecci\u00f3n la conexi\u00f3n entre Garc\u00eda Pascual y Dawda<\/strong>. El primero sirvi\u00f3 al segundo, que arranc\u00f3 con un enorme pasillo por delante hasta plantarse solo en el \u00e1rea y batir a Matthys con un tiro raso cruzado. El 2-0 confirm\u00f3 uan victoria que ya no se pod\u00eda escapar.\n    <\/p>\n<p class=\"paragraph-atom&#10;        &#10;        B-510-400-550-N B-525-400-700-N--md&#10;        &#10;        \">\n    Los locales se defendieron con orden y cuando lleg\u00f3 el momento<strong> apareci\u00f3 V\u00edctor Aznar con dos paradones<\/strong> en la prolongaci\u00f3n. \u00c1lex Fern\u00e1ndez tuvo cerca el 3-0. Los ocho minutos de alargue se hicieron largos pero el deselance no pudo ser m\u00e1s feliz. Victoria en casa antes de las vacaciones.\n    <\/p>\n<p>        Ficha t\u00e9cnica<\/p>\n<p class=\"paragraph-atom&#10;        &#10;        B-510-400-550-N B-525-400-700-N--md&#10;        &#10;        \">\n    <strong>C\u00e1diz CF:<\/strong> V\u00edctor Aznar, Iza Carcel\u00e9n, Jorge Moreno, Iker Recio, Ra\u00fal Pereira, Moussa Diakit\u00e9, Ortu\u00f1o (\u00c1lex Fern\u00e1ndez, 86&#8242;), De la Rosa (Tabatadze, 52&#8242;), Brian Ocampo (Ontiveros, 60&#8242;), Dawda (Diarra, 86&#8242;) y Roger Mart\u00ed (Garc\u00eda Pascual, 52&#8242;)\n    <\/p>\n<p class=\"paragraph-atom&#10;        &#10;        B-510-400-550-N B-525-400-700-N--md&#10;        &#10;        \">\n    <strong>CD Castell\u00f3n:<\/strong> Matthys, Mellot, Sienra (Mamah, 72&#8242;), Alberto, Alc\u00e1zar, Barri (Tincho, 85&#8242;), Gerenabarrena (Dou\u00b4, 72&#8242;), Mabil (Markanich, 85&#8242;), Pablo Santiago (Suero, 63&#8242;), Cala y Camara.\n    <\/p>\n<p class=\"paragraph-atom&#10;        &#10;        B-510-400-550-N B-525-400-700-N--md&#10;        &#10;        \">\n    <strong>Goles:<\/strong> 1-0 (69&#8242;) Dawda. 2-0 (82&#8242;) Dawda.\n    <\/p>\n<p class=\"paragraph-atom&#10;        &#10;        B-510-400-550-N B-525-400-700-N--md&#10;        &#10;        \">\n    <strong>\u00c1rbitro:<\/strong> Gorka Etayo Herrera (vasco). Amonest\u00f3 a los locales Iza Carcel\u00e9n (9&#8242;), Moussa Diakit\u00e9 (39&#8242;), Ra\u00fal Pereira, (77&#8242;) y Ontiveros (87&#8242;) y los visitantes Camara (65&#8242;), Suero (66&#8242;). Expuls\u00f3 al segundo entrenador local Patxi Ferreira.\n    <\/p>\n<p class=\"paragraph-atom&#10;        &#10;        B-510-400-550-N B-525-400-700-N--md&#10;        &#10;        \">\n    <strong>Incidencias:<\/strong> Partido de la 19\u00aa jornada de LaLiga Hypermotion disputado en el estadio Nuevo Mirandilla.\n    <\/p>\n","protected":false},"excerpt":{"rendered":"El C\u00e1diz CF supo jugar sus cartas a la perfecci\u00f3n y acab\u00f3 el a\u00f1o de la mejor manera&hellip;\n","protected":false},"author":2,"featured_media":300530,"comment_status":"","ping_status":"","sticky":false,"template":"","format":"standard","meta":{"footnotes":""},"categories":[268],"tags":[4924,2193,13103,168,25,24,280,282,2951,281,23,167,23710],"class_list":{"0":"post-300529","1":"post","2":"type-post","3":"status-publish","4":"format-standard","5":"has-post-thumbnail","7":"category-futbol","8":"tag-amarillo","9":"tag-cadiz","10":"tag-cf","11":"tag-deportes","12":"tag-es","13":"tag-espana","14":"tag-football","15":"tag-futbol","16":"tag-navidad","17":"tag-soccer","18":"tag-spain","19":"tag-sports","20":"tag-tine"},"share_on_mastodon":{"url":"https:\/\/pubeurope.com\/@es\/115760234945824700","error":""},"_links":{"self":[{"href":"https:\/\/www.europesays.com\/es\/wp-json\/wp\/v2\/posts\/300529","targetHints":{"allow":["GET"]}}],"collection":[{"href":"https:\/\/www.europesays.com\/es\/wp-json\/wp\/v2\/posts"}],"about":[{"href":"https:\/\/www.europesays.com\/es\/wp-json\/wp\/v2\/types\/post"}],"author":[{"embeddable":true,"href":"https:\/\/www.europesays.com\/es\/wp-json\/wp\/v2\/users\/2"}],"replies":[{"embeddable":true,"href":"https:\/\/www.europesays.com\/es\/wp-json\/wp\/v2\/comments?post=300529"}],"version-history":[{"count":0,"href":"https:\/\/www.europesays.com\/es\/wp-json\/wp\/v2\/posts\/300529\/revisions"}],"wp:featuredmedia":[{"embeddable":true,"href":"https:\/\/www.europesays.com\/es\/wp-json\/wp\/v2\/media\/300530"}],"wp:attachment":[{"href":"https:\/\/www.europesays.com\/es\/wp-json\/wp\/v2\/media?parent=300529"}],"wp:term":[{"taxonomy":"category","embeddable":true,"href":"https:\/\/www.europesays.com\/es\/wp-json\/wp\/v2\/categories?post=300529"},{"taxonomy":"post_tag","embeddable":true,"href":"https:\/\/www.europesays.com\/es\/wp-json\/wp\/v2\/tags?post=300529"}],"curies":[{"name":"wp","href":"https:\/\/api.w.org\/{rel}","templated":true}]}}