{"id":300547,"date":"2025-12-22T00:00:13","date_gmt":"2025-12-22T00:00:13","guid":{"rendered":"https:\/\/www.europesays.com\/es\/300547\/"},"modified":"2025-12-22T00:00:13","modified_gmt":"2025-12-22T00:00:13","slug":"en-el-avion-sanitario-se-traslado-a-una-paciente-tucumana-hacia-buenos-aires","status":"publish","type":"post","link":"https:\/\/www.europesays.com\/es\/300547\/","title":{"rendered":"En el avi\u00f3n sanitario se traslad\u00f3 a una paciente tucumana hacia Buenos Aires"},"content":{"rendered":"<p><img width=\"1024\" height=\"612\" src=\"https:\/\/www.europesays.com\/es\/wp-content\/uploads\/2025\/12\/avion-sanitario-1024x612-1.jpg\" class=\"attachment-large size-large wp-post-image\" alt=\"\" decoding=\"async\" fetchpriority=\"high\"   data-pagespeed-url-hash=\"64401621\" onload=\"pagespeed.CriticalImages.checkImageForCriticality(this);\"\/>\t<\/p>\n<p class=\"entry-first-paragraph\">En el marco de las pol\u00edticas sanitarias impulsadas por el gobernador Osvaldo Jaldo y con el acompa\u00f1amiento del ministro de Salud P\u00fablica, doctor Luis Medina Ruiz, se concret\u00f3 un nuevo operativo a\u00e9reo sanitario desde Tucum\u00e1n hacia la Ciudad Aut\u00f3noma de Buenos Aires.<\/p>\n<p>En horas de la tarde se realiz\u00f3 un <strong>MEDEVAC<\/strong> para trasladar a una paciente de 32 a\u00f1os de edad, derivada por hospital Centro de Salud Zen\u00f3n Santill\u00e1n, al Hospital Argerich de Bueno Aires. La misma presentaba diagn\u00f3stico de insuficiencia hep\u00e1tica aguda grave y fue trasladada para continuar con estudios complementarios e iniciar tratamiento para probable trasplante hep\u00e1tico.<\/p>\n<p>La m\u00e9dica Aeroevacuadora de la provincia, doctora <strong>Patricia Villagra<\/strong>, inform\u00f3 que el equipo aeroevacuador de turno estuvo conformado por el m\u00e9dico aeroevacuador doctor <strong>Santiago Durando<\/strong> y la licenciada en Enfermer\u00eda <strong>Melisa Madrid<\/strong>.<\/p>\n<p>El citado profesional m\u00e9dico expres\u00f3 que al momento del traslado la paciente se encontraba hemodin\u00e1micamente estable, l\u00facida, vigil, orientada en tiempo y espacio, adem\u00e1s de estable en el curso del vuelo.<\/p>\n<p>La jefa de la Divisi\u00f3n de Servicio Social del Siprosa, licenciada <strong>Gladys Mart\u00ednez<\/strong> detall\u00f3 que la paciente viaj\u00f3 acompa\u00f1ada por su hermana, quien recibi\u00f3 asesoramiento y acompa\u00f1amiento durante el proceso de la gesti\u00f3n. As\u00ed tambi\u00e9n se articul\u00f3 con la licenciada <strong>Lourdes Veliz Madrid<\/strong>, de Servicio Social de la Casa de Tucum\u00e1n para el seguimiento del caso y la orientaci\u00f3n al familiar mientras permanezcan en CABA.\u00a0 En tanto, la Aeronave Sanitaria estuvo a cargo de los comandantes: <strong>Efra\u00edn Leccese<\/strong> y <strong>Jos\u00e9 Luis Bustos<\/strong>.<\/p>\n<p>Estas acciones se enmarcan en la pol\u00edtica sanitaria impulsada por el Ministerio de Salud P\u00fablica, bajo la conducci\u00f3n del doctor\u00a0<strong>Luis Medina Ruiz<\/strong>, que prioriza la articulaci\u00f3n interinstitucional y la atenci\u00f3n integral de pacientes que requieren prestaciones de alta complejidad. Este trabajo sostenido cuenta con el firme respaldo del gobernador\u00a0<strong>Osvaldo Jaldo<\/strong>, quien promueve una gesti\u00f3n orientada a fortalecer el sistema de salud y brindar respuestas concretas a las necesidades de la poblaci\u00f3n tucumana.<\/p>\n","protected":false},"excerpt":{"rendered":"En el marco de las pol\u00edticas sanitarias impulsadas por el gobernador Osvaldo Jaldo y con el acompa\u00f1amiento del&hellip;\n","protected":false},"author":2,"featured_media":300548,"comment_status":"","ping_status":"","sticky":false,"template":"","format":"standard","meta":{"footnotes":""},"categories":[42],"tags":[17,18,2353,13,14,11,71320,61,62,63,64,19,20,71321,9,10,15,16,12,21,22,65,66,67],"class_list":{"0":"post-300547","1":"post","2":"type-post","3":"status-publish","4":"format-standard","5":"has-post-thumbnail","7":"category-internacional","8":"tag-breaking-news","9":"tag-breakingnews","10":"tag-buenos-aires","11":"tag-featured-news","12":"tag-featurednews","13":"tag-headlines","14":"tag-insuficiencia-hepatica","15":"tag-internacional","16":"tag-international","17":"tag-international-news","18":"tag-internationalnews","19":"tag-latest-news","20":"tag-latestnews","21":"tag-medevac","22":"tag-news","23":"tag-noticias","24":"tag-noticias-destacadas","25":"tag-noticiasdestacadas","26":"tag-titulares","27":"tag-ultimas-noticias","28":"tag-ultimasnoticias","29":"tag-world","30":"tag-world-news","31":"tag-worldnews"},"share_on_mastodon":{"url":"","error":""},"_links":{"self":[{"href":"https:\/\/www.europesays.com\/es\/wp-json\/wp\/v2\/posts\/300547","targetHints":{"allow":["GET"]}}],"collection":[{"href":"https:\/\/www.europesays.com\/es\/wp-json\/wp\/v2\/posts"}],"about":[{"href":"https:\/\/www.europesays.com\/es\/wp-json\/wp\/v2\/types\/post"}],"author":[{"embeddable":true,"href":"https:\/\/www.europesays.com\/es\/wp-json\/wp\/v2\/users\/2"}],"replies":[{"embeddable":true,"href":"https:\/\/www.europesays.com\/es\/wp-json\/wp\/v2\/comments?post=300547"}],"version-history":[{"count":0,"href":"https:\/\/www.europesays.com\/es\/wp-json\/wp\/v2\/posts\/300547\/revisions"}],"wp:featuredmedia":[{"embeddable":true,"href":"https:\/\/www.europesays.com\/es\/wp-json\/wp\/v2\/media\/300548"}],"wp:attachment":[{"href":"https:\/\/www.europesays.com\/es\/wp-json\/wp\/v2\/media?parent=300547"}],"wp:term":[{"taxonomy":"category","embeddable":true,"href":"https:\/\/www.europesays.com\/es\/wp-json\/wp\/v2\/categories?post=300547"},{"taxonomy":"post_tag","embeddable":true,"href":"https:\/\/www.europesays.com\/es\/wp-json\/wp\/v2\/tags?post=300547"}],"curies":[{"name":"wp","href":"https:\/\/api.w.org\/{rel}","templated":true}]}}