{"id":300551,"date":"2025-12-22T00:02:26","date_gmt":"2025-12-22T00:02:26","guid":{"rendered":"https:\/\/www.europesays.com\/es\/300551\/"},"modified":"2025-12-22T00:02:26","modified_gmt":"2025-12-22T00:02:26","slug":"cierre-de-la-estacion-de-sol-el-22-de-diciembre-de-1630-a-19-30h","status":"publish","type":"post","link":"https:\/\/www.europesays.com\/es\/300551\/","title":{"rendered":"Cierre de la estaci\u00f3n de Sol el 22 de diciembre de 16:30 a 19.30h"},"content":{"rendered":"<p>Por orden policial ante riesgo de aglomeraciones, este lunes, 22 de diciembre, entre las 16.30 y las 19.30 horas,\u00a0 los trenes de l\u00edneas C-3 y C-4 no efectuar\u00e1n parada en la estaci\u00f3n de Sol que permanecer\u00e1 cerrada. As\u00ed desde las 16.10 horas no se podr\u00e1 acceder a la estaci\u00f3n que solo prestar\u00e1 servicio para la salida de viajeros. M\u00e1s informaci\u00f3n consulte con nuestro personal o en @CercaniasMadrid.<\/p>\n","protected":false},"excerpt":{"rendered":"Por orden policial ante riesgo de aglomeraciones, este lunes, 22 de diciembre, entre las 16.30 y las 19.30&hellip;\n","protected":false},"author":2,"featured_media":300552,"comment_status":"","ping_status":"","sticky":false,"template":"","format":"standard","meta":{"footnotes":""},"categories":[5],"tags":[17,18,25,24,13,14,11,19,20,205,9,10,15,16,23,12,21,22],"class_list":{"0":"post-300551","1":"post","2":"type-post","3":"status-publish","4":"format-standard","5":"has-post-thumbnail","7":"category-titulares","8":"tag-breaking-news","9":"tag-breakingnews","10":"tag-es","11":"tag-espana","12":"tag-featured-news","13":"tag-featurednews","14":"tag-headlines","15":"tag-latest-news","16":"tag-latestnews","17":"tag-madrid","18":"tag-news","19":"tag-noticias","20":"tag-noticias-destacadas","21":"tag-noticiasdestacadas","22":"tag-spain","23":"tag-titulares","24":"tag-ultimas-noticias","25":"tag-ultimasnoticias"},"share_on_mastodon":{"url":"https:\/\/pubeurope.com\/@es\/115760289676746503","error":""},"_links":{"self":[{"href":"https:\/\/www.europesays.com\/es\/wp-json\/wp\/v2\/posts\/300551","targetHints":{"allow":["GET"]}}],"collection":[{"href":"https:\/\/www.europesays.com\/es\/wp-json\/wp\/v2\/posts"}],"about":[{"href":"https:\/\/www.europesays.com\/es\/wp-json\/wp\/v2\/types\/post"}],"author":[{"embeddable":true,"href":"https:\/\/www.europesays.com\/es\/wp-json\/wp\/v2\/users\/2"}],"replies":[{"embeddable":true,"href":"https:\/\/www.europesays.com\/es\/wp-json\/wp\/v2\/comments?post=300551"}],"version-history":[{"count":0,"href":"https:\/\/www.europesays.com\/es\/wp-json\/wp\/v2\/posts\/300551\/revisions"}],"wp:featuredmedia":[{"embeddable":true,"href":"https:\/\/www.europesays.com\/es\/wp-json\/wp\/v2\/media\/300552"}],"wp:attachment":[{"href":"https:\/\/www.europesays.com\/es\/wp-json\/wp\/v2\/media?parent=300551"}],"wp:term":[{"taxonomy":"category","embeddable":true,"href":"https:\/\/www.europesays.com\/es\/wp-json\/wp\/v2\/categories?post=300551"},{"taxonomy":"post_tag","embeddable":true,"href":"https:\/\/www.europesays.com\/es\/wp-json\/wp\/v2\/tags?post=300551"}],"curies":[{"name":"wp","href":"https:\/\/api.w.org\/{rel}","templated":true}]}}