{"id":300556,"date":"2025-12-22T00:11:17","date_gmt":"2025-12-22T00:11:17","guid":{"rendered":"https:\/\/www.europesays.com\/es\/300556\/"},"modified":"2025-12-22T00:11:17","modified_gmt":"2025-12-22T00:11:17","slug":"larque-en-la-tanda-de-penaltis-invita-a-otra-ronda-al-atletico","status":"publish","type":"post","link":"https:\/\/www.europesays.com\/es\/300556\/","title":{"rendered":"\u00a1Larqu\u00e9, en la tanda de penaltis, invita a otra ronda al Atl\u00e9tico!"},"content":{"rendered":"<p class=\"\">No todas las superhero\u00ednas tienen capa. <b>Y Patri Larqu\u00e9 apenas tuvo que volar para detener el lanzamiento raso de Gestera en una tanda de penaltis <\/b>que decidi\u00f3 la eliminatoria entre Atl\u00e9tico y Alhama. <b>Gaby Garc\u00eda hab\u00eda adelantado a las rojiblancas y Bel\u00e9n, en el 94\u2032, forz\u00f3 la pr\u00f3rroga<\/b> un minuto despu\u00e9s de la expulsi\u00f3n de Luany. Los once metros decidieron.<\/p>\n<p class=\"\">Cuatro cambios present\u00f3 V\u00edctor Mart\u00edn con respecto a la derrota europea frente al Lyon:<b> Larqu\u00e9 disfrut\u00f3 de su segunda titularidad esta temporada,<\/b> mientras que tambi\u00e9n jugaron de inicio Alexia Fern\u00e1ndez, Gaby Garc\u00eda y Amaiur Sarriegi. Enfrente, <b>Yannel Correa, Aldrith Quintero y Pinel <\/b>actuaban como novedades de Jovi Garc\u00eda. Pero lo verdaderamente innovador esta temporada en el equipo murciano <b>era el hecho de jugar en el Jos\u00e9 Kubala,<\/b> campo que tuvieron que abandonar al no cumplir con los requisitos exigidos por la Liga F. El c\u00e9sped, artificial, <b>estaba <\/b>especialmente r\u00e1pido por la lluvia, pero no complicaba las habilidades a la generaci\u00f3n 2004 de las rojiblancas. <\/p>\n<p class=\"\"><b>Fiamma y J\u00falia Bartel<\/b> mov\u00edan el cuero con criterio secundadas por una Medina especialmente activa en los primeros minutos. Y por la izquierda empezaron a asustar, con la andaluza y <b>Jensen intentando causar estragos a Aitana Zum\u00e1rraga<\/b>. Sin embargo, fue por la derecha por donde llegar\u00eda el primer tanto de las colchoneras. Una falta lateral fue puesta con mimo por Fiamma y <b>rematada, totalmente libre de marca, por Gaby Garc\u00eda<\/b>. Yannel Correa ni apreci\u00f3 la entrada de la medio venezolana, que remat\u00f3 de cabeza a placer (15\u2032).<\/p>\n<p class=\"\">El tanto no cambi\u00f3 demasiado las cosas. <b>Quintero y Encarni no eran capaces de contrarrestar el toque del equipo rojiblanco, <\/b>al que le faltaba afinar en el \u00faltimo pase y la definici\u00f3n. As\u00ed se puedo ver en una ocasi\u00f3n clara de Fiamma, que acarici\u00f3 el segundo para las visitantes y otra de Amaiur, que rob\u00f3 el bal\u00f3n a <b>Belotto en un despiste de la portera local, pero no acert\u00f3 en la definici\u00f3n.<\/b> Tampoco Jensen al recoger el rechace y mandar el cuero por encima del larguero. La segunda parte dictaminar\u00eda si el Atl\u00e9tico debi\u00f3 lamentarse m\u00e1s&#8230;<\/p>\n<p class=\"\">El tiempo de descanso lleg\u00f3, Bel\u00e9n Mart\u00ednez salt\u00f3 al verde por parte del Alhama y a<b> Amaiur se le fue desviada la vaselina despu\u00e9s de un precioso pase en largo de Lloris<\/b> en el 49\u2032. El conteo de ocasiones visitante continuaba y el segundo no llegaba, lo que daba ox\u00edgeno al cuadro murciano. Ana Vel\u00e1zquez y Gestera, muy activa en ataque, le dieron otro empujoncito a las locales. <\/p>\n<p class=\"\">Pero tambi\u00e9n<b> lo hicieron Celia G\u00f3mez y X\u00e8nia P\u00e9rez para las visitantes<\/b>. La canterana puso un bal\u00f3n con lazo al \u00e1rea en el 75\u2032 que Luany no fue capaz de aprovechar. En el c\u00f3rner y a la en\u00e9sima, tampoco fue la vencida. Ya en el a\u00f1adido, el Alhama se volc\u00f3 y prob\u00f3 por primera vez las manos de Larqu\u00e9, Belotto tambi\u00e9n lo intent\u00f3 en un c\u00f3rner y<b> fue Bel\u00e9n, con la ayuda de Lloris, la que forz\u00f3 la pr\u00f3rroga<\/b> en el 94\u2032. Un minuto despu\u00e9s de que <b>Luany se marchara expulsada por un golpear con su bota la cara de Aitana (93\u2032). Segunda roja<\/b> de la semana para la futbolista brasile\u00f1a, que se march\u00f3 del campo muy enfadada por la decisi\u00f3n de F\u00edrvida Fern\u00e1ndez. <\/p>\n<p><b>Ocasiones desperdiciadas para ambos<\/b><\/p>\n<p class=\"\">Si la eliminatoria se antojaba envenenada en la previa para un Atl\u00e9tico que encadenaba cinco partidos sin ganar, la pr\u00f3rroga con una futbolista menos lo confirm\u00f3. Las de V\u00edctor Mart\u00edn intentaron acelerar a pesar de ello. Maca Portales entr\u00f3 y la joven Celia sigui\u00f3 demostrando que puede aportar, y mucho, con las mayores. <b>La futbolista de 17 a\u00f1os dio un bal\u00f3n perfecto al punto de penalti a Jensen, que lo mand\u00f3 a las nubes en el minuto dos de la pr\u00f3rroga<\/b>. <\/p>\n<p class=\"\">La delantera noruega sufri\u00f3 despu\u00e9s un agarr\u00f3n de Quintero para cortar un contragolpe en el que la \u00e1rbitra le perdon\u00f3 la amarilla a la futbolista del Alhama. Ya en la segunda parte del extra Patri y Gestera tuvieron el 2-1. Las rojiblancas se salvaron por los pelos de una gamba. <b>Como el Alhama en el gol anulado por fuera de juego a Gaby Garc\u00eda en el 116\u2032<\/b>. <\/p>\n<p><img decoding=\"async\" src=\"https:\/\/www.europesays.com\/es\/wp-content\/uploads\/2025\/12\/G325KADBUFBLPIFGXD7DZPUDPE.jpg\" alt=\"\u00a1Larqu\u00e9, en la tanda de penaltis, invita a otra ronda al Atl\u00e9tico!\" height=\"565\" width=\"860\"   loading=\"lazy\"\/>Patri Larqu\u00e9 celebra la clasificaci\u00f3n del Atl\u00e9tico a cuartos de final de Copa.Noticias relacionadas<\/p>\n<p class=\"\">Tocaba tirar desde los once metros. Boe Risa y Nuria acertaron. <b>Fiamma y Ana, tambi\u00e9n. La presi\u00f3n crec\u00eda, pero no afect\u00f3 ni a Gaby ni a Quintero. Lloris, en su casa, marc\u00f3 y fue Astrid la que fall\u00f3. Belotto,<\/b> sin embargo, d<b>io una vida m\u00e1s a las locales<\/b> al parar el lanzamiento de Maca Portales. El final lleg\u00f3 en los sextos penaltis:<b> Ana Vit\u00f3ria acert\u00f3 y Larqu\u00e9 se lo par\u00f3 a Gestera<\/b>. La ma\u00f1a, suplente habitual,<b> fue la superhero\u00edna del Atl\u00e9tico.<\/b><\/p>\n<p class=\"\"><b>\u00a1Tus opiniones importan!<\/b> Comenta en los art\u00edculos y suscr\u00edbete gratis a nuestra <a href=\"https:\/\/asfan.as.com\/newsletters\/\" target=\"_blank\" rel=\"nofollow noopener\" title=\"https:\/\/asfan.as.com\/newsletters\/\">newsletter<\/a> y a las alertas informativas en la <a href=\"https:\/\/as.com\/aplicacion-de-as-n\/\" target=\"_blank\" rel=\"nofollow noopener\" title=\"https:\/\/as.com\/aplicacion-de-as-n\/\">App<\/a> o el canal de <a href=\"https:\/\/www.whatsapp.com\/channel\/0029VaAasdA7j6g745nz9M10\" target=\"_blank\" rel=\"nofollow noopener\" title=\"https:\/\/www.whatsapp.com\/channel\/0029VaAasdA7j6g745nz9M10\">WhatsApp<\/a>. \u00bfBuscas licenciar contenido? Haz clic <a href=\"https:\/\/profesional.elpais.com\/landing-sindicacion?utm_medium=interno&amp;utm_source=crosslinking&amp;utm_campaign=sindicacion_as_pie_articulos\" target=\"_blank\" rel=\"nofollow noopener\" title=\"https:\/\/profesional.elpais.com\/landing-sindicacion?utm_medium=interno&amp;utm_source=crosslinking&amp;utm_campaign=sindicacion_as_pie_articulos\">aqu\u00ed<\/a><\/p>\n<p>                            Alhama Femenino<\/p>\n<p>                                                                                                                                                                                                                                                                                            <img decoding=\"async\" title=\"Alhama Femenino\" loading=\"lazy\" src=\"https:\/\/www.europesays.com\/es\/wp-content\/uploads\/2025\/12\/689386b65beed48.png\"  width=\"80\" height=\"80\" data-error-image=\"https:\/\/static.prisa.com\/aside\/resizer\/resize\/img\/sports\/football\/teams\/default.png?width=160&amp;height=160\"\/><\/p>\n<ul class=\"team-lup\">\n<li class=\"in-pla\">\n                                            13<\/p>\n<p>                                                Sol Belotto<\/p>\n<\/li>\n<li class=\"in-pla\">\n                                            10<\/p>\n<p>                                                Astrid \u00c1lvarez<\/p>\n<\/li>\n<li class=\"in-pla\">\n                                            5<\/p>\n<p>                                                Yannel Correa<\/p>\n<p>                (112&#8242;)<\/p>\n<\/li>\n<li class=\"in-pla\">\n                                            4<\/p>\n<p>                                                Judith Caravaca<\/p>\n<\/li>\n<li class=\"in-pla\">\n                                            2<\/p>\n<p>                                                Aitana Zum\u00e1rraga<\/p>\n<\/li>\n<li class=\"in-pla\">\n                                            11<\/p>\n<p>                                                Kuki<\/p>\n<p>                (59&#8242;)<\/p>\n<\/li>\n<li class=\"in-pla\">\n                                            6<\/p>\n<p>                                                Aldrith Quintero<\/p>\n<\/li>\n<li class=\"in-pla\">\n                                            18<\/p>\n<p>                                                Encarni<\/p>\n<p>                (76&#8242;)<\/p>\n<\/li>\n<li class=\"in-pla\">\n                                            7<\/p>\n<p>                                                Yiyi<\/p>\n<p>                (45&#8242;)<\/p>\n<\/li>\n<li class=\"in-pla\">\n                                            26<\/p>\n<p>                                                Vega Montesinos<\/p>\n<p>                (76&#8242;)<\/p>\n<\/li>\n<li class=\"in-pla\">\n                                            9<\/p>\n<p>                                                Raquel Pinel<\/p>\n<p>                (59&#8242;)<\/p>\n<\/li>\n<li class=\"ev-fw-sep\">Banquillo<\/li>\n<li class=\"in-pla\">\n                                    17<\/p>\n<p>                                        Javiera Toro<\/p>\n<\/li>\n<li class=\"in-pla\">\n                                    27<\/p>\n<p>                                        Carla Casti\u00f1eyras<\/p>\n<\/li>\n<li class=\"in-pla\">\n                                    3<\/p>\n<p>                                        Nuria Mart\u00ednez<\/p>\n<p>                (112&#8242;)<\/p>\n<\/li>\n<li class=\"in-pla\">\n                                    8<\/p>\n<p>                                        Estefa Lima<\/p>\n<p>                (76&#8242;)<\/p>\n<\/li>\n<li class=\"in-pla\">\n                                    1<\/p>\n<p>                                        Elena de Toro<\/p>\n<\/li>\n<li class=\"in-pla\">\n                                    22<\/p>\n<p>                                        Mariana D\u00edaz Leal<\/p>\n<\/li>\n<li class=\"in-pla\">\n                                    20<\/p>\n<p>                                        Alba Santamar\u00eda<\/p>\n<\/li>\n<li class=\"in-pla\">\n                                    16<\/p>\n<p>                                        Marta Gestera<\/p>\n<p>                (59&#8242;)<\/p>\n<\/li>\n<li class=\"in-pla\">\n                                    14<\/p>\n<p>                                        Ana Vel\u00e1zquez<\/p>\n<p>                (59&#8242;)<\/p>\n<\/li>\n<li class=\"in-pla\">\n                                    19<\/p>\n<p>                                        Bel\u00e9n Mart\u00ednez<\/p>\n<p>                (45&#8242;)<\/p>\n<\/li>\n<li class=\"in-pla\">\n                                    28<\/p>\n<p>                                        Patri Mi\u00f1ano<\/p>\n<p>                (76&#8242;)<\/p>\n<\/li>\n<\/ul>\n<p>                            Atl\u00e9tico Femenino<\/p>\n<p>                                                                                                                                                                                                                                                                                            <img decoding=\"async\" title=\"Atl\u00e9tico Femenino\" loading=\"lazy\" src=\"https:\/\/www.europesays.com\/es\/wp-content\/uploads\/2025\/12\/1766362277_37_4697.png\"  width=\"80\" height=\"80\" data-error-image=\"https:\/\/static.prisa.com\/aside\/resizer\/resize\/img\/sports\/football\/teams\/default.png?width=160&amp;height=160\"\/><\/p>\n<ul class=\"team-lup\">\n<li class=\"in-pla\">\n                                            13<\/p>\n<p>                                                Patricia Larqu\u00e9<\/p>\n<\/li>\n<li class=\"in-pla\">\n                                            3<\/p>\n<p>                                                Andrea Medina<\/p>\n<\/li>\n<li class=\"in-pla\">\n                                            15<\/p>\n<p>                                                Silvia Lloris<\/p>\n<\/li>\n<li class=\"in-pla\">\n                                            11<\/p>\n<p>                                                Carmen Menayo<\/p>\n<p>                (74&#8242;)<\/p>\n<\/li>\n<li class=\"in-pla\">\n                                            23<\/p>\n<p>                                                Alexia Fern\u00e1ndez<\/p>\n<\/li>\n<li class=\"in-pla\">\n                                            8<\/p>\n<p>                                                Gabriela Garc\u00eda<\/p>\n<\/li>\n<li class=\"in-pla\">\n                                            17<\/p>\n<p>                                                J\u00falia Bartel<\/p>\n<p>                (90&#8242;)<\/p>\n<\/li>\n<li class=\"in-pla\">\n                                            21<\/p>\n<p>                                                Fiamma Ben\u00edtez<\/p>\n<\/li>\n<li class=\"in-pla\">\n                                            22<\/p>\n<p>                                                Luany<\/p>\n<\/li>\n<li class=\"in-pla\">\n                                            7<\/p>\n<p>                                                Synne Jensen<\/p>\n<p>                (115&#8242;)<\/p>\n<\/li>\n<li class=\"in-pla\">\n                                            20<\/p>\n<p>                                                Amaiur Sarriegi<\/p>\n<p>                (123&#8242;)<\/p>\n<\/li>\n<li class=\"ev-fw-sep\">Banquillo<\/li>\n<li class=\"in-pla\">\n                                    14<\/p>\n<p>                                        Rosa Oterm\u00edn<\/p>\n<\/li>\n<li class=\"in-pla\">\n                                    41<\/p>\n<p>                                        Lydia Rodr\u00edguez<\/p>\n<\/li>\n<li class=\"in-pla\">\n                                    10<\/p>\n<p>                                        Ana Vit\u00f3ria<\/p>\n<p>                (115&#8242;)<\/p>\n<\/li>\n<li class=\"in-pla\">\n                                    1<\/p>\n<p>                                        Lola Gallardo<\/p>\n<\/li>\n<li class=\"in-pla\">\n                                    6<\/p>\n<p>                                        Vilde B\u00f8e Risa<\/p>\n<p>                (123&#8242;)<\/p>\n<\/li>\n<li class=\"in-pla\">\n                                    5<\/p>\n<p>                                        X\u00e8nia P\u00e9rez<\/p>\n<p>                (74&#8242;)<\/p>\n<\/li>\n<li class=\"in-pla\">\n                                    27<\/p>\n<p>                                        Natalia Pe\u00f1alvo<\/p>\n<\/li>\n<li class=\"in-pla\">\n                                    28<\/p>\n<p>                                        Celia G\u00f3mez<\/p>\n<p>                (74&#8242;)<\/p>\n<\/li>\n<li class=\"in-pla\">\n                                    19<\/p>\n<p>                                        Macarena Portales<\/p>\n<p>                (90&#8242;)<\/p>\n<\/li>\n<\/ul>\n<p class=\"stat-tl ev-fw-tl\"><strong>Cambios<\/strong><\/p>\n<p class=\"ev-text-aux\">\n                            <strong>Bel\u00e9n Mart\u00ednez<\/strong> (45&#8242;, Yiyi),                             <strong>Marta Gestera<\/strong> (59&#8242;, Raquel Pinel),                             <strong>Ana Vel\u00e1zquez<\/strong> (59&#8242;, Kuki),                             <strong>X\u00e8nia P\u00e9rez<\/strong> (74&#8242;, Carmen Menayo),                             <strong>Celia G\u00f3mez<\/strong> (74&#8242;, Amaiur Sarriegi),                             <strong>Patri Mi\u00f1ano<\/strong> (76&#8242;, Vega Montesinos),                             <strong>Estefa Lima<\/strong> (76&#8242;, Encarni),                             <strong>Macarena Portales<\/strong> (90&#8242;, J\u00falia Bartel),                             <strong>Nuria Mart\u00ednez<\/strong> (112&#8242;, Yannel Correa),                             <strong>Ana Vit\u00f3ria<\/strong> (115&#8242;, Synne Jensen),                             <strong>Vilde B\u00f8e Risa<\/strong> (123&#8242;, Amaiur Sarriegi)                        <\/p>\n<p class=\"stat-tl ev-fw-tl\"><strong>Goles<\/strong><\/p>\n<p class=\"ev-text-aux\">\n                                                                                                        0-1, 15&#8242;: <strong>Gabriela Garc\u00eda<\/strong>,                                                                                 1-1, 94&#8242;: <strong>Bel\u00e9n Mart\u00ednez<\/strong>                        <\/p>\n<p class=\"stat-tl ev-fw-tl\"><strong>Tarjetas<\/strong><\/p>\n<p class=\"ev-text-aux\">\n                Arbitro: Andrea Firvida Fern\u00e1ndez<br \/><strong>Mart\u00edn<\/strong> (52&#8242;,Amarilla),                                     <strong>Encarni<\/strong> (57&#8242;,Amarilla),                                     <strong>Aitana Zum\u00e1rraga<\/strong> (65&#8242;,Amarilla),                                     <strong>Judith Caravaca<\/strong> (84&#8242;,Amarilla),                                     <strong>X\u00e8nia P\u00e9rez<\/strong> (85&#8242;,Amarilla),                                     <strong>Luany<\/strong> (89&#8242;,Amarilla),                                     <strong>Patricia Larqu\u00e9<\/strong> (93&#8242;,Amarilla),                                     <strong>Luany<\/strong> (93&#8242;,Roja),                                     <strong>Bel\u00e9n Mart\u00ednez<\/strong> (108&#8242;,Amarilla),                                     <strong>Marta Gestera<\/strong> (119&#8242;,Amarilla),                                     <strong>Ana Vel\u00e1zquez<\/strong> (121&#8242;,Amarilla)                            <\/p>\n","protected":false},"excerpt":{"rendered":"No todas las superhero\u00ednas tienen capa. Y Patri Larqu\u00e9 apenas tuvo que volar para detener el lanzamiento raso&hellip;\n","protected":false},"author":2,"featured_media":300557,"comment_status":"","ping_status":"","sticky":false,"template":"","format":"standard","meta":{"footnotes":""},"categories":[268],"tags":[168,25,24,280,282,281,23,167],"class_list":{"0":"post-300556","1":"post","2":"type-post","3":"status-publish","4":"format-standard","5":"has-post-thumbnail","7":"category-futbol","8":"tag-deportes","9":"tag-es","10":"tag-espana","11":"tag-football","12":"tag-futbol","13":"tag-soccer","14":"tag-spain","15":"tag-sports"},"share_on_mastodon":{"url":"https:\/\/pubeurope.com\/@es\/115760325377157079","error":""},"_links":{"self":[{"href":"https:\/\/www.europesays.com\/es\/wp-json\/wp\/v2\/posts\/300556","targetHints":{"allow":["GET"]}}],"collection":[{"href":"https:\/\/www.europesays.com\/es\/wp-json\/wp\/v2\/posts"}],"about":[{"href":"https:\/\/www.europesays.com\/es\/wp-json\/wp\/v2\/types\/post"}],"author":[{"embeddable":true,"href":"https:\/\/www.europesays.com\/es\/wp-json\/wp\/v2\/users\/2"}],"replies":[{"embeddable":true,"href":"https:\/\/www.europesays.com\/es\/wp-json\/wp\/v2\/comments?post=300556"}],"version-history":[{"count":0,"href":"https:\/\/www.europesays.com\/es\/wp-json\/wp\/v2\/posts\/300556\/revisions"}],"wp:featuredmedia":[{"embeddable":true,"href":"https:\/\/www.europesays.com\/es\/wp-json\/wp\/v2\/media\/300557"}],"wp:attachment":[{"href":"https:\/\/www.europesays.com\/es\/wp-json\/wp\/v2\/media?parent=300556"}],"wp:term":[{"taxonomy":"category","embeddable":true,"href":"https:\/\/www.europesays.com\/es\/wp-json\/wp\/v2\/categories?post=300556"},{"taxonomy":"post_tag","embeddable":true,"href":"https:\/\/www.europesays.com\/es\/wp-json\/wp\/v2\/tags?post=300556"}],"curies":[{"name":"wp","href":"https:\/\/api.w.org\/{rel}","templated":true}]}}