{"id":300566,"date":"2025-12-22T00:19:12","date_gmt":"2025-12-22T00:19:12","guid":{"rendered":"https:\/\/www.europesays.com\/es\/300566\/"},"modified":"2025-12-22T00:19:12","modified_gmt":"2025-12-22T00:19:12","slug":"la-diabetes-aumenta-el-riesgo-de-perdida-auditiva-sintomas-y-senales-de-alerta-segun-expertos","status":"publish","type":"post","link":"https:\/\/www.europesays.com\/es\/300566\/","title":{"rendered":"La diabetes aumenta el riesgo de p\u00e9rdida auditiva: s\u00edntomas y se\u00f1ales de alerta, seg\u00fan expertos"},"content":{"rendered":"<p><img alt=\"La diabetes duplica el riesgo\" class=\"global-image\" decoding=\"async\" fetchpriority=\"high\" height=\"1152\" loading=\"eager\" src=\"https:\/\/www.europesays.com\/es\/wp-content\/uploads\/2025\/12\/TSAPULFGA5CTTPH6DTW3SW5I2Q.png\" width=\"2048\"\/>La diabetes duplica el riesgo de p\u00e9rdida auditiva en adultos, seg\u00fan la American Diabetes Association (Christin Klose\/dpa)<\/p>\n<p class=\"paragraph\">En el mundo, millones de personas conviven con<a href=\"https:\/\/www.infobae.com\/salud\/ciencia\/2025\/08\/26\/un-tercio-de-los-casos-de-diabetes-tipo-2-pueden-prevenirse-un-estudio-revelo-las-acciones-mas-efectivas\/\" target=\"_blank\" rel=\"noreferrer nofollow noopener\" title=\"https:\/\/www.infobae.com\/salud\/ciencia\/2025\/08\/26\/un-tercio-de-los-casos-de-diabetes-tipo-2-pueden-prevenirse-un-estudio-revelo-las-acciones-mas-efectivas\/\"> <b>diabetes<\/b><\/a> sin advertir que esta condici\u00f3n, adem\u00e1s de alterar la <b>glucosa en sangre<\/b>, puede afectar a sentidos esenciales para la vida cotidiana. Entre las complicaciones menos conocidas, pero que impactan directamente en la interacci\u00f3n y la autonom\u00eda, se encuentra el <b>incremento del riesgo de p\u00e9rdida auditiva<\/b>. <\/p>\n<p class=\"paragraph\">Investigaciones recientes de la American Diabetes Association (ADA), citadas por Reuters, revelan una <b>conexi\u00f3n directa entre los trastornos en el metabolismo de la glucosa y los problemas de audici\u00f3n<\/b>. Estos hallazgos llevan a reconsiderar el modo en que se aborda la diabetes y se\u00f1alan la necesidad de incorporar controles auditivos en el seguimiento cl\u00ednico. <\/p>\n<p class=\"paragraph\">De acuerdo con cifras de la ADA difundidas por AP, <b>las personas con diabetes presentan aproximadamente el doble de riesgo de padecer p\u00e9rdida de audici\u00f3n<\/b> comparadas con quienes tienen valores normales de glucosa.<\/p>\n<p><img alt=\"La prediabetes incrementa en un\" class=\"global-image\" decoding=\"async\" fetchpriority=\"low\" height=\"4024\" loading=\"lazy\" src=\"https:\/\/www.europesays.com\/es\/wp-content\/uploads\/2025\/12\/CUP6ABYBH5BNHJ4M5GMPL64NVY.jpg\" width=\"6048\"\/>La prediabetes incrementa en un 30% la probabilidad de sufrir problemas de audici\u00f3n, advierten especialistas (Imagen ilustrativa infobae)<\/p>\n<p class=\"paragraph\">A esta realidad se suma el efecto de la <b>prediabetes<\/b>, una condici\u00f3n caracterizada por niveles de glucosa elevados que no alcanzan el umbral diagn\u00f3stico de la diabetes. Seg\u00fan datos recogidos por Reuters, este<b> <\/b>estado <b>aumenta en cerca de un 30% la probabilidad de registrar problemas auditivos<\/b>. <\/p>\n<p class=\"paragraph\">Esto representa un desaf\u00edo importante para los sistemas sanitarios en <b>Am\u00e9rica Latina, Europa y Asia<\/b>, donde la prevalencia de diabetes y prediabetes no deja de crecer. En estos continentes, <b>la cifra de personas afectadas asciende a millones<\/b>, lo que convierte a la<a href=\"https:\/\/www.infobae.com\/salud\/ciencia\/2025\/10\/16\/la-perdida-auditiva-afecta-a-mas-de-1500-millones-de-personas-y-aumenta-el-riesgo-de-deterioro-cognitivo-segun-una-experta\/\" target=\"_blank\" rel=\"noreferrer nofollow noopener\" title=\"https:\/\/www.infobae.com\/salud\/ciencia\/2025\/10\/16\/la-perdida-auditiva-afecta-a-mas-de-1500-millones-de-personas-y-aumenta-el-riesgo-de-deterioro-cognitivo-segun-una-experta\/\"> p\u00e9rdida auditiva<\/a> asociada en una problem\u00e1tica de salud p\u00fablica muchas veces ignorada tanto por pacientes como por profesionales.<\/p>\n<p class=\"paragraph\">Aunque la relaci\u00f3n entre diabetes y da\u00f1o en la audici\u00f3n est\u00e1 documentada,<b> la<\/b> <b>causa exacta sigue bajo investigaci\u00f3n<\/b>. Especialistas de la American Diabetes Association se\u00f1alan que uno de los mecanismos m\u00e1s explorados incluye el <b>deterioro gradual de los peque\u00f1os vasos sangu\u00edneos del o\u00eddo interno <\/b>ocasionado por la hiperglucemia. <\/p>\n<p class=\"paragraph\">Este da\u00f1o vascular es similar al que la diabetes genera en la retina o los ri\u00f1ones, fen\u00f3meno que AP describe como una de las m\u00faltiples complicaciones del mal control gluc\u00e9mico. La ADA resalta que profundizar los estudios sobre los mecanismos biol\u00f3gicos permitir\u00e1 establecer estrategias m\u00e1s eficaces de prevenci\u00f3n y tratamiento para una poblaci\u00f3n cada vez m\u00e1s numerosa.<\/p>\n<p><img alt=\"Los problemas para escuchar en\" class=\"global-image\" decoding=\"async\" fetchpriority=\"low\" height=\"768\" loading=\"lazy\" src=\"https:\/\/www.europesays.com\/es\/wp-content\/uploads\/2025\/12\/LM5PKMWGYJBRRMYDLOKJNBWTZY.png\" width=\"1408\"\/>Los problemas para escuchar en ambientes ruidosos representan uno de los indicios m\u00e1s frecuentes de deterioro auditivo, seg\u00fan la ADA (Imagen Ilustrativa Infobae)<\/p>\n<p class=\"paragraph\">La p\u00e9rdida auditiva asociada a la diabetes se manifiesta a menudo de forma gradual y pasa inadvertida en las etapas iniciales. Reuters advierte que <b>muchas personas tardan en identificar los primeros signos de disminuci\u00f3n de la capacidad auditiva<\/b>, ya que los s\u00edntomas suelen ser sutiles y progresivos. <\/p>\n<p class=\"paragraph\">Frecuentemente son los familiares o convivientes quienes advierten antes los cambios, como la repetici\u00f3n de preguntas, la dificultad para involucrarse en conversaciones grupales o la aparente desatenci\u00f3n. <\/p>\n<p class=\"paragraph\">Seg\u00fan la ADA, los indicios m\u00e1s frecuentes incluyen la <b>percepci\u00f3n de que los dem\u00e1s hablan en voz baja, problemas para escuchar en ambientes ruidosos y la necesidad de subir el volumen de televisores o radios.<\/b><\/p>\n<p class=\"paragraph\">Frente a cualquier sospecha de p\u00e9rdida auditiva, la<b> <\/b>American Diabetes Association y las autoridades sanitarias recomiendan realizar<b> una evaluaci\u00f3n m\u00e9dica especializada<\/b>. El diagn\u00f3stico se fundamenta en pruebas auditivas integrales, que permiten determinar el tipo y grado de p\u00e9rdida, y orientar el tratamiento seg\u00fan las necesidades particulares de cada paciente. <\/p>\n<p class=\"paragraph\">El acceso temprano a un diagn\u00f3stico certero y a una intervenci\u00f3n adecuada puede conservar la calidad de vida de quienes viven con diabetes o prediabetes, favoreciendo su autonom\u00eda y capacidad de comunicaci\u00f3n.<\/p>\n<p><img alt=\"Integrar controles auditivos en el\" class=\"global-image\" decoding=\"async\" fetchpriority=\"low\" height=\"3649\" loading=\"lazy\" src=\"https:\/\/www.europesays.com\/es\/wp-content\/uploads\/2025\/12\/VJOGFHDXSVCJHCOUSHYRLNKVSI.jpg\" width=\"5474\"\/>Integrar controles auditivos en el seguimiento cl\u00ednico de la diabetes ayuda a prevenir complicaciones y mejora el bienestar general (Freepik)<\/p>\n<p class=\"paragraph\">Los tratamientos var\u00edan seg\u00fan la severidad del caso. Incluyen el uso de aud\u00edfonos, la terapia auditiva y, en casos particulares, intervenciones m\u00e9dicas espec\u00edficas. <\/p>\n<p class=\"paragraph\">Asimismo, la educaci\u00f3n sobre los riesgos y la promoci\u00f3n de pr\u00e1cticas para controlar los niveles de glucosa son aspectos clave para prevenir el deterioro auditivo donde hay mayor vulnerabilidad.<\/p>\n<p class=\"paragraph\">Las organizaciones especializadas subrayan la importancia de integrar los controles de audici\u00f3n al conjunto de ex\u00e1menes peri\u00f3dicos recomendados para quienes presentan alteraciones en la glucosa, a la par del seguimiento oftalmol\u00f3gico y renal. <\/p>\n<p><img alt=\"La prevenci\u00f3n y el monitoreo\" class=\"global-image\" decoding=\"async\" fetchpriority=\"low\" height=\"768\" loading=\"lazy\" src=\"https:\/\/www.europesays.com\/es\/wp-content\/uploads\/2025\/12\/ESLJXVKQ7ZDNBB6CKCVNIGTKC4.png\" width=\"1408\"\/>La prevenci\u00f3n y el monitoreo de la salud auditiva en diab\u00e9ticos contribuyen a una mejor integraci\u00f3n social y familiar (Imagen Ilustrativa Infobae)<\/p>\n<p class=\"paragraph\">El monitoreo constante ayuda a identificar problemas auditivos en etapas tempranas, momento en el que las intervenciones suelen tener mejores resultados. <\/p>\n<p class=\"paragraph\">Esta perspectiva integral, que incluye la salud auditiva dentro de la atenci\u00f3n de la diabetes, <b>reduce el impacto de una complicaci\u00f3n que limita la comunicaci\u00f3n y la participaci\u00f3n social<\/b> y permite una mejor integraci\u00f3n en el entorno familiar y comunitario, mejorando el bienestar general de los pacientes.<\/p>\n","protected":false},"excerpt":{"rendered":"La diabetes duplica el riesgo de p\u00e9rdida auditiva en adultos, seg\u00fan la American Diabetes Association (Christin Klose\/dpa) En&hellip;\n","protected":false},"author":2,"featured_media":300567,"comment_status":"","ping_status":"","sticky":false,"template":"","format":"standard","meta":{"footnotes":""},"categories":[92],"tags":[25,24,11909,165,71327,3107,166,23,2922],"class_list":{"0":"post-300566","1":"post","2":"type-post","3":"status-publish","4":"format-standard","5":"has-post-thumbnail","7":"category-salud","8":"tag-es","9":"tag-espana","10":"tag-estres","11":"tag-health","12":"tag-perdida-auditiva","13":"tag-ruido","14":"tag-salud","15":"tag-spain","16":"tag-tendencias"},"share_on_mastodon":{"url":"https:\/\/pubeurope.com\/@es\/115760357267303394","error":""},"_links":{"self":[{"href":"https:\/\/www.europesays.com\/es\/wp-json\/wp\/v2\/posts\/300566","targetHints":{"allow":["GET"]}}],"collection":[{"href":"https:\/\/www.europesays.com\/es\/wp-json\/wp\/v2\/posts"}],"about":[{"href":"https:\/\/www.europesays.com\/es\/wp-json\/wp\/v2\/types\/post"}],"author":[{"embeddable":true,"href":"https:\/\/www.europesays.com\/es\/wp-json\/wp\/v2\/users\/2"}],"replies":[{"embeddable":true,"href":"https:\/\/www.europesays.com\/es\/wp-json\/wp\/v2\/comments?post=300566"}],"version-history":[{"count":0,"href":"https:\/\/www.europesays.com\/es\/wp-json\/wp\/v2\/posts\/300566\/revisions"}],"wp:featuredmedia":[{"embeddable":true,"href":"https:\/\/www.europesays.com\/es\/wp-json\/wp\/v2\/media\/300567"}],"wp:attachment":[{"href":"https:\/\/www.europesays.com\/es\/wp-json\/wp\/v2\/media?parent=300566"}],"wp:term":[{"taxonomy":"category","embeddable":true,"href":"https:\/\/www.europesays.com\/es\/wp-json\/wp\/v2\/categories?post=300566"},{"taxonomy":"post_tag","embeddable":true,"href":"https:\/\/www.europesays.com\/es\/wp-json\/wp\/v2\/tags?post=300566"}],"curies":[{"name":"wp","href":"https:\/\/api.w.org\/{rel}","templated":true}]}}