{"id":30057,"date":"2025-08-06T19:00:06","date_gmt":"2025-08-06T19:00:06","guid":{"rendered":"https:\/\/www.europesays.com\/es\/30057\/"},"modified":"2025-08-06T19:00:06","modified_gmt":"2025-08-06T19:00:06","slug":"valle-salvaje-se-viste-de-gala-en-rtve-y-pone-fecha-a-su-esperada-boda-con-un-despliegue-especial","status":"publish","type":"post","link":"https:\/\/www.europesays.com\/es\/30057\/","title":{"rendered":"&#8216;Valle Salvaje&#8217; se viste de gala en RTVE y pone fecha a su esperada boda con un despliegue especial"},"content":{"rendered":"<p class=\"article-text\">\n        <strong>Valle Salvaje<\/strong>, la serie diaria de <strong>La 1<\/strong>, vivir\u00e1 el momento m\u00e1s cumbre de su segunda temporada <strong>entre el viernes 8 y el lunes 11 de agosto<\/strong>, ofreciendo as\u00ed a su audiencia uno de los hitos m\u00e1s esperados: la<strong> boda de Victoria y Jos\u00e9 Luis<\/strong>. Este enlace, decisivo para el rumbo narrativo de la segunda tanda, no solo simboliza un giro fundamental en la trama, sino que tambi\u00e9n destacar\u00e1 por su cuidada producci\u00f3n, rodada en el paraje natural de La Pinilla (Segovia), un enclave protegido entre bosques y monta\u00f1as que aporta un marco visual tan imponente como la propia historia.\n    <\/p>\n<p>    <a href=\"https:\/\/www.eldiario.es\/series\/la-promesa-confirma-avance-semanal-inquietante-retrato-cruz-inesperada-llegada_1_12509890.html\" data-mrf-recirculation=\"saber-mas\" data-dl-event=\"saber-mas\" rel=\"nofollow noopener\" target=\"_blank\"><\/p>\n<p class=\"know-more__title\">&#8216;La Promesa&#8217; inquieta en su avance semanal por el inesperado retrato de Cruz y anticipa una sorprendente llegada<\/p>\n<p>            <img decoding=\"async\" class=\"lazy\" loading=\"lazy\" data-src=\"https:\/\/static.eldiario.es\/clip\/442de609-294c-4c31-9cd5-f7d40173de2f_16-9-aspect-ratio_default_0.jpg\" src=\"data:image\/svg+xml,%3Csvg xmlns=\" http:=\"\" viewbox=\"0 0 880 495\" alt=\"'La Promesa' inquieta en su avance semanal por el inesperado retrato de Cruz y anticipa una sorprendente llegada\"\/><\/p>\n<p>                        <\/a><\/p>\n<p class=\"article-text\">\n        Para conmemorar este hecho, <strong>RTVE<\/strong> quiere llevar la emoci\u00f3n m\u00e1s all\u00e1 de la pantalla y, con motivo de la esperada boda, ofrecer\u00e1 a los seguidores de la serie una <strong>experiencia ampliada<\/strong>. Adem\u00e1s de los episodios, los fans podr\u00e1n <strong>acceder a contenido exclusivo<\/strong> que desvela el lado m\u00e1s \u00edntimo del rodaje: fotograf\u00edas anal\u00f3gicas, reportajes especiales y v\u00eddeos in\u00e9ditos estar\u00e1n disponibles en <strong>RTVE Play<\/strong> y en las redes sociales de la cadena. Una oportunidad \u00fanica para descubrir el trabajo detr\u00e1s de c\u00e1maras y sumergirse en los detalles de uno de los momentos m\u00e1s importantes de la ficci\u00f3n.\n    <\/p>\n<p class=\"article-text\">\n        El rodaje de este momento decisivo en la trama ha contado con <strong>m\u00e1s de 200 profesionales<\/strong>, entre equipo t\u00e9cnico, art\u00edstico, figuraci\u00f3n y especialistas, as\u00ed como la totalidad del elenco de la serie. Adem\u00e1s, un <strong>cuarteto de m\u00fasicos<\/strong> con sus instrumentos de \u00e9poca amenizar\u00e1 el evento. El equipo de producci\u00f3n, junto a <strong>Bamb\u00fa Producciones<\/strong> y <strong>Studiocanal<\/strong>, ha dise\u00f1ado una ceremonia cuidada al mil\u00edmetro que busca conmover al p\u00fablico desde el primer momento.\n    <\/p>\n<p>            <img decoding=\"async\" class=\"lazy\" loading=\"lazy\" data-src=\"https:\/\/static.eldiario.es\/clip\/9d64eaec-5666-4643-83b9-d037a1ff214a_source-aspect-ratio_default_0.jpg\" src=\"data:image\/svg+xml,%3Csvg xmlns=\" http:=\"\" viewbox=\"0 0 1920 1280\" alt=\"Victoria y Jos\u00e9 Luis en 'Valle Salvaje'\"\/><\/p>\n<p class=\"article-text\">\n        En lo que respecta al vestuario de esta uni\u00f3n ficticia, el equipo encargado de ello ha realizado un trabajo espectacular y con sumo cuidado, como presume RTVE. Ha confeccionado un <strong>vestido de novia especial para Victoria<\/strong>, hecho de forma artesanal, junto a<strong> ocho nuevos trajes y vestidos para personajes principales<\/strong>. Para todo ello, se han utilizado cerca de 70 metros lineales de telas y tejidos variados tra\u00eddos desde distintos lugares, as\u00ed como cientos de botones, galones, pasamaner\u00edas, cintas o pedrer\u00eda.\n    <\/p>\n<p class=\"article-text\">\n        Para engalanar el decorado se han utilizado elementos como <strong>carruajes de caballos o distintas piezas de jardiner\u00eda<\/strong> para ensalzar el entorno natural y el set de rodaje del enlace, situado en un templete y ornamentado para servir el banquete.\n    <\/p>\n<p>    <a href=\"https:\/\/www.eldiario.es\/vertele\/noticias\/no-rtve-no-multiplicado-presupuesto-mananeros-360-malas-lenguas_1_12517973.html\" data-mrf-recirculation=\"saber-mas-abajo\" data-dl-event=\"saber-mas-abajo\" rel=\"nofollow noopener\" target=\"_blank\"><\/p>\n<p class=\"know-more__title\">No, RTVE no ha multiplicado el presupuesto para &#8216;Ma\u00f1aneros 360&#8217; y &#8216;Malas lenguas&#8217;<\/p>\n<p>            <img decoding=\"async\" class=\"lazy\" loading=\"lazy\" data-src=\"https:\/\/static.eldiario.es\/clip\/85715bcf-20f6-4ef0-9c5e-36ef9c0cad08_16-9-aspect-ratio_default_0.jpg\" src=\"data:image\/svg+xml,%3Csvg xmlns=\" http:=\"\" viewbox=\"0 0 880 495\" alt=\"No, RTVE no ha multiplicado el presupuesto para 'Ma\u00f1aneros 360' y 'Malas lenguas'\"\/><\/p>\n<p>                        <\/a><\/p>\n<p class=\"article-text\">\n        La ambici\u00f3n narrativa de Valle Salvaje queda una vez m\u00e1s de manifiesto en su m\u00e1s reciente hito, consolidando el sello creativo de <strong>Josep Cister Rubio<\/strong>, art\u00edfice tambi\u00e9n del \u00e9xito de La Promesa. Ambas producciones forman parte del contenedor vespertino Historias que hacen Historia, que se mantiene como l\u00edder de su franja horaria. En julio la diaria no ha hecho m\u00e1s que aumentar su audiencia, cosa que se ha mantenido estos primeros d\u00edas de agosto donde ha alcanzado un <a href=\"https:\/\/www.eldiario.es\/vertele\/audiencias-tv\/martes-5-agosto-2025-el-diario-de-verano-bate-record-telecinco-piramide-rtve-no-logra-ponerse-pie_1_12517065.html\" data-mrf-recirculation=\"links-noticia\" class=\"link\" rel=\"nofollow noopener\" target=\"_blank\">9,8% de share y ha congregado a una media diaria de 712.000<\/a>.\n    <\/p>\n<p>            <img decoding=\"async\" class=\"lazy\" loading=\"lazy\" data-src=\"https:\/\/static.eldiario.es\/clip\/b831793b-3900-4f2f-89e9-fd8e4f0c75cb_source-aspect-ratio_default_0.jpg\" src=\"data:image\/svg+xml,%3Csvg xmlns=\" http:=\"\" viewbox=\"0 0 1920 1280\" alt=\"Victoria y Jos\u00e9 Luis con el cura en 'Valle Salvaje'\"\/><\/p>\n","protected":false},"excerpt":{"rendered":"Valle Salvaje, la serie diaria de La 1, vivir\u00e1 el momento m\u00e1s cumbre de su segunda temporada entre&hellip;\n","protected":false},"author":2,"featured_media":30058,"comment_status":"","ping_status":"","sticky":false,"template":"","format":"standard","meta":{"footnotes":""},"categories":[171],"tags":[3158,12022,146,147,25,24,12608,6994,1151,1649,1150,518,10527,23,214,2123,15818],"class_list":{"0":"post-30057","1":"post","2":"type-post","3":"status-publish","4":"format-standard","5":"has-post-thumbnail","7":"category-tv","8":"tag-boda","9":"tag-despliegue","10":"tag-entertainment","11":"tag-entretenimiento","12":"tag-es","13":"tag-espana","14":"tag-especial","15":"tag-esperada","16":"tag-fecha","17":"tag-gala","18":"tag-pone","19":"tag-rtve","20":"tag-salvaje","21":"tag-spain","22":"tag-tv","23":"tag-valle","24":"tag-viste"},"share_on_mastodon":{"url":"","error":""},"_links":{"self":[{"href":"https:\/\/www.europesays.com\/es\/wp-json\/wp\/v2\/posts\/30057","targetHints":{"allow":["GET"]}}],"collection":[{"href":"https:\/\/www.europesays.com\/es\/wp-json\/wp\/v2\/posts"}],"about":[{"href":"https:\/\/www.europesays.com\/es\/wp-json\/wp\/v2\/types\/post"}],"author":[{"embeddable":true,"href":"https:\/\/www.europesays.com\/es\/wp-json\/wp\/v2\/users\/2"}],"replies":[{"embeddable":true,"href":"https:\/\/www.europesays.com\/es\/wp-json\/wp\/v2\/comments?post=30057"}],"version-history":[{"count":0,"href":"https:\/\/www.europesays.com\/es\/wp-json\/wp\/v2\/posts\/30057\/revisions"}],"wp:featuredmedia":[{"embeddable":true,"href":"https:\/\/www.europesays.com\/es\/wp-json\/wp\/v2\/media\/30058"}],"wp:attachment":[{"href":"https:\/\/www.europesays.com\/es\/wp-json\/wp\/v2\/media?parent=30057"}],"wp:term":[{"taxonomy":"category","embeddable":true,"href":"https:\/\/www.europesays.com\/es\/wp-json\/wp\/v2\/categories?post=30057"},{"taxonomy":"post_tag","embeddable":true,"href":"https:\/\/www.europesays.com\/es\/wp-json\/wp\/v2\/tags?post=30057"}],"curies":[{"name":"wp","href":"https:\/\/api.w.org\/{rel}","templated":true}]}}