{"id":300572,"date":"2025-12-22T00:22:16","date_gmt":"2025-12-22T00:22:16","guid":{"rendered":"https:\/\/www.europesays.com\/es\/300572\/"},"modified":"2025-12-22T00:22:16","modified_gmt":"2025-12-22T00:22:16","slug":"xpo-logistics-y-saint-gobain-placo-consolidan-su-alianza-estrategica-con-un-nuevo-duo-trailer-en-espana","status":"publish","type":"post","link":"https:\/\/www.europesays.com\/es\/300572\/","title":{"rendered":"XPO Logistics y Saint-Gobain Placo consolidan su alianza estrat\u00e9gica con un nuevo Duo-Tr\u00e1iler en Espa\u00f1a"},"content":{"rendered":"<p>La iniciativa mejora la eficiencia log\u00edstica, reduce un 30 % las emisiones por trayecto y se alinea con los objetivos de sostenibilidad de ambas compa\u00f1\u00edas<\/p>\n<p>     <img decoding=\"async\" src=\"https:\/\/www.europesays.com\/es\/wp-content\/uploads\/2025\/12\/9509724b5862799f3b66d487af1793b0.jpg\"\/><a href=\"https:\/\/europe.xpo.com\/en\/\" target=\"_blank\" rel=\"nofollow noopener\"> XPO Logistics<\/a>, proveedor l\u00edder de soluciones log\u00edsticas integrales, innovadoras y sostenibles en toda Europa, ha puesto en marcha una <b>nueva operaci\u00f3n con Duo-Tr\u00e1iler<\/b> dedicado para <b>Saint-Gobain Placo<\/b> en Espa\u00f1a. Esta iniciativa, desarrollada en estrecha colaboraci\u00f3n con Saint-Gobain, mejora la <b>eficiencia log\u00edstica, reduce las emisiones de CO\u2082 y refuerza a\u00fan m\u00e1s una asociaci\u00f3n duradera construida<\/b> a lo largo de m\u00e1s de una d\u00e9cada.<\/p>\n<p>La nueva l\u00ednea, ya en marcha, realiza trayectos diarios <b>desde la planta de Saint-Gobain Placo en Zaragoza hacia varios destinos estrat\u00e9gicos en Catalu\u00f1a.<\/b> Esta soluci\u00f3n optimiza los flujos log\u00edsticos nacionales, aumenta la capacidad de carga y reduce las emisiones de CO\u2082 hasta en un 30% por trayecto, lo que supone un ahorro de m\u00e1s de 20 toneladas de CO\u2082 al a\u00f1o.<\/p>\n<p><b>Carlos Rivero<\/b>, director senior de Desarrollo de Negocio de XPO Logistics en el Sur de Europa y Marruecos, destaca: \u00abEn XPO Logistics, nos comprometemos a liderar el sector mediante la introducci\u00f3n de soluciones innovadoras y sostenibles. Este proyecto, desarrollado junto con Saint-Gobain Placo y centrado en el cliente, es un ejemplo de c\u00f3mo trabajamos con nuestros clientes para dise\u00f1ar conjuntamente estrategias log\u00edsticas que aportan un valor real, tanto a nivel operativo como medioambiental. Estamos orgullosos de seguir reforzando una colaboraci\u00f3n que se ha consolidado a lo largo de los a\u00f1os y se ha extendido a m\u00faltiples mercados europeos\u00bb.<\/p>\n<p>Por su parte, el director de Compras de Saint-Gobain Espa\u00f1a, Portugal y Marruecos, <b>Antonio Vilchez<\/b>, se\u00f1ala que \u00abpara Saint-Gobain, la movilidad sostenible es uno de los objetivos estrat\u00e9gicos contemplados en (RE)imagina, nuestro roadmap de sostenibilidad. Por ello, esta colaboraci\u00f3n con XPO Logistics nos permite avanzar hacia una log\u00edstica m\u00e1s respetuosa con el medio ambiente, reduciendo la huella de carbono y contribuyendo a nuestros objetivos de descarbonizaci\u00f3n\u00bb.<\/p>\n<p>Asimismo, <b>Eduardo Alonso<\/b>, director de Supply Chain de Saint-Gobain Placo, resalta que \u2018este tipo de soluciones nos permiten suplir la falta de mano de obra, cada vez m\u00e1s palpable en el sector de la carretera, manteniendo la cadena de suministro de manera eficiente\u2019.<\/p>\n<p>Esta operaci\u00f3n, dise\u00f1ada conjuntamente, responde directamente a las <b>necesidades log\u00edsticas de Saint-Gobain Placo<\/b>, permitiendo una mayor optimizaci\u00f3n de la carga, al tiempo que respalda sus objetivos de sostenibilidad y refuerza una colaboraci\u00f3n duradera basada en la confianza.<\/p>\n<p><b>La relaci\u00f3n entre XPO Logistics y Saint-Gobain se remonta a m\u00e1s de una d\u00e9cada<\/b> y se extiende a otros mercados clave, como el Reino Unido y Francia. En todos estos mercados, XPO Logistics act\u00faa como partner estrat\u00e9gico con Saint-Gobain, apoyando operaciones log\u00edsticas complejas mediante soluciones personalizadas, innovadoras y sostenibles.<\/p>\n","protected":false},"excerpt":{"rendered":"La iniciativa mejora la eficiencia log\u00edstica, reduce un 30 % las emisiones por trayecto y se alinea con&hellip;\n","protected":false},"author":2,"featured_media":300573,"comment_status":"","ping_status":"","sticky":false,"template":"","format":"standard","meta":{"footnotes":""},"categories":[80],"tags":[6123,82,6121,6122,5297,6129,95,94,6130,25,6132,24,6124,6119,6131,6127,474,6125,6126,6128,5748,6120,1048,23],"class_list":{"0":"post-300572","1":"post","2":"type-post","3":"status-publish","4":"format-standard","5":"has-post-thumbnail","7":"category-economia","8":"tag-aluminio","9":"tag-business","10":"tag-cemento","11":"tag-ceramica","12":"tag-construccion","13":"tag-cubiertas","14":"tag-economia","15":"tag-economy","16":"tag-energia-solar","17":"tag-es","18":"tag-escaleras","19":"tag-espana","20":"tag-hormigon","21":"tag-instalaciones","22":"tag-ladrillo","23":"tag-madera","24":"tag-obras","25":"tag-pavimentos","26":"tag-piscinas","27":"tag-pladur","28":"tag-puertas","29":"tag-reformas","30":"tag-roca","31":"tag-spain"},"share_on_mastodon":{"url":"https:\/\/pubeurope.com\/@es\/115760368749427387","error":""},"_links":{"self":[{"href":"https:\/\/www.europesays.com\/es\/wp-json\/wp\/v2\/posts\/300572","targetHints":{"allow":["GET"]}}],"collection":[{"href":"https:\/\/www.europesays.com\/es\/wp-json\/wp\/v2\/posts"}],"about":[{"href":"https:\/\/www.europesays.com\/es\/wp-json\/wp\/v2\/types\/post"}],"author":[{"embeddable":true,"href":"https:\/\/www.europesays.com\/es\/wp-json\/wp\/v2\/users\/2"}],"replies":[{"embeddable":true,"href":"https:\/\/www.europesays.com\/es\/wp-json\/wp\/v2\/comments?post=300572"}],"version-history":[{"count":0,"href":"https:\/\/www.europesays.com\/es\/wp-json\/wp\/v2\/posts\/300572\/revisions"}],"wp:featuredmedia":[{"embeddable":true,"href":"https:\/\/www.europesays.com\/es\/wp-json\/wp\/v2\/media\/300573"}],"wp:attachment":[{"href":"https:\/\/www.europesays.com\/es\/wp-json\/wp\/v2\/media?parent=300572"}],"wp:term":[{"taxonomy":"category","embeddable":true,"href":"https:\/\/www.europesays.com\/es\/wp-json\/wp\/v2\/categories?post=300572"},{"taxonomy":"post_tag","embeddable":true,"href":"https:\/\/www.europesays.com\/es\/wp-json\/wp\/v2\/tags?post=300572"}],"curies":[{"name":"wp","href":"https:\/\/api.w.org\/{rel}","templated":true}]}}