{"id":300576,"date":"2025-12-22T00:25:01","date_gmt":"2025-12-22T00:25:01","guid":{"rendered":"https:\/\/www.europesays.com\/es\/300576\/"},"modified":"2025-12-22T00:25:01","modified_gmt":"2025-12-22T00:25:01","slug":"el-alcalde-visita-el-mercado-navideno-organizado-por-el-ayuntamiento-de-monforte-y-anima-a-comprar-en-el-comercio-local","status":"publish","type":"post","link":"https:\/\/www.europesays.com\/es\/300576\/","title":{"rendered":"El Alcalde visita el Mercado Navide\u00f1o organizado por el Ayuntamiento de Monforte y anima a comprar en el comercio local"},"content":{"rendered":"<p class=\"rtejustify\"><img loading=\"lazy\" decoding=\"async\" alt=\"\" height=\"281\" src=\"https:\/\/www.europesays.com\/es\/wp-content\/uploads\/2025\/12\/VisitaMercadoNadal_0.JPG\" style=\"float:left\" width=\"375\"\/><strong>Monforte de Lemos, 20 de diciembre de 2025<\/strong>. El alcalde de Monforte, <strong>Jos\u00e9 Tom\u00e9 Roca<\/strong>, visit\u00f3 esta ma\u00f1ana en la Plaza del Mercado el Mercado Navide\u00f1o organizado por el Ayuntamiento de Monforte y anim\u00f3 a los vecinos de la ciudad a comprar sus regalos para estas fiestas y otros productos gastron\u00f3micos en los comercios locales. El alcalde estuvo acompa\u00f1ado en esta visita por la teniente de alcalde, <strong>Gloria Prada<\/strong>; los concejales de Medio Ambiente, Obras P\u00fablicas, Medio Rural y Servicios, <strong>Jos\u00e9 Luis Losada<\/strong>; y de Deportes, <strong>Jos\u00e9 Manuel Moug\u00e1n<\/strong>; y la concejala de Comercio, <strong>Regina L\u00f3pez<\/strong>.<\/p>\n<p class=\"rtejustify\">La jornada de ma\u00f1ana se celebr\u00f3 con una importante afluencia de p\u00fablico, y numerosas familias acudieron con sus hijos e hijas para participar en los talleres infantiles que tuvieron lugar de 12:00 a 14:00.<\/p>\n<p class=\"rtejustify\">El alcalde, Jos\u00e9 Tom\u00e9, destac\u00f3 eventos como este Mercado de Navidad para fomentar el comercio local y promover los productos de los artesanos, especialmente durante estas fechas de compras navide\u00f1as. \u201cInvito a todos los vecinos a visitar este mercado y participar en el completo programa de actividades que realizaremos durante todo el fin de semana en la Plaza de Abastos\u00bb.<\/p>\n<p class=\"rtejustify\">\u00a0<\/p>\n<p class=\"rtejustify\">El Mercado de Navidad es una actividad impulsada por el Ayuntamiento de Monforte que busca dinamizar el comercio de proximidad, fomentar las compras en el comercio local y las actividades en familia con propuestas musicales para todos los p\u00fablicos.<\/p>\n<p class=\"rtejustify\">Se celebrar\u00e1 durante dos d\u00edas, hoy s\u00e1bado y ma\u00f1ana domingo, con 16 puestos de venta donde el p\u00fablico podr\u00e1 encontrar regalos, productos gastron\u00f3micos, chocolate caliente y dulces.<\/p>\n<p class=\"rtejustify\">Para dinamizar las compras, se ha desarrollado un completo programa de espect\u00e1culos, talleres, m\u00fasica y un v\u00eddeomat\u00f3n navide\u00f1o 360\u00ba en el que los asistentes podr\u00e1n subir a la plataforma y editar su v\u00eddeo navide\u00f1o. Asimismo, los m\u00e1s peque\u00f1os podr\u00e1n visitar una recreaci\u00f3n de la habitaci\u00f3n de Pap\u00e1 Noel y entregar sus cartas en la Plaza de Abastos.<\/p>\n<p class=\"rtejustify\">\u00a0<\/p>\n<p class=\"rtejustify\"><strong>Programa de actividades<\/strong><\/p>\n<p class=\"rtejustify\">Las actividades comezaron hoy s\u00e1bado con la celebraci\u00f3n de un taller artesanal para ni\u00f1os y ni\u00f1as en el que elaborar\u00e1n adornos con lana y otros accesorios, de 12.00 a 14.00 horas. A las 18.00 horas, el p\u00fablico infantil podr\u00e1 asistir al espect\u00e1culo de\u00a0<strong>\u201cUn Nadal chungo que te cagas\u201d<\/strong>, a cargo del artista\u00a0<strong>Peter Punk<\/strong>.<\/p>\n<p class=\"rtejustify\">\u00a0<\/p>\n<p class=\"rtejustify\">Ma\u00f1\u00e1 domingo habr\u00e1 un taller artesanal de pintura para ni\u00f1os y ni\u00f1as, de 12.00 a 14.00h y, por la tarde, a las 18.00 horas, actuar\u00e1\u00a0<strong>Brais das Hortas<\/strong>, con el espect\u00e1culo\u00a0<strong>\u00abConsertasso na horta\u201d<\/strong><\/p>\n<p class=\"rtejustify\">El\u00a0<strong>videomat\u00f3n navide\u00f1o 360\u00ba<\/strong>\u00a0estar\u00e1 en funcionamiento hoy s\u00e1bado 20 de 18.00 a 20.30h, y el domingo por la ma\u00f1ana de 11.30 a 13.30h, y por la tarde, de 18.00 a 20.30h.<\/p>\n<p class=\"rtejustify\">\u00a0<\/p>\n<p class=\"rtejustify\"><strong>RESE\u00d1AS DE LAS ACTUACIONES EN EL MERCADO DE NADAL<\/strong><\/p>\n<p class=\"rtejustify\"><strong>\u201cUn Nadal chungo que te cagas\u201d<\/strong>, con Peter Punk<\/p>\n<p class=\"rtejustify\">La Navidad tambi\u00e9n puede ser una fiesta loca, gamberra y llena de risas. Peter Punk llega dispuesto a desmontar el esp\u00edritu de estas fechas con su humor irreverente y su inconfundible estilo. En esta ocasi\u00f3n, el payaso m\u00e1s punk del pa\u00eds presenta su Navidad particular: donde le da la vuelta al \u00e1rbol, a las luces, a los gorros y a todo ese atrezzo festivo, pas\u00e1ndolos por el filtro m\u00e1s absurdo, retranqueiro y divertido de Peter Punk Payaso.<\/p>\n<p class=\"rtejustify\">Malabares, fuego, m\u00fasica y un desbordante talento esc\u00e9nico se combinan en un espect\u00e1culo universal y todoterreno, perfecto para todos los p\u00fablicos. Un show que demuestra que la Navidad tambi\u00e9n puede ser chunga&#8230; que te cagas!<\/p>\n<p class=\"rtejustify\"><strong>\u201cConsertasso na Horta<\/strong>\u201d, con Brais das Hortas<\/p>\n<p class=\"rtejustify\">Hoy en la huerta de Brais das Hortas hay concierto. Mejor dicho: Consertasso! Todo de la casa! Grelos y temassos, con un equilibrio variado de formas y estilos &#8211; como debe ser en un ecosistema musical diverso y saludable! La Santa Compa\u00f1a se aparece entre las patatas cantando un trap. Hay una pulga punk de la playa de Lim\u00e9ns. Las cabras tiran para el monte y los caracoles reivindican su ritmo: el reggae. Entre las zanahorias, los lagartos toman el sol al son de un tumbao -es lo propio!- y los kiwis no paran de brotar bailando ska. Tambi\u00e9n hay sitio para los sue\u00f1os, como lo de ser astronauta, o para pedirle ayuda a las vecinas para echarle el sulfato a las vi\u00f1as. Y m\u00e1s temassos entre guitarrazos, charangazos y un lote de instrumentazos m\u00e1s. M\u00fasica y humor para toda la familia.<\/p>\n","protected":false},"excerpt":{"rendered":"Monforte de Lemos, 20 de diciembre de 2025. El alcalde de Monforte, Jos\u00e9 Tom\u00e9 Roca, visit\u00f3 esta ma\u00f1ana&hellip;\n","protected":false},"author":2,"featured_media":300577,"comment_status":"","ping_status":"","sticky":false,"template":"","format":"standard","meta":{"footnotes":""},"categories":[8],"tags":[5063,17,18,209,25,24,13,14,11,19,20,7318,27284,9,10,15,16,38637,23,12,5067,4664,21,22],"class_list":{"0":"post-300576","1":"post","2":"type-post","3":"status-publish","4":"format-standard","5":"has-post-thumbnail","7":"category-espana","8":"tag-administracion","9":"tag-breaking-news","10":"tag-breakingnews","11":"tag-cultura","12":"tag-es","13":"tag-espana","14":"tag-featured-news","15":"tag-featurednews","16":"tag-headlines","17":"tag-latest-news","18":"tag-latestnews","19":"tag-lugo","20":"tag-monforte","21":"tag-news","22":"tag-noticias","23":"tag-noticias-destacadas","24":"tag-noticiasdestacadas","25":"tag-ribeira-sacra","26":"tag-spain","27":"tag-titulares","28":"tag-tramites","29":"tag-turismo","30":"tag-ultimas-noticias","31":"tag-ultimasnoticias"},"share_on_mastodon":{"url":"https:\/\/pubeurope.com\/@es\/115760380742882300","error":""},"_links":{"self":[{"href":"https:\/\/www.europesays.com\/es\/wp-json\/wp\/v2\/posts\/300576","targetHints":{"allow":["GET"]}}],"collection":[{"href":"https:\/\/www.europesays.com\/es\/wp-json\/wp\/v2\/posts"}],"about":[{"href":"https:\/\/www.europesays.com\/es\/wp-json\/wp\/v2\/types\/post"}],"author":[{"embeddable":true,"href":"https:\/\/www.europesays.com\/es\/wp-json\/wp\/v2\/users\/2"}],"replies":[{"embeddable":true,"href":"https:\/\/www.europesays.com\/es\/wp-json\/wp\/v2\/comments?post=300576"}],"version-history":[{"count":0,"href":"https:\/\/www.europesays.com\/es\/wp-json\/wp\/v2\/posts\/300576\/revisions"}],"wp:featuredmedia":[{"embeddable":true,"href":"https:\/\/www.europesays.com\/es\/wp-json\/wp\/v2\/media\/300577"}],"wp:attachment":[{"href":"https:\/\/www.europesays.com\/es\/wp-json\/wp\/v2\/media?parent=300576"}],"wp:term":[{"taxonomy":"category","embeddable":true,"href":"https:\/\/www.europesays.com\/es\/wp-json\/wp\/v2\/categories?post=300576"},{"taxonomy":"post_tag","embeddable":true,"href":"https:\/\/www.europesays.com\/es\/wp-json\/wp\/v2\/tags?post=300576"}],"curies":[{"name":"wp","href":"https:\/\/api.w.org\/{rel}","templated":true}]}}