{"id":300580,"date":"2025-12-22T00:34:12","date_gmt":"2025-12-22T00:34:12","guid":{"rendered":"https:\/\/www.europesays.com\/es\/300580\/"},"modified":"2025-12-22T00:34:12","modified_gmt":"2025-12-22T00:34:12","slug":"jaime-llamas-y-un-excelso-hayman-evitan-un-nuevo-desplome-de-la-cultural","status":"publish","type":"post","link":"https:\/\/www.europesays.com\/es\/300580\/","title":{"rendered":"Jaime Llamas y un excelso Hayman evitan un nuevo desplome de la Cultural"},"content":{"rendered":"<p><a class=\"v-mdl-ath__fig-a\" href=\"https:\/\/www.leonoticias.com\/autor\/borja-perez-7064.html\" title=\"Borja P\u00e9rez\" rel=\"nofollow noopener\" target=\"_blank\"><br \/>\n<img decoding=\"async\" class=\"v-mdl-ath__img\" src=\"https:\/\/www.europesays.com\/es\/wp-content\/uploads\/2025\/08\/autor-7064-foto-1.jpeg\" alt=\"Borja P\u00e9rez\"\/><br \/>\n<\/a><\/p>\n<p class=\"v-mdl-ath__p v-mdl-ath__p--6\">\nDomingo, 21 de diciembre 2025, 20:36<\/p>\n<p class=\"v-p\">Parec\u00eda un d\u00eda para celebrar y festejar la Navidad cuando la renta era de 23 tantos para los culturalistas al inicio del tercer cuarto ante un C\u00edrculo Gij\u00f3n que no hab\u00eda conseguido ganar fuera de su casa en ning\u00fan encuentro esta temporada.<\/p>\n<p class=\"v-p\">Sin embargo, un d\u00eda m\u00e1s, y ya es preocupantemente repetitivo, la Cultural se deshizo despu\u00e9s de una gran primera paryte y permiti\u00f3 que Gij\u00f3n llegara a ponerse a uno, aunque, finalmente, el equipo leon\u00e9s fue capaz de imponerse en un final de caos donde Hayman, con 34 puntos en su casillero, logr\u00f3 certificar el triunfo y acabar el a\u00f1o con victoria (102-93).<\/p>\n<p><img decoding=\"async\" loading=\"lazy\" src=\"https:\/\/www.europesays.com\/es\/wp-content\/uploads\/2025\/12\/Escudo Cultural.png\" class=\"v-scr__img\" width=\"44\" height=\"44\" alt=\"Cultural\"\/><\/p>\n<p class=\"v-scr__t\">Cultural<\/p>\n<p class=\"v-scr__p v-scr__p--3\">Deng (4), Hayman (34), Adri\u00e0 Dom\u00ednguez (2), Van Der Heijden (15), Jaime Llamas (25) -cinco inicial-; McKay, \u00c1lvaro Gonz\u00e1lez (2), Yago Iglesias, Diego Bult\u00f3 (3), D\u00eddac Cebolla (9), Aboubacar Traor\u00e9 (8), Rodri Llamas (2).<\/p>\n<p class=\"v-scr__n-c v-scr__n-c--1 \">\n 102\n<\/p>\n<p class=\"v-scr__n-c v-scr__n-c--2\">\n&#8211;\n<\/p>\n<p class=\"v-scr__n-c v-scr__n-c--3 \">\n 93\n<\/p>\n<p class=\"v-scr__t\">C\u00edrculo Gij\u00f3n<\/p>\n<p><img decoding=\"async\" loading=\"lazy\" src=\"https:\/\/www.europesays.com\/es\/wp-content\/uploads\/2025\/12\/Escudo Crculo Gijn.png\" class=\"v-scr__img\" width=\"44\" height=\"44\" alt=\"C\u00edrculo Gij\u00f3n\"\/><\/p>\n<p class=\"v-scr__p v-scr__p--3\">Pierre (25), Okafor (3), Franco (18), Barros (18), Men\u00e9ndez (9) -cinco inicial-; Ram\u00edrez (11), Reilly (9), Duke, De la Fuente, Luis, \u00c1lvarez, D\u00edaz<\/p>\n<ul class=\"v-u\">\n<li class=\"v-u__l\">\n<p class=\"v-p\">\nParciales<br \/>\n28-17, 53-32 -descanso-; 75-62, 102-93 -final-.\n<\/p>\n<\/li>\n<li class=\"v-u__l\">\n<p class=\"v-p\">\n\u00c1rbitros<br \/>\nPellitero Gonz\u00e1lez y Mart\u00edn Abad.\n<\/p>\n<\/li>\n<li class=\"v-u__l\">\n<p class=\"v-p\">\nIncidencias<br \/>\nPalacio de Deportes Urbano Gonz\u00e1lez Escapa. 2.851 espectadores. Jornada 13 del grupo oeste de la Segunda FEB.\n<\/p>\n<\/li>\n<\/ul>\n<p class=\"v-p\">Llegaba la Cultural a su \u00faltimo partido del a\u00f1o con dudas generadas por las visibles carencias del equipo, acent\u00faadas en las dos \u00faltimas derrotas en Mor\u00f3n y en Valladolid, con tramos p\u00e9simos en defensa y muchos problemas en la efectividad.<\/p>\n<p class=\"v-p\">Sin embargo, al Palacio se agarraba un equipo muy diferente ante su gente que empez\u00f3 el partido imprimiendo ritmo a la circulaci\u00f3n, al igual que Gij\u00f3n, con los primeros aciertos desde el triple llegando por parte de Pierre Philippe y Jaime Llamas (5-3).<\/p>\n<p>La Cultural carbura progresivamente<\/p>\n<p class=\"v-p\">El leon\u00e9s fue el m\u00e1s destacado junto a un excelso Hayman, con ambos sumando catorce puntos en la primera mitad y el llegado de Sant Antoni, como siempre, ayudando en defensa con una intensidad contagiosa y mostr\u00e1ndose acertado de cara a canasta (13-11).<\/p>\n<p class=\"v-p\">Poco a poco empezar\u00eda a subir el ritmo el conjunto culturalista para asediar a Gij\u00f3n y conseguir irse en el marcador (19-13) Fue esa primera renta todo lo que necesit\u00f3 la Cultural para desperezarse definitivamente y empezar a lucirse sobre la pista. Debut\u00f3 <a href=\"https:\/\/www.leonoticias.com\/deportes\/baloncesto\/aboubacar-traore-oportunidad-mercado-reforzar-pintura-culturalista-20251220155027-nt.html\" data-voc-vtm-id=\"in-text-traffic\" title=\"Aboubacar Traor\u00e9\" rel=\"nofollow noopener\" target=\"_blank\">Aboubacar Traor\u00e9<\/a> y se estren\u00f3 con un 2+1 que sirvi\u00f3 como muestra perfecta de que todo funcionaba hasta irse 28-17 al cierre del primer cuarto.<\/p>\n<p class=\"v-p\">En el extremo contrario de una primera parte horrible en Valladolid, todo sal\u00eda ahora y, como en un breve tramo m\u00e1s err\u00e1tico de los locales Gij\u00f3n no fue capaz de aprovecharlo, fue el cuadro rojiblanco quien logr\u00f3 abrir una brecha mayor (38-21).<\/p>\n<p>Cambio de guion&#8230; un d\u00eda m\u00e1s<\/p>\n<p class=\"v-p\">Se estaba gustando y mucho el cuadro local, con un mate a aro pasado, combinaciones por encima de la canasta y dominio importante en el rebote. El triple de Diego Bult\u00f3 sobre la bocina acab\u00f3 por coronar la primera parte (53-32).<\/p>\n<p class=\"v-p\">Seguir\u00edan Jaime Llamas y Hayman en su l\u00ednea tras el paso por vestuarios, pero el guion cambi\u00f3 sobre la pista, merced en gran parte al mayor acierto mostrado por los asturianos en el Palacio. De hecho, a trav\u00e9s de tres triples anotados en menos de un minuto conseguir\u00edan recortar hasta los catorce de renta culturalista.<\/p>\n<p class=\"v-p\">Con un destacado Traor\u00e9 muy participativo, el marcador se ir\u00eda 75-62 al finalizar el tercer cuarto, dejando todo m\u00e1s abierto de lo que pod\u00eda parecer en el descanso. El susto se apoderar\u00eda de los aficionados leoneses cuando los visitantes se pusieron a diez, pero Deng y Jaime Llamas certificaron un parcial 5-0 para intentar calmar las aguas (80-65).<\/p>\n<p class=\"v-p\">Sin embargo, la Cultural, empe\u00f1ada en que existiera tensi\u00f3n hasta el \u00faltimo minuto, se deshizo en el \u00faltimo cuarto y puso todo mucho m\u00e1s igualado, con una renta de tres tantos (84-81). La cosa se complic\u00f3 a\u00fan m\u00e1s cuando Gij\u00f3n logr\u00f3 ponerse a uno (91-90) y ah\u00ed tuvo que aparecer la pizarra de Luis Castillo para acabar decantando la balanza (102-93) por medio de un Hayman que termin\u00f3 el choque con 34 puntos.<\/p>\n<p>Reporta un error<\/p>\n","protected":false},"excerpt":{"rendered":"Domingo, 21 de diciembre 2025, 20:36 Parec\u00eda un d\u00eda para celebrar y festejar la Navidad cuando la renta&hellip;\n","protected":false},"author":2,"featured_media":300581,"comment_status":"","ping_status":"","sticky":false,"template":"","format":"standard","meta":{"footnotes":""},"categories":[269],"tags":[299,298,8332,168,13199,25,24,50401,11160,71329,17213,9448,524,23,167],"class_list":{"0":"post-300580","1":"post","2":"type-post","3":"status-publish","4":"format-standard","5":"has-post-thumbnail","7":"category-baloncesto","8":"tag-baloncesto","9":"tag-basketball","10":"tag-cultural","11":"tag-deportes","12":"tag-desplome","13":"tag-es","14":"tag-espana","15":"tag-evitan","16":"tag-excelso","17":"tag-hayman","18":"tag-jaime","19":"tag-llamas","20":"tag-nuevo","21":"tag-spain","22":"tag-sports"},"share_on_mastodon":{"url":"https:\/\/pubeurope.com\/@es\/115760416227776629","error":""},"_links":{"self":[{"href":"https:\/\/www.europesays.com\/es\/wp-json\/wp\/v2\/posts\/300580","targetHints":{"allow":["GET"]}}],"collection":[{"href":"https:\/\/www.europesays.com\/es\/wp-json\/wp\/v2\/posts"}],"about":[{"href":"https:\/\/www.europesays.com\/es\/wp-json\/wp\/v2\/types\/post"}],"author":[{"embeddable":true,"href":"https:\/\/www.europesays.com\/es\/wp-json\/wp\/v2\/users\/2"}],"replies":[{"embeddable":true,"href":"https:\/\/www.europesays.com\/es\/wp-json\/wp\/v2\/comments?post=300580"}],"version-history":[{"count":0,"href":"https:\/\/www.europesays.com\/es\/wp-json\/wp\/v2\/posts\/300580\/revisions"}],"wp:featuredmedia":[{"embeddable":true,"href":"https:\/\/www.europesays.com\/es\/wp-json\/wp\/v2\/media\/300581"}],"wp:attachment":[{"href":"https:\/\/www.europesays.com\/es\/wp-json\/wp\/v2\/media?parent=300580"}],"wp:term":[{"taxonomy":"category","embeddable":true,"href":"https:\/\/www.europesays.com\/es\/wp-json\/wp\/v2\/categories?post=300580"},{"taxonomy":"post_tag","embeddable":true,"href":"https:\/\/www.europesays.com\/es\/wp-json\/wp\/v2\/tags?post=300580"}],"curies":[{"name":"wp","href":"https:\/\/api.w.org\/{rel}","templated":true}]}}