{"id":300582,"date":"2025-12-22T00:35:11","date_gmt":"2025-12-22T00:35:11","guid":{"rendered":"https:\/\/www.europesays.com\/es\/300582\/"},"modified":"2025-12-22T00:35:11","modified_gmt":"2025-12-22T00:35:11","slug":"bakis-hace-justicia-en-el-descuento-y-deja-helado-a-el-plantio","status":"publish","type":"post","link":"https:\/\/www.europesays.com\/es\/300582\/","title":{"rendered":"Bakis hace justicia en el descuento y deja helado a El Plant\u00edo"},"content":{"rendered":"<p class=\"stat-tl ev-fw-tl\"><strong>Cambios<\/strong><\/p>\n<p class=\"ev-text-aux\">\n                            <strong>Dani G\u00f3mez<\/strong> (65&#8242;, Kenan Kodro),                             <strong>Toni Moya<\/strong> (65&#8242;, Marcos Cuenca),                             <strong>Mario Gonz\u00e1lez<\/strong> (73&#8242;, I\u00f1igo C\u00f3rdoba),                             <strong>V\u00edctor Mollejo<\/strong> (73&#8242;, Fer Ni\u00f1o),                             <strong>Sebas Moyano<\/strong> (78&#8242;, Valery Fern\u00e1ndez),                             <strong>Sa\u00fal del Cerro<\/strong> (85&#8242;, David Gonz\u00e1lez),                             <strong>Ferm\u00edn Garc\u00eda<\/strong> (85&#8242;, Curro S\u00e1nchez),                             <strong>Yussif Saidu<\/strong> (85&#8242;, Tachi),                             <strong>Sinan Bakis<\/strong> (85&#8242;, Mario Sober\u00f3n)                        <\/p>\n<p class=\"stat-tl ev-fw-tl\"><strong>Goles<\/strong><\/p>\n<p class=\"ev-text-aux\">\n                                                                                                        1-0, 36&#8242;: <strong>David Gonz\u00e1lez<\/strong>,                                                                                 1-1, 91&#8242;: <strong>Sinan Bakis<\/strong>                        <\/p>\n<p class=\"stat-tl ev-fw-tl\"><strong>Tarjetas<\/strong><\/p>\n<p class=\"ev-text-aux\">\n                Arbitro: Daniel Palencia Caballero<br \/>Arbitro VAR: Mario Melero L\u00f3pez, Jon Ander Gonz\u00e1lez Esteban<br \/><strong>Fernando Ni\u00f1o<\/strong> (42&#8242;,Amarilla),                                     <strong>Tachi<\/strong> (44&#8242;,Amarilla),                                     <strong>Andrada<\/strong> (64&#8242;,Amarilla),                                     <strong>Ins\u00faa<\/strong> (71&#8242;,Amarilla)                            <\/p>\n","protected":false},"excerpt":{"rendered":"Cambios Dani G\u00f3mez (65&#8242;, Kenan Kodro), Toni Moya (65&#8242;, Marcos Cuenca), Mario Gonz\u00e1lez (73&#8242;, I\u00f1igo C\u00f3rdoba), V\u00edctor Mollejo&hellip;\n","protected":false},"author":2,"featured_media":300583,"comment_status":"","ping_status":"","sticky":false,"template":"","format":"standard","meta":{"footnotes":""},"categories":[268],"tags":[168,25,24,280,282,281,23,167],"class_list":{"0":"post-300582","1":"post","2":"type-post","3":"status-publish","4":"format-standard","5":"has-post-thumbnail","7":"category-futbol","8":"tag-deportes","9":"tag-es","10":"tag-espana","11":"tag-football","12":"tag-futbol","13":"tag-soccer","14":"tag-spain","15":"tag-sports"},"share_on_mastodon":{"url":"https:\/\/pubeurope.com\/@es\/115760420248212607","error":""},"_links":{"self":[{"href":"https:\/\/www.europesays.com\/es\/wp-json\/wp\/v2\/posts\/300582","targetHints":{"allow":["GET"]}}],"collection":[{"href":"https:\/\/www.europesays.com\/es\/wp-json\/wp\/v2\/posts"}],"about":[{"href":"https:\/\/www.europesays.com\/es\/wp-json\/wp\/v2\/types\/post"}],"author":[{"embeddable":true,"href":"https:\/\/www.europesays.com\/es\/wp-json\/wp\/v2\/users\/2"}],"replies":[{"embeddable":true,"href":"https:\/\/www.europesays.com\/es\/wp-json\/wp\/v2\/comments?post=300582"}],"version-history":[{"count":0,"href":"https:\/\/www.europesays.com\/es\/wp-json\/wp\/v2\/posts\/300582\/revisions"}],"wp:featuredmedia":[{"embeddable":true,"href":"https:\/\/www.europesays.com\/es\/wp-json\/wp\/v2\/media\/300583"}],"wp:attachment":[{"href":"https:\/\/www.europesays.com\/es\/wp-json\/wp\/v2\/media?parent=300582"}],"wp:term":[{"taxonomy":"category","embeddable":true,"href":"https:\/\/www.europesays.com\/es\/wp-json\/wp\/v2\/categories?post=300582"},{"taxonomy":"post_tag","embeddable":true,"href":"https:\/\/www.europesays.com\/es\/wp-json\/wp\/v2\/tags?post=300582"}],"curies":[{"name":"wp","href":"https:\/\/api.w.org\/{rel}","templated":true}]}}