{"id":300584,"date":"2025-12-22T00:36:11","date_gmt":"2025-12-22T00:36:11","guid":{"rendered":"https:\/\/www.europesays.com\/es\/300584\/"},"modified":"2025-12-22T00:36:11","modified_gmt":"2025-12-22T00:36:11","slug":"david-y-victoria-dejan-de-seguir-a-su-hijo-mayor-y-saltan-las-especulaciones","status":"publish","type":"post","link":"https:\/\/www.europesays.com\/es\/300584\/","title":{"rendered":"David y Victoria dejan de seguir a su hijo mayor y saltan las especulaciones"},"content":{"rendered":"<p data-journey-content=\"true\" data-node-id=\"1\" class=\"css-6wxqfj emevuu60\">La familia Beckham vuelve a ser protagonista en plenas fechas navide\u00f1as, aunque esta vez no por ser una estampa familiar perfecta. Todo lo contrario. En las \u00faltimas horas, se ha reavivado<strong data-node-id=\"1.1\"> la pol\u00e9mica en torno a la relaci\u00f3n entre David Beckham, Victoria Beckham y su hijo mayor, Brooklyn, tras salir a la luz un llamativo movimiento en redes sociales<\/strong> que no ha pasado desapercibido.<\/p>\n<p data-journey-content=\"true\" data-node-id=\"4\" class=\"css-6wxqfj emevuu60\">Seg\u00fan ha publicado el medio brit\u00e1nico Daily Mail, <strong data-node-id=\"4.1\">ni los padres segu\u00edan ya a su primog\u00e9nito ni a su esposa, Nicola Peltz, ni viceversa.<\/strong> La informaci\u00f3n coincid\u00eda, adem\u00e1s, con la noticia de que Brooklyn pasar\u00eda la Navidad en la mansi\u00f3n de la familia Peltz en Palm Beach, en Miami, mientras el resto del clan Beckham mantendr\u00eda la tradici\u00f3n de reunirse en los Cotswolds.  <\/p>\n<p>Alarma en la familia Beckham: David y Victoria dejan de seguir a su hijo y saltan las especulaciones<\/p>\n<p data-journey-content=\"true\" data-node-id=\"8\" class=\"css-6wxqfj emevuu60\"><strong data-node-id=\"8.0\">Esta historia ha dado un giro inesperado con la intervenci\u00f3n p\u00fablica de Cruz Beckham. El tercer hijo del matrimonio ha desmentido la informaci\u00f3n<\/strong> a trav\u00e9s de sus redes, <strong data-node-id=\"8.2\">compartiendo una captura del titular y acompa\u00f1\u00e1ndola de un mensaje directo y sin rodeos.<\/strong> En \u00e9l contaba que no hab\u00edan sido sus padres quienes dejaron de seguir a Brooklyn, sino que se despertaron bloqueados, al igual que \u00e9l mismo, desmontando as\u00ed la teor\u00eda inicial. Teor\u00eda que ya se barajaba en las redes.<\/p>\n<p><img draggable=\"true\" alt=\"news article discussing family dynamics involving david and victoria beckham\" title=\"news article discussing family dynamics involving david and victoria beckham\" loading=\"lazy\" width=\"740\" height=\"1362\" decoding=\"async\" data-nimg=\"1\" style=\"color:transparent;width:100%;height:auto;\"   src=\"https:\/\/www.europesays.com\/es\/wp-content\/uploads\/2025\/12\/captura-de-pantalla-2025-12-21-a-las-21-37-17-69485ae355a8c.png\" class=\"css-0 e1g79fud0\"\/><a target=\"_blank\" rel=\"noopener nofollow\" data-theme-key=\"base-link\" href=\"https:\/\/pinterest.com\/pin\/create\/button\/?url=https:\/\/www.elle.com\/es\/star-style\/noticias-famosos\/a69831121\/ruptura-familia-beckham-david-victoria-habian-dejado-de-seguir-a-su-hijo-mayor\/&amp;description=- ElleSpain&amp;media=https:\/\/hips.hearstapps.com\/hmg-prod\/images\/captura-de-pantalla-2025-12-21-a-las-21-37-17-69485ae355a8c.png?resize=1600:*\" class=\"pinterest css-on9hn5 e1c1bym14\"><img decoding=\"async\" data-dynamic-svg=\"true\" src=\"https:\/\/www.elle.com\/_assets\/design-tokens\/fre\/static\/icons\/social\/pinterest.e8cf655.svg?primary=%2523ffffff\" loading=\"lazy\" data-testid=\"dynamic-svg-base\" height=\"auto\" width=\"auto\" alt=\"pinterest\" class=\"css-4lml0h e1mlxuuw1\"\/><\/a><\/p>\n<p>instagram<\/p>\n<p data-journey-content=\"true\" data-node-id=\"12\" class=\"css-6wxqfj emevuu60\">Este matiz cambia por completo la historia. Seg\u00fan esta explicaci\u00f3n, habr\u00eda sido Brooklyn quien decidi\u00f3 bloquear a sus padres y hermanos, lo que provoc\u00f3 la desaparici\u00f3n mutua en redes sociales. <strong data-node-id=\"12.1\">Las tensiones, en realidad, no son nuevas. Se remontan a la boda de Brooklyn con Nicola en 2022, cuando salieron a la luz desacuerdos relacionados con el vestido de novia y la organizaci\u00f3n del enlace. <\/strong>Desde entonces, el hijo mayor de los Beckham ha faltado a citas familiares clave, como el 50 cumplea\u00f1os de su padre o el estreno de la docuserie de Victoria en Netflix. Estas ausencias han sido interpretadas como s\u00edntomas claros de una relaci\u00f3n cada vez m\u00e1s fr\u00eda. <\/p>\n<p><img decoding=\"async\" data-dynamic-svg=\"true\" src=\"https:\/\/www.elle.com\/_assets\/design-tokens\/elle\/static\/images\/logos\/lettermark.8631e88.svg?primary=%2523000\" loading=\"lazy\" data-testid=\"dynamic-svg-base\" height=\"100\" width=\"100\" alt=\"Lettermark\" class=\"css-7mevzh ev8dhu50\"\/><\/p>\n<p>La redacci\u00f3n de Star Style de Elle est\u00e1 formada por un grupo de periodistas expertos en traerte las \u00faltimas noticias y novedades sobre el estilo y la vida de las celebrities e influencers del momento. Desde las estrellas de Hollywood a la alta sociedad espa\u00f1ola, pasando por lo mejor las casas reales europeas, en la secci\u00f3n de Star Style te vamos a contar los detalles ocultos de sus looks, sus \u00faltimas noticias, sus fotos m\u00e1s personales, las curiosidades m\u00e1s llamativas de sus vidas o sus trucos de maquillaje infalibles.<\/p>\n<p>Y es que en la revista Elle llevamos desde 1986, casi 40 a\u00f1os, d\u00e1ndote a conocer las \u00faltimas tendencias y acerc\u00e1ndote los looks de todo tipo de famosos y famosas: actrices, cantantes, modelos y royals. Esto es posible gracias a un equipo de periodistas especializados en celebrities que analizan y escriben de forma cercana pero precisa cada noticia relevante sobre las celebrities del momento. \u00a0Te contamos d\u00f3nde comprar sus looks, c\u00f3mo vestir como en una alfombra roja, c\u00f3mo aplicar sus trucos de belleza y est\u00e9tica o cu\u00e1les son sus entrenamientos y h\u00e1bitos m\u00e1s saludables. No hay detalle sobre los famosos que se nos escape.<\/p>\n<p>Nuestra redacci\u00f3n de Star Style de Elle est\u00e1 ubicada en Madrid, Espa\u00f1a, y nuestros periodistas expertos en esta \u00e1rea cuentan con una amplia trayectoria en medios de comunicaci\u00f3n y suman m\u00e1s de 20 a\u00f1os de experiencia escribiendo en Elle. El equipo se compone de:<\/p>\n<p>&#8211; <a href=\"https:\/\/www.elle.com\/es\/author\/15941\/amaya-ascunce\/\" rel=\"nofollow noopener\" target=\"_blank\">Amaya Ascunce<\/a>, directora digital de Elle.<\/p>\n<p>&#8211; <a href=\"https:\/\/www.elle.com\/es\/author\/16109\/carmen-bejerano\/\" rel=\"nofollow noopener\" target=\"_blank\">Carmen Bejerano<\/a>, redactora jefe digital de Elle.<\/p>\n<p>&#8211; <a href=\"https:\/\/www.elle.com\/es\/author\/208016\/sara-alcoceba\/\" rel=\"nofollow noopener\" target=\"_blank\">Sara Alcoceba<\/a>, redactora de celebrities y estilo.<\/p>\n<p>&#8211; <a href=\"https:\/\/www.elle.com\/es\/author\/246364\/laura-soria\/\" rel=\"nofollow noopener\" target=\"_blank\">Laura Soria<\/a>, freelance de celebrities, moda y estilo.<\/p>\n<p>&#8211; <a href=\"https:\/\/www.elle.com\/es\/author\/260962\/aitana-dorado\/\" rel=\"nofollow noopener\" target=\"_blank\">Aitana Dorado<\/a>, redactora de celebrities, moda y estilo.\u00a0<\/p>\n","protected":false},"excerpt":{"rendered":"La familia Beckham vuelve a ser protagonista en plenas fechas navide\u00f1as, aunque esta vez no por ser una&hellip;\n","protected":false},"author":2,"featured_media":300585,"comment_status":"","ping_status":"","sticky":false,"template":"","format":"standard","meta":{"footnotes":""},"categories":[174],"tags":[255,253,146,147,25,24,256,23],"class_list":{"0":"post-300584","1":"post","2":"type-post","3":"status-publish","4":"format-standard","5":"has-post-thumbnail","7":"category-famosos","8":"tag-celebrities","9":"tag-discover","10":"tag-entertainment","11":"tag-entretenimiento","12":"tag-es","13":"tag-espana","14":"tag-famosos","15":"tag-spain"},"share_on_mastodon":{"url":"https:\/\/pubeurope.com\/@es\/115760423867832410","error":""},"_links":{"self":[{"href":"https:\/\/www.europesays.com\/es\/wp-json\/wp\/v2\/posts\/300584","targetHints":{"allow":["GET"]}}],"collection":[{"href":"https:\/\/www.europesays.com\/es\/wp-json\/wp\/v2\/posts"}],"about":[{"href":"https:\/\/www.europesays.com\/es\/wp-json\/wp\/v2\/types\/post"}],"author":[{"embeddable":true,"href":"https:\/\/www.europesays.com\/es\/wp-json\/wp\/v2\/users\/2"}],"replies":[{"embeddable":true,"href":"https:\/\/www.europesays.com\/es\/wp-json\/wp\/v2\/comments?post=300584"}],"version-history":[{"count":0,"href":"https:\/\/www.europesays.com\/es\/wp-json\/wp\/v2\/posts\/300584\/revisions"}],"wp:featuredmedia":[{"embeddable":true,"href":"https:\/\/www.europesays.com\/es\/wp-json\/wp\/v2\/media\/300585"}],"wp:attachment":[{"href":"https:\/\/www.europesays.com\/es\/wp-json\/wp\/v2\/media?parent=300584"}],"wp:term":[{"taxonomy":"category","embeddable":true,"href":"https:\/\/www.europesays.com\/es\/wp-json\/wp\/v2\/categories?post=300584"},{"taxonomy":"post_tag","embeddable":true,"href":"https:\/\/www.europesays.com\/es\/wp-json\/wp\/v2\/tags?post=300584"}],"curies":[{"name":"wp","href":"https:\/\/api.w.org\/{rel}","templated":true}]}}