{"id":30059,"date":"2025-08-06T19:02:08","date_gmt":"2025-08-06T19:02:08","guid":{"rendered":"https:\/\/www.europesays.com\/es\/30059\/"},"modified":"2025-08-06T19:02:08","modified_gmt":"2025-08-06T19:02:08","slug":"me-deprimi-y-cai-en-el-abismo","status":"publish","type":"post","link":"https:\/\/www.europesays.com\/es\/30059\/","title":{"rendered":"Me deprim\u00ed y ca\u00ed en el abismo"},"content":{"rendered":"<p data-journey-content=\"true\" data-node-id=\"2\" class=\"css-i9p093 emevuu60\"><strong data-node-id=\"2.0\">&#8216;Los cuatro fant\u00e1sticos: primeros pasos&#8217; <\/strong><a href=\"https:\/\/www.menshealth.com\/es\/fitness\/a65599259\/pedro-pascal-4-fantasticos-superman-sueldo\/\" target=\"_blank\" data-vars-ga-outbound-link=\"https:\/\/www.menshealth.com\/es\/fitness\/a65599259\/pedro-pascal-4-fantasticos-superman-sueldo\/\" data-vars-ga-ux-element=\"Hyperlink\" data-vars-ga-call-to-action=\"con Pedro Pascal,\" data-node-id=\"2.1\" class=\"body-link css-1d8p8n5 emevuu60\" rel=\"nofollow noopener\">con Pedro Pascal,<\/a> Vanessa Kirby, Joseph Quinn y Ebon Moss-Bachrach est\u00e1 siendo todo un \u00e9xito, pero ellos no fueron los primeros en encarnar a estos superh\u00e9roes. Hace unos a\u00f1os <strong data-node-id=\"2.3\">Ioan Gruffudd<\/strong> (51 a\u00f1os), Jessica Alba, Chris Evans y Michael Chiklis tambi\u00e9n se pusieron en la piel de estos personajes con poderes que ayudan a salvar el mundo. Eso s\u00ed, aunque hicieron dos pel\u00edculas y estuvieron a punto de hacer una tercera, lo cierto es que los productores se esperaban que hubiera triunfado mucho m\u00e1s y finalmente cancelaron su saga. <\/p>\n<p data-journey-content=\"true\" data-node-id=\"3\" class=\"css-i9p093 emevuu60\">A\u00f1os despu\u00e9s les han vuelto a dar una oportunidad con otro elenco, pero algunos de los actores anteriores vieron en ese momento que se quedaron sin trabajo un pozo del que les cost\u00f3 mucho salir. <strong data-node-id=\"3.1\">Es el caso de Ioan Gruffudd, que dio vida a Reed Richards. <\/strong><\/p>\n<p data-journey-content=\"true\" data-node-id=\"8\" class=\"css-i9p093 emevuu60\">El int\u00e9rprete gan\u00f3 una legi\u00f3n de fans como Horatio Hornblower, protagoniz\u00f3 junto a <a href=\"https:\/\/www.menshealth.com\/es\/fitness\/a64171266\/leonardo-dicaprio-confiesa-unico-actor-que-le-ha-impresionado-en-la-vida\/\" target=\"_blank\" data-vars-ga-outbound-link=\"https:\/\/www.menshealth.com\/es\/fitness\/a64171266\/leonardo-dicaprio-confiesa-unico-actor-que-le-ha-impresionado-en-la-vida\/\" data-vars-ga-ux-element=\"Hyperlink\" data-vars-ga-call-to-action=\"Leonardo DiCaprio &#039;Titanic&#039;\" data-node-id=\"8.1\" class=\"body-link css-1d8p8n5 emevuu60\" rel=\"nofollow noopener\">Leonardo DiCaprio &#8216;Titanic&#8217;<\/a> (es uno de los capitanes del barco) y fue aclamado por la cr\u00edtica en el papel del abolicionista de la esclavitud William Wilberforce en &#8216;Amazing Grace&#8217;, pero de repente lleg\u00f3 el ocaso y estuvo varios a\u00f1os sin trabajar. Algo que le provoc\u00f3 una prolongada depresi\u00f3n. <\/p>\n<p data-journey-content=\"true\" data-node-id=\"9\" class=\"css-i9p093 emevuu60\">\u00ab<strong data-node-id=\"9.1\">Fue un mal momento. Perd\u00ed la confianza.<\/strong> No trabaj\u00e9 durante m\u00e1s de dos a\u00f1os. Me sent\u00e9 en el sof\u00e1 a esperar a que llegara el trabajo. <strong data-node-id=\"9.3\">Me deprim\u00ed y ca\u00ed en el abismo.<\/strong> Ten\u00eda que hacer cambios\u00bb, relat\u00f3 en &#8216;The Daily Mail&#8217;, a\u00f1adiendo que fue entonces cuando se puso en manos de un especialista para que le ayudara<a href=\"https:\/\/www.menshealth.com\/es\/salud-bienestar\/a36318243\/como-detectar-depresion\/\" target=\"_blank\" data-vars-ga-outbound-link=\"https:\/\/www.menshealth.com\/es\/salud-bienestar\/a36318243\/como-detectar-depresion\/\" data-vars-ga-ux-element=\"Hyperlink\" data-vars-ga-call-to-action=\" a gestionar su salud mental. \" data-node-id=\"9.5\" class=\"body-link css-1d8p8n5 emevuu60\" rel=\"nofollow noopener\"> a gestionar su salud mental. <\/a><\/p>\n<p data-journey-content=\"true\" data-node-id=\"10\" class=\"css-i9p093 emevuu60\">Fue entonces cuando despidi\u00f3 a su equipo y empez\u00f3 de cero: \u00abAprend\u00ed ciertos ejercicios que me ayudan a afrontar la situaci\u00f3n, a prepararme mentalmente para afrontar las audiciones y el rechazo. Te visualizas como un ganador. Mentalmente te hace sentir positivo\u00bb, cont\u00f3 el actor en el citado medio. <a href=\"https:\/\/www.menshealth.com\/es\/salud-bienestar\/a42347651\/yoga-entrenamiento-aerobico-mejora-corazon\/\" target=\"_blank\" data-vars-ga-outbound-link=\"https:\/\/www.menshealth.com\/es\/salud-bienestar\/a42347651\/yoga-entrenamiento-aerobico-mejora-corazon\/\" data-vars-ga-ux-element=\"Hyperlink\" data-vars-ga-call-to-action=\"Su nueva f\u00f3rmula incluye yoga\" data-node-id=\"10.1\" class=\"body-link css-1d8p8n5 emevuu60\" rel=\"nofollow noopener\">Su nueva f\u00f3rmula incluye yoga<\/a>, pilates y gimnasio: \u00abMe he vuelto un poco hollywoodense,<strong data-node-id=\"10.3\"> pero mi cuerpo es lo m\u00edo, as\u00ed que me esfuerzo por mantenerme en buena forma. <\/strong>Es claramente un \u00e9xito\u00bb, dijo. <\/p>\n<p data-journey-content=\"true\" data-node-id=\"12\" class=\"css-i9p093 emevuu60\">Hace unos d\u00edas adem\u00e1s el actor cont\u00f3 en &#8216;Vulture&#8217; que la idea principal de su saga era hacer tres pel\u00edculas, pero \u00ab<strong data-node-id=\"12.1\">pero estas decisiones escapan a mi control<\/strong>\u00ab. \u00abCreo que la segunda tuvo el mismo \u00e9xito que la primera y fue igual de disfrutable para los fans. Me encant\u00f3 trabajar con Doug Jones (Silver Surfer), sin duda un artista fant\u00e1stico y un experto en el campo del movimiento\u00bb, se lament\u00f3. <\/p>\n<p data-journey-content=\"true\" data-node-id=\"13\" class=\"css-i9p093 emevuu60\">\u00abComo actor, casi lamentas cada papel que has interpretado y esto no fue la excepci\u00f3n. <strong data-node-id=\"13.1\">Este fue un gran paso en mi carrera y como fueron dos pel\u00edculas a lo largo de varios a\u00f1os, el personaje se convierte en parte de ti. <\/strong>As\u00ed que creo que el proceso de duelo consiste en que has disfrutado tanto del personaje y no vas a poder volver a interpretarlo\u00bb, a\u00f1adi\u00f3 unos d\u00edas antes de <a href=\"https:\/\/www.menshealth.com\/es\/fitness\/a65526119\/transformacion-john-malkovich-cuatro-fantasticos-primeros-pasos\/\" target=\"_blank\" data-vars-ga-outbound-link=\"https:\/\/www.menshealth.com\/es\/fitness\/a65526119\/transformacion-john-malkovich-cuatro-fantasticos-primeros-pasos\/\" data-vars-ga-ux-element=\"Hyperlink\" data-vars-ga-call-to-action=\"ir al estreno de la nueva saga. \" data-node-id=\"13.3\" class=\"body-link css-1d8p8n5 emevuu60\" rel=\"nofollow noopener\">ir al estreno de la nueva saga. <\/a><\/p>\n<p>Contenidos relacionados<\/p>\n","protected":false},"excerpt":{"rendered":"&#8216;Los cuatro fant\u00e1sticos: primeros pasos&#8217; con Pedro Pascal, Vanessa Kirby, Joseph Quinn y Ebon Moss-Bachrach est\u00e1 siendo todo&hellip;\n","protected":false},"author":2,"featured_media":30060,"comment_status":"","ping_status":"","sticky":false,"template":"","format":"standard","meta":{"footnotes":""},"categories":[169],"tags":[177,253,146,147,25,24,176,175,23],"class_list":{"0":"post-30059","1":"post","2":"type-post","3":"status-publish","4":"format-standard","5":"has-post-thumbnail","7":"category-cine","8":"tag-cine","9":"tag-discover","10":"tag-entertainment","11":"tag-entretenimiento","12":"tag-es","13":"tag-espana","14":"tag-film","15":"tag-movies","16":"tag-spain"},"share_on_mastodon":{"url":"","error":""},"_links":{"self":[{"href":"https:\/\/www.europesays.com\/es\/wp-json\/wp\/v2\/posts\/30059","targetHints":{"allow":["GET"]}}],"collection":[{"href":"https:\/\/www.europesays.com\/es\/wp-json\/wp\/v2\/posts"}],"about":[{"href":"https:\/\/www.europesays.com\/es\/wp-json\/wp\/v2\/types\/post"}],"author":[{"embeddable":true,"href":"https:\/\/www.europesays.com\/es\/wp-json\/wp\/v2\/users\/2"}],"replies":[{"embeddable":true,"href":"https:\/\/www.europesays.com\/es\/wp-json\/wp\/v2\/comments?post=30059"}],"version-history":[{"count":0,"href":"https:\/\/www.europesays.com\/es\/wp-json\/wp\/v2\/posts\/30059\/revisions"}],"wp:featuredmedia":[{"embeddable":true,"href":"https:\/\/www.europesays.com\/es\/wp-json\/wp\/v2\/media\/30060"}],"wp:attachment":[{"href":"https:\/\/www.europesays.com\/es\/wp-json\/wp\/v2\/media?parent=30059"}],"wp:term":[{"taxonomy":"category","embeddable":true,"href":"https:\/\/www.europesays.com\/es\/wp-json\/wp\/v2\/categories?post=30059"},{"taxonomy":"post_tag","embeddable":true,"href":"https:\/\/www.europesays.com\/es\/wp-json\/wp\/v2\/tags?post=30059"}],"curies":[{"name":"wp","href":"https:\/\/api.w.org\/{rel}","templated":true}]}}