{"id":300599,"date":"2025-12-22T00:47:12","date_gmt":"2025-12-22T00:47:12","guid":{"rendered":"https:\/\/www.europesays.com\/es\/300599\/"},"modified":"2025-12-22T00:47:12","modified_gmt":"2025-12-22T00:47:12","slug":"gobierno-del-estado-de-tamaulipas-3","status":"publish","type":"post","link":"https:\/\/www.europesays.com\/es\/300599\/","title":{"rendered":"Gobierno del Estado de Tamaulipas"},"content":{"rendered":"<p>\t\t\t<img width=\"850\" height=\"500\" src=\"https:\/\/www.europesays.com\/es\/wp-content\/uploads\/2025\/12\/SSP-401-2025.-Con-juguetes-y-convivencia-Guardia-Estatal-impulsa-prevencion-social-del-delito-en-San.jpeg\" class=\"img-responsive center-block destacada wp-post-image\" alt=\"\" decoding=\"async\" fetchpriority=\"high\"\/><\/p>\n<p>\u00a0<\/p>\n<p>\u00a0<\/p>\n<p>\u00a0<\/p>\n<p style=\"text-align: center\">-Con estas acciones se contribuye a la construcci\u00f3n de comunidades m\u00e1s seguras<\/p>\n<p style=\"text-align: right\">SSP-401-2025<\/p>\n<p>Diciembre 21 de 2025<\/p>\n<p style=\"text-align: justify\">San Carlos, Tamaulipas. \u2013 Como parte de las acciones de prevenci\u00f3n social del delito y fortalecimiento del tejido comunitario, personal de la Guardia Estatal realiz\u00f3 una jornada de proximidad social y donaci\u00f3n de juguetes en el Ejido Nuevo Camacho, del municipio de San Carlos.<\/p>\n<p style=\"text-align: justify\">La actividad se llev\u00f3 a cabo en el marco de las festividades de fin de a\u00f1o, con la entrega de juguetes, dulces y refrigerios a ni\u00f1as y ni\u00f1os de la comunidad, en una convivencia orientada a evitar la violencia, fomentar valores de solidaridad y promover la inclusi\u00f3n social desde edades tempranas.<\/p>\n<p style=\"text-align: justify\">Estas acciones buscan ofrecer alternativas de sana convivencia y contribuir a la construcci\u00f3n de comunidades m\u00e1s seguras mediante el acercamiento directo entre la corporaci\u00f3n y la ciudadan\u00eda.<\/p>\n<p style=\"text-align: justify\">Adem\u00e1s de la entrega de obsequios, las y los menores tuvieron la oportunidad de conocer de cerca las unidades operativas, subir a ellas y convivir con los elementos de la Guardia Estatal, en un ambiente de respeto y confianza.<\/p>\n<p style=\"text-align: justify\">La actividad incluy\u00f3 juegos, din\u00e1micas y actividades recreativas, fortaleciendo el v\u00ednculo entre la autoridad y la poblaci\u00f3n infantil.<\/p>\n<p style=\"text-align: center\">***<\/p>\n<p>\u00a0<\/p>\n<p>Enlace de descarga.-<\/p>\n<p><a href=\"https:\/\/drive.google.com\/drive\/folders\/1-TGyMCNZKhXNxu12VniMFFiEW584NBMz?usp=sharing\" rel=\"nofollow noopener\" target=\"_blank\">https:\/\/drive.google.com\/drive\/folders\/1-TGyMCNZKhXNxu12VniMFFiEW584NBMz?usp=sharing<\/a><\/p>\n<p>\u00a0<\/p>\n","protected":false},"excerpt":{"rendered":"\u00a0 \u00a0 \u00a0 -Con estas acciones se contribuye a la construcci\u00f3n de comunidades m\u00e1s seguras SSP-401-2025 Diciembre 21&hellip;\n","protected":false},"author":2,"featured_media":300600,"comment_status":"","ping_status":"","sticky":false,"template":"","format":"standard","meta":{"footnotes":""},"categories":[42],"tags":[71032,17,18,13,14,71031,582,71029,11,61,62,63,64,19,20,9,10,15,16,71030,71033,12,21,22,65,66,67],"class_list":{"0":"post-300599","1":"post","2":"type-post","3":"status-publish","4":"format-standard","5":"has-post-thumbnail","7":"category-internacional","8":"tag-americo-villarreal","9":"tag-breaking-news","10":"tag-breakingnews","11":"tag-featured-news","12":"tag-featurednews","13":"tag-gobernador-americo-villarreal","14":"tag-gobierno","15":"tag-gobierno-de-tamaulipas","16":"tag-headlines","17":"tag-internacional","18":"tag-international","19":"tag-international-news","20":"tag-internationalnews","21":"tag-latest-news","22":"tag-latestnews","23":"tag-news","24":"tag-noticias","25":"tag-noticias-destacadas","26":"tag-noticiasdestacadas","27":"tag-tamaulipas","28":"tag-tamps","29":"tag-titulares","30":"tag-ultimas-noticias","31":"tag-ultimasnoticias","32":"tag-world","33":"tag-world-news","34":"tag-worldnews"},"share_on_mastodon":{"url":"https:\/\/pubeurope.com\/@es\/115760467076301019","error":""},"_links":{"self":[{"href":"https:\/\/www.europesays.com\/es\/wp-json\/wp\/v2\/posts\/300599","targetHints":{"allow":["GET"]}}],"collection":[{"href":"https:\/\/www.europesays.com\/es\/wp-json\/wp\/v2\/posts"}],"about":[{"href":"https:\/\/www.europesays.com\/es\/wp-json\/wp\/v2\/types\/post"}],"author":[{"embeddable":true,"href":"https:\/\/www.europesays.com\/es\/wp-json\/wp\/v2\/users\/2"}],"replies":[{"embeddable":true,"href":"https:\/\/www.europesays.com\/es\/wp-json\/wp\/v2\/comments?post=300599"}],"version-history":[{"count":0,"href":"https:\/\/www.europesays.com\/es\/wp-json\/wp\/v2\/posts\/300599\/revisions"}],"wp:featuredmedia":[{"embeddable":true,"href":"https:\/\/www.europesays.com\/es\/wp-json\/wp\/v2\/media\/300600"}],"wp:attachment":[{"href":"https:\/\/www.europesays.com\/es\/wp-json\/wp\/v2\/media?parent=300599"}],"wp:term":[{"taxonomy":"category","embeddable":true,"href":"https:\/\/www.europesays.com\/es\/wp-json\/wp\/v2\/categories?post=300599"},{"taxonomy":"post_tag","embeddable":true,"href":"https:\/\/www.europesays.com\/es\/wp-json\/wp\/v2\/tags?post=300599"}],"curies":[{"name":"wp","href":"https:\/\/api.w.org\/{rel}","templated":true}]}}