{"id":300601,"date":"2025-12-22T00:49:14","date_gmt":"2025-12-22T00:49:14","guid":{"rendered":"https:\/\/www.europesays.com\/es\/300601\/"},"modified":"2025-12-22T00:49:14","modified_gmt":"2025-12-22T00:49:14","slug":"un-altar-historico-para-el-devoto-besamanos","status":"publish","type":"post","link":"https:\/\/www.europesays.com\/es\/300601\/","title":{"rendered":"Un altar hist\u00f3rico para el Devoto Besamanos"},"content":{"rendered":"<p>\t    \t  <img loading=\"lazy\" decoding=\"async\" width=\"400\" height=\"221\" src=\"https:\/\/www.europesays.com\/es\/wp-content\/uploads\/2025\/12\/Noticias-3.jpg\" class=\"attachment- size- wp-post-image\" alt=\"\"  \/>            <\/p>\n<p>Nuestro altar para el Devoto Besamanos, que reinterpreta el dispuesto en San Gil Abad hace ahora 100 a\u00f1os (1925), es gracias en buena parte a la cesi\u00f3n de distintos enseres por parte de varias Hermandades:<\/p>\n<ul>\n<li>\u25aa\ufe0fDosel y gradas \u2013 Hermandad del Rosario de Carri\u00f3n de los C\u00e9spedes<\/li>\n<li>\u25aa\ufe0fL\u00e1mparas \u2013 Hermandad de la Paz\/li&gt;<\/li>\n<li>\u25aa\ufe0fL\u00e1mparas y candelabros del paso de la Virgen de la Encarnaci\u00f3n \u2013 Hermandad de la Cena<\/li>\n<li>\u25aa\ufe0fFrontal paso de Cristo de 1914 \u2013 Hermandad de la Amargura<\/li>\n<\/ul>\n<p>Gracias a todas estas queridas Hermandades por sus generosas aportaciones y que nos han ayudado a hacer realidad este sue\u00f1o de reinterpretar aquel primer Besamanos de Mar\u00eda Sant\u00edsima de la Esperanza Macarena.<\/p>\n<p><\/p>\n","protected":false},"excerpt":{"rendered":"Nuestro altar para el Devoto Besamanos, que reinterpreta el dispuesto en San Gil Abad hace ahora 100 a\u00f1os&hellip;\n","protected":false},"author":2,"featured_media":300602,"comment_status":"","ping_status":"","sticky":false,"template":"","format":"standard","meta":{"footnotes":""},"categories":[8],"tags":[71331,17,18,25,24,13,14,11,29052,19,20,9,10,15,16,23,12,21,22,29053],"class_list":{"0":"post-300601","1":"post","2":"type-post","3":"status-publish","4":"format-standard","5":"has-post-thumbnail","7":"category-espana","8":"tag-un-altar-historico-para-el-devoto-besamanos","9":"tag-breaking-news","10":"tag-breakingnews","11":"tag-es","12":"tag-espana","13":"tag-featured-news","14":"tag-featurednews","15":"tag-headlines","16":"tag-hermandad-de-la-macarena","17":"tag-latest-news","18":"tag-latestnews","19":"tag-news","20":"tag-noticias","21":"tag-noticias-destacadas","22":"tag-noticiasdestacadas","23":"tag-spain","24":"tag-titulares","25":"tag-ultimas-noticias","26":"tag-ultimasnoticias","27":"tag-web-oficial-de-la-hermandad-de-la-macarena"},"share_on_mastodon":{"url":"https:\/\/pubeurope.com\/@es\/115760475172390077","error":""},"_links":{"self":[{"href":"https:\/\/www.europesays.com\/es\/wp-json\/wp\/v2\/posts\/300601","targetHints":{"allow":["GET"]}}],"collection":[{"href":"https:\/\/www.europesays.com\/es\/wp-json\/wp\/v2\/posts"}],"about":[{"href":"https:\/\/www.europesays.com\/es\/wp-json\/wp\/v2\/types\/post"}],"author":[{"embeddable":true,"href":"https:\/\/www.europesays.com\/es\/wp-json\/wp\/v2\/users\/2"}],"replies":[{"embeddable":true,"href":"https:\/\/www.europesays.com\/es\/wp-json\/wp\/v2\/comments?post=300601"}],"version-history":[{"count":0,"href":"https:\/\/www.europesays.com\/es\/wp-json\/wp\/v2\/posts\/300601\/revisions"}],"wp:featuredmedia":[{"embeddable":true,"href":"https:\/\/www.europesays.com\/es\/wp-json\/wp\/v2\/media\/300602"}],"wp:attachment":[{"href":"https:\/\/www.europesays.com\/es\/wp-json\/wp\/v2\/media?parent=300601"}],"wp:term":[{"taxonomy":"category","embeddable":true,"href":"https:\/\/www.europesays.com\/es\/wp-json\/wp\/v2\/categories?post=300601"},{"taxonomy":"post_tag","embeddable":true,"href":"https:\/\/www.europesays.com\/es\/wp-json\/wp\/v2\/tags?post=300601"}],"curies":[{"name":"wp","href":"https:\/\/api.w.org\/{rel}","templated":true}]}}