{"id":300603,"date":"2025-12-22T00:50:20","date_gmt":"2025-12-22T00:50:20","guid":{"rendered":"https:\/\/www.europesays.com\/es\/300603\/"},"modified":"2025-12-22T00:50:20","modified_gmt":"2025-12-22T00:50:20","slug":"golazo-con-susto-para-el-canterano-del-barca","status":"publish","type":"post","link":"https:\/\/www.europesays.com\/es\/300603\/","title":{"rendered":"golazo con susto para el canterano del Bar\u00e7a"},"content":{"rendered":"<p>                        El jugador del Elche ha avanzado a su equipo ante el Rayo Vallecano con un disparo alto pero ha tenido que abandonar el terreno de juego al hacerse da\u00f1o en su hombro izquierdo en la celebraci\u00f3n\n<\/p>\n<p><img src=\"https:\/\/www.mundodeportivo.com\/files\/image_449_220\/uploads\/2025\/12\/21\/694832bf74d66.jpeg\" data-full-src=\"https:\/\/www.europesays.com\/es\/wp-content\/uploads\/2025\/12\/694832bf74d66.jpeg\" alt=\"H\u00e9ctor Fort celebra su gol ante el Rayo Vallecano\" width=\"449\" height=\"220\" class=\"nolazy\" decoding=\"async\" fetchpriority=\"high\"\/><\/p>\n<p class=\"caption-title \">H\u00e9ctor Fort celebra su gol ante el Rayo Vallecano<\/p>\n<p>Twitter<\/p>\n<p>                <img loading=\"lazy\" decoding=\"async\" width=\"60\" height=\"60\" alt=\"H\u00e9ctor Fort: golazo con susto para el canterano del Bar\u00e7a\" title=\"\" src=\"\/files\/image_60_60\/uploads\/2025\/01\/28\/6798a4ad9d394.png\" class=\"lazy\"\/><\/p>\n<p>\n                        Actualizado a  21\/12\/2025 18:49 CET\n                    <\/p>\n<p data-gtm-element-container=\"modulo-texto-link\" class=\"paragraph\">El Elche se ha avanzado en su partido de la <strong>Liga EA Sport <\/strong>ante el Rayo Vallecano gracias a un aut\u00e9ntico golazo de <strong>H\u00e9ctor Fort.<\/strong> El canterano del Bar\u00e7a se ha estrenado como goleador en la m\u00e1xima divisi\u00f3n del f\u00fatbol espa\u00f1ol para poner el 1-0 en el minuto seis de partido. una gran noticia que, no obstante, ha tenido un sabor agridulce por el susto que se ha llevado el jugador en forma de lesi\u00f3n que le ha obligado a tener que abandonar el terreno de juego.<\/p>\n<blockquote class=\"twitter-tweet\" data-lang=\"es\"><p>\n<a href=\"https:\/\/twitter.com\/GoalsXtra\/status\/2002795862502871341\" rel=\"nofollow noopener\" target=\"_blank\">\n<\/p><\/blockquote>\n<p data-gtm-element-container=\"modulo-texto-link\" class=\"paragraph\">Menudo golazo se acaba de inventar <strong>H\u00e9ctor Fort<\/strong>, que se ha hecho da\u00f1o en su hombro izquierdo en la celebraci\u00f3n. Ha recibido en la frontal del \u00e1rea, y tras un regate a mucha velocidad, ha definido con un disparo alto, imposible para Batalla.\u00a0<\/p>\n<p data-gtm-element-container=\"modulo-texto-link\" class=\"paragraph\">La mala noticia es que no va a poder continuar en el partido el cedido por el Barcelona, por lo que ha tenido que ser sustituido y se pierde el resto del partido, a la espera de conocer el alcance de su lesi\u00f3n.\u00a0Fort se ha ido directo a vestuarios y entra Neto.<\/p>\n<p>\n        Mostrar comentarios\n    <\/p>\n<p>{\u00aballowComment\u00bb:\u00bballowed\u00bb,\u00bbarticleId\u00bb:\u00bbarticle-1002590661&#8243;,\u00bburl\u00bb:\u00bbhttps:\\\/\\\/www.mundodeportivo.com\\\/futbol\\\/20251221\\\/1002590661\\\/hector-fort-golazo-susto-canterano-barca.html\u00bb,\u00bblivefyre-url\u00bb:\u00bbarticle-1002590661&#8243;}<\/p>\n<p>Cargando siguiente contenido&#8230;\n                <\/p>\n<p>    <script async src=\"https:\/\/platform.twitter.com\/widgets.js\" charset=\"utf-8\"><\/script><\/p>\n","protected":false},"excerpt":{"rendered":"El jugador del Elche ha avanzado a su equipo ante el Rayo Vallecano con un disparo alto pero&hellip;\n","protected":false},"author":2,"featured_media":300604,"comment_status":"","ping_status":"","sticky":false,"template":"","format":"standard","meta":{"footnotes":""},"categories":[5],"tags":[17,18,25,24,13,14,11,19,20,9,10,15,16,23,12,21,22],"class_list":{"0":"post-300603","1":"post","2":"type-post","3":"status-publish","4":"format-standard","5":"has-post-thumbnail","7":"category-titulares","8":"tag-breaking-news","9":"tag-breakingnews","10":"tag-es","11":"tag-espana","12":"tag-featured-news","13":"tag-featurednews","14":"tag-headlines","15":"tag-latest-news","16":"tag-latestnews","17":"tag-news","18":"tag-noticias","19":"tag-noticias-destacadas","20":"tag-noticiasdestacadas","21":"tag-spain","22":"tag-titulares","23":"tag-ultimas-noticias","24":"tag-ultimasnoticias"},"share_on_mastodon":{"url":"https:\/\/pubeurope.com\/@es\/115760478763783109","error":""},"_links":{"self":[{"href":"https:\/\/www.europesays.com\/es\/wp-json\/wp\/v2\/posts\/300603","targetHints":{"allow":["GET"]}}],"collection":[{"href":"https:\/\/www.europesays.com\/es\/wp-json\/wp\/v2\/posts"}],"about":[{"href":"https:\/\/www.europesays.com\/es\/wp-json\/wp\/v2\/types\/post"}],"author":[{"embeddable":true,"href":"https:\/\/www.europesays.com\/es\/wp-json\/wp\/v2\/users\/2"}],"replies":[{"embeddable":true,"href":"https:\/\/www.europesays.com\/es\/wp-json\/wp\/v2\/comments?post=300603"}],"version-history":[{"count":0,"href":"https:\/\/www.europesays.com\/es\/wp-json\/wp\/v2\/posts\/300603\/revisions"}],"wp:featuredmedia":[{"embeddable":true,"href":"https:\/\/www.europesays.com\/es\/wp-json\/wp\/v2\/media\/300604"}],"wp:attachment":[{"href":"https:\/\/www.europesays.com\/es\/wp-json\/wp\/v2\/media?parent=300603"}],"wp:term":[{"taxonomy":"category","embeddable":true,"href":"https:\/\/www.europesays.com\/es\/wp-json\/wp\/v2\/categories?post=300603"},{"taxonomy":"post_tag","embeddable":true,"href":"https:\/\/www.europesays.com\/es\/wp-json\/wp\/v2\/tags?post=300603"}],"curies":[{"name":"wp","href":"https:\/\/api.w.org\/{rel}","templated":true}]}}