{"id":300629,"date":"2025-12-22T01:14:20","date_gmt":"2025-12-22T01:14:20","guid":{"rendered":"https:\/\/www.europesays.com\/es\/300629\/"},"modified":"2025-12-22T01:14:20","modified_gmt":"2025-12-22T01:14:20","slug":"la-diputacion-y-el-ayuntamiento-de-pedro-abad-firman-un-convenio-para-la-remodelacion-del-parque-de-la-barriada-pablo-iglesias","status":"publish","type":"post","link":"https:\/\/www.europesays.com\/es\/300629\/","title":{"rendered":"La Diputaci\u00f3n y el Ayuntamiento de Pedro Abad firman un convenio para la remodelaci\u00f3n del parque de la Barriada Pablo Iglesias"},"content":{"rendered":"<p>La Diputaci\u00f3n de C\u00f3rdoba ha firmado un convenio con el Ayuntamiento de Pedro Abad por el que ambas instituciones se comprometen a la remodelaci\u00f3n del parque de la Barriada Pablo Iglesias del municipio, un proyecto \u201cque va a suponer una rehabilitaci\u00f3n muy demandada por los vecinos y vecinas, especialmente la mejora de la red de abastecimiento\u201d.<\/p>\n<p>As\u00ed lo ha manifestado el presidente de la instituci\u00f3n provincial, Salvador Fuentes, que junto con el alcalde del municipio, Juan Antonio Reyes, ha suscrito un acuerdo que \u201cva a permitir una inversi\u00f3n de 55.000 euros por parte de la Diputaci\u00f3n, mientras que el ayuntamiento se compromete a aportar 4.998,32 euros\u201d.<\/p>\n<p>Fuentes ha a\u00f1adido que \u201cel objetivo de este convenio es impulsar la remodelaci\u00f3n de los acerados en el parque de la Barriada Pablo Iglesias en el que se han detectado hundimientos y baches, para lo que se ha redactado un proyecto t\u00e9cnico que se ejecutar\u00e1 en un \u00e1rea que delimita lateralmente la zona de vividas y en un vial de mantenimiento que circunvala el barrio para protegerlo de inundaciones\u201d.<\/p>\n<p>Fuentes ha a\u00f1adido que \u201cel proyecto va a permitir dotar a la zona de un acerado con pendiente continua y completarlo en las zonas donde sea necesario. Adem\u00e1s, en la ejecuci\u00f3n de las obras se va a incluir la mejora de las instalaciones de saneamiento, que est\u00e1n muy deterioradas, y las de abastecimiento, que en la actualidad son insuficientes\u201d.<\/p>\n<p>El m\u00e1ximo responsable de la instituci\u00f3n provincial ha destacado que con esta actuaci\u00f3n \u201cestamos contribuyendo a la mejora de la calidad de vida de los vecinos de una zona muy concurrida puesto que aqu\u00ed se ubica un parque infantil, que acaba de ser remodelado por el Ayuntamiento, muy frecuentado por familias con ni\u00f1os\u201d.<\/p>\n<p>\u201cAdem\u00e1s, se trata de un entorno en el que estamos aportando un acerado m\u00e1s seguro y accesible para el conjunto de los vecinos, pero muy especialmente para aquellas personas que cuentan con movilidad reducida\u201d, ha apostillado Fuentes.<\/p>\n<p>La ejecuci\u00f3n del proyecto se ha previsto en tres fases que se iniciar\u00e1n con los trabajos preparatorios y de planificaci\u00f3n que ocupar\u00e1n del 1 de diciembre de 2025 al 30 de junio de 2026. A partir de esta fecha se pondr\u00e1 en marcha la ejecuci\u00f3n efectiva de las obras con una duraci\u00f3n prevista de cuatro meses que finalizar\u00e1n el 30 de octubre.<\/p>\n<p>Por \u00faltimo, la fase final con el control de resultados tendr\u00e1 un plazo de dos meses, con una fecha de cierre prevista para el 31 de diciembre de 2026.<\/p>\n","protected":false},"excerpt":{"rendered":"La Diputaci\u00f3n de C\u00f3rdoba ha firmado un convenio con el Ayuntamiento de Pedro Abad por el que ambas&hellip;\n","protected":false},"author":2,"featured_media":300630,"comment_status":"","ping_status":"","sticky":false,"template":"","format":"standard","meta":{"footnotes":""},"categories":[5],"tags":[17,18,25,24,13,14,11,19,20,9,10,15,16,23,12,21,22],"class_list":{"0":"post-300629","1":"post","2":"type-post","3":"status-publish","4":"format-standard","5":"has-post-thumbnail","7":"category-titulares","8":"tag-breaking-news","9":"tag-breakingnews","10":"tag-es","11":"tag-espana","12":"tag-featured-news","13":"tag-featurednews","14":"tag-headlines","15":"tag-latest-news","16":"tag-latestnews","17":"tag-news","18":"tag-noticias","19":"tag-noticias-destacadas","20":"tag-noticiasdestacadas","21":"tag-spain","22":"tag-titulares","23":"tag-ultimas-noticias","24":"tag-ultimasnoticias"},"share_on_mastodon":{"url":"https:\/\/pubeurope.com\/@es\/115760572853267935","error":""},"_links":{"self":[{"href":"https:\/\/www.europesays.com\/es\/wp-json\/wp\/v2\/posts\/300629","targetHints":{"allow":["GET"]}}],"collection":[{"href":"https:\/\/www.europesays.com\/es\/wp-json\/wp\/v2\/posts"}],"about":[{"href":"https:\/\/www.europesays.com\/es\/wp-json\/wp\/v2\/types\/post"}],"author":[{"embeddable":true,"href":"https:\/\/www.europesays.com\/es\/wp-json\/wp\/v2\/users\/2"}],"replies":[{"embeddable":true,"href":"https:\/\/www.europesays.com\/es\/wp-json\/wp\/v2\/comments?post=300629"}],"version-history":[{"count":0,"href":"https:\/\/www.europesays.com\/es\/wp-json\/wp\/v2\/posts\/300629\/revisions"}],"wp:featuredmedia":[{"embeddable":true,"href":"https:\/\/www.europesays.com\/es\/wp-json\/wp\/v2\/media\/300630"}],"wp:attachment":[{"href":"https:\/\/www.europesays.com\/es\/wp-json\/wp\/v2\/media?parent=300629"}],"wp:term":[{"taxonomy":"category","embeddable":true,"href":"https:\/\/www.europesays.com\/es\/wp-json\/wp\/v2\/categories?post=300629"},{"taxonomy":"post_tag","embeddable":true,"href":"https:\/\/www.europesays.com\/es\/wp-json\/wp\/v2\/tags?post=300629"}],"curies":[{"name":"wp","href":"https:\/\/api.w.org\/{rel}","templated":true}]}}