{"id":300633,"date":"2025-12-22T01:23:09","date_gmt":"2025-12-22T01:23:09","guid":{"rendered":"https:\/\/www.europesays.com\/es\/300633\/"},"modified":"2025-12-22T01:23:09","modified_gmt":"2025-12-22T01:23:09","slug":"el-real-oviedo-seguira-mirando-al-otro-lado-del-charco","status":"publish","type":"post","link":"https:\/\/www.europesays.com\/es\/300633\/","title":{"rendered":"el Real Oviedo seguir\u00e1 mirando al otro lado del charco"},"content":{"rendered":"<p>\t\t \t\t\tNicol\u00e1s Fonseca, con el Club Le\u00f3n <strong class=\"pd-l\">Club Le\u00f3n  <\/strong><\/p>\n<p>\t\t\t\t\t\tSi nada se tuerce, el centrocampista uruguayo de Club Le\u00f3n ser\u00e1 el primer refuerzo del Oviedo en el mercado invernal. Salom\u00f3n Rond\u00f3n podr\u00eda ser otro de los protagonistas de las pr\u00f3ximas semanas<br \/>\n\t\t\t\t\t\t<strong>21 dic 2025<\/strong> . Actualizado a las 21:59 h.\t\t\t\t\t\t<\/p>\n<p class=\"first-paragraph txt\">En este mercado invernal que est\u00e1 a punto de comenzar, el <strong>Grupo Pachuca<\/strong> tratar\u00e1 de reforzar la plantilla del <strong>Real Oviedo<\/strong> y solucionar los errores del mercado veraniego con m\u00e1s &#8216;modelo Pachuca&#8217;.\u00a0Y <strong>Nico Fonseca<\/strong> (N\u00e1poles; 1998) es el primer ejemplo. El centrocampista de 27 a\u00f1os, internacional con Uruguay y con pasaporte italiano debido a que naci\u00f3 en N\u00e1poles cuando su padre, Daniel Fonseca, jugaba en la Serie A, ya se ha despedido de sus compa\u00f1eros de Club Le\u00f3n y<strong> su viaje a Espa\u00f1a para firmar por el Real Oviedo es inminente.<\/strong> Mediocentro de corte defensivo, llegar\u00e1 cedido a la capital del Principado y su llegada significar\u00e1 la salida de alg\u00fan centrocampista de la plantilla, siendo Kwasi Sibo y Luka Ilic los principales candidatos.\u00a0<\/p>\n<p class=\"txt\">&#13;<br \/>\n\t\t&#13;<br \/>\n\t\t\t&#13;<br \/>\n\t\t&#13;<br \/>\n\t\t&#13;<br \/>\n\t\t&#13;<br \/>\n\t\t\t\t\t\t\t\t\t\t\t\t&#13;<br \/>\n\t\t\t\t\t\t\t\t&#13;<br \/>\n&#13;<br \/>\n&#13;<\/p>\n<p>\t\t\t&#13;<br \/>\n\t&#13;<\/p>\n<p>\t\t\t<a href=\"https:\/\/www.lavozdeasturias.es\/noticia\/azulcarbayon\/2025\/12\/21\/vetu\/00031766318719457545835.htm\" data-analytics=\"link-embed\" rel=\"nofollow noopener\" target=\"_blank\">El Vetusta cierra un sobresaliente 2025 goleando al l\u00edder<\/a><\/p>\n<p class=\"a-min-author\">\n<p>\t\t\t\t\t\t\t\t\t\t\tPablo Fern\u00e1ndez<\/p>\n<p>\t&#13;<br \/>\n\t&#13;<br \/>\n&#13;<br \/>\n\t\t\t\t&#13;<br \/>\n\t\t\t\t&#13;<br \/>\n\t&#13;<br \/>\n\t\t\t&#13;<br \/>\n\t\t\t&#13;<br \/>\n\t\t&#13;\n<\/p>\n<p class=\"txt\">El pasado mes de enero,<strong> Club Le\u00f3n pag\u00f3 m\u00e1s de 2 millones de d\u00f3lares a River Plate por el 60% de los derechos de Nico Fonseca<\/strong>, que suma seis internacionalidades con Uruguay. Este pasado verano el Valencia estuvo cerca de firmarle, pero finalmente el club che no lleg\u00f3 a un acuerdo econ\u00f3mico con el Grupo Pachuca. Fonseca se va de M\u00e9xico tras disputar 35 partidos. Antes de Le\u00f3n y River Plate, el centrocampista visti\u00f3 las camisetas del Wanderers uruguayo y del Novara italiano. La del internacional uruguayo ser\u00e1 <strong>la tercera cesi\u00f3n del Club Le\u00f3n al Real Oviedo tras las de Santiago Colombatto y Fede Vi\u00f1as.<\/strong> Hay que recordar que Salom\u00f3n Rond\u00f3n est\u00e1 cedido por los Tuzos de Pachuca y David Carmo por el Nottingham Forest. El l\u00edmite de cesiones que establece la FIFA entre clubes de diferentes federaciones es de seis, as\u00ed que el Oviedo tendr\u00eda margen para una cesi\u00f3n m\u00e1s. Eso s\u00ed, los cuatro actuales podr\u00edan no terminar la temporada.\u00a0<\/p>\n<p class=\"txt\">&#13;<br \/>\n\t\t&#13;<br \/>\n\t\t\t&#13;<br \/>\n\t\t&#13;<br \/>\n\t\t&#13;<br \/>\n\t\t&#13;<br \/>\n\t\t\t\t\t\t\t\t\t\t\t\t&#13;<br \/>\n\t\t\t\t\t\t\t\t&#13;<br \/>\n&#13;<br \/>\n&#13;<\/p>\n<p>\t\t\t&#13;<br \/>\n\t&#13;<\/p>\n<p>\t\t\t<a href=\"https:\/\/www.lavozdeasturias.es\/noticia\/azulcarbayon\/2025\/12\/20\/oviedo-celta\/00031766239307317499299.htm\" data-analytics=\"link-embed\" rel=\"nofollow noopener\" target=\"_blank\">Al Real Oviedo se le olvid\u00f3 ganar<\/a><\/p>\n<p class=\"a-min-author\">\n<p>\t\t\t\t\t\t\t\t\t\t\tPablo Fern\u00e1ndez<\/p>\n<p>\t&#13;<br \/>\n\t&#13;<br \/>\n&#13;<br \/>\n\t\t\t\t&#13;<br \/>\n\t\t\t\t&#13;<br \/>\n\t&#13;<br \/>\n\t\t\t&#13;<br \/>\n\t\t\t&#13;<br \/>\n\t\t&#13;\n<\/p>\n<p class=\"txt\"><strong>Salom\u00f3n Rond\u00f3n<\/strong>, pichichi del equipo con 2 goles y una de las apuestas personales de Jes\u00fas Mart\u00ednez este verano, es candidato a salir en las pr\u00f3ximas semanas. Su salida, en teor\u00eda, ser\u00eda para volver a Pachuca. No hay nada cerrado, pero la salida de Rond\u00f3n es<strong> una opci\u00f3n que ahora s\u00ed est\u00e1 sobre la mesa del club carbay\u00f3n y que hace semanas no lo estaba<\/strong>. De las 17 jornadas disputadas por el Real Oviedo hasta la fecha, Rond\u00f3n particip\u00f3 en todas y fue titular en 13, siendo el tercer jugador de campo carbay\u00f3n con m\u00e1s minutos disputados tras Dendoncker y Rahim.\u00a0\u00abEs un jugadorazo, le hice debutar con 16 a\u00f1os. No he conversado ni con Jes\u00fas ni con Mart\u00edn. Desconozco qui\u00e9n puede venir, pero la liga mexicana tiene un gran nivel de futbolistas. Veremos qu\u00e9 posibilidades tiene el club\u00bb, dijo Guillermo Almada sobre <strong>El\u00edas Montiel<\/strong> tras empatar ante el Celta. El mediocentro de Pachuca, de solo 20 a\u00f1os y al que el actual t\u00e9cnico del Oviedo hizo debutar en los Tuzos, lleva sonando varios d\u00edas en M\u00e9xico como opci\u00f3n para reforzar al Oviedo, pero de momento <strong>las partes implicadas niegan la operaci\u00f3n.<\/strong><\/p>\n<p class=\"txt\">&#13;<br \/>\n\t\t&#13;<br \/>\n\t\t\t&#13;<br \/>\n\t\t&#13;<br \/>\n\t\t&#13;<br \/>\n\t\t&#13;<br \/>\n\t\t\t\t\t\t\t\t\t\t\t\t&#13;<br \/>\n\t\t\t\t\t\t\t\t&#13;<br \/>\n&#13;<br \/>\n&#13;<\/p>\n<p>\t\t\t&#13;<br \/>\n\t&#13;<\/p>\n<p>\t\t\t<a href=\"https:\/\/www.lavozdeasturias.es\/noticia\/azulcarbayon\/2025\/12\/21\/protesta-despues-animacion-durante-partido-vivio-aficion-azul-oviedo-celta\/00031766317411614554248.htm\" data-analytics=\"link-embed\" rel=\"nofollow noopener\" target=\"_blank\">Protesta antes y despu\u00e9s, animaci\u00f3n durante el partido: as\u00ed vivi\u00f3 la afici\u00f3n azul el Oviedo-Celta<\/a><\/p>\n<p class=\"a-min-author\">\n<p>\t\t\t\t\t\t\t\t\t\t\tP.F.<\/p>\n<p>\t&#13;<br \/>\n\t&#13;<br \/>\n&#13;<br \/>\n\t\t\t\t&#13;<br \/>\n\t\t\t\t&#13;<br \/>\n\t&#13;<br \/>\n\t\t\t&#13;<br \/>\n\t\t\t&#13;<br \/>\n\t\t&#13;\n<\/p>\n<p class=\"txt\">Adem\u00e1s, desde Argentina los compa\u00f1eros de\u00a0TyC Sports han vuelto a hablar del<strong> inter\u00e9s del Grupo Pachuca en el central Kevin Lom\u00f3naco. E<\/strong>l zaguero de 23 a\u00f1os, gran promesa del f\u00fatbol argentino, podr\u00eda salir de Independiente por una cantidad inferior a los 10 millones de d\u00f3lares y el objetivo ser\u00eda que jugase en el club carbay\u00f3n, aunque tambi\u00e9n desde Argentina est\u00e1n deslizando que el futbolista no quiere, por ahora, salir de Independiente.<\/p>\n<p>&#13;<br \/>\n\tArchivado en:&#13;<br \/>\n\t\t\t\t\t<a href=\"https:\/\/www.lavozdeasturias.es\/temas\/real-oviedo\/\" target=\"_blank\" class=\"mg-l\" rel=\"nofollow noopener\">Real Oviedo<\/a>&#13;<br \/>\n\t\t\t\t\t<a href=\"https:\/\/www.lavozdeasturias.es\/temas\/oviedo\/\" target=\"_blank\" class=\"mg-l\" rel=\"nofollow noopener\">Oviedo<\/a>&#13;<br \/>\n\t\t\t\t\t<a href=\"https:\/\/www.lavozdeasturias.es\/temas\/uruguay\/\" target=\"_blank\" class=\"mg-l\" rel=\"nofollow noopener\">Uruguay<\/a>&#13;<br \/>\n\t\t\t\t\t<a href=\"https:\/\/www.lavozdeasturias.es\/temas\/leon\/\" target=\"_blank\" class=\"mg-l\" rel=\"nofollow noopener\">Le\u00f3n<\/a>&#13;<br \/>\n\t\t\t\t\t<a href=\"https:\/\/www.lavozdeasturias.es\/temas\/mexico\/\" target=\"_blank\" class=\"mg-l\" rel=\"nofollow noopener\">M\u00e9xico<\/a>&#13;<br \/>\n\t\t\t        \t&#13;<\/p>\n","protected":false},"excerpt":{"rendered":"Nicol\u00e1s Fonseca, con el Club Le\u00f3n Club Le\u00f3n Si nada se tuerce, el centrocampista uruguayo de Club Le\u00f3n&hellip;\n","protected":false},"author":2,"featured_media":300634,"comment_status":"","ping_status":"","sticky":false,"template":"","format":"standard","meta":{"footnotes":""},"categories":[268],"tags":[283,290,168,25,24,14013,280,282,57045,4108,1906,1796,3302,281,23,167,13862,5419,3518],"class_list":{"0":"post-300633","1":"post","2":"type-post","3":"status-publish","4":"format-standard","5":"has-post-thumbnail","7":"category-futbol","8":"tag-argentina","9":"tag-celta","10":"tag-deportes","11":"tag-es","12":"tag-espana","13":"tag-fifa","14":"tag-football","15":"tag-futbol","16":"tag-javi-rueda","17":"tag-leon","18":"tag-mexico","19":"tag-oviedo","20":"tag-real-oviedo","21":"tag-soccer","22":"tag-spain","23":"tag-sports","24":"tag-uruguay","25":"tag-valencia-cf","26":"tag-vigo-ciudad"},"share_on_mastodon":{"url":"https:\/\/pubeurope.com\/@es\/115760608534859498","error":""},"_links":{"self":[{"href":"https:\/\/www.europesays.com\/es\/wp-json\/wp\/v2\/posts\/300633","targetHints":{"allow":["GET"]}}],"collection":[{"href":"https:\/\/www.europesays.com\/es\/wp-json\/wp\/v2\/posts"}],"about":[{"href":"https:\/\/www.europesays.com\/es\/wp-json\/wp\/v2\/types\/post"}],"author":[{"embeddable":true,"href":"https:\/\/www.europesays.com\/es\/wp-json\/wp\/v2\/users\/2"}],"replies":[{"embeddable":true,"href":"https:\/\/www.europesays.com\/es\/wp-json\/wp\/v2\/comments?post=300633"}],"version-history":[{"count":0,"href":"https:\/\/www.europesays.com\/es\/wp-json\/wp\/v2\/posts\/300633\/revisions"}],"wp:featuredmedia":[{"embeddable":true,"href":"https:\/\/www.europesays.com\/es\/wp-json\/wp\/v2\/media\/300634"}],"wp:attachment":[{"href":"https:\/\/www.europesays.com\/es\/wp-json\/wp\/v2\/media?parent=300633"}],"wp:term":[{"taxonomy":"category","embeddable":true,"href":"https:\/\/www.europesays.com\/es\/wp-json\/wp\/v2\/categories?post=300633"},{"taxonomy":"post_tag","embeddable":true,"href":"https:\/\/www.europesays.com\/es\/wp-json\/wp\/v2\/tags?post=300633"}],"curies":[{"name":"wp","href":"https:\/\/api.w.org\/{rel}","templated":true}]}}