{"id":300651,"date":"2025-12-22T01:37:15","date_gmt":"2025-12-22T01:37:15","guid":{"rendered":"https:\/\/www.europesays.com\/es\/300651\/"},"modified":"2025-12-22T01:37:15","modified_gmt":"2025-12-22T01:37:15","slug":"la-banda-sinfonica-de-la-union-musical-de-benidorm-llena-el-centro-cultural-para-su-concierto-extraordinario","status":"publish","type":"post","link":"https:\/\/www.europesays.com\/es\/300651\/","title":{"rendered":"La Banda Sinf\u00f3nica de la Uni\u00f3n Musical de Benidorm llena el Centro Cultural para su concierto extraordinario"},"content":{"rendered":"<p>El auditorio del Centro Cultural ha acogido esta tarde noche el concierto extraordinario de la Banda Sinf\u00f3nica de la Uni\u00f3n Musical de Benidorm (UMB), un evento que se enmarca dentro de las cuadrag\u00e9simo cuartas Jornadas M\u00fasico-culturales de la entidad y que da inicio a los actos del centenario de la entidad.<\/p>\n<p>Alrededor de 400 personas han asistido al concierto que ha comenzado pasadas las 19 horas, entre ellas, el alcalde, Toni P\u00e9rez; el concejal de Cultura, Jaime Jes\u00fas P\u00e9rez; otros miembros de la Corporaci\u00f3n municipal y el diputado auton\u00f3mico Jos\u00e9 Ram\u00f3n Gonz\u00e1lez de Z\u00e1rate. Tambi\u00e9n han asistido las reinas de las Festes Majors Patronals, Paula Pascual y Aitana P\u00e9rez, as\u00ed como el presidente de la Comissi\u00f3, Ram\u00f3n Cano, y representantes de la sociedad civil de la ciudad<\/p>\n<p>Antes de iniciarse el concierto, se han incorporado seis nuevos m\u00fasicos a la Banda Sinf\u00f3nica: Mario Ferrer (trompeta), Amaia Luc\u00eda Garc\u00eda (flauta), Mar\u00eda Luisa Arenas (saxo), Vladyslav Koval (saxo), Yennifer Esther Mesa (fagot) y Mireia L\u00f3pez (fagot).<\/p>\n<p>El director titular de la entidad, Rafa G\u00f3mez Parra, ha conducido a la banda que ha interpretado un programa compuesto por las piezas \u2018Yakka\u2019 de Jos\u00e9 Rafael Pascual Vilaplana, y ha continuado con el estreno de la obra \u2018Caminant cap al Centenari\u2019 de Frank J. Cogollos. Le ha seguido \u2018El jard\u00edn de Hera\u2019, de Jos\u00e9 Su\u00f1er-Oriola y \u2018Libertadores\u2019, de \u00d3scar Navarro.<\/p>\n<p>Antes de interpretar la \u00faltima pieza del programa se ha reconocido a Victoria Greeven como m\u00fasico del a\u00f1o, distinci\u00f3n que ha recogido de manos de la presidenta de la sociedad, M\u00aa Carmen Garc\u00eda y del alcalde Toni P\u00e9rez. Precisamente la presidenta de la UMB ha destacado que hoy se iniciaban \u201clos actos del centenario para honrar a nuestra historia\u201d a los que ha invitado \u201ca toda la ciudadan\u00eda a participar\u201d. Muy emocionada en su intervenci\u00f3n, Mari Carmen Garc\u00eda ha calificado de \u201cfant\u00e1stico\u201d el repertorio escogido y ha emplazado a todos al Concierto de A\u00f1o Nuevo del 1 de enero, que pondr\u00e1 fin a las Jornadas en honor a Santa Cecilia. \u201cLa UMB es la casa de todos los m\u00fasicos y siempre tendr\u00e1 las puertas abiertas para todos\u201d ha finalizado.\u00a0<\/p>\n<p>Acto seguido, el alcalde ha subrayado el \u201cmomento extraordinario\u201d que vive la entidad, mientras resaltaba que \u201chay casi cien m\u00fasicos en el escenario\u201d. \u201cEs un conciertazo\u201d ha dicho, antes de referirse a un programa de actos del centenario \u201ccargado de eventos\u201d y que \u201ccoincide con el centenario de la coronaci\u00f3n de nuestra patrona y alcaldesa perpetua\u201d.<\/p>\n<p>Toni P\u00e9rez tambi\u00e9n ha tenido palabras para \u201cla espectacular obra que se ha estrenado hoy aqu\u00ed\u201d, por lo que ha felicitado al autor. \u201cEsta ciudad necesita y quiere a la Uni\u00f3n Musical. Muchas felicidades y feliz Navidad a todos\u201d ha concluido el primer edil.\u00a0<\/p>\n<p>Tambi\u00e9n el director de la UMB ha querido dirigirse a los presentes para enfatizar la \u201cgran dificultad\u201d de lo que se ha hecho hoy aqu\u00ed, en alusi\u00f3n al programa interpretado. Ha agradecido a Juan Antonio Espinosa, \u201cun referente para m\u00ed\u201d, porque sin su figura \u201choy yo no estar\u00eda aqu\u00ed\u201d. La jornada ha terminado con la interpretaci\u00f3n fuera de programa de un bis compuesto por varias canciones navide\u00f1as.<\/p>\n<p>El domingo 21 de diciembre, los actos continuar\u00e1n con el concierto de Navidad a cargo de la coral, junto con el grupo de cuerda de la UMB. Ser\u00e1 a las 20 horas en la iglesia de San Jaime con la direcci\u00f3n de Joaqu\u00edn Garc\u00eda Fern\u00e1ndez.<br \/>\u00a0<\/p>\n","protected":false},"excerpt":{"rendered":"El auditorio del Centro Cultural ha acogido esta tarde noche el concierto extraordinario de la Banda Sinf\u00f3nica de&hellip;\n","protected":false},"author":2,"featured_media":300652,"comment_status":"","ping_status":"","sticky":false,"template":"","format":"standard","meta":{"footnotes":""},"categories":[8],"tags":[17,18,5204,54567,2339,209,25,24,13,14,11,20073,19,20,9,10,15,16,63642,23,12,2506,21,22,69173],"class_list":{"0":"post-300651","1":"post","2":"type-post","3":"status-publish","4":"format-standard","5":"has-post-thumbnail","7":"category-espana","8":"tag-breaking-news","9":"tag-breakingnews","10":"tag-centenario","11":"tag-centro-cultural","12":"tag-concierto","13":"tag-cultura","14":"tag-es","15":"tag-espana","16":"tag-featured-news","17":"tag-featurednews","18":"tag-headlines","19":"tag-jaime-jesus-perez","20":"tag-latest-news","21":"tag-latestnews","22":"tag-news","23":"tag-noticias","24":"tag-noticias-destacadas","25":"tag-noticiasdestacadas","26":"tag-santa-cecilia","27":"tag-spain","28":"tag-titulares","29":"tag-toni-perez","30":"tag-ultimas-noticias","31":"tag-ultimasnoticias","32":"tag-union-musical-de-benidorm"},"share_on_mastodon":{"url":"https:\/\/pubeurope.com\/@es\/115760663641699484","error":""},"_links":{"self":[{"href":"https:\/\/www.europesays.com\/es\/wp-json\/wp\/v2\/posts\/300651","targetHints":{"allow":["GET"]}}],"collection":[{"href":"https:\/\/www.europesays.com\/es\/wp-json\/wp\/v2\/posts"}],"about":[{"href":"https:\/\/www.europesays.com\/es\/wp-json\/wp\/v2\/types\/post"}],"author":[{"embeddable":true,"href":"https:\/\/www.europesays.com\/es\/wp-json\/wp\/v2\/users\/2"}],"replies":[{"embeddable":true,"href":"https:\/\/www.europesays.com\/es\/wp-json\/wp\/v2\/comments?post=300651"}],"version-history":[{"count":0,"href":"https:\/\/www.europesays.com\/es\/wp-json\/wp\/v2\/posts\/300651\/revisions"}],"wp:featuredmedia":[{"embeddable":true,"href":"https:\/\/www.europesays.com\/es\/wp-json\/wp\/v2\/media\/300652"}],"wp:attachment":[{"href":"https:\/\/www.europesays.com\/es\/wp-json\/wp\/v2\/media?parent=300651"}],"wp:term":[{"taxonomy":"category","embeddable":true,"href":"https:\/\/www.europesays.com\/es\/wp-json\/wp\/v2\/categories?post=300651"},{"taxonomy":"post_tag","embeddable":true,"href":"https:\/\/www.europesays.com\/es\/wp-json\/wp\/v2\/tags?post=300651"}],"curies":[{"name":"wp","href":"https:\/\/api.w.org\/{rel}","templated":true}]}}