{"id":300663,"date":"2025-12-22T01:52:13","date_gmt":"2025-12-22T01:52:13","guid":{"rendered":"https:\/\/www.europesays.com\/es\/300663\/"},"modified":"2025-12-22T01:52:13","modified_gmt":"2025-12-22T01:52:13","slug":"james-hetfield-de-metallica-visita-ciudad-obregon-mientras-practicaba-caceria-en-sonora-y-sorprende-a-fans-en-el-aeropuerto","status":"publish","type":"post","link":"https:\/\/www.europesays.com\/es\/300663\/","title":{"rendered":"James Hetfield de Metallica visita Ciudad Obreg\u00f3n mientras practicaba cacer\u00eda en Sonora y sorprende a fans en el aeropuerto"},"content":{"rendered":"<p class=\"ei-articleAperture__BreadCrumbContainer-sc-1fibpeo-5 dtLqC ei-article-aperture-breadcrumb-container\"><a href=\"https:\/\/www.elimparcial.com\" aria-label=\"El Imparcial\" class=\"ei-articleAperture__BreadcrumbAnchor-sc-1fibpeo-6 bthIHH ei-article-aperture-breadcrumb-anchor\" rel=\"nofollow noopener\" target=\"_blank\">El Imparcial<\/a> \/ <a href=\"https:\/\/www.elimparcial.com\/espectaculos\" aria-label=\"Espect\u00e1culos\" class=\"ei-articleAperture__BreadcrumbAnchor-sc-1fibpeo-6 bthIHH ei-article-aperture-breadcrumb-anchor\" rel=\"nofollow noopener\" target=\"_blank\">Espect\u00e1culos<\/a> \/ <a href=\"https:\/\/www.elimparcial.com\/tags\/james-hetfield\/\" aria-label=\"James Hetfield\" class=\"ei-articleAperture__BreadcrumbAnchor-sc-1fibpeo-6 bthIHH ei-article-aperture-breadcrumb-anchor\" rel=\"nofollow noopener\" target=\"_blank\">James Hetfield<\/a><\/p>\n<p>James Hetfield, vocalista de Metallica, fue visto en Ciudad Obreg\u00f3n durante una visita privada relacionada con cacer\u00eda en Sonora.<img alt=\"James Hetfield de Metallica visita Ciudad Obreg\u00f3n mientras practicaba cacer\u00eda en Sonora y sorprende a fans en el aeropuerto\" class=\"global-image\" decoding=\"async\" height=\"75\" src=\"https:\/\/www.europesays.com\/es\/wp-content\/uploads\/2025\/12\/7FPWI5IIPBEXRCKK67JBIIGGTQ.jpg\" data-lightbox=\"https:\/\/www.europesays.com\/es\/wp-content\/uploads\/2025\/12\/7FPWI5IIPBEXRCKK67JBIIGGTQ.jpg\" width=\"100\" fetchpriority=\"high\" loading=\"eager\"\/><\/p>\n<p class=\"image-meta-data__MetadataParagraph-sc-1uy1w81-0 kfSQp image-metadata\">James Hetfield de Metallica visita Ciudad Obreg\u00f3n mientras practicaba cacer\u00eda en Sonora y sorprende a fans en el aeropuerto <\/p>\n<p class=\"ei-articleAperture__ByLineAuthorParagraph-sc-1fibpeo-10 cRBqZU ei-article-aperture-byline-author-paragraph\">Por <a href=\"https:\/\/www.elimparcial.com\/staff\/spacheco\/\" title=\"Noticias de  Sara Pacheco\" aria-label=\"Author name link\" class=\"ei-articleAperture__ByLineAuthorAnchor-sc-1fibpeo-8 lOGjW ei-article-aperture-byline-author-anchor\" rel=\"nofollow noopener\" target=\"_blank\">Sara Pacheco<\/a> \u00a0<\/p>\n<p class=\"ei-articleAperture__ByLineAuthorParagraph-sc-1fibpeo-10 cRBqZU ei-article-aperture-byline-author-paragraph\">21 de diciembre 2025<\/p>\n<p class=\"ei-articleBody__StyledText-sc-1wmd47a-1 gXgyFY body-paragraph ei-article-body-text\">CIUDAD OBREG\u00d3N, Sonora.- <b>James Hetfield<\/b>, vocalista y guitarrista de<a href=\"https:\/\/www.elimparcial.com\/tags\/metallica\/\" target=\"_blank\" rel=\"noreferrer nofollow noopener\" title=\"https:\/\/www.elimparcial.com\/tags\/metallica\/\"> <b>Metallica<\/b><\/a>, caus\u00f3 sorpresa entre habitantes de Sonora tras ser visto en el <b>Aeropuerto Internacional de Ciudad Obreg\u00f3n<\/b>, en lo que diversas versiones se\u00f1alan como <b>una visita de car\u00e1cter privado relacionada con actividades de cacer\u00eda<\/b>, una de las aficiones conocidas del m\u00fasico.<\/p>\n<p class=\"ei-articleBody__StyledText-sc-1wmd47a-1 gXgyFY body-paragraph ei-article-body-text\">La informaci\u00f3n fue difundida inicialmente por <b>medios locales y usuarios en redes sociales<\/b>, quienes documentaron el paso del artista por la terminal a\u00e9rea. Hasta el momento, <b>no existe confirmaci\u00f3n oficial por parte del cantante ni de su equipo<\/b>, por lo que el motivo del viaje se mantiene en el terreno de lo no confirmado.<\/p>\n<p>Reportes se\u00f1alan traslado a un rancho en Cajeme<\/p>\n<p class=\"ei-articleBody__StyledText-sc-1wmd47a-1 gXgyFY body-paragraph ei-article-body-text\">Tras su arribo a Ciudad Obreg\u00f3n, James Hetfield fue visto traslad\u00e1ndose al <b>Terranova Ranch<\/b>, ubicado en el municipio de <b>Cajeme<\/b>. Este tipo de instalaciones suelen ser visitadas por turistas nacionales y extranjeros para actividades privadas, entre ellas la <a href=\"https:\/\/www.elimparcial.com\/tags\/caceria-en-sonora\/\" target=\"_blank\" rel=\"noreferrer nofollow noopener\" title=\"https:\/\/www.elimparcial.com\/tags\/caceria-en-sonora\/\"><b>cacer\u00eda deportiva,<\/b><\/a> aunque <b>no se ha confirmado p\u00fablicamente qu\u00e9 actividad espec\u00edfica realiz\u00f3 el m\u00fasico<\/b>.<\/p>\n<p><a aria-label=\"recommended card article link\" href=\"https:\/\/www.elimparcial.com\/son\/ciudad-obregon\/2025\/12\/05\/con-nuevo-quirofano-movil-buscan-impulsar-esterilizaciones-en-cajeme\/\" class=\"ei-recommendedCard__RecommendedCardAnchor-sc-1walexe-1 iRTihv ei-recommended-card-anchor\" rel=\"nofollow noopener\" target=\"_blank\"><img alt=\"Con nuevo quirofano movil buscan impulsar esterilizaciones en Cajeme \" decoding=\"async\" src=\"https:\/\/www.europesays.com\/es\/wp-content\/uploads\/2025\/12\/BKO22YZGHNCDDLAWDTSTIJLSXQ.png\" class=\"ei-recommendedCard__RecommendedCardImg-sc-1walexe-2 dMwBkH ei-recommended-card-img\"\/><\/a>Convivencia espont\u00e1nea con fan\u00e1ticos<\/p>\n<p class=\"ei-articleBody__StyledText-sc-1wmd47a-1 gXgyFY body-paragraph ei-article-body-text\">Durante su paso por el aeropuerto, James Hetfield <b>convivi\u00f3 brevemente con fan\u00e1ticos<\/b>, accediendo a tomarse fotograf\u00edas, firmar aut\u00f3grafos y dedicar guitarras. Los encuentros fueron registrados en im\u00e1genes que r\u00e1pidamente circularon en redes sociales.<\/p>\n<p class=\"ei-articleBody__StyledText-sc-1wmd47a-1 gXgyFY body-paragraph ei-article-body-text\">Para los seguidores locales, el momento fue significativo debido a la trayectoria de m\u00e1s de cuatro d\u00e9cadas de Metallica y a la baja frecuencia con la que su vocalista realiza apariciones p\u00fablicas fuera de giras oficiales.<\/p>\n<p class=\"ei-articleBody__StyledText-sc-1wmd47a-1 gXgyFY body-paragraph ei-article-body-text\"><b>Te puede interesar: <\/b><a href=\"https:\/\/www.elimparcial.com\/son\/sonora\/2025\/02\/05\/afecta-a-la-actividad-cinegetica-asalto-a-cazadores-extranjeros\/\" target=\"_blank\" rel=\"noreferrer nofollow noopener\" title=\"https:\/\/www.elimparcial.com\/son\/sonora\/2025\/02\/05\/afecta-a-la-actividad-cinegetica-asalto-a-cazadores-extranjeros\/\"><b>Afecta a la actividad cineg\u00e9tica asalto a cazadores extranjeros<\/b><\/a><\/p>\n<p>James Hetfield y su afici\u00f3n por la cacer\u00eda y la vida al aire libre<\/p>\n<p class=\"ei-articleBody__StyledText-sc-1wmd47a-1 gXgyFY body-paragraph ei-article-body-text\">James Hetfield ha mencionado en distintas entrevistas su gusto por <b>actividades al aire libre<\/b>, entre ellas la cacer\u00eda y la vida en entornos rurales. Estas pr\u00e1cticas forman parte de su estilo de vida fuera de los escenarios y suelen realizarse en espacios privados, lejos del foco medi\u00e1tico.<\/p>\n<p class=\"ei-articleBody__StyledText-sc-1wmd47a-1 gXgyFY body-paragraph ei-article-body-text\">Este antecedente ha llevado a que diversas versiones vinculen su presencia en Sonora con este tipo de actividades, <b>aunque ninguna ha sido confirmada oficialmente<\/b>.<\/p>\n<p>Qui\u00e9n es James Hetfield y su legado con Metallica<\/p>\n<p class=\"ei-articleBody__StyledText-sc-1wmd47a-1 gXgyFY body-paragraph ei-article-body-text\">James Alan Hetfield naci\u00f3 el <b>3 de agosto de 1963<\/b> y es <b>fundador, vocalista, guitarrista r\u00edtmico y principal compositor de Metallica<\/b>, banda creada en 1981 junto a Lars Ulrich.<\/p>\n<p class=\"ei-articleBody__StyledText-sc-1wmd47a-1 gXgyFY body-paragraph ei-article-body-text\">Metallica es considerada una de las agrupaciones m\u00e1s influyentes del heavy metal, con discos como Master of Puppets, \u2026And Justice for All y Metallica (The Black Album), adem\u00e1s de producciones recientes como 72 Seasons.<\/p>\n<p class=\"ei-articleBody__StyledText-sc-1wmd47a-1 gXgyFY body-paragraph ei-article-body-text\">James Hetfield es padre de tres hijos. Uno de ellos, <b>Castor Hetfield<\/b>, ha desarrollado una carrera como <b>m\u00fasico<\/b>, participando en proyectos independientes. El cantante ha se\u00f1alado en entrevistas que procura mantener su vida familiar alejada de la exposici\u00f3n p\u00fablica.<\/p>\n<p class=\"ei-articleBody__StyledText-sc-1wmd47a-1 gXgyFY body-paragraph ei-article-body-text\">En la actualidad, <b>Hetfield contin\u00faa activo con Metallica,<\/b> adem\u00e1s de dedicarse a proyectos personales, composici\u00f3n musical y actividades recreativas fuera del escenario, priorizando su bienestar personal.<\/p>\n<p><img alt=\"Metallica performs live at National Stadium, Warsaw, Poland on July 11, 2014\" class=\"global-image\" decoding=\"async\" height=\"75\" src=\"https:\/\/www.europesays.com\/es\/wp-content\/uploads\/2025\/12\/37LBZQTDN5AEPPJAVGDQY6GPVM.jpg\" data-lightbox=\"https:\/\/www.europesays.com\/es\/wp-content\/uploads\/2025\/12\/37LBZQTDN5AEPPJAVGDQY6GPVM.jpg\" width=\"100\" fetchpriority=\"high\" loading=\"eager\"\/><\/p>\n<p class=\"image-meta-data__MetadataParagraph-sc-1uy1w81-0 kfSQp image-metadata\">Metallica performs live at National Stadium, Warsaw, Poland on July 11, 2014 (Jeff Yeager\/Photo by Jeff Yeager)<\/p>\n<p class=\"ei-articleBody__StyledText-sc-1wmd47a-1 gXgyFY body-paragraph ei-article-body-text\"><b>Te puede interesar: <\/b><a href=\"https:\/\/www.elimparcial.com\/tags\/metallica\/\" target=\"_blank\" rel=\"noreferrer nofollow noopener\" title=\"https:\/\/www.elimparcial.com\/tags\/metallica\/\"><b>De esta forma, Metallica ayud\u00f3 a salvar Tomorrowland tras incendio que destruy\u00f3 el escenario principal<\/b><\/a><\/p>\n<p>\u00ab,\u00bbtype\u00bb:\u00bbfacebook-post\u00bb,\u00bbversion\u00bb:\u00bb1.0&#8243;,\u00bbwidth\u00bb:552,\u00bb_id\u00bb:\u00bbhttps:\/\/www.facebook.com\/elimparcialcom\/posts\/pfbid0EbJwzvtpeJy9skiZi5ycaoajhuZsxmqqpkZM4gdss82oh7aqEYzFbFTqzXErCJH8l\u00bb,\u00bblocale\u00bb:\u00bbes_LA\u00bb},\u00bbreferent\u00bb:{\u00abid\u00bb:\u00bbhttps:\/\/www.facebook.com\/elimparcialcom\/posts\/pfbid0EbJwzvtpeJy9skiZi5ycaoajhuZsxmqqpkZM4gdss82oh7aqEYzFbFTqzXErCJH8l\u00bb,\u00bbprovider\u00bb:\u00bbhttps:\/\/graph.facebook.com\/v8.0\/oembed_post?url=\u00bb,\u00bbreferent_properties\u00bb:{\u00ablocale\u00bb:\u00bbes_LA\u00bb},\u00bbservice\u00bb:\u00bboembed\u00bb,\u00bbtype\u00bb:\u00bbfacebook-post\u00bb}},{\u00ab_id\u00bb:\u00bbYK3FUGGLBFHKRJGWSDWY55DGA4&#8243;,\u00bbadditional_properties\u00bb:{},\u00bbcontent\u00bb:\u00bb<b>Te puede interesar: <\/b><a href=\\\"https:\/\/www.elimparcial.com\/son\/sonora\/2025\/02\/05\/afecta-a-la-actividad-cinegetica-asalto-a-cazadores-extranjeros\/\\\" target=\\\"_blank\\\" rel=\\\"noreferrer\\\" title=\\\"https:\/\/www.elimparcial.com\/son\/sonora\/2025\/02\/05\/afecta-a-la-actividad-cinegetica-asalto-a-cazadores-extranjeros\/\\\"><b>Afecta a la actividad cineg\u00e9tica asalto a cazadores extranjeros<\/b><\/a>\u00ab,\u00bbtype\u00bb:\u00bbtext\u00bb},{\u00ab_id\u00bb:\u00bbGFKM62WLXRCFRKIYBSRAK2BMHE\u00bb,\u00bbadditional_properties\u00bb:{},\u00bbcontent\u00bb:\u00bbJames Hetfield y su afici\u00f3n por la cacer\u00eda y la vida al aire libre\u00bb,\u00bblevel\u00bb:2,\u00bbtype\u00bb:\u00bbheader\u00bb},{\u00ab_id\u00bb:\u00bbQPML54VTIJBQJFNOLQCULHP4A4&#8243;,\u00bbadditional_properties\u00bb:{},\u00bbcontent\u00bb:\u00bbJames Hetfield ha mencionado en distintas entrevistas su gusto por <b>actividades al aire libre<\/b>, entre ellas la cacer\u00eda y la vida en entornos rurales. Estas pr\u00e1cticas forman parte de su estilo de vida fuera de los escenarios y suelen realizarse en espacios privados, lejos del foco medi\u00e1tico.\u00bb,\u00bbtype\u00bb:\u00bbtext\u00bb},{\u00ab_id\u00bb:\u00bbML65X42HQJHPXDECP32IDM4C74&#8243;,\u00bbadditional_properties\u00bb:{},\u00bbcontent\u00bb:\u00bbEste antecedente ha llevado a que diversas versiones vinculen su presencia en Sonora con este tipo de actividades, <b>aunque ninguna ha sido confirmada oficialmente<\/b>.\u00bb,\u00bbtype\u00bb:\u00bbtext\u00bb},{\u00ab_id\u00bb:\u00bbHX7TWEX2FRHNVCZAE6TMLRBMPY\u00bb,\u00bbadditional_properties\u00bb:{},\u00bbcontent\u00bb:\u00bbQui\u00e9n es James Hetfield y su legado con Metallica\u00bb,\u00bblevel\u00bb:2,\u00bbtype\u00bb:\u00bbheader\u00bb},{\u00ab_id\u00bb:\u00bbB26Y7VABLREJXF4DFHVBRBBPUY\u00bb,\u00bbadditional_properties\u00bb:{},\u00bbcontent\u00bb:\u00bbJames Alan Hetfield naci\u00f3 el <b>3 de agosto de 1963<\/b> y es <b>fundador, vocalista, guitarrista r\u00edtmico y principal compositor de Metallica<\/b>, banda creada en 1981 junto a Lars Ulrich.\u00bb,\u00bbtype\u00bb:\u00bbtext\u00bb},{\u00ab_id\u00bb:\u00bbQJSWQEWS6FBVLHJZMTLCDOPTZM\u00bb,\u00bbadditional_properties\u00bb:{},\u00bbcontent\u00bb:\u00bbMetallica es considerada una de las agrupaciones m\u00e1s influyentes del heavy metal, con discos como Master of Puppets, \u2026And Justice for All y Metallica (The Black Album), adem\u00e1s de producciones recientes como 72 Seasons.\u00bb,\u00bbtype\u00bb:\u00bbtext\u00bb},{\u00ab_id\u00bb:\u00bbBU537ZYZP5AGZADDVI23JY3PVI\u00bb,\u00bbadditional_properties\u00bb:{},\u00bbcontent\u00bb:\u00bbJames Hetfield es padre de tres hijos. Uno de ellos, <b>Castor Hetfield<\/b>, ha desarrollado una carrera como <b>m\u00fasico<\/b>, participando en proyectos independientes. El cantante ha se\u00f1alado en entrevistas que procura mantener su vida familiar alejada de la exposici\u00f3n p\u00fablica.\u00bb,\u00bbtype\u00bb:\u00bbtext\u00bb},{\u00ab_id\u00bb:\u00bb7FWRBLYS7JERPK7T2VWPDU7JDY\u00bb,\u00bbadditional_properties\u00bb:{},\u00bbcontent\u00bb:\u00bbEn la actualidad, <b>Hetfield contin\u00faa activo con Metallica,<\/b> adem\u00e1s de dedicarse a proyectos personales, composici\u00f3n musical y actividades recreativas fuera del escenario, priorizando su bienestar personal.\u00bb,\u00bbtype\u00bb:\u00bbtext\u00bb},{\u00ab_id\u00bb:\u00bb37LBZQTDN5AEPPJAVGDQY6GPVM\u00bb,\u00bbadditional_properties\u00bb:{\u00abfullSizeResizeUrl\u00bb:\u00bb\/resizer\/v2\/37LBZQTDN5AEPPJAVGDQY6GPVM.jpg?auth=0467f44305d18d95feff80dfecfcaa62f78b153c78d7fcf9155b5e51d63ebb7c\u00bb,\u00bbgalleries\u00bb:[],\u00bbkeywords\u00bb:[\u00ab\u00bb],\u00bbmime_type\u00bb:\u00bbimage\/jpeg\u00bb,\u00bboriginalName\u00bb:\u00bbphoto.jpg\u00bb,\u00bboriginalUrl\u00bb:\u00bbhttps:\/\/cloudfront-us-east-1.images.arcpublishing.com\/elimparcial\/37LBZQTDN5AEPPJAVGDQY6GPVM.jpg\u00bb,\u00bbproxyUrl\u00bb:\u00bb\/resizer\/v2\/37LBZQTDN5AEPPJAVGDQY6GPVM.jpg?auth=0467f44305d18d95feff80dfecfcaa62f78b153c78d7fcf9155b5e51d63ebb7c\u00bb,\u00bbpublished\u00bb:true,\u00bbresizeUrl\u00bb:\u00bb\/resizer\/v2\/37LBZQTDN5AEPPJAVGDQY6GPVM.jpg?auth=0467f44305d18d95feff80dfecfcaa62f78b153c78d7fcf9155b5e51d63ebb7c\u00bb,\u00bbrestricted\u00bb:false,\u00bbthumbnailResizeUrl\u00bb:\u00bb\/resizer\/v2\/37LBZQTDN5AEPPJAVGDQY6GPVM.jpg?auth=0467f44305d18d95feff80dfecfcaa62f78b153c78d7fcf9155b5e51d63ebb7c&#038;width=300&#8243;,\u00bbusage_instructions\u00bb:\u00bbFBMD230009dc030000d0de00001d8901000c50020091910400ad530500122506008e0f070061d1070098e30800&#8243;,\u00bbversion\u00bb:0},\u00bbaddress\u00bb:{},\u00bbauth\u00bb:{\u00ab2&#8243;:\u00bb0467f44305d18d95feff80dfecfcaa62f78b153c78d7fcf9155b5e51d63ebb7c\u00bb},\u00bbcaption\u00bb:\u00bbMetallica performs live at National Stadium, Warsaw, Poland on July 11, 2014&#8243;,\u00bbcopyright\u00bb:\u00bb\u00a9 2014 Metallica\u00bb,\u00bbcreated_date\u00bb:\u00bb2024-04-08T19:13:26Z\u00bb,\u00bbcredits\u00bb:{\u00abaffiliation\u00bb:[{\u00abname\u00bb:\u00bbPhoto by Jeff Yeager\u00bb,\u00bbtype\u00bb:\u00bbauthor\u00bb}],\u00bbby\u00bb:[{\u00abname\u00bb:\u00bbJeff Yeager\u00bb,\u00bbtype\u00bb:\u00bbauthor\u00bb}]},\u00bbheight\u00bb:1365,\u00bblast_updated_date\u00bb:\u00bb2024-04-08T19:13:26Z\u00bb,\u00bblicensable\u00bb:false,\u00bbowner\u00bb:{\u00abid\u00bb:\u00bbelimparcial\u00bb},\u00bbsource\u00bb:{\u00abadditional_properties\u00bb:{\u00abeditor\u00bb:\u00bbphoto center\u00bb},\u00bbedit_url\u00bb:\u00bb\u00bb,\u00bbsystem\u00bb:\u00bbphoto center\u00bb},\u00bbtaxonomy\u00bb:{},\u00bbtype\u00bb:\u00bbimage\u00bb,\u00bburl\u00bb:\u00bbhttps:\/\/cloudfront-us-east-1.images.arcpublishing.com\/elimparcial\/37LBZQTDN5AEPPJAVGDQY6GPVM.jpg\u00bb,\u00bbversion\u00bb:\u00bb0.10.9&#8243;,\u00bbwidth\u00bb:2048},{\u00ab_id\u00bb:\u00bbTPKHCG646VGU5EQJCX2ACVGXAU\u00bb,\u00bbadditional_properties\u00bb:{},\u00bbcontent\u00bb:\u00bb<b>Te puede interesar: <\/b><a href=\\\"https:\/\/www.elimparcial.com\/tags\/metallica\/\\\" target=\\\"_blank\\\" rel=\\\"noreferrer\\\" title=\\\"https:\/\/www.elimparcial.com\/tags\/metallica\/\\\"><b>De esta forma, Metallica ayud\u00f3 a salvar Tomorrowland tras incendio que destruy\u00f3 el escenario principal<\/b><\/a>\u00ab,\u00bbtype\u00bb:\u00bbtext\u00bb}],\u00bbcreated_date\u00bb:\u00bb2025-12-21T21:42:45.047Z\u00bb,\u00bbcredits\u00bb:{\u00abby\u00bb:[{\u00ab_id\u00bb:\u00bbspacheco\u00bb,\u00bbtype\u00bb:\u00bbauthor\u00bb,\u00bbversion\u00bb:\u00bb0.5.8&#8243;,\u00bbname\u00bb:\u00bb Sara Pacheco\u00bb,\u00bbimage\u00bb:{\u00aburl\u00bb:\u00bbhttps:\/\/author-service-images-prod-us-east-1.publishing.aws.arc.pub\/elimparcial\/8308d81c-25f8-47d8-bcb0-2577ac747baa.png\u00bb,\u00bbversion\u00bb:\u00bb0.5.8&#8243;},\u00bbdescription\u00bb:\u00bbReportera Web\u00bb,\u00bburl\u00bb:\u00bb\/people\/spacheco\/\u00bb,\u00bbslug\u00bb:\u00bbspacheco\u00bb,\u00bbsocial_links\u00bb:[{\u00absite\u00bb:\u00bbemail\u00bb,\u00bburl\u00bb:\u00bbspacheco@elimparcial.com\u00bb}],\u00bbsocialLinks\u00bb:[{\u00absite\u00bb:\u00bbemail\u00bb,\u00bburl\u00bb:\u00bbspacheco@elimparcial.com\u00bb,\u00bbdeprecated\u00bb:true,\u00bbdeprecation_msg\u00bb:\u00bbPlease use social_links.\u00bb}],\u00bbadditional_properties\u00bb:{\u00aboriginal\u00bb:{\u00ab_id\u00bb:\u00bbspacheco\u00bb,\u00bbslug\u00bb:\u00bbspacheco\u00bb,\u00bbemail\u00bb:\u00bbspacheco@elimparcial.com\u00bb,\u00bbbio_page\u00bb:\u00bb\/people\/spacheco\/\u00bb,\u00bblast_updated_date\u00bb:\u00bb2025-12-05T15:38:47.513Z\u00bb,\u00bbbooks\u00bb:[],\u00bbpodcasts\u00bb:[],\u00bbeducation\u00bb:[],\u00bbawards\u00bb:[],\u00bbbyline\u00bb:\u00bb Sara Pacheco\u00bb,\u00bblastName\u00bb:\u00bbPacheco\u00bb,\u00bbfirstName\u00bb:\u00bb Sara\u00bb,\u00bbmiddleName\u00bb:\u00bb Raquel\u00bb,\u00bblongBio\u00bb:\u00bbRedactora Web del portal \\\u00bbEn El Radar\\\u00bb, egresada de la Licenciatrua en Ling\u00fc\u00edtica y  la Maestr\u00eda en Humanidades por la Universidad de Sonora, Me integr\u00e9 al equipo en marzo del 2024&#8243;,\u00bbimage\u00bb:\u00bbhttps:\/\/author-service-images-prod-us-east-1.publishing.aws.arc.pub\/elimparcial\/8308d81c-25f8-47d8-bcb0-2577ac747baa.png\u00bb,\u00bbrole\u00bb:\u00bbReportera Web\u00bb,\u00bbbio\u00bb:\u00bbReportera Web\u00bb}}}]},\u00bbdescription\u00bb:{\u00abbasic\u00bb:\u00bbJames Hetfield, vocalista de Metallica, fue visto en Ciudad Obreg\u00f3n durante una visita privada relacionada con cacer\u00eda en Sonora.\u00bb},\u00bbdisplay_date\u00bb:\u00bb2025-12-21T21:42:50.75Z\u00bb,\u00bbdistributor\u00bb:{\u00abcategory\u00bb:\u00bbstaff\u00bb,\u00bbname\u00bb:\u00bbelimparcial\u00bb,\u00bbsubcategory\u00bb:\u00bb\u00bb},\u00bbfirst_publish_date\u00bb:\u00bb2025-12-21T21:42:50.75Z\u00bb,\u00bbheadlines\u00bb:{\u00abbasic\u00bb:\u00bbJames Hetfield de Metallica visita Ciudad Obreg\u00f3n mientras practicaba cacer\u00eda en Sonora y sorprende a fans en el aeropuerto\u00bb,\u00bbmeta_title\u00bb:\u00bb\u00bb,\u00bbmobile\u00bb:\u00bb\u00bb,\u00bbnative\u00bb:\u00bb\u00bb,\u00bbprint\u00bb:\u00bb\u00bb,\u00bbtablet\u00bb:\u00bb\u00bb,\u00bbweb\u00bb:\u00bb\u00bb},\u00bblast_updated_date\u00bb:\u00bb2025-12-21T21:42:50.858Z\u00bb,\u00bbowner\u00bb:{\u00abid\u00bb:\u00bbelimparcial\u00bb,\u00bbsponsored\u00bb:false},\u00bbplanning\u00bb:{\u00abscheduling\u00bb:{\u00abwill_have_image\u00bb:true},\u00bbstory_length\u00bb:{\u00abcharacter_count_actual\u00bb:3200,\u00bbinch_count_actual\u00bb:4,\u00bbline_count_actual\u00bb:24,\u00bbword_count_actual\u00bb:489}},\u00bbpromo_items\u00bb:{\u00abbasic\u00bb:{\u00ab_id\u00bb:\u00bb7FPWI5IIPBEXRCKK67JBIIGGTQ\u00bb,\u00bbadditional_properties\u00bb:{\u00abfullSizeResizeUrl\u00bb:\u00bb\/resizer\/v2\/7FPWI5IIPBEXRCKK67JBIIGGTQ.jpg?auth=c208aee17f3e564c4526dfb973af3b4098ae9ef4ac5462428a837ad5825a3cc6&#8243;,\u00bbgalleries\u00bb:[],\u00bbingestionMethod\u00bb:\u00bbmanual\u00bb,\u00bbmime_type\u00bb:\u00bbimage\/jpeg\u00bb,\u00bboriginalName\u00bb:\u00bb_James Hetfield Metallica Cajeme Ciudad Obreg\u00f3n Cacer\u00eda Deportiva.jpg\u00bb,\u00bboriginalUrl\u00bb:\u00bbhttps:\/\/cloudfront-us-east-1.images.arcpublishing.com\/elimparcial\/7FPWI5IIPBEXRCKK67JBIIGGTQ.jpg\u00bb,\u00bbproxyUrl\u00bb:\u00bb\/resizer\/v2\/7FPWI5IIPBEXRCKK67JBIIGGTQ.jpg?auth=c208aee17f3e564c4526dfb973af3b4098ae9ef4ac5462428a837ad5825a3cc6&#8243;,\u00bbpublished\u00bb:true,\u00bbresizeUrl\u00bb:\u00bb\/resizer\/v2\/7FPWI5IIPBEXRCKK67JBIIGGTQ.jpg?auth=c208aee17f3e564c4526dfb973af3b4098ae9ef4ac5462428a837ad5825a3cc6&#8243;,\u00bbrestricted\u00bb:false,\u00bbthumbnailResizeUrl\u00bb:\u00bb\/resizer\/v2\/7FPWI5IIPBEXRCKK67JBIIGGTQ.jpg?auth=c208aee17f3e564c4526dfb973af3b4098ae9ef4ac5462428a837ad5825a3cc6&#038;width=300&#8243;,\u00bbversion\u00bb:0,\u00bbtemplate_id\u00bb:1220},\u00bbaddress\u00bb:{},\u00bbalt_text\u00bb:\u00bbJames Hetfield de Metallica visita Ciudad Obreg\u00f3n mientras practicaba cacer\u00eda en Sonora y sorprende a fans en el aeropuerto\u00bb,\u00bbauth\u00bb:{\u00ab2&#8243;:\u00bbc208aee17f3e564c4526dfb973af3b4098ae9ef4ac5462428a837ad5825a3cc6&#8243;},\u00bbcaption\u00bb:\u00bbJames Hetfield de Metallica visita Ciudad Obreg\u00f3n mientras practicaba cacer\u00eda en Sonora y sorprende a fans en el aeropuerto\u00bb,\u00bbcreated_date\u00bb:\u00bb2025-12-21T21:42:38Z\u00bb,\u00bbcredits\u00bb:{\u00abaffiliation\u00bb:[]},\u00bbheight\u00bb:800,\u00bbimage_type\u00bb:\u00bbphotograph\u00bb,\u00bblast_updated_date\u00bb:\u00bb2025-12-21T21:42:38Z\u00bb,\u00bblicensable\u00bb:false,\u00bbowner\u00bb:{\u00abid\u00bb:\u00bbelimparcial\u00bb,\u00bbsponsored\u00bb:false},\u00bbsource\u00bb:{\u00abadditional_properties\u00bb:{\u00abeditor\u00bb:\u00bbphoto center\u00bb},\u00bbedit_url\u00bb:\u00bb\u00bb,\u00bbsystem\u00bb:\u00bbphoto center\u00bb},\u00bbsubtitle\u00bb:\u00bbJames Hetfield de Metallica visita Ciudad Obreg\u00f3n mientras practicaba cacer\u00eda en Sonora y sorprende a fans en el aeropuerto\u00bb,\u00bbtaxonomy\u00bb:{\u00abassociated_tasks\u00bb:[]},\u00bbtype\u00bb:\u00bbimage\u00bb,\u00bburl\u00bb:\u00bbhttps:\/\/cloudfront-us-east-1.images.arcpublishing.com\/elimparcial\/7FPWI5IIPBEXRCKK67JBIIGGTQ.jpg\u00bb,\u00bbversion\u00bb:\u00bb0.10.9&#8243;,\u00bbwidth\u00bb:1200,\u00bbsyndication\u00bb:{},\u00bbaspect\u00bb:\u00bb3\/2&#8243;,\u00bbmedia\u00bb:\u00bbei-article-aperture\u00bb,\u00bbsmart\u00bb:true}},\u00bbpublish_date\u00bb:\u00bb2025-12-21T21:42:50.75Z\u00bb,\u00bbrelated_content\u00bb:{\u00abbasic\u00bb:[],\u00bbclonedChildren\u00bb:[],\u00bbclonedFromParent\u00bb:[]},\u00bbrevision\u00bb:{\u00abbranch\u00bb:\u00bbdefault\u00bb,\u00bbeditions\u00bb:[\u00abdefault\u00bb],\u00bbparent_id\u00bb:\u00bbPN7ZB24NMRGP5APYXELPCIIDYQ\u00bb,\u00bbpublished\u00bb:true,\u00bbrevision_id\u00bb:\u00bb2QKCBABBG5HJFF7JCS56YH3YXE\u00bb},\u00bbsource\u00bb:{\u00abname\u00bb:\u00bbelimparcial\u00bb,\u00bbsource_type\u00bb:\u00bbstaff\u00bb,\u00bbsystem\u00bb:\u00bbcomposer\u00bb},\u00bbsubheadlines\u00bb:{\u00abbasic\u00bb:\u00bbJames Hetfield, vocalista de Metallica, fue visto en Ciudad Obreg\u00f3n durante una visita privada relacionada con cacer\u00eda en Sonora.\u00bb},\u00bbtaxonomy\u00bb:{\u00abprimary_section\u00bb:{\u00ab_id\u00bb:\u00bbhttps:\/\/www.elimparcial.com\/espectaculos\u00bb,\u00bb_website\u00bb:\u00bbelimparcial\u00bb,\u00bbtype\u00bb:\u00bbsection\u00bb,\u00bbversion\u00bb:\u00bb0.6.0&#8243;,\u00bbname\u00bb:\u00bbEspect\u00e1culos\u00bb,\u00bbpath\u00bb:\u00bbhttps:\/\/www.elimparcial.com\/espectaculos\u00bb,\u00bbparent_id\u00bb:\u00bbhttps:\/\/www.elimparcial.com\/\u00bb,\u00bbparent\u00bb:{\u00abdefault\u00bb:\u00bbhttps:\/\/www.elimparcial.com\/\u00bb},\u00bbadditional_properties\u00bb:{\u00aboriginal\u00bb:{\u00ab_id\u00bb:\u00bbhttps:\/\/www.elimparcial.com\/espectaculos\u00bb,\u00bb_website\u00bb:\u00bbelimparcial\u00bb,\u00bbname\u00bb:\u00bbEspect\u00e1culos\u00bb,\u00bbinactive\u00bb:false,\u00bbancestors\u00bb:{\u00abcomposer-menu\u00bb:[\u00abhttps:\/\/www.elimparcial.com\/\u00bb],\u00bbdefault\u00bb:[\u00abhttps:\/\/www.elimparcial.com\/\u00bb]},\u00bbparent\u00bb:{\u00abdefault\u00bb:\u00bbhttps:\/\/www.elimparcial.com\/\u00bb,\u00bbcomposer-menu\u00bb:\u00bbhttps:\/\/www.elimparcial.com\/\u00bb},\u00bborder\u00bb:{\u00abcomposer-menu\u00bb:1009,\u00bbdefault\u00bb:1005},\u00bbnode_type\u00bb:\u00bbsection\u00bb}}},\u00bbprimary_site\u00bb:{\u00ab_id\u00bb:\u00bbhttps:\/\/www.elimparcial.com\/espectaculos\u00bb,\u00bbtype\u00bb:\u00bbsite\u00bb,\u00bbversion\u00bb:\u00bb0.5.8&#8243;,\u00bbname\u00bb:\u00bbEspect\u00e1culos\u00bb,\u00bbpath\u00bb:\u00bbhttps:\/\/www.elimparcial.com\/espectaculos\u00bb,\u00bbparent_id\u00bb:\u00bbhttps:\/\/www.elimparcial.com\/\u00bb,\u00bbadditional_properties\u00bb:{\u00aboriginal\u00bb:{\u00ab_id\u00bb:\u00bbhttps:\/\/www.elimparcial.com\/espectaculos\u00bb,\u00bbname\u00bb:\u00bbEspect\u00e1culos\u00bb,\u00bbinactive\u00bb:false,\u00bbancestors\u00bb:{\u00abcomposer-menu\u00bb:[\u00abhttps:\/\/www.elimparcial.com\/\u00bb],\u00bbdefault\u00bb:[\u00abhttps:\/\/www.elimparcial.com\/\u00bb]},\u00bbparent\u00bb:{\u00abdefault\u00bb:\u00bbhttps:\/\/www.elimparcial.com\/\u00bb,\u00bbcomposer-menu\u00bb:\u00bbhttps:\/\/www.elimparcial.com\/\u00bb},\u00bborder\u00bb:{\u00abcomposer-menu\u00bb:1009,\u00bbdefault\u00bb:1005}}}},\u00bbsections\u00bb:[{\u00ab_id\u00bb:\u00bbhttps:\/\/www.elimparcial.com\/espectaculos\u00bb,\u00bb_website\u00bb:\u00bbelimparcial\u00bb,\u00bbtype\u00bb:\u00bbsection\u00bb,\u00bbversion\u00bb:\u00bb0.6.0&#8243;,\u00bbname\u00bb:\u00bbEspect\u00e1culos\u00bb,\u00bbpath\u00bb:\u00bbhttps:\/\/www.elimparcial.com\/espectaculos\u00bb,\u00bbparent_id\u00bb:\u00bbhttps:\/\/www.elimparcial.com\/\u00bb,\u00bbparent\u00bb:{\u00abdefault\u00bb:\u00bbhttps:\/\/www.elimparcial.com\/\u00bb},\u00bbadditional_properties\u00bb:{\u00aboriginal\u00bb:{\u00ab_id\u00bb:\u00bbhttps:\/\/www.elimparcial.com\/espectaculos\u00bb,\u00bb_website\u00bb:\u00bbelimparcial\u00bb,\u00bbname\u00bb:\u00bbEspect\u00e1culos\u00bb,\u00bbinactive\u00bb:false,\u00bbancestors\u00bb:{\u00abcomposer-menu\u00bb:[\u00abhttps:\/\/www.elimparcial.com\/\u00bb],\u00bbdefault\u00bb:[\u00abhttps:\/\/www.elimparcial.com\/\u00bb]},\u00bbparent\u00bb:{\u00abdefault\u00bb:\u00bbhttps:\/\/www.elimparcial.com\/\u00bb,\u00bbcomposer-menu\u00bb:\u00bbhttps:\/\/www.elimparcial.com\/\u00bb},\u00bborder\u00bb:{\u00abcomposer-menu\u00bb:1009,\u00bbdefault\u00bb:1005},\u00bbnode_type\u00bb:\u00bbsection\u00bb}},\u00bb_website_section_id\u00bb:\u00bbelimparcial.\/espectaculos\u00bb}],\u00bbsites\u00bb:[{\u00ab_id\u00bb:\u00bbhttps:\/\/www.elimparcial.com\/espectaculos\u00bb,\u00bbtype\u00bb:\u00bbsite\u00bb,\u00bbversion\u00bb:\u00bb0.5.8&#8243;,\u00bbname\u00bb:\u00bbEspect\u00e1culos\u00bb,\u00bbpath\u00bb:\u00bbhttps:\/\/www.elimparcial.com\/espectaculos\u00bb,\u00bbparent_id\u00bb:\u00bbhttps:\/\/www.elimparcial.com\/\u00bb,\u00bbadditional_properties\u00bb:{\u00aboriginal\u00bb:{\u00ab_id\u00bb:\u00bbhttps:\/\/www.elimparcial.com\/espectaculos\u00bb,\u00bbname\u00bb:\u00bbEspect\u00e1culos\u00bb,\u00bbinactive\u00bb:false,\u00bbancestors\u00bb:{\u00abcomposer-menu\u00bb:[\u00abhttps:\/\/www.elimparcial.com\/\u00bb],\u00bbdefault\u00bb:[\u00abhttps:\/\/www.elimparcial.com\/\u00bb]},\u00bbparent\u00bb:{\u00abdefault\u00bb:\u00bbhttps:\/\/www.elimparcial.com\/\u00bb,\u00bbcomposer-menu\u00bb:\u00bbhttps:\/\/www.elimparcial.com\/\u00bb},\u00bborder\u00bb:{\u00abcomposer-menu\u00bb:1009,\u00bbdefault\u00bb:1005}}}}],\u00bbtags\u00bb:[{\u00ab_id\u00bb:\u00bbGI345WCTSRAM3A3MUKIRNMHZWA\u00bb,\u00bbdescription\u00bb:\u00bbJames Hetfield\u00bb,\u00bbslug\u00bb:\u00bbjames-hetfield\u00bb,\u00bbtext\u00bb:\u00bbJames Hetfield\u00bb},{\u00ab_id\u00bb:\u00bbXORHZRPYKRCPRGAZDFTWPJLVT4&#8243;,\u00bbdescription\u00bb:\u00bbMetallica\u00bb,\u00bbslug\u00bb:\u00bbmetallica\u00bb,\u00bbtext\u00bb:\u00bbMetallica\u00bb},{\u00ab_id\u00bb:\u00bbVW653DGJM5F6DGXSXPBEZWVSYA\u00bb,\u00bbdescription\u00bb:\u00bbCacer\u00eda en Sonora\u00bb,\u00bbslug\u00bb:\u00bbcaceria-en-sonora\u00bb,\u00bbtext\u00bb:\u00bbCacer\u00eda en Sonora\u00bb},{\u00ab_id\u00bb:\u00bbYS7FZUFZSVBYZCQXDIOEAXXTPQ\u00bb,\u00bbdescription\u00bb:\u00bbCacer\u00eda\u00bb,\u00bbslug\u00bb:\u00bbcaceria\u00bb,\u00bbtext\u00bb:\u00bbCacer\u00eda\u00bb},{\u00ab_id\u00bb:\u00bbFGO2FOEVFREENDPE5UITH5W4FA\u00bb,\u00bbdescription\u00bb:\u00bbciudad-obregon\u00bb,\u00bbslug\u00bb:\u00bbciudad-obregon\u00bb,\u00bbtext\u00bb:\u00bbciudad-obregon\u00bb}]},\u00bbtype\u00bb:\u00bbstory\u00bb,\u00bbversion\u00bb:\u00bb0.10.11&#8243;,\u00bbwebsites\u00bb:{\u00abelimparcial\u00bb:{\u00abwebsite_section\u00bb:{\u00ab_id\u00bb:\u00bbhttps:\/\/www.elimparcial.com\/espectaculos\u00bb,\u00bb_website\u00bb:\u00bbelimparcial\u00bb,\u00bbtype\u00bb:\u00bbsection\u00bb,\u00bbversion\u00bb:\u00bb0.6.0&#8243;,\u00bbname\u00bb:\u00bbEspect\u00e1culos\u00bb,\u00bbpath\u00bb:\u00bbhttps:\/\/www.elimparcial.com\/espectaculos\u00bb,\u00bbparent_id\u00bb:\u00bbhttps:\/\/www.elimparcial.com\/\u00bb,\u00bbparent\u00bb:{\u00abdefault\u00bb:\u00bbhttps:\/\/www.elimparcial.com\/\u00bb},\u00bbadditional_properties\u00bb:{\u00aboriginal\u00bb:{\u00ab_id\u00bb:\u00bbhttps:\/\/www.elimparcial.com\/espectaculos\u00bb,\u00bb_website\u00bb:\u00bbelimparcial\u00bb,\u00bbname\u00bb:\u00bbEspect\u00e1culos\u00bb,\u00bbinactive\u00bb:false,\u00bbancestors\u00bb:{\u00abcomposer-menu\u00bb:[\u00abhttps:\/\/www.elimparcial.com\/\u00bb],\u00bbdefault\u00bb:[\u00abhttps:\/\/www.elimparcial.com\/\u00bb]},\u00bbparent\u00bb:{\u00abdefault\u00bb:\u00bbhttps:\/\/www.elimparcial.com\/\u00bb,\u00bbcomposer-menu\u00bb:\u00bbhttps:\/\/www.elimparcial.com\/\u00bb},\u00bborder\u00bb:{\u00abcomposer-menu\u00bb:1009,\u00bbdefault\u00bb:1005},\u00bbnode_type\u00bb:\u00bbsection\u00bb}},\u00bb_website_section_id\u00bb:\u00bbelimparcial.\/espectaculos\u00bb},\u00bbwebsite_url\u00bb:\u00bb\/espectaculos\/2025\/12\/21\/james-hetfield-de-metallica-visita-ciudad-obregon-mientras-practicaba-caceria-en-sonora-y-sorprende-a-fans-en-el-aeropuerto\/\u00bb}},\u00bbworkflow\u00bb:{\u00abstatus_code\u00bb:1},\u00bbcanonical_url\u00bb:\u00bb\/espectaculos\/2025\/12\/21\/james-hetfield-de-metallica-visita-ciudad-obregon-mientras-practicaba-caceria-en-sonora-y-sorprende-a-fans-en-el-aeropuerto\/\u00bb,\u00bbpublishing\u00bb:{\u00abscheduled_operations\u00bb:{\u00abpublish_edition\u00bb:[],\u00bbunpublish_edition\u00bb:[]}},\u00bbwebsite\u00bb:\u00bbelimparcial\u00bb,\u00bbwebsite_url\u00bb:\u00bb\/espectaculos\/2025\/12\/21\/james-hetfield-de-metallica-visita-ciudad-obregon-mientras-practicaba-caceria-en-sonora-y-sorprende-a-fans-en-el-aeropuerto\/\u00bb,\u00bbcreator\u00bb:\u00bbspacheco@elimparcial.com\u00bb};Fusion.globalContentConfig={\u00absource\u00bb:\u00bbcontent-api\u00bb,\u00bbquery\u00bb:{\u00aburi\u00bb:\u00bb\/espectaculos\/2025\/12\/21\/james-hetfield-de-metallica-visita-ciudad-obregon-mientras-practicaba-caceria-en-sonora-y-sorprende-a-fans-en-el-aeropuerto\/\u00bb,\u00bbwebsite_url\u00bb:\u00bb\/espectaculos\/2025\/12\/21\/james-hetfield-de-metallica-visita-ciudad-obregon-mientras-practicaba-caceria-en-sonora-y-sorprende-a-fans-en-el-aeropuerto\/\u00bb,\u00bbarc-site\u00bb:\u00bbelimparcial\u00bb}};Fusion.lastModified=1766368268936;Fusion.contentCache={\u00absite-service-hierarchy\u00bb:{\u00ab{\\\u00bbfeature\\\u00bb:\\\u00bbNavbar\\\u00bb,\\\u00bbhierarchy\\\u00bb:\\\u00bbNavbar\\\u00bb,\\\u00bbsectionId\\\u00bb:\\\u00bb\\\u00bb}\u00bb:{\u00abdata\u00bb:{\u00abchildren\u00bb:[{\u00ab_id\u00bb:\u00bb\/navbar-links\/nav-list-mexico\u00bb,\u00bbchildren\u00bb:[{\u00ab_id\u00bb:\u00bblink-YCNX2IBSG5EHVFZIIJ6BCWJ5BA\u00bb,\u00bbchildren\u00bb:[],\u00bbdisplay_name\u00bb:\u00bbJUEGOS\u00bb,\u00bbnode_type\u00bb:\u00bblink\u00bb,\u00bburl\u00bb:\u00bbhttps:\/\/www.elimparcial.com\/juegos\/\u00bb},{\u00ab_id\u00bb:\u00bblink-QW5OR2JGIZACPDAA3JO5VDML6Y\u00bb,\u00bbchildren\u00bb:[],\u00bbdisplay_name\u00bb:\u00bbCDMX\u00bb,\u00bbnode_type\u00bb:\u00bblink\u00bb,\u00bburl\u00bb:\u00bbhttps:\/\/www.elimparcial.com\/tags\/cdmx\/\u00bb},{\u00ab_id\u00bb:\u00bblink-AGMI2RUZRNDQ3BGCZPR267UXVY\u00bb,\u00bbchildren\u00bb:[],\u00bbdisplay_name\u00bb:\u00bbEdo. M\u00e9xico\u00bb,\u00bbnode_type\u00bb:\u00bblink\u00bb,\u00bburl\u00bb:\u00bbhttps:\/\/www.elimparcial.com\/tags\/estado-de-mexico\/\u00bb},{\u00ab_id\u00bb:\u00bblink-2RQ5NLIO3JGYFMUXYEEY7WABNA\u00bb,\u00bbchildren\u00bb:[],\u00bbdisplay_name\u00bb:\u00bbGuadalajara\u00bb,\u00bbnode_type\u00bb:\u00bblink\u00bb,\u00bburl\u00bb:\u00bbhttps:\/\/www.elimparcial.com\/tags\/guadalajara\/\u00bb},{\u00ab_id\u00bb:\u00bblink-UHC7YOHFO5GFPEG6Z3XOLAY63U\u00bb,\u00bbchildren\u00bb:[],\u00bbdisplay_name\u00bb:\u00bbMonterrey\u00bb,\u00bbnode_type\u00bb:\u00bblink\u00bb,\u00bburl\u00bb:\u00bbhttps:\/\/www.elimparcial.com\/tags\/monterrey\/\u00bb},{\u00ab_id\u00bb:\u00bblink-PYK477YPVJFKHMZG2KGVPWODIA\u00bb,\u00bbchildren\u00bb:[],\u00bbdisplay_name\u00bb:\u00bbEstados\u00bb,\u00bbnode_type\u00bb:\u00bblink\u00bb,\u00bburl\u00bb:\u00bbhttps:\/\/www.elimparcial.com\/tags\/otros-estados\/\u00bb},{\u00ab_id\u00bb:\u00bblink-MQHCZBW3FJEONGG5ZKJI2HOCCM\u00bb,\u00bbchildren\u00bb:[],\u00bbdisplay_name\u00bb:\u00bbColumnas\u00bb,\u00bbnode_type\u00bb:\u00bblink\u00bb,\u00bburl\u00bb:\u00bbhttps:\/\/www.elimparcial.com\/columnas\/\u00bb},{\u00ab_id\u00bb:\u00bblink-EH4UNDC7KVFOFMMDCUXMUTZH4I\u00bb,\u00bbchildren\u00bb:[],\u00bbdisplay_name\u00bb:\u00bbRevistas\u00bb,\u00bbnode_type\u00bb:\u00bblink\u00bb,\u00bburl\u00bb:\u00bbhttps:\/\/www.elimparcial.com\/revistas-y-suplementos\/\u00bb},{\u00ab_id\u00bb:\u00bb\/navbar-links\/nav-list-mexico\/mas\u00bb,\u00bbchildren\u00bb:[{\u00ab_id\u00bb:\u00bblink-MHE44EQHTJBOTIFBPAGMKMVJSM\u00bb,\u00bbdisplay_name\u00bb:\u00bbVideos\u00bb,\u00bbnode_type\u00bb:\u00bblink\u00bb,\u00bburl\u00bb:\u00bbhttps:\/\/www.elimparcial.com\/videos\/\u00bb},{\u00ab_id\u00bb:\u00bblink-L3TJWYZT3NHSVP4XHWGVXQRVOA\u00bb,\u00bbdisplay_name\u00bb:\u00bbPublicidad\u00bb,\u00bbnode_type\u00bb:\u00bblink\u00bb,\u00bburl\u00bb:\u00bbhttps:\/\/www.elimparcial.com\/site\/publicidad\/\u00bb},{\u00ab_id\u00bb:\u00bblink-W4DODFE5RNF2JDTQVLHL7OAJG4&#8243;,\u00bbdisplay_name\u00bb:\u00bbSuscripciones\u00bb,\u00bbnode_type\u00bb:\u00bblink\u00bb,\u00bburl\u00bb:\u00bbhttps:\/\/www.elimparcial.com\/site\/suscripciones\/\u00bb},{\u00ab_id\u00bb:\u00bblink-3JYP3IEUF5HK5PPV6G6BXRJP5Q\u00bb,\u00bbdisplay_name\u00bb:\u00bbDirectorio\u00bb,\u00bbnode_type\u00bb:\u00bblink\u00bb,\u00bburl\u00bb:\u00bbhttps:\/\/www.elimparcial.com\/pages\/directorio\/\u00bb},{\u00ab_id\u00bb:\u00bblink-PVQ4VZYGCRGNHBGFJM5BIJHQD4&#8243;,\u00bbdisplay_name\u00bb:\u00bbCont\u00e1ctanos\u00bb,\u00bbnode_type\u00bb:\u00bblink\u00bb,\u00bburl\u00bb:\u00bbhttps:\/\/www.elimparcial.com\/site\/contacto\/\u00bb}],\u00bbname\u00bb:\u00bbNav List Mexico More\u00bb,\u00bbnavigation\u00bb:{\u00abnav_title\u00bb:\u00bbM\u00e1s\u00bb},\u00bbnode_type\u00bb:\u00bbsection\u00bb,\u00bbsite\u00bb:{\u00absite_url\u00bb:null}}],\u00bbname\u00bb:\u00bbNav List Mexico\u00bb,\u00bbnavigation\u00bb:{\u00abnav_title\u00bb:\u00bbM\u00e9xico\u00bb},\u00bbnode_type\u00bb:\u00bbsection\u00bb,\u00bbsite\u00bb:{\u00absite_url\u00bb:\u00bbhttps:\/\/www.elimparcial.com\/\u00bb}},{\u00ab_id\u00bb:\u00bb\/navbar-links\/nav-list-sonora\u00bb,\u00bbchildren\u00bb:[{\u00ab_id\u00bb:\u00bblink-ESMDCXDNVVHF7LK4CA7CGX6HQQ\u00bb,\u00bbchildren\u00bb:[],\u00bbdisplay_name\u00bb:\u00bbJUEGOS\u00bb,\u00bbnode_type\u00bb:\u00bblink\u00bb,\u00bburl\u00bb:\u00bbhttps:\/\/www.elimparcial.com\/juegos\/\u00bb},{\u00ab_id\u00bb:\u00bblink-IXJTC5G77BBGDP52ER5MZOFWSE\u00bb,\u00bbchildren\u00bb:[],\u00bbdisplay_name\u00bb:\u00bbHermosillo\u00bb,\u00bbnode_type\u00bb:\u00bblink\u00bb,\u00bburl\u00bb:\u00bbhttps:\/\/www.elimparcial.com\/son\/hermosillo\/\u00bb},{\u00ab_id\u00bb:\u00bblink-JUOIQ44JPJC4NGDOSYLJE44BZQ\u00bb,\u00bbchildren\u00bb:[],\u00bbdisplay_name\u00bb:\u00bbNogales\u00bb,\u00bbnode_type\u00bb:\u00bblink\u00bb,\u00bburl\u00bb:\u00bbhttps:\/\/www.elimparcial.com\/son\/nogales\/\u00bb},{\u00ab_id\u00bb:\u00bblink-XWSOZYIWQNGI3CKWV5N3HTGEU4&#8243;,\u00bbchildren\u00bb:[],\u00bbdisplay_name\u00bb:\u00bbCd. Obreg\u00f3n\u00bb,\u00bbnode_type\u00bb:\u00bblink\u00bb,\u00bburl\u00bb:\u00bbhttps:\/\/www.elimparcial.com\/son\/ciudad-obregon\/\u00bb},{\u00ab_id\u00bb:\u00bblink-NJ3OSMNRTBDURNWE6B5742DY7U\u00bb,\u00bbchildren\u00bb:[],\u00bbdisplay_name\u00bb:\u00bbSonora\u00bb,\u00bbnode_type\u00bb:\u00bblink\u00bb,\u00bburl\u00bb:\u00bbhttps:\/\/www.elimparcial.com\/son\/sonora\/\u00bb},{\u00ab_id\u00bb:\u00bblink-FZZ3M3BEYND7ZMMQ4OFCOLS7DM\u00bb,\u00bbchildren\u00bb:[],\u00bbdisplay_name\u00bb:\u00bbArizona\u00bb,\u00bbnode_type\u00bb:\u00bblink\u00bb,\u00bburl\u00bb:\u00bbhttps:\/\/www.elimparcial.com\/son\/arizona\/\u00bb},{\u00ab_id\u00bb:\u00bblink-J55EHZ5XSZBNNFRWAYWQWJS5QI\u00bb,\u00bbchildren\u00bb:[],\u00bbdisplay_name\u00bb:\u00bbPoliciaca\u00bb,\u00bbnode_type\u00bb:\u00bblink\u00bb,\u00bburl\u00bb:\u00bb\/son\/policiaca\/\u00bb},{\u00ab_id\u00bb:\u00bblink-CHSOQ5OWJBHVTAYQUSSBDGJPMQ\u00bb,\u00bbchildren\u00bb:[],\u00bbdisplay_name\u00bb:\u00bbColumnas\u00bb,\u00bbnode_type\u00bb:\u00bblink\u00bb,\u00bburl\u00bb:\u00bb\/son\/columnas\/\u00bb},{\u00ab_id\u00bb:\u00bblink-URJPCBBDZ5FSXNH3KKRONKBH4Q\u00bb,\u00bbchildren\u00bb:[],\u00bbdisplay_name\u00bb:\u00bbRevistas\u00bb,\u00bbnode_type\u00bb:\u00bblink\u00bb,\u00bburl\u00bb:\u00bbhttps:\/\/www.elimparcial.com\/revistas-y-suplementos\/\u00bb},{\u00ab_id\u00bb:\u00bb\/navbar-links\/nav-lists-sonora\/mas\u00bb,\u00bbchildren\u00bb:[{\u00ab_id\u00bb:\u00bblink-QC2XWK57TZHK5FMX6NK7IOB5PQ\u00bb,\u00bbdisplay_name\u00bb:\u00bbVideos\u00bb,\u00bbnode_type\u00bb:\u00bblink\u00bb,\u00bburl\u00bb:\u00bbhttps:\/\/www.elimparcial.com\/videos\/\u00bb},{\u00ab_id\u00bb:\u00bblink-PLW3MQ36G5AJNDHDYGQILUI26A\u00bb,\u00bbdisplay_name\u00bb:\u00bbEsquelas\u00bb,\u00bbnode_type\u00bb:\u00bblink\u00bb,\u00bburl\u00bb:\u00bbhttps:\/\/www.elimparcial.com\/sonora\/esquelas\/\u00bb},{\u00ab_id\u00bb:\u00bblink-RPMYRYCGUJA3JHRZ4VPJ7IYZCM\u00bb,\u00bbdisplay_name\u00bb:\u00bbPublicidad\u00bb,\u00bbnode_type\u00bb:\u00bblink\u00bb,\u00bburl\u00bb:\u00bbhttps:\/\/www.elimparcial.com\/site\/publicidad\/\u00bb},{\u00ab_id\u00bb:\u00bblink-ATNEHYW7LVFKNMXG6O5FVEJUCY\u00bb,\u00bbdisplay_name\u00bb:\u00bbSuscripciones\u00bb,\u00bbnode_type\u00bb:\u00bblink\u00bb,\u00bburl\u00bb:\u00bbhttps:\/\/www.elimparcial.com\/site\/suscripciones\/\u00bb},{\u00ab_id\u00bb:\u00bblink-NMLLMXNS3JF7TNUWP5JEDCHJOM\u00bb,\u00bbdisplay_name\u00bb:\u00bbDirectorio\u00bb,\u00bbnode_type\u00bb:\u00bblink\u00bb,\u00bburl\u00bb:\u00bbhttps:\/\/www.elimparcial.com\/sonora\/pages\/directorio\/\u00bb},{\u00ab_id\u00bb:\u00bblink-YNEZJGQMRNAYXOVS555ODJZ2BE\u00bb,\u00bbdisplay_name\u00bb:\u00bbCont\u00e1ctanos\u00bb,\u00bbnode_type\u00bb:\u00bblink\u00bb,\u00bburl\u00bb:\u00bb\/sonora\/site\/contacto\/\u00bb}],\u00bbname\u00bb:\u00bbNav List Sonora More\u00bb,\u00bbnavigation\u00bb:{\u00abnav_title\u00bb:\u00bbM\u00e1s\u00bb},\u00bbnode_type\u00bb:\u00bbsection\u00bb,\u00bbsite\u00bb:{\u00absite_url\u00bb:null}}],\u00bbname\u00bb:\u00bbNav List Sonora\u00bb,\u00bbnavigation\u00bb:{\u00abnav_title\u00bb:\u00bbSonora\u00bb},\u00bbnode_type\u00bb:\u00bbsection\u00bb,\u00bbsite\u00bb:{\u00absite_url\u00bb:\u00bb\/sonora\/\u00bb}},{\u00ab_id\u00bb:\u00bb\/navbar-links\/nav-list-tijuana\u00bb,\u00bbchildren\u00bb:[{\u00ab_id\u00bb:\u00bblink-M7OBULJSUFF5LHUZP53FZPEMUE\u00bb,\u00bbchildren\u00bb:[],\u00bbdisplay_name\u00bb:\u00bbJUEGOS\u00bb,\u00bbnode_type\u00bb:\u00bblink\u00bb,\u00bburl\u00bb:\u00bbhttps:\/\/www.elimparcial.com\/juegos\/\u00bb},{\u00ab_id\u00bb:\u00bblink-ZF5BVBD5MRFHXDBMY2TEP6WVVI\u00bb,\u00bbchildren\u00bb:[],\u00bbdisplay_name\u00bb:\u00bbTijuana\u00bb,\u00bbnode_type\u00bb:\u00bblink\u00bb,\u00bburl\u00bb:\u00bb\/tij\/tijuana\/\u00bb},{\u00ab_id\u00bb:\u00bblink-B2KH3OTN45H6VPRCQILXSPPL4M\u00bb,\u00bbchildren\u00bb:[],\u00bbdisplay_name\u00bb:\u00bbEnsenada\u00bb,\u00bbnode_type\u00bb:\u00bblink\u00bb,\u00bburl\u00bb:\u00bbhttps:\/\/www.elimparcial.com\/tij\/ensenada\/\u00bb},{\u00ab_id\u00bb:\u00bblink-FMZ36KVH2VFSHAF2UBZUW7GBWE\u00bb,\u00bbchildren\u00bb:[],\u00bbdisplay_name\u00bb:\u00bbRosarito\u00bb,\u00bbnode_type\u00bb:\u00bblink\u00bb,\u00bburl\u00bb:\u00bbhttps:\/\/www.elimparcial.com\/tij\/rosarito\/\u00bb},{\u00ab_id\u00bb:\u00bblink-B3IPBSHUFFCXHFUQADE66LTAQI\u00bb,\u00bbchildren\u00bb:[],\u00bbdisplay_name\u00bb:\u00bbCalifornia\u00bb,\u00bbnode_type\u00bb:\u00bblink\u00bb,\u00bburl\u00bb:\u00bbhttps:\/\/www.elimparcial.com\/tij\/california\/\u00bb},{\u00ab_id\u00bb:\u00bblink-LIPA47AZFZAAZGT6F272T7B2QQ\u00bb,\u00bbchildren\u00bb:[],\u00bbdisplay_name\u00bb:\u00bbPoliciaca\u00bb,\u00bbnode_type\u00bb:\u00bblink\u00bb,\u00bburl\u00bb:\u00bb\/tij\/policiaca\/\u00bb},{\u00ab_id\u00bb:\u00bblink-R77NLMXTXNDO3PRANFABUAC3IQ\u00bb,\u00bbchildren\u00bb:[],\u00bbdisplay_name\u00bb:\u00bbColumnas\u00bb,\u00bbnode_type\u00bb:\u00bblink\u00bb,\u00bburl\u00bb:\u00bb\/tij\/columnas\/\u00bb},{\u00ab_id\u00bb:\u00bblink-NSEGCALTGNFD3FYQRC3ECZK764&#8243;,\u00bbchildren\u00bb:[],\u00bbdisplay_name\u00bb:\u00bbRevistas\u00bb,\u00bbnode_type\u00bb:\u00bblink\u00bb,\u00bburl\u00bb:\u00bb\/tijuana\/revistas-y-suplementos\/\u00bb},{\u00ab_id\u00bb:\u00bb\/navbar-links\/nav-list-tijuana\/mas\u00bb,\u00bbchildren\u00bb:[{\u00ab_id\u00bb:\u00bblink-AYAOQ7VZJVHVVM42YYA5V5HQUM\u00bb,\u00bbdisplay_name\u00bb:\u00bbVideos\u00bb,\u00bbnode_type\u00bb:\u00bblink\u00bb,\u00bburl\u00bb:\u00bbhttps:\/\/www.elimparcial.com\/videos\/\u00bb},{\u00ab_id\u00bb:\u00bblink-O3A6ZNDC2RD63ORGDSXGZEUYDY\u00bb,\u00bbdisplay_name\u00bb:\u00bbEsquelas\u00bb,\u00bbnode_type\u00bb:\u00bblink\u00bb,\u00bburl\u00bb:\u00bbhttps:\/\/www.elimparcial.com\/tijuana\/esquelas\/\u00bb},{\u00ab_id\u00bb:\u00bblink-DEBUDPFX65GV7PXNTNC6GP6WF4&#8243;,\u00bbdisplay_name\u00bb:\u00bbPublicidad\u00bb,\u00bbnode_type\u00bb:\u00bblink\u00bb,\u00bburl\u00bb:\u00bb\/tijuana\/site\/publicidad\/\u00bb},{\u00ab_id\u00bb:\u00bblink-MARHUO5UHRCXPKKNQBNJAVX654&#8243;,\u00bbdisplay_name\u00bb:\u00bbSuscripciones\u00bb,\u00bbnode_type\u00bb:\u00bblink\u00bb,\u00bburl\u00bb:\u00bb\/tijuana\/site\/suscripciones\/\u00bb},{\u00ab_id\u00bb:\u00bblink-CDJG4OVR35CA7BMNSXLMBPXGIQ\u00bb,\u00bbdisplay_name\u00bb:\u00bbDirectorio\u00bb,\u00bbnode_type\u00bb:\u00bblink\u00bb,\u00bburl\u00bb:\u00bb\/tijuana\/pages\/directorio\/\u00bb},{\u00ab_id\u00bb:\u00bblink-UXOA3TTA3NHWBMCXPLUFJQLITE\u00bb,\u00bbdisplay_name\u00bb:\u00bbCont\u00e1ctanos\u00bb,\u00bbnode_type\u00bb:\u00bblink\u00bb,\u00bburl\u00bb:\u00bb\/tijuana\/site\/contacto\/\u00bb}],\u00bbname\u00bb:\u00bbNav List Tijuana More\u00bb,\u00bbnavigation\u00bb:{\u00abnav_title\u00bb:\u00bbM\u00e1s\u00bb},\u00bbnode_type\u00bb:\u00bbsection\u00bb,\u00bbsite\u00bb:{\u00absite_url\u00bb:null}}],\u00bbname\u00bb:\u00bbNav List Tijuana\u00bb,\u00bbnavigation\u00bb:{\u00abnav_title\u00bb:\u00bbTijuana\u00bb},\u00bbnode_type\u00bb:\u00bbsection\u00bb,\u00bbsite\u00bb:{\u00absite_url\u00bb:\u00bb\/tijuana\/\u00bb}},{\u00ab_id\u00bb:\u00bb\/navbar-links\/nav-list-mexicali\u00bb,\u00bbchildren\u00bb:[{\u00ab_id\u00bb:\u00bblink-LIU5EGLAUJB65IIYSDARG62HNA\u00bb,\u00bbchildren\u00bb:[],\u00bbdisplay_name\u00bb:\u00bbJUEGOS\u00bb,\u00bbnode_type\u00bb:\u00bblink\u00bb,\u00bburl\u00bb:\u00bbhttps:\/\/www.elimparcial.com\/juegos\/\u00bb},{\u00ab_id\u00bb:\u00bblink-6C5W44F3YBGI5EY7LUQFXPCTHA\u00bb,\u00bbchildren\u00bb:[],\u00bbdisplay_name\u00bb:\u00bbMexicali\u00bb,\u00bbnode_type\u00bb:\u00bblink\u00bb,\u00bburl\u00bb:\u00bb\/mxl\/mexicali\/\u00bb},{\u00ab_id\u00bb:\u00bblink-C4BACWODQFGOFOA54RVEZIABAI\u00bb,\u00bbchildren\u00bb:[],\u00bbdisplay_name\u00bb:\u00bbSan Luis\u00bb,\u00bbnode_type\u00bb:\u00bblink\u00bb,\u00bburl\u00bb:\u00bb\/mxl\/sanluis\/\u00bb},{\u00ab_id\u00bb:\u00bblink-KB5LKYSUM5FF5KVSX3OPAOYCXE\u00bb,\u00bbchildren\u00bb:[],\u00bbdisplay_name\u00bb:\u00bbCalifornia\u00bb,\u00bbnode_type\u00bb:\u00bblink\u00bb,\u00bburl\u00bb:\u00bbhttps:\/\/www.elimparcial.com\/tij\/california\/\u00bb},{\u00ab_id\u00bb:\u00bblink-3NKJ7IPANNHTZM7JC5VDISOV2A\u00bb,\u00bbchildren\u00bb:[],\u00bbdisplay_name\u00bb:\u00bbPoliciaca\u00bb,\u00bbnode_type\u00bb:\u00bblink\u00bb,\u00bburl\u00bb:\u00bb\/mxl\/policiaca\/\u00bb},{\u00ab_id\u00bb:\u00bblink-EOKERDDFVZHSDEYMQCUF34ABHQ\u00bb,\u00bbchildren\u00bb:[],\u00bbdisplay_name\u00bb:\u00bbColumnas\u00bb,\u00bbnode_type\u00bb:\u00bblink\u00bb,\u00bburl\u00bb:\u00bb\/mxl\/columnas\/\u00bb},{\u00ab_id\u00bb:\u00bblink-BHGG6D5PJZHK7KS5GLLP5QB7LM\u00bb,\u00bbchildren\u00bb:[],\u00bbdisplay_name\u00bb:\u00bbRevistas\u00bb,\u00bbnode_type\u00bb:\u00bblink\u00bb,\u00bburl\u00bb:\u00bb\/mexicali\/revistas-y-suplementos\/\u00bb},{\u00ab_id\u00bb:\u00bb\/navbar-links\/nav-list-mexicali\/mas\u00bb,\u00bbchildren\u00bb:[{\u00ab_id\u00bb:\u00bblink-PDACG7CKIRAIJDOVWVWZCDO7GQ\u00bb,\u00bbdisplay_name\u00bb:\u00bbVideos\u00bb,\u00bbnode_type\u00bb:\u00bblink\u00bb,\u00bburl\u00bb:\u00bbhttps:\/\/www.elimparcial.com\/videos\/\u00bb},{\u00ab_id\u00bb:\u00bblink-UVM3AQYWVZFPHJTT3MQ3MNYXSU\u00bb,\u00bbdisplay_name\u00bb:\u00bbPublicidad\u00bb,\u00bbnode_type\u00bb:\u00bblink\u00bb,\u00bburl\u00bb:\u00bb\/mexicali\/site\/publicidad\/\u00bb},{\u00ab_id\u00bb:\u00bblink-XVBPJNEV7JC4VEQX2R4OHGXZZI\u00bb,\u00bbdisplay_name\u00bb:\u00bbSuscripciones\u00bb,\u00bbnode_type\u00bb:\u00bblink\u00bb,\u00bburl\u00bb:\u00bb\/mexicali\/site\/suscripciones\/\u00bb},{\u00ab_id\u00bb:\u00bblink-HH7L26NQC5EZFPEL3WU3GZZYZ4&#8243;,\u00bbdisplay_name\u00bb:\u00bbDirectorio\u00bb,\u00bbnode_type\u00bb:\u00bblink\u00bb,\u00bburl\u00bb:\u00bb\/mexicali\/pages\/directorio\/\u00bb},{\u00ab_id\u00bb:\u00bblink-FUMLYWGIIFAOBEJGHBNWXX2SIA\u00bb,\u00bbdisplay_name\u00bb:\u00bbCont\u00e1ctanos\u00bb,\u00bbnode_type\u00bb:\u00bblink\u00bb,\u00bburl\u00bb:\u00bb\/mexicali\/site\/contacto\/\u00bb},{\u00ab_id\u00bb:\u00bblink-IOAHWBPD7JCHVI7RLLBRX2INSM\u00bb,\u00bbdisplay_name\u00bb:\u00bbEsquelas\u00bb,\u00bbnode_type\u00bb:\u00bblink\u00bb,\u00bburl\u00bb:\u00bbhttps:\/\/www.elimparcial.com\/mexicali\/esquelas\/\u00bb}],\u00bbname\u00bb:\u00bbNav List Mexicali More\u00bb,\u00bbnavigation\u00bb:{\u00abnav_title\u00bb:\u00bbM\u00e1s\u00bb},\u00bbnode_type\u00bb:\u00bbsection\u00bb,\u00bbsite\u00bb:{\u00absite_url\u00bb:null}}],\u00bbname\u00bb:\u00bbNav List Mexicali\u00bb,\u00bbnavigation\u00bb:{\u00abnav_title\u00bb:\u00bbMexicali\u00bb},\u00bbnode_type\u00bb:\u00bbsection\u00bb,\u00bbsite\u00bb:{\u00absite_url\u00bb:\u00bb\/mexicali\/\u00bb}},{\u00ab_id\u00bb:\u00bb\/navbar-menu\/locations\u00bb,\u00bbchildren\u00bb:[{\u00ab_id\u00bb:\u00bb\/navbar-menu\/locations\/main\u00bb,\u00bbchildren\u00bb:[{\u00ab_id\u00bb:\u00bb\/navbar-menu\/locations\/main\/mexico\u00bb,\u00bbname\u00bb:\u00bbNavbar Menu Locations Main Mexico\u00bb,\u00bbnavigation\u00bb:{\u00abnav_title\u00bb:\u00bbM\u00e9xico\u00bb},\u00bbnode_type\u00bb:\u00bbsection\u00bb,\u00bbsite\u00bb:{\u00absite_url\u00bb:\u00bbhttps:\/\/www.elimparcial.com\/\u00bb}},{\u00ab_id\u00bb:\u00bblink-NKKAGZOVFZHRLHDG7PBPO4B42M\u00bb,\u00bbdisplay_name\u00bb:\u00bbCDMX\u00bb,\u00bbnode_type\u00bb:\u00bblink\u00bb,\u00bburl\u00bb:\u00bbhttps:\/\/www.elimparcial.com\/tags\/cdmx\/\u00bb},{\u00ab_id\u00bb:\u00bblink-EHT2MJKCNNCCRHYDTJF76D77EM\u00bb,\u00bbdisplay_name\u00bb:\u00bbEdo. M\u00e9xico\u00bb,\u00bbnode_type\u00bb:\u00bblink\u00bb,\u00bburl\u00bb:\u00bbhttps:\/\/www.elimparcial.com\/tags\/estado-de-mxico\/\u00bb},{\u00ab_id\u00bb:\u00bblink-U7C3I6UKCBH7VBUO3TWEBKRT4M\u00bb,\u00bbdisplay_name\u00bb:\u00bbGuadalajara\u00bb,\u00bbnode_type\u00bb:\u00bblink\u00bb,\u00bburl\u00bb:\u00bbhttps:\/\/www.elimparcial.com\/tags\/guadalajara\/\u00bb},{\u00ab_id\u00bb:\u00bblink-VKF7X4HNHVESJGQZQIK44G7THM\u00bb,\u00bbdisplay_name\u00bb:\u00bbMonterrey\u00bb,\u00bbnode_type\u00bb:\u00bblink\u00bb,\u00bburl\u00bb:\u00bbhttps:\/\/www.elimparcial.com\/tags\/monterrey\/\u00bb},{\u00ab_id\u00bb:\u00bb\/navbar-menu\/locations\/main\/arizona\u00bb,\u00bbname\u00bb:\u00bbNavbar Menu Locations Main Arizona\u00bb,\u00bbnavigation\u00bb:{\u00abnav_title\u00bb:\u00bbArizona\u00bb},\u00bbnode_type\u00bb:\u00bbsection\u00bb,\u00bbsite\u00bb:{\u00absite_url\u00bb:\u00bbhttps:\/\/www.elimparcial.com\/son\/arizona\/\u00bb}},{\u00ab_id\u00bb:\u00bb\/navbar-menu\/locations\/main\/california\u00bb,\u00bbname\u00bb:\u00bbNavbar Menu Locations Main California\u00bb,\u00bbnavigation\u00bb:{\u00abnav_title\u00bb:\u00bbCalifornia\u00bb},\u00bbnode_type\u00bb:\u00bbsection\u00bb,\u00bbsite\u00bb:{\u00absite_url\u00bb:\u00bbhttps:\/\/www.elimparcial.com\/tij\/california\/\u00bb}},{\u00ab_id\u00bb:\u00bb\/navbar-menu\/locations\/main\/mundo\u00bb,\u00bbname\u00bb:\u00bbNavbar Menu Locations Main Mundo\u00bb,\u00bbnavigation\u00bb:{\u00abnav_title\u00bb:\u00bbMundo\u00bb},\u00bbnode_type\u00bb:\u00bbsection\u00bb,\u00bbsite\u00bb:{\u00absite_url\u00bb:\u00bbhttps:\/\/www.elimparcial.com\/mundo\/\u00bb}}],\u00bbname\u00bb:\u00bbNavbar Menu Locations Main\u00bb,\u00bbnavigation\u00bb:{\u00abnav_title\u00bb:null},\u00bbnode_type\u00bb:\u00bbsection\u00bb,\u00bbsite\u00bb:{\u00absite_url\u00bb:null}},{\u00ab_id\u00bb:\u00bb\/navbar-menu\/locations\/side\u00bb,\u00bbchildren\u00bb:[{\u00ab_id\u00bb:\u00bb\/navbar-menu\/locations\/side\/sonora\u00bb,\u00bbname\u00bb:\u00bbNavbar Menu Locations Side Sonora\u00bb,\u00bbnavigation\u00bb:{\u00abnav_title\u00bb:\u00bbSonora\u00bb},\u00bbnode_type\u00bb:\u00bbsection\u00bb,\u00bbsite\u00bb:{\u00absite_url\u00bb:\u00bb\/sonora\/\u00bb}},{\u00ab_id\u00bb:\u00bblink-PNGX4FHZ3FGNTJKKHFJBPC7UGU\u00bb,\u00bbdisplay_name\u00bb:\u00bbHermosillo\u00bb,\u00bbnode_type\u00bb:\u00bblink\u00bb,\u00bburl\u00bb:\u00bbhttps:\/\/www.elimparcial.com\/son\/hermosillo\/\u00bb},{\u00ab_id\u00bb:\u00bblink-7WSQMXGBQZHNVD5BFRCQHAH3VM\u00bb,\u00bbdisplay_name\u00bb:\u00bbCd. Obreg\u00f3n\u00bb,\u00bbnode_type\u00bb:\u00bblink\u00bb,\u00bburl\u00bb:\u00bbhttps:\/\/www.elimparcial.com\/son\/ciudad-obregon\/\u00bb},{\u00ab_id\u00bb:\u00bblink-GR7SB3XBHZDVRB7IIXKKIXDCFM\u00bb,\u00bbdisplay_name\u00bb:\u00bbNogales\u00bb,\u00bbnode_type\u00bb:\u00bblink\u00bb,\u00bburl\u00bb:\u00bbhttps:\/\/www.elimparcial.com\/son\/nogales\/\u00bb},{\u00ab_id\u00bb:\u00bblink-MVNQ6AUS5NCPTMHDKZNADH5YLA\u00bb,\u00bbdisplay_name\u00bb:\u00bbResto del estado\u00bb,\u00bbnode_type\u00bb:\u00bblink\u00bb,\u00bburl\u00bb:\u00bbhttps:\/\/www.elimparcial.com\/son\/sonora\/\u00bb},{\u00ab_id\u00bb:\u00bb\/navbar-menu\/locations\/side\/baja-california\u00bb,\u00bbname\u00bb:\u00bbNavbar Menu Locations Side Baja California\u00bb,\u00bbnavigation\u00bb:{\u00abnav_title\u00bb:\u00bbBaja California\u00bb},\u00bbnode_type\u00bb:\u00bbsection\u00bb,\u00bbsite\u00bb:{\u00absite_url\u00bb:null}},{\u00ab_id\u00bb:\u00bblink-BNEKX4K7MZDXZPESFHRBU5UH6A\u00bb,\u00bbdisplay_name\u00bb:\u00bbTijuana\u00bb,\u00bbnode_type\u00bb:\u00bblink\u00bb,\u00bburl\u00bb:\u00bb\/tijuana\/\u00bb},{\u00ab_id\u00bb:\u00bblink-NVBHJUW3XVB6RNG3TQYT5Q5RBY\u00bb,\u00bbdisplay_name\u00bb:\u00bbMexicali\u00bb,\u00bbnode_type\u00bb:\u00bblink\u00bb,\u00bburl\u00bb:\u00bb\/mexicali\/\u00bb},{\u00ab_id\u00bb:\u00bblink-ILSTGCP7K5FXZGH7YKVEPI6WBI\u00bb,\u00bbdisplay_name\u00bb:\u00bbEnsenada\u00bb,\u00bbnode_type\u00bb:\u00bblink\u00bb,\u00bburl\u00bb:\u00bbhttps:\/\/www.elimparcial.com\/tij\/ensenada\/\u00bb},{\u00ab_id\u00bb:\u00bblink-KLMMAASSWFH5NPIR7Z4NEZJ4ME\u00bb,\u00bbdisplay_name\u00bb:\u00bbRosarito\u00bb,\u00bbnode_type\u00bb:\u00bblink\u00bb,\u00bburl\u00bb:\u00bbhttps:\/\/www.elimparcial.com\/tij\/rosarito\/\u00bb}],\u00bbname\u00bb:\u00bbNavbar Menu Locations Side\u00bb,\u00bbnavigation\u00bb:{\u00abnav_title\u00bb:null},\u00bbnode_type\u00bb:\u00bbsection\u00bb,\u00bbsite\u00bb:{\u00absite_url\u00bb:null}},{\u00ab_id\u00bb:\u00bb\/navbar-menu\/locations\/end\u00bb,\u00bbchildren\u00bb:[{\u00ab_id\u00bb:\u00bblink-O6EWENXT25GS7G2SGLOWMT2IBY\u00bb,\u00bbdisplay_name\u00bb:\u00bbPortadas de ediciones\u00bb,\u00bbnode_type\u00bb:\u00bblink\u00bb,\u00bburl\u00bb:\u00bb\u00bb}],\u00bbname\u00bb:\u00bbNavbar Menu Locations End\u00bb,\u00bbnavigation\u00bb:{\u00abnav_title\u00bb:null},\u00bbnode_type\u00bb:\u00bbsection\u00bb,\u00bbsite\u00bb:{\u00absite_url\u00bb:null}}],\u00bbname\u00bb:\u00bbNavbar Menu Locations\u00bb,\u00bbnavigation\u00bb:{\u00abnav_title\u00bb:\u00bbLugares\u00bb},\u00bbnode_type\u00bb:\u00bbsection\u00bb,\u00bbsite\u00bb:{\u00absite_url\u00bb:null}},{\u00ab_id\u00bb:\u00bb\/navbar-menu\/sections\u00bb,\u00bbchildren\u00bb:[{\u00ab_id\u00bb:\u00bb\/navbar-menu\/sections\/top\u00bb,\u00bbchildren\u00bb:[{\u00ab_id\u00bb:\u00bblink-6WHYOY2RAFFOPEQNLCGOKWFHQY\u00bb,\u00bbdisplay_name\u00bb:\u00bbNoticias de Hoy\u00bb,\u00bbnode_type\u00bb:\u00bblink\u00bb,\u00bburl\u00bb:\u00bbhttps:\/\/www.elimparcial.com\/noticias-de-hoy\/\u00bb}],\u00bbname\u00bb:\u00bbNavbar Menu Sections Top\u00bb,\u00bbnavigation\u00bb:{\u00abnav_title\u00bb:null},\u00bbnode_type\u00bb:\u00bbsection\u00bb,\u00bbsite\u00bb:{\u00absite_url\u00bb:null}},{\u00ab_id\u00bb:\u00bb\/navbar-menu\/sections\/main\u00bb,\u00bbchildren\u00bb:[{\u00ab_id\u00bb:\u00bblink-5RHEQ7AWWREZJFFOK2INLVW5SI\u00bb,\u00bbdisplay_name\u00bb:\u00bbLo Curioso\u00bb,\u00bbnode_type\u00bb:\u00bblink\u00bb,\u00bburl\u00bb:\u00bbhttps:\/\/www.elimparcial.com\/locurioso\/\u00bb},{\u00ab_id\u00bb:\u00bblink-JIG2E2BOLRCKJDQ4ZGFJ3UIQZI\u00bb,\u00bbdisplay_name\u00bb:\u00bbDinero\u00bb,\u00bbnode_type\u00bb:\u00bblink\u00bb,\u00bburl\u00bb:\u00bbhttps:\/\/www.elimparcial.com\/dinero\/\u00bb},{\u00ab_id\u00bb:\u00bblink-3TNGROSCYFH4PLGJBUWB3UYF4U\u00bb,\u00bbdisplay_name\u00bb:\u00bbDeportes\u00bb,\u00bbnode_type\u00bb:\u00bblink\u00bb,\u00bburl\u00bb:\u00bbhttps:\/\/www.elimparcial.com\/deporte\/\u00bb}],\u00bbname\u00bb:\u00bbNavbar Menu Sections Main\u00bb,\u00bbnavigation\u00bb:{\u00abnav_title\u00bb:null},\u00bbnode_type\u00bb:\u00bbsection\u00bb,\u00bbsite\u00bb:{\u00absite_url\u00bb:null}},{\u00ab_id\u00bb:\u00bb\/navbar-menu\/sections\/side\u00bb,\u00bbchildren\u00bb:[{\u00ab_id\u00bb:\u00bblink-RIKK3IHEYZF7JPYHQECSO4LJXY\u00bb,\u00bbdisplay_name\u00bb:\u00bbEspect\u00e1culos\u00bb,\u00bbnode_type\u00bb:\u00bblink\u00bb,\u00bburl\u00bb:\u00bbhttps:\/\/www.elimparcial.com\/espectaculos\/\u00bb},{\u00ab_id\u00bb:\u00bblink-3FPWN64BCVAC5DHLR3YH4JGDRM\u00bb,\u00bbdisplay_name\u00bb:\u00bbEstilos\u00bb,\u00bbnode_type\u00bb:\u00bblink\u00bb,\u00bburl\u00bb:\u00bbhttps:\/\/www.elimparcial.com\/estilos\/\u00bb},{\u00ab_id\u00bb:\u00bblink-KGW5I6ZS7RED5IWFJMOMT5XGRI\u00bb,\u00bbdisplay_name\u00bb:\u00bbTecnolog\u00eda\u00bb,\u00bbnode_type\u00bb:\u00bblink\u00bb,\u00bburl\u00bb:\u00bbhttps:\/\/www.elimparcial.com\/tecnologia\/\u00bb},{\u00ab_id\u00bb:\u00bblink-IIL4ZCQ6XVBIPJLXAEJNRUZDMI\u00bb,\u00bbdisplay_name\u00bb:\u00bbJUEGOS\u00bb,\u00bbnode_type\u00bb:\u00bblink\u00bb,\u00bburl\u00bb:\u00bbhttps:\/\/www.elimparcial.com\/juegos\/\u00bb}],\u00bbname\u00bb:\u00bbNavbar Menu Sections Side\u00bb,\u00bbnavigation\u00bb:{\u00abnav_title\u00bb:null},\u00bbnode_type\u00bb:\u00bbsection\u00bb,\u00bbsite\u00bb:{\u00absite_url\u00bb:null}}],\u00bbname\u00bb:\u00bbNavbar Menu Sections\u00bb,\u00bbnavigation\u00bb:{\u00abnav_title\u00bb:\u00bbSecciones\u00bb},\u00bbnode_type\u00bb:\u00bbsection\u00bb,\u00bbsite\u00bb:{\u00absite_url\u00bb:null}},{\u00ab_id\u00bb:\u00bb\/navbar-menu\/services\u00bb,\u00bbchildren\u00bb:[{\u00ab_id\u00bb:\u00bb\/navbar-menu\/services\/main\u00bb,\u00bbchildren\u00bb:[{\u00ab_id\u00bb:\u00bb\/navbar-menu\/services\/main\/webcam-garitas\u00bb,\u00bbname\u00bb:\u00bbNavbar Menu Services Main Webcam Garitas\u00bb,\u00bbnavigation\u00bb:{\u00abnav_title\u00bb:\u00bbWebcam Garitas\u00bb},\u00bbnode_type\u00bb:\u00bbsection\u00bb,\u00bbsite\u00bb:{\u00absite_url\u00bb:null}},{\u00ab_id\u00bb:\u00bblink-JCBUFAKN4NB2XDYXVZ3AABE7QI\u00bb,\u00bbdisplay_name\u00bb:\u00bbNogales\u00bb,\u00bbnode_type\u00bb:\u00bblink\u00bb,\u00bburl\u00bb:\u00bbhttps:\/\/www.elimparcial.com\/site\/garitas\/\u00bb},{\u00ab_id\u00bb:\u00bblink-PWDPAZ7GPBEUJO4YHEF6Y23YWM\u00bb,\u00bbdisplay_name\u00bb:\u00bbMexicali\u00bb,\u00bbnode_type\u00bb:\u00bblink\u00bb,\u00bburl\u00bb:\u00bbhttps:\/\/www.elimparcial.com\/mexicali\/site\/garitas\/\u00bb},{\u00ab_id\u00bb:\u00bblink-5G5D23KMHJA4NDBZZV3FI6OYMI\u00bb,\u00bbdisplay_name\u00bb:\u00bbTijuana\u00bb,\u00bbnode_type\u00bb:\u00bblink\u00bb,\u00bburl\u00bb:\u00bbhttps:\/\/www.elimparcial.com\/tijuana\/site\/garitas\/\u00bb},{\u00ab_id\u00bb:\u00bblink-QVSOF7IANBDKXI3DTYH5FCRMNM\u00bb,\u00bbdisplay_name\u00bb:\u00bbCd. Ju\u00e1rez\u00bb,\u00bbnode_type\u00bb:\u00bblink\u00bb,\u00bburl\u00bb:\u00bbhttps:\/\/www.elimparcial.com\/site\/garitas\/ciudad_juarez\/\u00bb}],\u00bbname\u00bb:\u00bbNavbar Menu Services Main\u00bb,\u00bbnavigation\u00bb:{\u00abnav_title\u00bb:null},\u00bbnode_type\u00bb:\u00bbsection\u00bb,\u00bbsite\u00bb:{\u00absite_url\u00bb:null}},{\u00ab_id\u00bb:\u00bb\/navbar-menu\/services\/side\u00bb,\u00bbchildren\u00bb:[{\u00ab_id\u00bb:\u00bb\/navbar-menu\/services\/side\/esquelas\u00bb,\u00bbname\u00bb:\u00bbNavbar Menu Services Side Esquelas\u00bb,\u00bbnavigation\u00bb:{\u00abnav_title\u00bb:\u00bbEsquelas\u00bb},\u00bbnode_type\u00bb:\u00bbsection\u00bb,\u00bbsite\u00bb:{\u00absite_url\u00bb:null}},{\u00ab_id\u00bb:\u00bblink-CODAHXGTIRHGXD674FKNUMRKP4&#8243;,\u00bbdisplay_name\u00bb:\u00bbSonora\u00bb,\u00bbnode_type\u00bb:\u00bblink\u00bb,\u00bburl\u00bb:\u00bbhttps:\/\/www.elimparcial.com\/sonora\/esquelas\/\u00bb},{\u00ab_id\u00bb:\u00bblink-HU7RBHQDDRG6PNFKWVZHGM2FZ4&#8243;,\u00bbdisplay_name\u00bb:\u00bbTijuana\u00bb,\u00bbnode_type\u00bb:\u00bblink\u00bb,\u00bburl\u00bb:\u00bbhttps:\/\/www.elimparcial.com\/tijuana\/esquelas\/\u00bb},{\u00ab_id\u00bb:\u00bblink-CK7YIRSPTNBJ3DDEZLWWLS566Q\u00bb,\u00bbdisplay_name\u00bb:\u00bbMexicali\u00bb,\u00bbnode_type\u00bb:\u00bblink\u00bb,\u00bburl\u00bb:\u00bbhttps:\/\/www.elimparcial.com\/mexicali\/esquelas\/\u00bb}],\u00bbname\u00bb:\u00bbNavbar Menu Services Side\u00bb,\u00bbnavigation\u00bb:{\u00abnav_title\u00bb:null},\u00bbnode_type\u00bb:\u00bbsection\u00bb,\u00bbsite\u00bb:{\u00absite_url\u00bb:null}},{\u00ab_id\u00bb:\u00bb\/navbar-menu\/services\/end\u00bb,\u00bbchildren\u00bb:[{\u00ab_id\u00bb:\u00bb\/navbar-menu\/services\/end\/boletin-whatsapp\u00bb,\u00bbname\u00bb:\u00bbNavbar Menu Services End Boletin WhatsApp\u00bb,\u00bbnavigation\u00bb:{\u00abnav_title\u00bb:\u00bbBolet\u00edn WhatsApp\u00bb},\u00bbnode_type\u00bb:\u00bbsection\u00bb,\u00bbsite\u00bb:{\u00absite_url\u00bb:\u00bbhttps:\/\/www.elimparcial.com\/boletin-whatsapp\/\u00bb}}],\u00bbname\u00bb:\u00bbNavbar Menu Services End\u00bb,\u00bbnavigation\u00bb:{\u00abnav_title\u00bb:null},\u00bbnode_type\u00bb:\u00bbsection\u00bb,\u00bbsite\u00bb:{\u00absite_url\u00bb:null}}],\u00bbname\u00bb:\u00bbNavbar Menu Services\u00bb,\u00bbnavigation\u00bb:{\u00abnav_title\u00bb:\u00bbServicios\u00bb},\u00bbnode_type\u00bb:\u00bbsection\u00bb,\u00bbsite\u00bb:{\u00absite_url\u00bb:null}},{\u00ab_id\u00bb:\u00bb\/navbar-menu\/more\u00bb,\u00bbchildren\u00bb:[{\u00ab_id\u00bb:\u00bb\/navbar-menu\/more\/top\u00bb,\u00bbchildren\u00bb:[{\u00ab_id\u00bb:\u00bblink-F4TF2VINDJHXVNKCOAGQ6Y36WM\u00bb,\u00bbdisplay_name\u00bb:\u00bbEdici\u00f3n Impresa\u00bb,\u00bbnode_type\u00bb:\u00bblink\u00bb,\u00bburl\u00bb:\u00bbhttp:\/\/grupo-healy.pressreader.com\/\u00bb}],\u00bbname\u00bb:\u00bbNavbar Menu More Top\u00bb,\u00bbnavigation\u00bb:{\u00abnav_title\u00bb:null},\u00bbnode_type\u00bb:\u00bbsection\u00bb,\u00bbsite\u00bb:{\u00absite_url\u00bb:null}},{\u00ab_id\u00bb:\u00bb\/navbar-menu\/more\/main\u00bb,\u00bbchildren\u00bb:[{\u00ab_id\u00bb:\u00bblink-5PIMCKPL2FAG5GOEVJXDJ26IJA\u00bb,\u00bbdisplay_name\u00bb:\u00bbMisi\u00f3n\u00bb,\u00bbnode_type\u00bb:\u00bblink\u00bb,\u00bburl\u00bb:\u00bbhttps:\/\/www.elimparcial.com\/pages\/mision\/\u00bb},{\u00ab_id\u00bb:\u00bblink-MWYA2BPLUFEGTI6JSXS7KW4A24&#8243;,\u00bbdisplay_name\u00bb:\u00bbNuestra Empresa\u00bb,\u00bbnode_type\u00bb:\u00bblink\u00bb,\u00bburl\u00bb:\u00bbhttps:\/\/www.elimparcial.com\/pages\/nuestra-empresa\/\u00bb},{\u00ab_id\u00bb:\u00bblink-ZRBWJGTZJJHBZAKTRJW7LYDH2E\u00bb,\u00bbdisplay_name\u00bb:\u00bbOportunidades de Empleo\u00bb,\u00bbnode_type\u00bb:\u00bblink\u00bb,\u00bburl\u00bb:\u00bbhttps:\/\/www.elimparcial.com\/oportunidades-de-empleo\/\u00bb},{\u00ab_id\u00bb:\u00bblink-W7OEXGRBWNBHHIMBJYO4FQUHXI\u00bb,\u00bbdisplay_name\u00bb:\u00bbImpresos Comerciales\u00bb,\u00bbnode_type\u00bb:\u00bblink\u00bb,\u00bburl\u00bb:\u00bbhttps:\/\/www.elimparcial.com\/site\/impresoscomerciales\/\u00bb},{\u00ab_id\u00bb:\u00bblink-W3F7TDHBCVG5FA7ZLRYZQPLEDA\u00bb,\u00bbdisplay_name\u00bb:\u00bbAviso de privacidad\u00bb,\u00bbnode_type\u00bb:\u00bblink\u00bb,\u00bburl\u00bb:\u00bbhttps:\/\/www.elimparcial.com\/pages\/aviso-de-privacidad\/\u00bb},{\u00ab_id\u00bb:\u00bblink-QBHCHYSP7RDTNNC5PX433LHY4E\u00bb,\u00bbdisplay_name\u00bb:\u00bbStaff\u00bb,\u00bbnode_type\u00bb:\u00bblink\u00bb,\u00bburl\u00bb:\u00bbhttps:\/\/www.elimparcial.com\/pages\/staff\/\u00bb},{\u00ab_id\u00bb:\u00bblink-6C5PPDN6H5EULEFZDQPEUOMSQM\u00bb,\u00bbdisplay_name\u00bb:\u00bbloseconomicos.com\u00bb,\u00bbnode_type\u00bb:\u00bblink\u00bb,\u00bburl\u00bb:\u00bbhttps:\/\/bit.ly\/3xhdqhG\u00bb}],\u00bbname\u00bb:\u00bbNavbar Menu More Main\u00bb,\u00bbnavigation\u00bb:{\u00abnav_title\u00bb:null},\u00bbnode_type\u00bb:\u00bbsection\u00bb,\u00bbsite\u00bb:{\u00absite_url\u00bb:null}}],\u00bbname\u00bb:\u00bbNavbar Menu More\u00bb,\u00bbnavigation\u00bb:{\u00abnav_title\u00bb:\u00bbM\u00e1s\u00bb},\u00bbnode_type\u00bb:\u00bbsection\u00bb,\u00bbsite\u00bb:{\u00absite_url\u00bb:null}},{\u00ab_id\u00bb:\u00bb\/navbar-menu\/gatehouses\u00bb,\u00bbchildren\u00bb:[{\u00ab_id\u00bb:\u00bb\/navbar-menu\/gatehouses\/mexico\u00bb,\u00bbchildren\u00bb:[],\u00bbname\u00bb:\u00bbNavbar Menu Gatehouses Mexico\u00bb,\u00bbnavigation\u00bb:{\u00abnav_title\u00bb:\u00bbGaritas Cd. Ju\u00e1rez\u00bb},\u00bbnode_type\u00bb:\u00bbsection\u00bb,\u00bbsite\u00bb:{\u00absite_url\u00bb:\u00bbhttps:\/\/www.elimparcial.com\/site\/garitas\/ciudad_juarez\/\u00bb}},{\u00ab_id\u00bb:\u00bb\/navbar-menu\/gatehouses\/sonora\u00bb,\u00bbchildren\u00bb:[],\u00bbname\u00bb:\u00bbNavbar Menu Gatehouses Sonora\u00bb,\u00bbnavigation\u00bb:{\u00abnav_title\u00bb:\u00bbGaritas Nogales\u00bb},\u00bbnode_type\u00bb:\u00bbsection\u00bb,\u00bbsite\u00bb:{\u00absite_url\u00bb:\u00bbhttps:\/\/www.elimparcial.com\/site\/garitas\/\u00bb}},{\u00ab_id\u00bb:\u00bb\/navbar-menu\/gatehouses\/mexicali\u00bb,\u00bbchildren\u00bb:[],\u00bbname\u00bb:\u00bbNavbar Menu Gatehouses Mexicali\u00bb,\u00bbnavigation\u00bb:{\u00abnav_title\u00bb:\u00bbGaritas Mexicali\u00bb},\u00bbnode_type\u00bb:\u00bbsection\u00bb,\u00bbsite\u00bb:{\u00absite_url\u00bb:\u00bbhttps:\/\/www.elimparcial.com\/mexicali\/site\/garitas\/\u00bb}},{\u00ab_id\u00bb:\u00bb\/navbar-menu\/gatehouses\/tijuana\u00bb,\u00bbchildren\u00bb:[],\u00bbname\u00bb:\u00bbNavbar Menu Gatehouses Tijuana\u00bb,\u00bbnavigation\u00bb:{\u00abnav_title\u00bb:\u00bbGaritas Tijuana\u00bb},\u00bbnode_type\u00bb:\u00bbsection\u00bb,\u00bbsite\u00bb:{\u00absite_url\u00bb:\u00bbhttps:\/\/www.elimparcial.com\/tijuana\/site\/garitas\/\u00bb}}],\u00bbname\u00bb:\u00bbNavbar Menu Gatehouses\u00bb,\u00bbnavigation\u00bb:{\u00abnav_title\u00bb:null},\u00bbnode_type\u00bb:\u00bbsection\u00bb,\u00bbsite\u00bb:{\u00absite_url\u00bb:null}}],\u00bb_id\u00bb:\u00bbhttps:\/\/www.elimparcial.com\/\u00bb},\u00bbexpires\u00bb:1766368473428,\u00bblastModified\u00bb:1766368173397},\u00bb{\\\u00bbfeature\\\u00bb:\\\u00bbFooter\\\u00bb,\\\u00bbhierarchy\\\u00bb:\\\u00bbFooter\\\u00bb}\u00bb:{\u00abdata\u00bb:{\u00abchildren\u00bb:[{\u00ab_id\u00bb:\u00bb\/footer-links\/site-links\/noticias\u00bb,\u00bbchildren\u00bb:[{\u00ab_id\u00bb:\u00bblink-Y6U5MYT3PNF4PAIFG2TRRR2FGE\u00bb,\u00bbdisplay_name\u00bb:\u00bbM\u00e9xico\u00bb,\u00bbnode_type\u00bb:\u00bblink\u00bb,\u00bburl\u00bb:\u00bbhttps:\/\/www.elimparcial.com\/mexico\/\u00bb},{\u00ab_id\u00bb:\u00bblink-7CMPWX4BI5COXF4GWF22PSQJCE\u00bb,\u00bbdisplay_name\u00bb:\u00bbMundo\u00bb,\u00bbnode_type\u00bb:\u00bblink\u00bb,\u00bburl\u00bb:\u00bbhttps:\/\/www.elimparcial.com\/mundo\/\u00bb},{\u00ab_id\u00bb:\u00bblink-G2KH3PIYI5FU3H5O6PEZEIOPNU\u00bb,\u00bbdisplay_name\u00bb:\u00bbLo Curioso\u00bb,\u00bbnode_type\u00bb:\u00bblink\u00bb,\u00bburl\u00bb:\u00bbhttps:\/\/www.elimparcial.com\/locurioso\/\u00bb},{\u00ab_id\u00bb:\u00bblink-LRM7QSDZAVCJRPHKJVIHQ4EMJU\u00bb,\u00bbdisplay_name\u00bb:\u00bbDinero\u00bb,\u00bbnode_type\u00bb:\u00bblink\u00bb,\u00bburl\u00bb:\u00bbhttps:\/\/www.elimparcial.com\/dinero\/\u00bb},{\u00ab_id\u00bb:\u00bblink-4LY7SPYBFFFJXH2HVN3P7OTRAQ\u00bb,\u00bbdisplay_name\u00bb:\u00bbDeportes\u00bb,\u00bbnode_type\u00bb:\u00bblink\u00bb,\u00bburl\u00bb:\u00bbhttps:\/\/www.elimparcial.com\/deporte\/\u00bb},{\u00ab_id\u00bb:\u00bblink-N2Q4QRFUFZD5PEHBNAOHMEZ6TA\u00bb,\u00bbdisplay_name\u00bb:\u00bbEspect\u00e1culos\u00bb,\u00bbnode_type\u00bb:\u00bblink\u00bb,\u00bburl\u00bb:\u00bbhttps:\/\/www.elimparcial.com\/espectaculos\/\u00bb},{\u00ab_id\u00bb:\u00bblink-CUXRI2M7GNF6BLPNJ4V6VW3J7I\u00bb,\u00bbdisplay_name\u00bb:\u00bbEstilos\u00bb,\u00bbnode_type\u00bb:\u00bblink\u00bb,\u00bburl\u00bb:\u00bbhttps:\/\/www.elimparcial.com\/estilos\/\u00bb},{\u00ab_id\u00bb:\u00bblink-SLDH6DRLWZE55NXK3OTSUUVCYQ\u00bb,\u00bbdisplay_name\u00bb:\u00bbTecnolog\u00eda\u00bb,\u00bbnode_type\u00bb:\u00bblink\u00bb,\u00bburl\u00bb:\u00bbhttps:\/\/www.elimparcial.com\/tecnologia\/\u00bb},{\u00ab_id\u00bb:\u00bblink-OKDKHZGZ7VFHRANL2P7BGYU3V4&#8243;,\u00bbdisplay_name\u00bb:\u00bbJUEGOS\u00bb,\u00bbnode_type\u00bb:\u00bblink\u00bb,\u00bburl\u00bb:\u00bbhttps:\/\/www.elimparcial.com\/juegos\/\u00bb}],\u00bbname\u00bb:\u00bbSecciones\u00bb,\u00bbnode_type\u00bb:\u00bbsection\u00bb},{\u00ab_id\u00bb:\u00bb\/footer-links\/site-links\/servicios\u00bb,\u00bbchildren\u00bb:[{\u00ab_id\u00bb:\u00bblink-EZ2FPVHAHJHKFEGDC3FP4V65JI\u00bb,\u00bbdisplay_name\u00bb:\u00bbBolet\u00edn Whatsapp\u00bb,\u00bbnode_type\u00bb:\u00bblink\u00bb,\u00bburl\u00bb:\u00bbhttps:\/\/www.elimparcial.com\/boletin-whatsapp\/\u00bb}],\u00bbname\u00bb:\u00bbServicios\u00bb,\u00bbnode_type\u00bb:\u00bbsection\u00bb},{\u00ab_id\u00bb:\u00bb\/footer-links\/site-links\/mas\u00bb,\u00bbchildren\u00bb:[{\u00ab_id\u00bb:\u00bblink-6G77JSXOLFAUNGBYFLZMKJWHQI\u00bb,\u00bbdisplay_name\u00bb:\u00bbStaff\u00bb,\u00bbnode_type\u00bb:\u00bblink\u00bb,\u00bburl\u00bb:\u00bbhttps:\/\/www.elimparcial.com\/pages\/staff\/\u00bb},{\u00ab_id\u00bb:\u00bblink-R4PS5IUUFRF2LDSSABSHTDLLOY\u00bb,\u00bbdisplay_name\u00bb:\u00bbImpresos Comerciales\u00bb,\u00bbnode_type\u00bb:\u00bblink\u00bb,\u00bburl\u00bb:\u00bbhttps:\/\/www.elimparcial.com\/site\/impresoscomerciales\/\u00bb},{\u00ab_id\u00bb:\u00bblink-EGSJXTPIEJE3XJSY6TOUW2OKVI\u00bb,\u00bbdisplay_name\u00bb:\u00bbAviso de Privacidad\u00bb,\u00bbnode_type\u00bb:\u00bblink\u00bb,\u00bburl\u00bb:\u00bbhttps:\/\/www.elimparcial.com\/pages\/aviso-de-privacidad\/\u00bb},{\u00ab_id\u00bb:\u00bblink-HM7AXEBNIFE67KCZW6QS7OIP2M\u00bb,\u00bbdisplay_name\u00bb:\u00bbResponsabilidad Social\u00bb,\u00bbnode_type\u00bb:\u00bblink\u00bb,\u00bburl\u00bb:\u00bbhttps:\/\/www.elimparcial.com\/pages\/responsabilidad-social\/\u00bb},{\u00ab_id\u00bb:\u00bblink-PRCPEQKHJBB5BCV3IQDVAOM2BI\u00bb,\u00bbdisplay_name\u00bb:\u00bbMisi\u00f3n\u00bb,\u00bbnode_type\u00bb:\u00bblink\u00bb,\u00bburl\u00bb:\u00bbhttps:\/\/www.elimparcial.com\/pages\/mision\/\u00bb},{\u00ab_id\u00bb:\u00bblink-WU7SOAYWPRHNPBNO56EP4FMJKQ\u00bb,\u00bbdisplay_name\u00bb:\u00bbNuestra Empresa\u00bb,\u00bbnode_type\u00bb:\u00bblink\u00bb,\u00bburl\u00bb:\u00bbhttps:\/\/www.elimparcial.com\/pages\/nuestra-empresa\/\u00bb},{\u00ab_id\u00bb:\u00bblink-NZN32B7GO5GK5LIOXIESPGTSKE\u00bb,\u00bbdisplay_name\u00bb:\u00bbOportunidades de Empleo\u00bb,\u00bbnode_type\u00bb:\u00bblink\u00bb,\u00bburl\u00bb:\u00bbhttps:\/\/www.elimparcial.com\/oportunidades-de-empleo\/\u00bb},{\u00ab_id\u00bb:\u00bblink-NMLLMXNS3JF7TNUWP5JEDCHJOM\u00bb,\u00bbdisplay_name\u00bb:\u00bbDirectorio\u00bb,\u00bbnode_type\u00bb:\u00bblink\u00bb,\u00bburl\u00bb:\u00bbhttps:\/\/www.elimparcial.com\/sonora\/pages\/directorio\/\u00bb},{\u00ab_id\u00bb:\u00bblink-TWX4CF2SURAPXJWVLSBONTFRL4&#8243;,\u00bbdisplay_name\u00bb:\u00bbContacto\u00bb,\u00bbnode_type\u00bb:\u00bblink\u00bb,\u00bburl\u00bb:\u00bbhttps:\/\/www.elimparcial.com\/site\/contacto\/\u00bb},{\u00ab_id\u00bb:\u00bblink-ATNEHYW7LVFKNMXG6O5FVEJUCY\u00bb,\u00bbdisplay_name\u00bb:\u00bbSuscripciones\u00bb,\u00bbnode_type\u00bb:\u00bblink\u00bb,\u00bburl\u00bb:\u00bbhttps:\/\/www.elimparcial.com\/site\/suscripciones\/\u00bb},{\u00ab_id\u00bb:\u00bblink-RPMYRYCGUJA3JHRZ4VPJ7IYZCM\u00bb,\u00bbdisplay_name\u00bb:\u00bbPublicidad\u00bb,\u00bbnode_type\u00bb:\u00bblink\u00bb,\u00bburl\u00bb:\u00bbhttps:\/\/www.elimparcial.com\/site\/publicidad\/\u00bb},{\u00ab_id\u00bb:\u00bblink-U6YENR6DGBHT7IWZKLPCBUBOSE\u00bb,\u00bbdisplay_name\u00bb:\u00bbColumnas\u00bb,\u00bbnode_type\u00bb:\u00bblink\u00bb,\u00bburl\u00bb:\u00bbhttps:\/\/www.elimparcial.com\/columnas\/\u00bb},{\u00ab_id\u00bb:\u00bblink-6HPRQWGN4ZBUROEJLHWHWMQUDE\u00bb,\u00bbdisplay_name\u00bb:\u00bbEd. Impresa\u00bb,\u00bbnode_type\u00bb:\u00bblink\u00bb,\u00bburl\u00bb:\u00bbhttp:\/\/grupo-healy.pressreader.com\/\u00bb}],\u00bbname\u00bb:\u00bbM\u00e1s\u00bb,\u00bbnode_type\u00bb:\u00bbsection\u00bb},{\u00ab_id\u00bb:\u00bb\/footer-links\/site-links\/multimedia\u00bb,\u00bbchildren\u00bb:[{\u00ab_id\u00bb:\u00bblink-P2KVKC3EXJA65BCUAPM6EDTW6U\u00bb,\u00bbdisplay_name\u00bb:\u00bbGaler\u00edas de fotos\u00bb,\u00bbnode_type\u00bb:\u00bblink\u00bb,\u00bburl\u00bb:\u00bbhttps:\/\/www.elimparcial.com\/galerias\/\u00bb},{\u00ab_id\u00bb:\u00bblink-QC2XWK57TZHK5FMX6NK7IOB5PQ\u00bb,\u00bbdisplay_name\u00bb:\u00bbVideos\u00bb,\u00bbnode_type\u00bb:\u00bblink\u00bb,\u00bburl\u00bb:\u00bbhttps:\/\/www.elimparcial.com\/videos\/\u00bb}],\u00bbname\u00bb:\u00bbMultimedia\u00bb,\u00bbnode_type\u00bb:\u00bbsection\u00bb},{\u00ab_id\u00bb:\u00bb\/footer-links\/external-links\u00bb,\u00bbchildren\u00bb:[],\u00bbname\u00bb:\u00bbExternal Links\u00bb,\u00bbnode_type\u00bb:\u00bbsection\u00bb}],\u00bb_id\u00bb:\u00bbhttps:\/\/www.elimparcial.com\/\u00bb},\u00bbexpires\u00bb:1766368464575,\u00bblastModified\u00bb:1766368164548}},\u00bbei-most-seen-feed\u00bb:{\u00ab{\\\u00bbarcSite\\\u00bb:\\\u00bbelimparcial\\\u00bb,\\\u00bblimit\\\u00bb:5}\u00bb:{\u00abdata\u00bb:[{\u00ab_id\u00bb:\u00bbK5WHDWOGVBBNDPUKHGV54HP6DY\u00bb,\u00bbadditional_properties\u00bb:{\u00abhas_published_copy\u00bb:true,\u00bbis_published\u00bb:true,\u00bbpublish_date\u00bb:\u00bb2025-12-21T14:58:07.041Z\u00bb},\u00bbcanonical_website\u00bb:\u00bbelimparcial\u00bb,\u00bbcontent_elements\u00bb:[{\u00ab_id\u00bb:\u00bbKSNPSRJMQFB3VO4KQJMP27Y7I4&#8243;,\u00bbadditional_properties\u00bb:{},\u00bbcontent\u00bb:\u00bbTyphoon Offshore SAPI, empresa de servicios petroleros vinculada a <a href=\\\"https:\/\/www.elimparcial.com\/tags\/ricardo-salinas-pliego\/\\\" target=\\\"_self\\\" rel=\\\"\\\" title=\\\"https:\/\/www.elimparcial.com\/tags\/ricardo-salinas-pliego\/\\\"><b>Ricardo Salinas Pliego<\/b><\/a>, present\u00f3 una <b>demanda de concurso mercantil voluntario<\/b>. La solicitud fue desechada por una jueza federal.\u00bb,\u00bbtype\u00bb:\u00bbtext\u00bb},{\u00ab_id\u00bb:\u00bb7VZLVOCXYRD3FLM7V3MZZ2OC5A\u00bb,\u00bbadditional_properties\u00bb:{},\u00bbcontent\u00bb:\u00bbEl Universal inform\u00f3 que la resoluci\u00f3n fue emitida por <b>Ruth Huerta Garc\u00eda<\/b>, jueza Segunda de Distrito de Concursos Mercantiles.\u00bb,\u00bbtype\u00bb:\u00bbtext\u00bb},{\u00ab_id\u00bb:\u00bbMMQJN2SOQZAADBS3TGH2WHOAVQ\u00bb,\u00bbadditional_properties\u00bb:{},\u00bbcontent\u00bb:\u00bb<b>\u00bfQui\u00e9n tom\u00f3 la decisi\u00f3n sobre la empresa petrolera de Salinas Pliego?<\/b>\u00ab,\u00bblevel\u00bb:2,\u00bbtype\u00bb:\u00bbheader\u00bb},{\u00ab_id\u00bb:\u00bbZB7LGSWCYJBNHB3WOZBK6MK45A\u00bb,\u00bbadditional_properties\u00bb:{},\u00bbcontent\u00bb:\u00bbLa jueza <b>Ruth Huerta Garc\u00eda<\/b> notific\u00f3 el desechamiento de la demanda identificada con el n\u00famero 18874\/2025.\u00bb,\u00bbtype\u00bb:\u00bbtext\u00bb},{\u00ab_id\u00bb:\u00bbXFQ7VV5IPRH6ZNUW2BLCO4ZBXA\u00bb,\u00bbadditional_properties\u00bb:{\u00abfullSizeResizeUrl\u00bb:\u00bb\/resizer\/v2\/XFQ7VV5IPRH6ZNUW2BLCO4ZBXA.jpg?auth=0b524d9a657d4164ab0d51abe2f1f9c4a29c4e58efdea2d5d07ce82cb4245d75&#8243;,\u00bbgalleries\u00bb:[],\u00bbingestionMethod\u00bb:\u00bbmanual\u00bb,\u00bbmime_type\u00bb:\u00bbimage\/jpeg\u00bb,\u00bboriginalName\u00bb:\u00bbScreenshot 2025-08-25 125206.jpg\u00bb,\u00bboriginalUrl\u00bb:\u00bbhttps:\/\/cloudfront-us-east-1.images.arcpublishing.com\/elimparcial\/XFQ7VV5IPRH6ZNUW2BLCO4ZBXA.jpg\u00bb,\u00bbproxyUrl\u00bb:\u00bb\/resizer\/v2\/XFQ7VV5IPRH6ZNUW2BLCO4ZBXA.jpg?auth=0b524d9a657d4164ab0d51abe2f1f9c4a29c4e58efdea2d5d07ce82cb4245d75&#8243;,\u00bbpublished\u00bb:true,\u00bbresizeUrl\u00bb:\u00bb\/resizer\/v2\/XFQ7VV5IPRH6ZNUW2BLCO4ZBXA.jpg?auth=0b524d9a657d4164ab0d51abe2f1f9c4a29c4e58efdea2d5d07ce82cb4245d75&#8243;,\u00bbrestricted\u00bb:false,\u00bbthumbnailResizeUrl\u00bb:\u00bb\/resizer\/v2\/XFQ7VV5IPRH6ZNUW2BLCO4ZBXA.jpg?auth=0b524d9a657d4164ab0d51abe2f1f9c4a29c4e58efdea2d5d07ce82cb4245d75&#038;width=300&#8243;,\u00bbversion\u00bb:0,\u00bbtemplate_id\u00bb:1220},\u00bbaddress\u00bb:{},\u00bbauth\u00bb:{\u00ab2&#8243;:\u00bb0b524d9a657d4164ab0d51abe2f1f9c4a29c4e58efdea2d5d07ce82cb4245d75&#8243;},\u00bbcaption\u00bb:\u00bbSalinas Pliego demanda a AMLO por incumplimiento en cobro de impuestos. (Captura de pantalla)\u00bb,\u00bbcreated_date\u00bb:\u00bb2025-08-25T19:53:33Z\u00bb,\u00bbcredits\u00bb:{\u00abaffiliation\u00bb:[]},\u00bbheight\u00bb:462,\u00bbimage_type\u00bb:\u00bbphotograph\u00bb,\u00bblast_updated_date\u00bb:\u00bb2025-08-25T19:53:33Z\u00bb,\u00bblicensable\u00bb:false,\u00bbowner\u00bb:{\u00abid\u00bb:\u00bbelimparcial\u00bb,\u00bbsponsored\u00bb:false},\u00bbsource\u00bb:{\u00abadditional_properties\u00bb:{\u00abeditor\u00bb:\u00bbphoto center\u00bb},\u00bbedit_url\u00bb:\u00bb\u00bb,\u00bbsystem\u00bb:\u00bbphoto center\u00bb},\u00bbsubtitle\u00bb:\u00bbSalinas Pliego demanda a AMLO por incumplimiento en cobro de impuestos.\u00bb,\u00bbtaxonomy\u00bb:{\u00abassociated_tasks\u00bb:[]},\u00bbtype\u00bb:\u00bbimage\u00bb,\u00bburl\u00bb:\u00bbhttps:\/\/cloudfront-us-east-1.images.arcpublishing.com\/elimparcial\/XFQ7VV5IPRH6ZNUW2BLCO4ZBXA.jpg\u00bb,\u00bbversion\u00bb:\u00bb0.10.9&#8243;,\u00bbwidth\u00bb:812,\u00bbsyndication\u00bb:{}},{\u00ab_id\u00bb:\u00bbA53ZBJ2RRNHANNMRTV7CB7VZNE\u00bb,\u00bbadditional_properties\u00bb:{},\u00bbcontent\u00bb:\u00bbDe acuerdo con el registro judicial:\u00bb,\u00bbtype\u00bb:\u00bbtext\u00bb},{\u00ab_id\u00bb:\u00bb27DMLJJKN5CJTOAPIVZO7WMNVU\u00bb,\u00bbitems\u00bb:[{\u00ab_id\u00bb:\u00bbK4S545M2EVCSRCG4SJI3ZHXELQ\u00bb,\u00bbadditional_properties\u00bb:{\u00abindent\u00bb:0},\u00bbalignment\u00bb:\u00bbleft\u00bb,\u00bbcontent\u00bb:\u00bbLa demanda fue promovida el 12 de diciembre de 2025.\u00bb,\u00bbtype\u00bb:\u00bbtext\u00bb},{\u00ab_id\u00bb:\u00bbM43ZMWDN3RBW7CSWLNPCZKXARU\u00bb,\u00bbadditional_properties\u00bb:{\u00abindent\u00bb:0},\u00bbalignment\u00bb:\u00bbleft\u00bb,\u00bbcontent\u00bb:\u00bbEl desechamiento fue notificado ayer.\u00bb,\u00bbtype\u00bb:\u00bbtext\u00bb},{\u00ab_id\u00bb:\u00bbH7PZTFY6BBDX5EXKXHF4O4TVV4&#8243;,\u00bbadditional_properties\u00bb:{\u00abindent\u00bb:0},\u00bbalignment\u00bb:\u00bbleft\u00bb,\u00bbcontent\u00bb:\u00bbNo se publicaron los argumentos ni los detalles de la resoluci\u00f3n.\u00bb,\u00bbtype\u00bb:\u00bbtext\u00bb}],\u00bblist_type\u00bb:\u00bbunordered\u00bb,\u00bbtype\u00bb:\u00bblist\u00bb},{\u00ab_id\u00bb:\u00bbDQQZBIVVGJCMHLICDB5HHOK2VU\u00bb,\u00bbadditional_properties\u00bb:{},\u00bbcontent\u00bb:\u00bb<b>\u00bfQu\u00e9 es un concurso mercantil y para qu\u00e9 sirve?<\/b>\u00ab,\u00bblevel\u00bb:2,\u00bbtype\u00bb:\u00bbheader\u00bb},{\u00ab_id\u00bb:\u00bbRMTHSN2EBZAD3KQHNOON6I5JIY\u00bb,\u00bbadditional_properties\u00bb:{},\u00bbcontent\u00bb:\u00bbLas empresas solicitan el concurso mercantil cuando:\u00bb,\u00bbtype\u00bb:\u00bbtext\u00bb},{\u00ab_id\u00bb:\u00bbDF2KG2PAPJC7HJUE3V4RMQL2FA\u00bb,\u00bbitems\u00bb:[{\u00ab_id\u00bb:\u00bbPHA4L3PW4NFLFAJ2L3RWJ6XN6I\u00bb,\u00bbadditional_properties\u00bb:{\u00abindent\u00bb:0},\u00bbalignment\u00bb:\u00bbleft\u00bb,\u00bbcontent\u00bb:\u00bbYa se encuentran en insolvencia.\u00bb,\u00bbtype\u00bb:\u00bbtext\u00bb},{\u00ab_id\u00bb:\u00bbTG6H4WJG5BDKLGR23WRMOAJI3I\u00bb,\u00bbadditional_properties\u00bb:{\u00abindent\u00bb:0},\u00bbalignment\u00bb:\u00bbleft\u00bb,\u00bbcontent\u00bb:\u00bbPrev\u00e9n que no podr\u00e1n cumplir con sus pagos.\u00bb,\u00bbtype\u00bb:\u00bbtext\u00bb}],\u00bblist_type\u00bb:\u00bbunordered\u00bb,\u00bbtype\u00bb:\u00bblist\u00bb},{\u00ab_id\u00bb:\u00bb5R2BFKBMTJD2DDERZCMLJDNTCI\u00bb,\u00bbadditional_properties\u00bb:{},\u00bbcontent\u00bb:\u00bbEl objetivo es:\u00bb,\u00bbtype\u00bb:\u00bbtext\u00bb},{\u00ab_id\u00bb:\u00bb5LKKIEMDV5EK7AVHI7XPEQRJVI\u00bb,\u00bbitems\u00bb:[{\u00ab_id\u00bb:\u00bbVXD4C2DO55AKNGB22ZYVQZEXQM\u00bb,\u00bbadditional_properties\u00bb:{\u00abindent\u00bb:0},\u00bbalignment\u00bb:\u00bbleft\u00bb,\u00bbcontent\u00bb:\u00bbProtegerse de los acreedores.\u00bb,\u00bbtype\u00bb:\u00bbtext\u00bb},{\u00ab_id\u00bb:\u00bbWWNMJ36QGFGCPERHVIN76UIERA\u00bb,\u00bbadditional_properties\u00bb:{\u00abindent\u00bb:0},\u00bbalignment\u00bb:\u00bbleft\u00bb,\u00bbcontent\u00bb:\u00bbBuscar un convenio para reestructurar deudas.\u00bb,\u00bbtype\u00bb:\u00bbtext\u00bb},{\u00ab_id\u00bb:\u00bb7EXAF2I7VJELPAKULYVKWO4VLY\u00bb,\u00bbadditional_properties\u00bb:{\u00abindent\u00bb:0},\u00bbalignment\u00bb:\u00bbleft\u00bb,\u00bbcontent\u00bb:\u00bbEvitar embargos o quiebras inmediatas.\u00bb,\u00bbtype\u00bb:\u00bbtext\u00bb}],\u00bblist_type\u00bb:\u00bbunordered\u00bb,\u00bbtype\u00bb:\u00bblist\u00bb},{\u00ab_id\u00bb:\u00bbEVBLCRIACFHURFIRDO5XUOLTOM\u00bb,\u00bbadditional_properties\u00bb:{},\u00bbcontent\u00bb:\u00bb<b>\u00bfQu\u00e9 opciones tiene ahora Typhoon Offshore?<\/b>\u00ab,\u00bblevel\u00bb:2,\u00bbtype\u00bb:\u00bbheader\u00bb},{\u00ab_id\u00bb:\u00bb2GH75ZO6FVHERCYHDMZXDW5S6Q\u00bb,\u00bbadditional_properties\u00bb:{},\u00bbcontent\u00bb:\u00bbTras el desechamiento de la demanda, la empresa puede:\u00bb,\u00bbtype\u00bb:\u00bbtext\u00bb},{\u00ab_id\u00bb:\u00bbBPVFYULJ6NFC7N2GKDLVWNFPII\u00bb,\u00bbitems\u00bb:[{\u00ab_id\u00bb:\u00bbJWKIX4T2XJBTXNAD7S4NCTM5YI\u00bb,\u00bbadditional_properties\u00bb:{\u00abindent\u00bb:0},\u00bbalignment\u00bb:\u00bbleft\u00bb,\u00bbcontent\u00bb:\u00bbApelar la decisi\u00f3n de la jueza.\u00bb,\u00bbtype\u00bb:\u00bbtext\u00bb},{\u00ab_id\u00bb:\u00bbUUNNJ5LBDFFCHBQJRYVISBQTAE\u00bb,\u00bbadditional_properties\u00bb:{\u00abindent\u00bb:0},\u00bbalignment\u00bb:\u00bbleft\u00bb,\u00bbcontent\u00bb:\u00bbPresentar una nueva demanda.\u00bb,\u00bbtype\u00bb:\u00bbtext\u00bb},{\u00ab_id\u00bb:\u00bbJ7K5KFNOQNGD3OVELHYYBX6BVE\u00bb,\u00bbadditional_properties\u00bb:{\u00abindent\u00bb:0},\u00bbalignment\u00bb:\u00bbleft\u00bb,\u00bbcontent\u00bb:\u00bbCorregir errores o defectos detectados en la solicitud original.\u00bb,\u00bbtype\u00bb:\u00bbtext\u00bb}],\u00bblist_type\u00bb:\u00bbunordered\u00bb,\u00bbtype\u00bb:\u00bblist\u00bb},{\u00ab_id\u00bb:\u00bbC6NNS2QBJFBVJBAOYOBO7H3IVU\u00bb,\u00bbadditional_properties\u00bb:{},\u00bbcontent\u00bb:\u00bbEstas opciones est\u00e1n previstas en la legislaci\u00f3n mercantil.\u00bb,\u00bbtype\u00bb:\u00bbtext\u00bb},{\u00ab_id\u00bb:\u00bbAZR7RWA5MBDBJMFFYALGB6BZ6M\u00bb,\u00bbadditional_properties\u00bb:{},\u00bbcontent\u00bb:\u00bb<b>\u00bfCu\u00e1l es la situaci\u00f3n financiera de la empresa?<\/b>\u00ab,\u00bblevel\u00bb:2,\u00bbtype\u00bb:\u00bbheader\u00bb},{\u00ab_id\u00bb:\u00bbOZ5AZZFIP5AT5IBW3XSKVYDKRQ\u00bb,\u00bbadditional_properties\u00bb:{},\u00bbcontent\u00bb:\u00bb<b>Typhoon Offshore atraviesa una crisis desde hace varios meses.<\/b> Sin embargo, la empresa no ha hecho p\u00fablicos sus estados financieros.\u00bb,\u00bbtype\u00bb:\u00bbtext\u00bb},{\u00ab_id\u00bb:\u00bb3FGRADATMFBUFJ3XP327NHXWMI\u00bb,\u00bbadditional_properties\u00bb:{},\u00bbcontent\u00bb:\u00bbPor esta raz\u00f3n:\u00bb,\u00bbtype\u00bb:\u00bbtext\u00bb},{\u00ab_id\u00bb:\u00bbFKHZMLJYYBEE5M3AMFKSQ4ETZI\u00bb,\u00bbitems\u00bb:[{\u00ab_id\u00bb:\u00bbQTXCIAMWWNCD5JTZSJYXZOK2VA\u00bb,\u00bbadditional_properties\u00bb:{\u00abindent\u00bb:0},\u00bbalignment\u00bb:\u00bbleft\u00bb,\u00bbcontent\u00bb:\u00bbSe desconoce el monto total de sus pasivos.\u00bb,\u00bbtype\u00bb:\u00bbtext\u00bb},{\u00ab_id\u00bb:\u00bbZOJ24FYEE5H2XH7OVXNLEQK3ZQ\u00bb,\u00bbadditional_properties\u00bb:{\u00abindent\u00bb:0},\u00bbalignment\u00bb:\u00bbleft\u00bb,\u00bbcontent\u00bb:\u00bbNo hay informaci\u00f3n oficial sobre su nivel de insolvencia.\u00bb,\u00bbtype\u00bb:\u00bbtext\u00bb}],\u00bblist_type\u00bb:\u00bbunordered\u00bb,\u00bbtype\u00bb:\u00bblist\u00bb},{\u00ab_id\u00bb:\u00bbI72YRZAEQBBEHDBKFZWWHVOD54&#8243;,\u00bbadditional_properties\u00bb:{},\u00bbcontent\u00bb:\u00bbEl Universal se\u00f1al\u00f3 que la empresa tiene su domicilio en la misma direcci\u00f3n que TV Azteca.\u00bb,\u00bbtype\u00bb:\u00bbtext\u00bb},{\u00ab_id\u00bb:\u00bbV7VH7DXRDNBLJJWBSIYAJV6KOM\u00bb,\u00bbadditional_properties\u00bb:{},\u00bbcontent\u00bb:\u00bb<b>\u00bfQu\u00e9 relaci\u00f3n tiene el caso con Pemex?<\/b>\u00ab,\u00bblevel\u00bb:2,\u00bbtype\u00bb:\u00bbheader\u00bb},{\u00ab_id\u00bb:\u00bbXXS2Q3RQNVCD7BBWSDOKMNZUBA\u00bb,\u00bbadditional_properties\u00bb:{},\u00bbcontent\u00bb:\u00bbEl 23 de octubre se inform\u00f3 que Typhoon Offshore ces\u00f3 operaciones. La empresa atribuy\u00f3 esta decisi\u00f3n a la falta de pagos por parte de <a href=\\\"https:\/\/www.elimparcial.com\/tags\/pemex\/\\\" target=\\\"_self\\\" rel=\\\"\\\" title=\\\"https:\/\/www.elimparcial.com\/tags\/pemex\/\\\"><b>Petr\u00f3leos Mexicanos (Pemex).<\/b><\/a>\u00ab,\u00bbtype\u00bb:\u00bbtext\u00bb},{\u00ab_id\u00bb:\u00bbBEACGD3HA5FRBKMKF5S3J4ULFA\u00bb,\u00bbadditional_properties\u00bb:{},\u00bbcontent\u00bb:\u00bbSeg\u00fan la informaci\u00f3n difundida:\u00bb,\u00bbtype\u00bb:\u00bbtext\u00bb},{\u00ab_id\u00bb:\u00bbMZPOETIOIVDDLOIORYI2ZI3YHY\u00bb,\u00bbitems\u00bb:[{\u00ab_id\u00bb:\u00bbYBCMZSTVUFEQFB4UCPE3P6GHQM\u00bb,\u00bbadditional_properties\u00bb:{\u00abindent\u00bb:0},\u00bbalignment\u00bb:\u00bbleft\u00bb,\u00bbcontent\u00bb:\u00bbPemex no habr\u00eda pagado durante 16 meses.\u00bb,\u00bbtype\u00bb:\u00bbtext\u00bb},{\u00ab_id\u00bb:\u00bbSXDTI7A76NDJFAY6CZMPHJHQFI\u00bb,\u00bbadditional_properties\u00bb:{\u00abindent\u00bb:0},\u00bbalignment\u00bb:\u00bbleft\u00bb,\u00bbcontent\u00bb:\u00bbLa deuda acumulada alcanz\u00f3 los 960 millones de d\u00f3lares.\u00bb,\u00bbtype\u00bb:\u00bbtext\u00bb}],\u00bblist_type\u00bb:\u00bbunordered\u00bb,\u00bbtype\u00bb:\u00bblist\u00bb},{\u00ab_id\u00bb:\u00bbOV6L3IBCXFEFNDQCRM7FY4V32E\u00bb,\u00bbadditional_properties\u00bb:{\u00abfullSizeResizeUrl\u00bb:\u00bb\/resizer\/v2\/OV6L3IBCXFEFNDQCRM7FY4V32E.jpg?auth=be3307ca53a00a3ea6b12c29221c7860071f39331ab8b13bbe08edb506b8e68a\u00bb,\u00bbgalleries\u00bb:[],\u00bbingestionMethod\u00bb:\u00bbmanual\u00bb,\u00bbmime_type\u00bb:\u00bbimage\/jpeg\u00bb,\u00bboriginalName\u00bb:\u00bb2932060.jpg\u00bb,\u00bboriginalUrl\u00bb:\u00bbhttps:\/\/cloudfront-us-east-1.images.arcpublishing.com\/elimparcial\/OV6L3IBCXFEFNDQCRM7FY4V32E.jpg\u00bb,\u00bbproxyUrl\u00bb:\u00bb\/resizer\/v2\/OV6L3IBCXFEFNDQCRM7FY4V32E.jpg?auth=be3307ca53a00a3ea6b12c29221c7860071f39331ab8b13bbe08edb506b8e68a\u00bb,\u00bbpublished\u00bb:true,\u00bbresizeUrl\u00bb:\u00bb\/resizer\/v2\/OV6L3IBCXFEFNDQCRM7FY4V32E.jpg?auth=be3307ca53a00a3ea6b12c29221c7860071f39331ab8b13bbe08edb506b8e68a\u00bb,\u00bbrestricted\u00bb:false,\u00bbthumbnailResizeUrl\u00bb:\u00bb\/resizer\/v2\/OV6L3IBCXFEFNDQCRM7FY4V32E.jpg?auth=be3307ca53a00a3ea6b12c29221c7860071f39331ab8b13bbe08edb506b8e68a&#038;width=300&#8243;,\u00bbversion\u00bb:0,\u00bbtemplate_id\u00bb:1220},\u00bbaddress\u00bb:{},\u00bbauth\u00bb:{\u00ab2&#8243;:\u00bbbe3307ca53a00a3ea6b12c29221c7860071f39331ab8b13bbe08edb506b8e68a\u00bb},\u00bbcaption\u00bb:\u00bb\u00bb,\u00bbcreated_date\u00bb:\u00bb2025-09-18T05:22:59Z\u00bb,\u00bbcredits\u00bb:{\u00abaffiliation\u00bb:[]},\u00bbheight\u00bb:640,\u00bbimage_type\u00bb:\u00bbphotograph\u00bb,\u00bblast_updated_date\u00bb:\u00bb2025-09-18T05:22:59Z\u00bb,\u00bblicensable\u00bb:false,\u00bbowner\u00bb:{\u00abid\u00bb:\u00bbelimparcial\u00bb,\u00bbsponsored\u00bb:false},\u00bbsource\u00bb:{\u00abadditional_properties\u00bb:{\u00abeditor\u00bb:\u00bbphoto center\u00bb},\u00bbedit_url\u00bb:\u00bb\u00bb,\u00bbsystem\u00bb:\u00bbphoto center\u00bb},\u00bbsubtitle\u00bb:\u00bbPEMEX\u00bb,\u00bbtaxonomy\u00bb:{\u00abassociated_tasks\u00bb:[]},\u00bbtype\u00bb:\u00bbimage\u00bb,\u00bburl\u00bb:\u00bbhttps:\/\/cloudfront-us-east-1.images.arcpublishing.com\/elimparcial\/OV6L3IBCXFEFNDQCRM7FY4V32E.jpg\u00bb,\u00bbversion\u00bb:\u00bb0.10.9&#8243;,\u00bbwidth\u00bb:975,\u00bbplanning\u00bb:{},\u00bbsyndication\u00bb:{}},{\u00ab_id\u00bb:\u00bbCVAVNT2OZBHGHCFFVXUSCOJFHM\u00bb,\u00bbadditional_properties\u00bb:{},\u00bbcontent\u00bb:\u00bb<b>Te puede interesar: <\/b><a href=\\\"https:\/\/www.elimparcial.com\/mexico\/2025\/12\/19\/pagamos-y-listo-salinas-pliego-responde-al-sat-tras-adeudo-fiscal-de-51000000000-de-pesos\/\\\" target=\\\"_self\\\" rel=\\\"\\\" title=\\\"https:\/\/www.elimparcial.com\/mexico\/2025\/12\/19\/pagamos-y-listo-salinas-pliego-responde-al-sat-tras-adeudo-fiscal-de-51000000000-de-pesos\/\\\"><b>\u201cPagamos y listo\u201d: Salinas Pliego responde al SAT tras adeudo fiscal de 51,000,000,000 de pesos<\/b><\/a>\u00ab,\u00bbtype\u00bb:\u00bbtext\u00bb},{\u00ab_id\u00bb:\u00bbONLMF6GGRJF6BGYQK4FPCSD43U\u00bb,\u00bbadditional_properties\u00bb:{},\u00bbcontent\u00bb:\u00bb\u00bb,\u00bbtype\u00bb:\u00bbtext\u00bb},{\u00ab_id\u00bb:\u00bbB6UKU4CZYJFEJGJ3SBOXFAJGRM\u00bb,\u00bbadditional_properties\u00bb:{},\u00bbcontent\u00bb:\u00bb<b>\u00bfPor qu\u00e9 este caso es relevante para el lector?<\/b>\u00ab,\u00bblevel\u00bb:2,\u00bbtype\u00bb:\u00bbheader\u00bb},{\u00ab_id\u00bb:\u00bbPXTYX54U2ZCKTK3FEH44MV4CO4&#8243;,\u00bbadditional_properties\u00bb:{},\u00bbcontent\u00bb:\u00bbEste proceso permite entender:\u00bb,\u00bbtype\u00bb:\u00bbtext\u00bb},{\u00ab_id\u00bb:\u00bbTCU4ODQGQJBPBDOCNC7FOQFOEM\u00bb,\u00bbitems\u00bb:[{\u00ab_id\u00bb:\u00bbK4XDWDXOT5CYLHX5CWOJJW67GU\u00bb,\u00bbadditional_properties\u00bb:{\u00abindent\u00bb:0},\u00bbalignment\u00bb:\u00bbleft\u00bb,\u00bbcontent\u00bb:\u00bbC\u00f3mo una empresa busca protecci\u00f3n legal ante deudas.\u00bb,\u00bbtype\u00bb:\u00bbtext\u00bb},{\u00ab_id\u00bb:\u00bbWMSMKY2IUVEBRAIPZ44VUAEX7I\u00bb,\u00bbadditional_properties\u00bb:{\u00abindent\u00bb:0},\u00bbalignment\u00bb:\u00bbleft\u00bb,\u00bbcontent\u00bb:\u00bbQu\u00e9 ocurre cuando una demanda de concurso mercantil es rechazada.\u00bb,\u00bbtype\u00bb:\u00bbtext\u00bb},{\u00ab_id\u00bb:\u00bbXLMTAVAYPNAVNCEROFWKKBUJCI\u00bb,\u00bbadditional_properties\u00bb:{\u00abindent\u00bb:0},\u00bbalignment\u00bb:\u00bbleft\u00bb,\u00bbcontent\u00bb:\u00bbEl impacto que los adeudos de grandes clientes pueden tener en la operaci\u00f3n de una empresa.\u00bb,\u00bbtype\u00bb:\u00bbtext\u00bb}],\u00bblist_type\u00bb:\u00bbunordered\u00bb,\u00bbtype\u00bb:\u00bblist\u00bb},{\u00ab_id\u00bb:\u00bb7UM43VJKI5GULPYXUMAR5DBQHM\u00bb,\u00bbadditional_properties\u00bb:{},\u00bbcontent\u00bb:\u00bbLa evoluci\u00f3n del caso depender\u00e1 de si Typhoon Offshore decide impugnar la resoluci\u00f3n o presentar una nueva solicitud, de acuerdo con lo informado por El Universal.\u00bb,\u00bbtype\u00bb:\u00bbtext\u00bb},{\u00ab_id\u00bb:\u00bb6O4ODEMAINECHKRZHHBEVN5SFU\u00bb,\u00bbadditional_properties\u00bb:{},\u00bbcontent\u00bb:\u00bb\u00bb,\u00bbtype\u00bb:\u00bbtext\u00bb},{\u00ab_id\u00bb:\u00bb2A3KWBDG5ZFTFFPG2VZ7QY7UDM\u00bb,\u00bbadditional_properties\u00bb:{},\u00bbcontent\u00bb:\u00bb<b>\u00bfSalinas Pliego pagar\u00e1 sus adeudos con el SAT?<\/b>\u00ab,\u00bblevel\u00bb:2,\u00bbtype\u00bb:\u00bbheader\u00bb},{\u00ab_id\u00bb:\u00bbZH7GPQWLUBFZNH65MRV5QUGQ3Y\u00bb,\u00bbadditional_properties\u00bb:{},\u00bbcontent\u00bb:\u00bb\u00bb,\u00bbtype\u00bb:\u00bbtext\u00bb},{\u00ab_id\u00bb:\u00bbVERWEF3O3ZDOLIGUP4GSYANXIE\u00bb,\u00bbadditional_properties\u00bb:{},\u00bbcontent\u00bb:\u00bbLuego de que la presidenta Claudia Sheinbaum llamara p\u00fablicamente a Ricardo Salinas Pliego a pagar <b>los adeudos fiscales de sus empresas con el Servicio de Administraci\u00f3n Tributaria (SAT),<\/b> el empresario respondi\u00f3 y afirm\u00f3 que Grupo Salinas tiene disposici\u00f3n para cerrar el conflicto, pero pidi\u00f3 esperar a que la autoridad fiscal entregue un desglose claro y por escrito del monto que reclama\u00bb,\u00bbtype\u00bb:\u00bbtext\u00bb},{\u00ab_id\u00bb:\u00bbJGWC2NGHJJHI3JRP62O2D2FYZA\u00bb,\u00bbadditional_properties\u00bb:{},\u00bbcontent\u00bb:\u00bb\u00bb,\u00bbtype\u00bb:\u00bbtext\u00bb},{\u00ab_id\u00bb:\u00bbEVARU6L44NHHXNZQU46U6AP6UY\u00bb,\u00bbadditional_properties\u00bb:{},\u00bbcontent\u00bb:\u00bbEn su mensaje, Salinas Pliego se\u00f1al\u00f3 que Grupo Salinas siempre ha tenido voluntad de cumplir con sus obligaciones fiscales y que ello se demuestra con el pago de m\u00e1s de 285 mil millones de pesos al fisco durante el periodo en el que se ha desarrollado la disputa legal.\u00bb,\u00bbtype\u00bb:\u00bbtext\u00bb},{\u00ab_id\u00bb:\u00bbC7KTJHKJMFFN7GX7Y4KSBVR5OY\u00bb,\u00bbadditional_properties\u00bb:{\u00abfullSizeResizeUrl\u00bb:\u00bb\/resizer\/v2\/C7KTJHKJMFFN7GX7Y4KSBVR5OY.jpg?auth=8874a59019339cadd15ca1eeff874ff4df28ec5c2ec35b2d50a69b464f055f8a\u00bb,\u00bbgalleries\u00bb:[],\u00bbingestionMethod\u00bb:\u00bbmanual\u00bb,\u00bbmime_type\u00bb:\u00bbimage\/jpeg\u00bb,\u00bboriginalName\u00bb:\u00bbDise\u00f1o sin t\u00edtulo (6).jpg\u00bb,\u00bboriginalUrl\u00bb:\u00bbhttps:\/\/cloudfront-us-east-1.images.arcpublishing.com\/elimparcial\/C7KTJHKJMFFN7GX7Y4KSBVR5OY.jpg\u00bb,\u00bbproxyUrl\u00bb:\u00bb\/resizer\/v2\/C7KTJHKJMFFN7GX7Y4KSBVR5OY.jpg?auth=8874a59019339cadd15ca1eeff874ff4df28ec5c2ec35b2d50a69b464f055f8a\u00bb,\u00bbpublished\u00bb:true,\u00bbresizeUrl\u00bb:\u00bb\/resizer\/v2\/C7KTJHKJMFFN7GX7Y4KSBVR5OY.jpg?auth=8874a59019339cadd15ca1eeff874ff4df28ec5c2ec35b2d50a69b464f055f8a\u00bb,\u00bbrestricted\u00bb:false,\u00bbthumbnailResizeUrl\u00bb:\u00bb\/resizer\/v2\/C7KTJHKJMFFN7GX7Y4KSBVR5OY.jpg?auth=8874a59019339cadd15ca1eeff874ff4df28ec5c2ec35b2d50a69b464f055f8a&#038;width=300&#8243;,\u00bbversion\u00bb:0,\u00bbtemplate_id\u00bb:1220},\u00bbaddress\u00bb:{},\u00bbalt_text\u00bb:\u00bbLa Suprema Corte de M\u00e9xico confirma la deuda de 48,356 millones de pesos de Ricardo Salinas Pliego con el SAT.\u00bb,\u00bbauth\u00bb:{\u00ab2&#8243;:\u00bb8874a59019339cadd15ca1eeff874ff4df28ec5c2ec35b2d50a69b464f055f8a\u00bb},\u00bbcaption\u00bb:\u00bbLa Suprema Corte de M\u00e9xico confirma la deuda de 48,356 millones de pesos de Ricardo Salinas Pliego con el SAT. (AP, Canva)\u00bb,\u00bbcreated_date\u00bb:\u00bb2025-11-14T17:31:49Z\u00bb,\u00bbcredits\u00bb:{\u00abaffiliation\u00bb:[]},\u00bbheight\u00bb:1080,\u00bbimage_type\u00bb:\u00bbphotograph\u00bb,\u00bblast_updated_date\u00bb:\u00bb2025-11-14T17:31:49Z\u00bb,\u00bblicensable\u00bb:false,\u00bbowner\u00bb:{\u00abid\u00bb:\u00bbelimparcial\u00bb,\u00bbsponsored\u00bb:false},\u00bbsource\u00bb:{\u00abadditional_properties\u00bb:{\u00abeditor\u00bb:\u00bbphoto center\u00bb},\u00bbedit_url\u00bb:\u00bb\u00bb,\u00bbsystem\u00bb:\u00bbphoto center\u00bb},\u00bbsubtitle\u00bb:\u00bbLa Suprema Corte de M\u00e9xico confirma la deuda de 48,356 millones de pesos de Ricardo Salinas Pliego con el SAT.\u00bb,\u00bbtaxonomy\u00bb:{\u00abassociated_tasks\u00bb:[]},\u00bbtype\u00bb:\u00bbimage\u00bb,\u00bburl\u00bb:\u00bbhttps:\/\/cloudfront-us-east-1.images.arcpublishing.com\/elimparcial\/C7KTJHKJMFFN7GX7Y4KSBVR5OY.jpg\u00bb,\u00bbversion\u00bb:\u00bb0.10.9&#8243;,\u00bbwidth\u00bb:1920,\u00bbsyndication\u00bb:{}},{\u00ab_id\u00bb:\u00bbRAOLV2HRQNFGVPHJZWAVDVXLTU\u00bb,\u00bbadditional_properties\u00bb:{},\u00bbcontent\u00bb:\u00bbPrecis\u00f3 que las diferencias con el SAT se concentran \u00fanicamente en las p\u00e9rdidas fiscales de 2008 a 2013, las cuales \u2014afirm\u00f3\u2014 fueron consideradas improcedentes por jueces, particularmente en lo relativo a recargos y actualizaciones.\u00bb,\u00bbtype\u00bb:\u00bbtext\u00bb},{\u00ab_id\u00bb:\u00bbHTMFNMFGCBBHZGRDYE6MVE4QRM\u00bb,\u00bbadditional_properties\u00bb:{},\u00bbcontent\u00bb:\u00bb\u00bb,\u00bbtype\u00bb:\u00bbtext\u00bb},{\u00ab_id\u00bb:\u00bbXDAYLBHS5ZHTDA6OWJO4KWNGWA\u00bb,\u00bbadditional_properties\u00bb:{},\u00bbcontent\u00bb:\u00bbEl empresario sostuvo que lo m\u00e1s prudente es esperar a que, en enero, el SAT entregue por escrito los fundamentos del adeudo que calcula en 31 mil millones de pesos, junto con un desglose detallado y transparente de los c\u00e1lculos.\u00bb,\u00bbtype\u00bb:\u00bbtext\u00bb},{\u00ab_id\u00bb:\u00bb3IA55JRRUBG4VLTJXJZUJKGJBE\u00bb,\u00bbadditional_properties\u00bb:{},\u00bbcontent\u00bb:\u00bb\u00bb,\u00bbtype\u00bb:\u00bbtext\u00bb},{\u00ab_id\u00bb:\u00bbSAQ6EVSC5FEKZOXRG5HRNBW3NY\u00bb,\u00bbadditional_properties\u00bb:{},\u00bbcontent\u00bb:\u00bb<b>Tambi\u00e9n lee: <\/b><a href=\\\"https:\/\/www.elimparcial.com\/mexico\/2025\/12\/18\/juez-federal-francisco-javier-rebolledo-pena-concedio-una-suspension-definitiva-a-favor-de-ricardo-salinas-pliego-y-sus-casinos-bet365-y-betano-en-medio-de-investigaciones-de-la-uif-y-peticion-de-la-segob-para-removerlo-de-su-cargo-por-supuestamente-favorecer-ilegalmente-a-la-empresa-ganador-azteca-sapi-de-cv\/\\\" target=\\\"_self\\\" rel=\\\"\\\" title=\\\"https:\/\/www.elimparcial.com\/mexico\/2025\/12\/18\/juez-federal-francisco-javier-rebolledo-pena-concedio-una-suspension-definitiva-a-favor-de-ricardo-salinas-pliego-y-sus-casinos-bet365-y-betano-en-medio-de-investigaciones-de-la-uif-y-peticion-de-la-segob-para-removerlo-de-su-cargo-por-supuestamente-favorecer-ilegalmente-a-la-empresa-ganador-azteca-sapi-de-cv\/\\\"><b>Juez federal Francisco Javier Rebolledo Pe\u00f1a concedi\u00f3 una suspensi\u00f3n definitiva a favor de Ricardo Salinas Pliego y sus casinos Bet365 y Betano, en medio de investigaciones de la UIF y petici\u00f3n de la Segob para removerlo de su cargo por supuestamente favorecer ilegalmente a la empresa Ganador Azteca S.A.P.I. de C.V.<\/b><\/a>\u00ab,\u00bbtype\u00bb:\u00bbtext\u00bb},{\u00ab_id\u00bb:\u00bbNC6PJ7HWE5DBNCFBQNAUAQAUME\u00bb,\u00bbadditional_properties\u00bb:{},\u00bbcontent\u00bb:\u00bb\u00bb,\u00bbtype\u00bb:\u00bbtext\u00bb},{\u00ab_id\u00bb:\u00bbZAOLXTFDEBCVXDSKLF3EXUMZNE\u00bb,\u00bbadditional_properties\u00bb:{},\u00bbcontent\u00bb:\u00bbAfirm\u00f3 que solo con informaci\u00f3n clara, legal y verificable ser\u00e1 posible alcanzar una soluci\u00f3n justa, cerrar el tema de manera institucional y fortalecer el Estado de derecho.\u00bb,\u00bbtype\u00bb:\u00bbtext\u00bb},{\u00ab_id\u00bb:\u00bb77VRGDWY2RBZXO57EFKHP64Q64&#8243;,\u00bbadditional_properties\u00bb:{},\u00bbcontent\u00bb:\u00bb\u00bb,\u00bbtype\u00bb:\u00bbtext\u00bb},{\u00ab_id\u00bb:\u00bbI4XZ52ON4NDQZMGTGD2DFXDYW4&#8243;,\u00bbadditional_properties\u00bb:{},\u00bbcontent\u00bb:\u00bb<b>Sheinbaum lo llama a pagar 51 mil millones de pesos<\/b>\u00ab,\u00bblevel\u00bb:2,\u00bbtype\u00bb:\u00bbheader\u00bb},{\u00ab_id\u00bb:\u00bbDIZG233YMFALNAACDVDFM2LLVM\u00bb,\u00bbadditional_properties\u00bb:{},\u00bbcontent\u00bb:\u00bbHoras antes, durante su conferencia matutina en Palacio Nacional, la <b>presidenta <\/b><a href=\\\"https:\/\/www.elimparcial.com\/tags\/claudia-sheinbaum-pardo\/\\\" target=\\\"_self\\\" rel=\\\"\\\" title=\\\"https:\/\/www.elimparcial.com\/tags\/claudia-sheinbaum-pardo\/\\\"><b>Claudia Sheinbaum<\/b><\/a> hizo un llamado directo a que el empresario cubra los <b>adeudos fiscales<\/b> que el Gobierno federal estima en<a href=\\\"https:\/\/www.elimparcial.com\/mexico\/2025\/12\/19\/sheinbaum-llama-a-salinas-pliego-a-pagar-51-mil-millones-de-pesos-al-sat-gobierno-federal-recuerda-que-los-adeudos-fiscales-de-grupo-salinas-se-originaron-desde-2008\/\\\" rel=\\\"\\\" title=\\\"https:\/\/www.elimparcial.com\/mexico\/2025\/12\/19\/sheinbaum-llama-a-salinas-pliego-a-pagar-51-mil-millones-de-pesos-al-sat-gobierno-federal-recuerda-que-los-adeudos-fiscales-de-grupo-salinas-se-originaron-desde-2008\/\\\"><b> 51 mil millones de pesos<\/b><\/a>.\u00bb,\u00bbtype\u00bb:\u00bbtext\u00bb},{\u00ab_id\u00bb:\u00bb6VPEDGHEWBAGFN33PTZYIOT3AU\u00bb,\u00bbadditional_properties\u00bb:{},\u00bbcontent\u00bb:\u00bbOjal\u00e1 pague\u201d, expres\u00f3 la mandataria, al subrayar que se trata de un proceso <b>legal<\/b>, desarrollado durante varios a\u00f1os y que pr\u00e1cticamente ha llegado a su <b>\u00faltima instancia judicial<\/b>.\u00bb,\u00bbtype\u00bb:\u00bbtext\u00bb},{\u00ab_id\u00bb:\u00bbJI2EAHTGAJCURDZ4RIA3FKP6XU\u00bb,\u00bbadditional_properties\u00bb:{\u00abfullSizeResizeUrl\u00bb:\u00bb\/resizer\/v2\/JI2EAHTGAJCURDZ4RIA3FKP6XU.jpg?auth=94310dea33a864bfdf540a29216154191ed6694e38b9405eed7f1482f3163833&#8243;,\u00bbgalleries\u00bb:[],\u00bbingestionMethod\u00bb:\u00bbmanual\u00bb,\u00bbmime_type\u00bb:\u00bbimage\/jpeg\u00bb,\u00bboriginalName\u00bb:\u00bbSheinbaum llama a Salinas Pliego a pagar 51 mil millones de pesos al SAT Gobierno federal recuerda que los adeudos fiscales de Grupo Salinas se originaron desde 2008.jpg\u00bb,\u00bboriginalUrl\u00bb:\u00bbhttps:\/\/cloudfront-us-east-1.images.arcpublishing.com\/elimparcial\/JI2EAHTGAJCURDZ4RIA3FKP6XU.jpg\u00bb,\u00bbproxyUrl\u00bb:\u00bb\/resizer\/v2\/JI2EAHTGAJCURDZ4RIA3FKP6XU.jpg?auth=94310dea33a864bfdf540a29216154191ed6694e38b9405eed7f1482f3163833&#8243;,\u00bbpublished\u00bb:true,\u00bbresizeUrl\u00bb:\u00bb\/resizer\/v2\/JI2EAHTGAJCURDZ4RIA3FKP6XU.jpg?auth=94310dea33a864bfdf540a29216154191ed6694e38b9405eed7f1482f3163833&#8243;,\u00bbrestricted\u00bb:false,\u00bbthumbnailResizeUrl\u00bb:\u00bb\/resizer\/v2\/JI2EAHTGAJCURDZ4RIA3FKP6XU.jpg?auth=94310dea33a864bfdf540a29216154191ed6694e38b9405eed7f1482f3163833&#038;width=300&#8243;,\u00bbversion\u00bb:0,\u00bbtemplate_id\u00bb:1220},\u00bbaddress\u00bb:{},\u00bbalt_text\u00bb:\u00bbSheinbaum llama a Salinas Pliego a pagar 51 mil millones de pesos al SAT Gobierno federal recuerda que los adeudos fiscales de Grupo Salinas se originaron desde 2008&#8243;,\u00bbauth\u00bb:{\u00ab2&#8243;:\u00bb94310dea33a864bfdf540a29216154191ed6694e38b9405eed7f1482f3163833&#8243;},\u00bbcaption\u00bb:\u00bbSheinbaum llama a Salinas Pliego a pagar 51 mil millones de pesos al SAT Gobierno federal recuerda que los adeudos fiscales de Grupo Salinas se originaron desde 2008&#8243;,\u00bbcreated_date\u00bb:\u00bb2025-12-19T16:08:30Z\u00bb,\u00bbcredits\u00bb:{\u00abaffiliation\u00bb:[]},\u00bbheight\u00bb:1080,\u00bbimage_type\u00bb:\u00bbphotograph\u00bb,\u00bblast_updated_date\u00bb:\u00bb2025-12-19T16:08:30Z\u00bb,\u00bblicensable\u00bb:false,\u00bbowner\u00bb:{\u00abid\u00bb:\u00bbelimparcial\u00bb,\u00bbsponsored\u00bb:false},\u00bbsource\u00bb:{\u00abadditional_properties\u00bb:{\u00abeditor\u00bb:\u00bbphoto center\u00bb},\u00bbedit_url\u00bb:\u00bb\u00bb,\u00bbsystem\u00bb:\u00bbphoto center\u00bb},\u00bbsubtitle\u00bb:\u00bbSheinbaum llama a Salinas Pliego a pagar 51 mil millones de pesos al SAT Gobierno federal recuerda que los adeudos fiscales de Grupo Salinas se originaron desde 2008&#8243;,\u00bbtaxonomy\u00bb:{\u00abassociated_tasks\u00bb:[]},\u00bbtype\u00bb:\u00bbimage\u00bb,\u00bburl\u00bb:\u00bbhttps:\/\/cloudfront-us-east-1.images.arcpublishing.com\/elimparcial\/JI2EAHTGAJCURDZ4RIA3FKP6XU.jpg\u00bb,\u00bbversion\u00bb:\u00bb0.10.9&#8243;,\u00bbwidth\u00bb:1920,\u00bbsyndication\u00bb:{}},{\u00ab_id\u00bb:\u00bbHPR7WCX3X5CRTMBJUEA6DXJ2JY\u00bb,\u00bbadditional_properties\u00bb:{},\u00bbcontent\u00bb:\u00bbSheinbaum record\u00f3 que los adeudos de <b>Grupo Salinas<\/b> se originaron desde <b>2008<\/b> y que actualmente existen <b>resoluciones judiciales<\/b> vigentes.\u00bb,\u00bbtype\u00bb:\u00bbtext\u00bb},{\u00ab_id\u00bb:\u00bb2Z4AYJIQV5CFNBAOIHRMTE6QXQ\u00bb,\u00bbadditional_properties\u00bb:{},\u00bbcontent\u00bb:\u00bb<b>\u00bfPuede bajar el monto a pagar?<\/b>\u00ab,\u00bblevel\u00bb:2,\u00bbtype\u00bb:\u00bbheader\u00bb},{\u00ab_id\u00bb:\u00bb6X2ZPJGLVJDXRAO36SQ5H3L5PI\u00bb,\u00bbadditional_properties\u00bb:{},\u00bbcontent\u00bb:\u00bbLa Presidenta explic\u00f3 que, conforme a la <b>ley<\/b>, las empresas tienen derecho a solicitar <b>ajustes a la baja<\/b>, que podr\u00edan alcanzar hasta <b>39%<\/b>, dependiendo del <b>esquema de pago<\/b>.\u00bb,\u00bbtype\u00bb:\u00bbtext\u00bb},{\u00ab_id\u00bb:\u00bbJ4T7DKCUGBFNLPB4DSL3AI75NE\u00bb,\u00bbadditional_properties\u00bb:{},\u00bbcontent\u00bb:\u00bb\u00bb,\u00bbtype\u00bb:\u00bbtext\u00bb},{\u00ab_id\u00bb:\u00bbOGSHO5V3I5HGFK5GIPQHIZSRQY\u00bb,\u00bbadditional_properties\u00bb:{},\u00bbcontent\u00bb:\u00bbIndic\u00f3 que ser\u00e1 el <b>SAT<\/b> el encargado de informar p\u00fablicamente las <b>opciones legales<\/b> disponibles y los derechos de las empresas involucradas.\u00bb,\u00bbtype\u00bb:\u00bbtext\u00bb}],\u00bbcreated_date\u00bb:\u00bb2025-12-19T21:40:12.462Z\u00bb,\u00bbcredits\u00bb:{\u00abby\u00bb:[{\u00ab_id\u00bb:\u00bbprubio\u00bb,\u00bbtype\u00bb:\u00bbauthor\u00bb,\u00bbversion\u00bb:\u00bb0.5.8&#8243;,\u00bbname\u00bb:\u00bbPablo Rubio\u00bb,\u00bbimage\u00bb:{\u00aburl\u00bb:\u00bbhttps:\/\/s3.amazonaws.com\/arc-authors\/elimparcial\/fce4d8fa-7daa-4494-8e64-d5371d69e0a9.png\u00bb,\u00bbversion\u00bb:\u00bb0.5.8&#8243;},\u00bbdescription\u00bb:\u00bbEditor Web\u00bb,\u00bburl\u00bb:\u00bb\/people\/pablo-rubio\u00bb,\u00bbslug\u00bb:\u00bbpablo-rubio\u00bb,\u00bbsocial_links\u00bb:[{\u00absite\u00bb:\u00bbemail\u00bb,\u00bburl\u00bb:\u00bbprubio@elimparcial.com\u00bb}],\u00bbsocialLinks\u00bb:[{\u00absite\u00bb:\u00bbemail\u00bb,\u00bburl\u00bb:\u00bbprubio@elimparcial.com\u00bb,\u00bbdeprecated\u00bb:true,\u00bbdeprecation_msg\u00bb:\u00bbPlease use social_links.\u00bb}],\u00bbadditional_properties\u00bb:{\u00aboriginal\u00bb:{\u00ab_id\u00bb:\u00bbprubio\u00bb,\u00bbslug\u00bb:\u00bbpablo-rubio\u00bb,\u00bbbyline\u00bb:\u00bbPablo Rubio\u00bb,\u00bbfirstName\u00bb:\u00bbPablo\u00bb,\u00bblastName\u00bb:\u00bbRubio\u00bb,\u00bbemail\u00bb:\u00bbprubio@elimparcial.com\u00bb,\u00bbbio_page\u00bb:\u00bb\/people\/pablo-rubio\u00bb,\u00bblast_updated_date\u00bb:\u00bb2024-02-09T23:47:47.328Z\u00bb,\u00bbbooks\u00bb:[],\u00bbpodcasts\u00bb:[],\u00bbeducation\u00bb:[],\u00bbawards\u00bb:[],\u00bblongBio\u00bb:\u00bbEditor Web en EL IMPARCIAL. Con cuatro a\u00f1os de experiencia en la redacci\u00f3n digital. Licenciado en Mercadotecnia. Escribo Nacional, Internacional y Deportes.\u00bb,\u00bbrole\u00bb:\u00bbEditor Web\u00bb,\u00bbbio\u00bb:\u00bbEditor Web\u00bb,\u00bbimage\u00bb:\u00bbhttps:\/\/s3.amazonaws.com\/arc-authors\/elimparcial\/fce4d8fa-7daa-4494-8e64-d5371d69e0a9.png\u00bb}}}]},\u00bbdescription\u00bb:{\u00abbasic\u00bb:\u00bbAunque la compa\u00f1\u00eda Typhoon Offshore atraviesa una crisis desde hace varios meses, no hab\u00eda hecho p\u00fablicos sus estados financieros. \u00ab},\u00bbdisplay_date\u00bb:\u00bb2025-12-21T16:34:04.433Z\u00bb,\u00bbdistributor\u00bb:{\u00abcategory\u00bb:\u00bbstaff\u00bb,\u00bbname\u00bb:\u00bbelimparcial\u00bb,\u00bbsubcategory\u00bb:\u00bb\u00bb},\u00bbfirst_publish_date\u00bb:\u00bb2025-12-19T22:15:24.141Z\u00bb,\u00bbheadlines\u00bb:{\u00abbasic\u00bb:\u00bbRicardo Salinas Pliego se rindi\u00f3 y ahora busca la bancarrota de su empresa de servicios petroleros, pero una jueza federal rechaz\u00f3 la solicitud de concurso mercantil\u00bb,\u00bbmeta_title\u00bb:\u00bb\u00bb,\u00bbmobile\u00bb:\u00bb\u00bb,\u00bbnative\u00bb:\u00bb\u00bb,\u00bbprint\u00bb:\u00bb\u00bb,\u00bbtablet\u00bb:\u00bb\u00bb,\u00bbweb\u00bb:\u00bb\u00bb},\u00bblast_updated_date\u00bb:\u00bb2025-12-21T16:34:04.631Z\u00bb,\u00bblocation\u00bb:\u00bbCIUDAD DE M\u00c9XICO.-\u00ab,\u00bbowner\u00bb:{\u00abid\u00bb:\u00bbelimparcial\u00bb,\u00bbsponsored\u00bb:false},\u00bbplanning\u00bb:{\u00abstory_length\u00bb:{\u00abcharacter_count_actual\u00bb:5137,\u00bbinch_count_actual\u00bb:9,\u00bbline_count_actual\u00bb:60,\u00bbword_count_actual\u00bb:823}},\u00bbpromo_items\u00bb:{\u00abbasic\u00bb:{\u00ab_id\u00bb:\u00bb4UKDWQCYVRA5FOHRAE3YH5MPFQ\u00bb,\u00bbadditional_properties\u00bb:{\u00abfullSizeResizeUrl\u00bb:\u00bb\/resizer\/v2\/4UKDWQCYVRA5FOHRAE3YH5MPFQ.jpg?auth=b2e62b0371db560b83476d5291567f5c9c7a6b40218ecd59866ccb614a392034&#8243;,\u00bbgalleries\u00bb:[],\u00bbingestionMethod\u00bb:\u00bbmanual\u00bb,\u00bbmime_type\u00bb:\u00bbimage\/jpeg\u00bb,\u00bboriginalName\u00bb:\u00bbpetrolera Salinas Pliego bancarrota quiebra.jpg\u00bb,\u00bboriginalUrl\u00bb:\u00bbhttps:\/\/cloudfront-us-east-1.images.arcpublishing.com\/elimparcial\/4UKDWQCYVRA5FOHRAE3YH5MPFQ.jpg\u00bb,\u00bbproxyUrl\u00bb:\u00bb\/resizer\/v2\/4UKDWQCYVRA5FOHRAE3YH5MPFQ.jpg?auth=b2e62b0371db560b83476d5291567f5c9c7a6b40218ecd59866ccb614a392034&#8243;,\u00bbpublished\u00bb:true,\u00bbresizeUrl\u00bb:\u00bb\/resizer\/v2\/4UKDWQCYVRA5FOHRAE3YH5MPFQ.jpg?auth=b2e62b0371db560b83476d5291567f5c9c7a6b40218ecd59866ccb614a392034&#8243;,\u00bbrestricted\u00bb:false,\u00bbthumbnailResizeUrl\u00bb:\u00bb\/resizer\/v2\/4UKDWQCYVRA5FOHRAE3YH5MPFQ.jpg?auth=b2e62b0371db560b83476d5291567f5c9c7a6b40218ecd59866ccb614a392034&#038;width=300&#8243;,\u00bbversion\u00bb:0,\u00bbtemplate_id\u00bb:1220},\u00bbaddress\u00bb:{},\u00bbalt_text\u00bb:\u00bbEl empresario Ricardo Salinas Pliego buscar\u00e1 la bancarrota con su prestadora de servicios petroleros, sin embargo una jueza a frenado su solicitud de concurso mercantil, | Especial\u00bb,\u00bbauth\u00bb:{\u00ab2&#8243;:\u00bbb2e62b0371db560b83476d5291567f5c9c7a6b40218ecd59866ccb614a392034&#8243;},\u00bbcaption\u00bb:\u00bbEl empresario Ricardo Salinas Pliego buscar\u00e1 la bancarrota con su prestadora de servicios petroleros, sin embargo una jueza a frenado su solicitud de concurso mercantil, | Especial\u00bb,\u00bbcreated_date\u00bb:\u00bb2025-12-19T22:15:06Z\u00bb,\u00bbcredits\u00bb:{\u00abaffiliation\u00bb:[]},\u00bbheight\u00bb:1080,\u00bbimage_type\u00bb:\u00bbphotograph\u00bb,\u00bblast_updated_date\u00bb:\u00bb2025-12-19T22:15:06Z\u00bb,\u00bblicensable\u00bb:false,\u00bbowner\u00bb:{\u00abid\u00bb:\u00bbelimparcial\u00bb,\u00bbsponsored\u00bb:false},\u00bbsource\u00bb:{\u00abadditional_properties\u00bb:{\u00abeditor\u00bb:\u00bbphoto center\u00bb},\u00bbedit_url\u00bb:\u00bb\u00bb,\u00bbsystem\u00bb:\u00bbphoto center\u00bb},\u00bbsubtitle\u00bb:\u00bbpetrolera Salinas Pliego bancarrota quiebra\u00bb,\u00bbtaxonomy\u00bb:{\u00abassociated_tasks\u00bb:[]},\u00bbtype\u00bb:\u00bbimage\u00bb,\u00bburl\u00bb:\u00bbhttps:\/\/cloudfront-us-east-1.images.arcpublishing.com\/elimparcial\/4UKDWQCYVRA5FOHRAE3YH5MPFQ.jpg\u00bb,\u00bbversion\u00bb:\u00bb0.10.9&#8243;,\u00bbwidth\u00bb:1920,\u00bbsyndication\u00bb:{},\u00bbaspect\u00bb:\u00bb16\/9&#8243;,\u00bbmedia\u00bb:\u00bbei-simple-list\u00bb,\u00bbsmart\u00bb:true}},\u00bbpublish_date\u00bb:\u00bb2025-12-21T16:34:04.433Z\u00bb,\u00bbrelated_content\u00bb:{\u00abbasic\u00bb:[],\u00bbclonedChildren\u00bb:[],\u00bbclonedFromParent\u00bb:[]},\u00bbrevision\u00bb:{\u00abbranch\u00bb:\u00bbdefault\u00bb,\u00bbeditions\u00bb:[\u00abdefault\u00bb],\u00bbparent_id\u00bb:\u00bb52YUYGCCCVEFND46OEBQAB6MMI\u00bb,\u00bbpublished\u00bb:true,\u00bbrevision_id\u00bb:\u00bbC5JHC5YHXBFXRHFCAX2OKYR3FY\u00bb},\u00bbsource\u00bb:{\u00abname\u00bb:\u00bbelimparcial\u00bb,\u00bbsource_type\u00bb:\u00bbstaff\u00bb,\u00bbsystem\u00bb:\u00bbcomposer\u00bb},\u00bbsubheadlines\u00bb:{\u00abbasic\u00bb:\u00bbAunque la compa\u00f1\u00eda Typhoon Offshore atraviesa una crisis desde hace varios meses, no hab\u00eda hecho p\u00fablicos sus estados financieros. \u00ab},\u00bbtaxonomy\u00bb:{\u00abprimary_section\u00bb:{\u00ab_id\u00bb:\u00bb\/dinero\u00bb,\u00bb_website\u00bb:\u00bbelimparcial\u00bb,\u00bbtype\u00bb:\u00bbsection\u00bb,\u00bbversion\u00bb:\u00bb0.6.0&#8243;,\u00bbname\u00bb:\u00bbDinero\u00bb,\u00bbpath\u00bb:\u00bb\/dinero\u00bb,\u00bbparent_id\u00bb:\u00bbhttps:\/\/www.elimparcial.com\/\u00bb,\u00bbparent\u00bb:{\u00abdefault\u00bb:\u00bbhttps:\/\/www.elimparcial.com\/\u00bb},\u00bbadditional_properties\u00bb:{\u00aboriginal\u00bb:{\u00ab_id\u00bb:\u00bb\/dinero\u00bb,\u00bb_website\u00bb:\u00bbelimparcial\u00bb,\u00bbname\u00bb:\u00bbDinero\u00bb,\u00bbinactive\u00bb:false,\u00bbancestors\u00bb:{\u00abcomposer-menu\u00bb:[\u00abhttps:\/\/www.elimparcial.com\/\u00bb]},\u00bbparent\u00bb:{\u00abdefault\u00bb:\u00bbhttps:\/\/www.elimparcial.com\/\u00bb,\u00bbcomposer-menu\u00bb:\u00bbhttps:\/\/www.elimparcial.com\/\u00bb},\u00bborder\u00bb:{\u00abcomposer-menu\u00bb:1001},\u00bbnode_type\u00bb:\u00bbsection\u00bb}}},\u00bbprimary_site\u00bb:{\u00ab_id\u00bb:\u00bb\/dinero\u00bb,\u00bbtype\u00bb:\u00bbsite\u00bb,\u00bbversion\u00bb:\u00bb0.5.8&#8243;,\u00bbname\u00bb:\u00bbDinero\u00bb,\u00bbpath\u00bb:\u00bb\/dinero\u00bb,\u00bbparent_id\u00bb:\u00bbhttps:\/\/www.elimparcial.com\/\u00bb,\u00bbadditional_properties\u00bb:{\u00aboriginal\u00bb:{\u00ab_id\u00bb:\u00bb\/dinero\u00bb,\u00bbname\u00bb:\u00bbDinero\u00bb,\u00bbinactive\u00bb:false,\u00bbancestors\u00bb:{\u00abcomposer-menu\u00bb:[\u00abhttps:\/\/www.elimparcial.com\/\u00bb]},\u00bbparent\u00bb:{\u00abdefault\u00bb:\u00bbhttps:\/\/www.elimparcial.com\/\u00bb,\u00bbcomposer-menu\u00bb:\u00bbhttps:\/\/www.elimparcial.com\/\u00bb},\u00bborder\u00bb:{\u00abcomposer-menu\u00bb:1001}}}},\u00bbsections\u00bb:[{\u00ab_id\u00bb:\u00bb\/dinero\u00bb,\u00bb_website\u00bb:\u00bbelimparcial\u00bb,\u00bbtype\u00bb:\u00bbsection\u00bb,\u00bbversion\u00bb:\u00bb0.6.0&#8243;,\u00bbname\u00bb:\u00bbDinero\u00bb,\u00bbpath\u00bb:\u00bb\/dinero\u00bb,\u00bbparent_id\u00bb:\u00bbhttps:\/\/www.elimparcial.com\/\u00bb,\u00bbparent\u00bb:{\u00abdefault\u00bb:\u00bbhttps:\/\/www.elimparcial.com\/\u00bb},\u00bbadditional_properties\u00bb:{\u00aboriginal\u00bb:{\u00ab_id\u00bb:\u00bb\/dinero\u00bb,\u00bb_website\u00bb:\u00bbelimparcial\u00bb,\u00bbname\u00bb:\u00bbDinero\u00bb,\u00bbinactive\u00bb:false,\u00bbancestors\u00bb:{\u00abcomposer-menu\u00bb:[\u00abhttps:\/\/www.elimparcial.com\/\u00bb]},\u00bbparent\u00bb:{\u00abdefault\u00bb:\u00bbhttps:\/\/www.elimparcial.com\/\u00bb,\u00bbcomposer-menu\u00bb:\u00bbhttps:\/\/www.elimparcial.com\/\u00bb},\u00bborder\u00bb:{\u00abcomposer-menu\u00bb:1001},\u00bbnode_type\u00bb:\u00bbsection\u00bb}},\u00bb_website_section_id\u00bb:\u00bbelimparcial.\/dinero\u00bb}],\u00bbsites\u00bb:[{\u00ab_id\u00bb:\u00bb\/dinero\u00bb,\u00bbtype\u00bb:\u00bbsite\u00bb,\u00bbversion\u00bb:\u00bb0.5.8&#8243;,\u00bbname\u00bb:\u00bbDinero\u00bb,\u00bbpath\u00bb:\u00bb\/dinero\u00bb,\u00bbparent_id\u00bb:\u00bbhttps:\/\/www.elimparcial.com\/\u00bb,\u00bbadditional_properties\u00bb:{\u00aboriginal\u00bb:{\u00ab_id\u00bb:\u00bb\/dinero\u00bb,\u00bbname\u00bb:\u00bbDinero\u00bb,\u00bbinactive\u00bb:false,\u00bbancestors\u00bb:{\u00abcomposer-menu\u00bb:[\u00abhttps:\/\/www.elimparcial.com\/\u00bb]},\u00bbparent\u00bb:{\u00abdefault\u00bb:\u00bbhttps:\/\/www.elimparcial.com\/\u00bb,\u00bbcomposer-menu\u00bb:\u00bbhttps:\/\/www.elimparcial.com\/\u00bb},\u00bborder\u00bb:{\u00abcomposer-menu\u00bb:1001}}}}],\u00bbtags\u00bb:[{\u00ab_id\u00bb:\u00bbMBSGB4STCBHHXI7GF6W55Z3UV4&#8243;,\u00bbdescription\u00bb:\u00bbRicardo Salinas Pliego\u00bb,\u00bbslug\u00bb:\u00bbricardo-salinas-pliego\u00bb,\u00bbtext\u00bb:\u00bbRicardo Salinas Pliego\u00bb},{\u00ab_id\u00bb:\u00bb4UA2I2J7AJAERM3U55243FH57U\u00bb,\u00bbdescription\u00bb:\u00bbBancarrota\u00bb,\u00bbslug\u00bb:\u00bbbancarrota\u00bb,\u00bbtext\u00bb:\u00bbBancarrota\u00bb},{\u00ab_id\u00bb:\u00bbIDXRYMTGAZFTFBHK2H3427LIGY\u00bb,\u00bbdescription\u00bb:\u00bbPetroleras\u00bb,\u00bbslug\u00bb:\u00bbpetroleras\u00bb,\u00bbtext\u00bb:\u00bbPetroleras\u00bb},{\u00ab_id\u00bb:\u00bbQMMSE3V3H5H75KMWJKRYCBDVII\u00bb,\u00bbdescription\u00bb:\u00bbPetr\u00f3leo\u00bb,\u00bbslug\u00bb:\u00bbpetrleo\u00bb,\u00bbtext\u00bb:\u00bbPetr\u00f3leo\u00bb},{\u00ab_id\u00bb:\u00bbWE3M5VCR3RESJNCT2RABTP24PY\u00bb,\u00bbdescription\u00bb:\u00bbPemex\u00bb,\u00bbslug\u00bb:\u00bbpemex\u00bb,\u00bbtext\u00bb:\u00bbPemex\u00bb},{\u00ab_id\u00bb:\u00bbZC2ZFXNYXBG6BPZIYEMZQF2JZQ\u00bb,\u00bbdescription\u00bb:\u00bbM\u00e9xico\u00bb,\u00bbslug\u00bb:\u00bbmxico\u00bb,\u00bbtext\u00bb:\u00bbM\u00e9xico\u00bb},{\u00ab_id\u00bb:\u00bbWVCPUGX7PBC3TD3FLRN7K4NRCQ\u00bb,\u00bbdescription\u00bb:\u00bbSAT\u00bb,\u00bbslug\u00bb:\u00bbsat\u00bb,\u00bbtext\u00bb:\u00bbSAT\u00bb}]},\u00bbtype\u00bb:\u00bbstory\u00bb,\u00bbversion\u00bb:\u00bb0.10.11&#8243;,\u00bbwebsites\u00bb:{\u00abelimparcial\u00bb:{\u00abwebsite_section\u00bb:{\u00ab_id\u00bb:\u00bb\/dinero\u00bb,\u00bb_website\u00bb:\u00bbelimparcial\u00bb,\u00bbtype\u00bb:\u00bbsection\u00bb,\u00bbversion\u00bb:\u00bb0.6.0&#8243;,\u00bbname\u00bb:\u00bbDinero\u00bb,\u00bbpath\u00bb:\u00bb\/dinero\u00bb,\u00bbparent_id\u00bb:\u00bbhttps:\/\/www.elimparcial.com\/\u00bb,\u00bbparent\u00bb:{\u00abdefault\u00bb:\u00bbhttps:\/\/www.elimparcial.com\/\u00bb},\u00bbadditional_properties\u00bb:{\u00aboriginal\u00bb:{\u00ab_id\u00bb:\u00bb\/dinero\u00bb,\u00bb_website\u00bb:\u00bbelimparcial\u00bb,\u00bbname\u00bb:\u00bbDinero\u00bb,\u00bbinactive\u00bb:false,\u00bbancestors\u00bb:{\u00abcomposer-menu\u00bb:[\u00abhttps:\/\/www.elimparcial.com\/\u00bb]},\u00bbparent\u00bb:{\u00abdefault\u00bb:\u00bbhttps:\/\/www.elimparcial.com\/\u00bb,\u00bbcomposer-menu\u00bb:\u00bbhttps:\/\/www.elimparcial.com\/\u00bb},\u00bborder\u00bb:{\u00abcomposer-menu\u00bb:1001},\u00bbnode_type\u00bb:\u00bbsection\u00bb}},\u00bb_website_section_id\u00bb:\u00bbelimparcial.\/dinero\u00bb},\u00bbwebsite_url\u00bb:\u00bbhttps:\/\/www.elimparcial.com\/dinero\/2025\/12\/19\/ricardo-salinas-pliego-se-rindio-y-ahora-busca-la-bancarrota-de-su-empresa-de-servicios-petroleros-peor-una-jueza-federal-rechazo-la-solicitud-de-concurso-mercantil\/\u00bb}},\u00bbworkflow\u00bb:{\u00abstatus_code\u00bb:3},\u00bbcanonical_url\u00bb:\u00bbhttps:\/\/www.elimparcial.com\/dinero\/2025\/12\/19\/ricardo-salinas-pliego-se-rindio-y-ahora-busca-la-bancarrota-de-su-empresa-de-servicios-petroleros-peor-una-jueza-federal-rechazo-la-solicitud-de-concurso-mercantil\/\u00bb,\u00bbpublishing\u00bb:{\u00abscheduled_operations\u00bb:{\u00abpublish_edition\u00bb:[],\u00bbunpublish_edition\u00bb:[]}},\u00bbwebsite\u00bb:\u00bbelimparcial\u00bb,\u00bbwebsite_url\u00bb:\u00bbhttps:\/\/www.elimparcial.com\/dinero\/2025\/12\/19\/ricardo-salinas-pliego-se-rindio-y-ahora-busca-la-bancarrota-de-su-empresa-de-servicios-petroleros-peor-una-jueza-federal-rechazo-la-solicitud-de-concurso-mercantil\/\u00bb},{\u00ab_id\u00bb:\u00bb5GB5BX4MKNHFLETFXAWWNL2JUI\u00bb,\u00bbadditional_properties\u00bb:{\u00abhas_published_copy\u00bb:true,\u00bbis_published\u00bb:true,\u00bbpublish_date\u00bb:\u00bb2025-12-21T16:25:48.41Z\u00bb},\u00bbcanonical_website\u00bb:\u00bbelimparcial\u00bb,\u00bbcontent_elements\u00bb:[{\u00ab_id\u00bb:\u00bb2EVBLRIID5C55ENCHVMC7V7X7Y\u00bb,\u00bbadditional_properties\u00bb:{},\u00bbcontent\u00bb:\u00bbEl <a href=\\\"https:\/\/www.elimparcial.com\/buscador\/?query=salario%20m%C3%ADnimo\\\" target=\\\"_blank\\\" rel=\\\"noreferrer\\\" title=\\\"https:\/\/www.elimparcial.com\/buscador\/?query=salario%20m%C3%ADnimo\\\"><b>salario m\u00ednimo<\/b><\/a> y la duraci\u00f3n de la <a href=\\\"https:\/\/www.elimparcial.com\/tags\/jornada-laboral\/\\\" target=\\\"_blank\\\" rel=\\\"noreferrer\\\" title=\\\"https:\/\/www.elimparcial.com\/tags\/jornada-laboral\/\\\"><b>jornada laboral<\/b><\/a><b> <\/b>son dos de los factores que m\u00e1s influyen en la calidad de vida de los trabajadores. \u00ab,\u00bbtype\u00bb:\u00bbtext\u00bb},{\u00ab_id\u00bb:\u00bbBAT6GZZUCJAWDNAH2WHYUX7NCE\u00bb,\u00bbadditional_properties\u00bb:{},\u00bbcontent\u00bb:\u00bbEn M\u00e9xico, el gobierno de<b> <\/b><a href=\\\"https:\/\/www.elimparcial.com\/buscador\/?query=Claudia%20Sheinbaum\\\" target=\\\"_blank\\\" rel=\\\"noreferrer\\\" title=\\\"https:\/\/www.elimparcial.com\/buscador\/?query=Claudia%20Sheinbaum\\\"><b>Claudia Sheinbaum<\/b><\/a> confirm\u00f3 un nuevo <b>aumento al salario m\u00ednimo<\/b> para 2026, mientras que en China el ingreso base depende de cada regi\u00f3n y suele ir acompa\u00f1ado de jornadas m\u00e1s extensas, bajo una l\u00f3gica productiva que considera \u201cimpr\u00e1ctico\u201d trabajar menos horas.\u00bb,\u00bbtype\u00bb:\u00bbtext\u00bb},{\u00ab_id\u00bb:\u00bbODFVXZJAPFD5NL23FGLAMGU7WM\u00bb,\u00bbadditional_properties\u00bb:{},\u00bbcontent\u00bb:\u00bbLa informaci\u00f3n sobre M\u00e9xico proviene de datos oficiales del Consejo de Representantes de la Comisi\u00f3n Nacional de los Salarios M\u00ednimos (<b>Conasami<\/b>), mientras que los datos de China se basan en la <b>Ley Laboral de la Rep\u00fablica Popular China<\/b> y en reportes especializados como <b>China Briefing<\/b>.\u00bb,\u00bbtype\u00bb:\u00bbtext\u00bb},{\u00ab_id\u00bb:\u00bbXZGS2CDC5JGGZDXXQGIWCZYAV4&#8243;,\u00bbadditional_properties\u00bb:{},\u00bbcontent\u00bb:\u00bb<b>Te puede interesar: <\/b><a href=\\\"https:\/\/www.elimparcial.com\/dinero\/2025\/12\/19\/mientras-sheinbaum-confirmo-un-aumento-al-salario-minimo-a-partir-del-1-de-enero-en-rusia-tienen-sueldos-de-4-mil-pesos-mensuales-pero-con-una-jornada-laboral-de-40-horas-semanales-y-un-mejor-costo-de-vida\/\\\" target=\\\"_blank\\\" rel=\\\"noreferrer\\\" title=\\\"https:\/\/www.elimparcial.com\/dinero\/2025\/12\/19\/mientras-sheinbaum-confirmo-un-aumento-al-salario-minimo-a-partir-del-1-de-enero-en-rusia-tienen-sueldos-de-4-mil-pesos-mensuales-pero-con-una-jornada-laboral-de-40-horas-semanales-y-un-mejor-costo-de-vida\/\\\"><b>Mientras Sheinbaum confirm\u00f3 un aumento al salario m\u00ednimo a partir del 1 de enero, en Rusia tienen sueldos de 4 mil pesos mensuales, pero con una jornada laboral de 40 horas semanales y un mejor costo de vida<\/b><\/a>\u00ab,\u00bbtype\u00bb:\u00bbtext\u00bb},{\u00ab_id\u00bb:\u00bbERDSFHUCZBECFMUF7BDPCIONQE\u00bb,\u00bbadditional_properties\u00bb:{},\u00bbcontent\u00bb:\u00bb\u00bfC\u00f3mo quedar\u00e1 el salario m\u00ednimo en M\u00e9xico en 2026?\u00bb,\u00bblevel\u00bb:2,\u00bbtype\u00bb:\u00bbheader\u00bb},{\u00ab_id\u00bb:\u00bbMJDFOTCQAFFO7FR2NWAGII5N6A\u00bb,\u00bbadditional_properties\u00bb:{},\u00bbcontent\u00bb:\u00bbEl salario m\u00ednimo es la cantidad m\u00ednima que una persona debe recibir por una jornada de trabajo. \u00ab,\u00bbtype\u00bb:\u00bbtext\u00bb},{\u00ab_id\u00bb:\u00bbKMBPRRLBPNC5FLDYI4SGJRJUUU\u00bb,\u00bbadditional_properties\u00bb:{},\u00bbcontent\u00bb:\u00bbDe acuerdo con la Conasami, a partir del <b>1 de enero de 2026<\/b> se aplicar\u00e1 un nuevo ajuste:\u00bb,\u00bbtype\u00bb:\u00bbtext\u00bb},{\u00ab_id\u00bb:\u00bbJ4QVR6H4ANEFJHIZSURLWVVWMM\u00bb,\u00bbitems\u00bb:[{\u00ab_id\u00bb:\u00bbOJJEJR76EFHOHKTOCYL4L2EIE4&#8243;,\u00bbadditional_properties\u00bb:{\u00abindent\u00bb:0},\u00bbalignment\u00bb:\u00bbleft\u00bb,\u00bbcontent\u00bb:\u00bb<b>Salario m\u00ednimo general<\/b>:\u00bb,\u00bbtype\u00bb:\u00bbtext\u00bb},{\u00ab_id\u00bb:\u00bbYUNG73MGEZGZZBVLIEIBIGTRXE\u00bb,\u00bbadditional_properties\u00bb:{\u00abindent\u00bb:0},\u00bbalignment\u00bb:\u00bbleft\u00bb,\u00bbitems\u00bb:[{\u00ab_id\u00bb:\u00bbVRM7GF4UWRAANJLUU4YJYYQZJY\u00bb,\u00bbadditional_properties\u00bb:{\u00abindent\u00bb:1},\u00bbalignment\u00bb:\u00bbleft\u00bb,\u00bbcontent\u00bb:\u00bbPasa de <b>278.80 a 315.04 pesos diarios<\/b>.\u00bb,\u00bbtype\u00bb:\u00bbtext\u00bb}],\u00bblist_type\u00bb:\u00bbunordered\u00bb,\u00bbtype\u00bb:\u00bblist\u00bb},{\u00ab_id\u00bb:\u00bbNOEV7ZV3JVEXZALWDWXXY5PTFA\u00bb,\u00bbadditional_properties\u00bb:{\u00abindent\u00bb:0},\u00bbalignment\u00bb:\u00bbleft\u00bb,\u00bbcontent\u00bb:\u00bb<b>Zona Libre de la Frontera Norte (ZLFN)<\/b>:\u00bb,\u00bbtype\u00bb:\u00bbtext\u00bb},{\u00ab_id\u00bb:\u00bbEKPWNWNAAJE2DCAYPTRPGBCGOQ\u00bb,\u00bbadditional_properties\u00bb:{\u00abindent\u00bb:0},\u00bbalignment\u00bb:\u00bbleft\u00bb,\u00bbitems\u00bb:[{\u00ab_id\u00bb:\u00bb775IW6FOCJHPNDKJXW2D332TM4&#8243;,\u00bbadditional_properties\u00bb:{\u00abindent\u00bb:1},\u00bbalignment\u00bb:\u00bbleft\u00bb,\u00bbcontent\u00bb:\u00bbAumenta de <b>419.88 a 440.87 pesos diarios<\/b>.\u00bb,\u00bbtype\u00bb:\u00bbtext\u00bb}],\u00bblist_type\u00bb:\u00bbunordered\u00bb,\u00bbtype\u00bb:\u00bblist\u00bb},{\u00ab_id\u00bb:\u00bbEF7WHGIJIRBXLJCFVO4TUL7EZ4&#8243;,\u00bbadditional_properties\u00bb:{\u00abindent\u00bb:0},\u00bbalignment\u00bb:\u00bbleft\u00bb,\u00bbcontent\u00bb:\u00bb<b>Salarios m\u00ednimos profesionales<\/b> (61 ocupaciones):\u00bb,\u00bbtype\u00bb:\u00bbtext\u00bb},{\u00ab_id\u00bb:\u00bbMW46W7HYA5CU7LQ2VV45HG3GTA\u00bb,\u00bbadditional_properties\u00bb:{\u00abindent\u00bb:0},\u00bbalignment\u00bb:\u00bbleft\u00bb,\u00bbitems\u00bb:[{\u00ab_id\u00bb:\u00bbIF6LZYLWAFDV3BVMW53434D56Q\u00bb,\u00bbadditional_properties\u00bb:{\u00abindent\u00bb:1},\u00bbalignment\u00bb:\u00bbleft\u00bb,\u00bbcontent\u00bb:\u00bbSe incrementan en el mismo porcentaje que los salarios generales de su regi\u00f3n.\u00bb,\u00bbtype\u00bb:\u00bbtext\u00bb}],\u00bblist_type\u00bb:\u00bbunordered\u00bb,\u00bbtype\u00bb:\u00bblist\u00bb}],\u00bblist_type\u00bb:\u00bbunordered\u00bb,\u00bbtype\u00bb:\u00bblist\u00bb},{\u00ab_id\u00bb:\u00bbWW75APVLBJAX3K4VUV7H4BYD6E\u00bb,\u00bbadditional_properties\u00bb:{},\u00bbcontent\u00bb:\u00bbEl aumento se integra de dos componentes:\u00bb,\u00bbtype\u00bb:\u00bbtext\u00bb},{\u00ab_id\u00bb:\u00bb3QJY5P74ZBAGFBLE6E5HUCYS3E\u00bb,\u00bbitems\u00bb:[{\u00ab_id\u00bb:\u00bbK4A2IPL6VNAYPEUMDTXNE5GQRU\u00bb,\u00bbadditional_properties\u00bb:{\u00abindent\u00bb:0},\u00bbalignment\u00bb:\u00bbleft\u00bb,\u00bbcontent\u00bb:\u00bbUn <b>Monto Independiente de Recuperaci\u00f3n (MIR)<\/b> de <b>17.01 pesos diarios<\/b>.\u00bb,\u00bbtype\u00bb:\u00bbtext\u00bb},{\u00ab_id\u00bb:\u00bbWQRLRH4WFFFGDHGWMRYKAHV24I\u00bb,\u00bbadditional_properties\u00bb:{\u00abindent\u00bb:0},\u00bbalignment\u00bb:\u00bbleft\u00bb,\u00bbcontent\u00bb:\u00bbUn incremento adicional por fijaci\u00f3n de <b>6.5%<\/b> a nivel general.\u00bb,\u00bbtype\u00bb:\u00bbtext\u00bb},{\u00ab_id\u00bb:\u00bbDPO3U6WCIBBD5F3ZSITGT6U2EE\u00bb,\u00bbadditional_properties\u00bb:{\u00abindent\u00bb:0},\u00bbalignment\u00bb:\u00bbleft\u00bb,\u00bbcontent\u00bb:\u00bbEn la ZLFN, el incremento es de <b>5%<\/b>.\u00bb,\u00bbtype\u00bb:\u00bbtext\u00bb}],\u00bblist_type\u00bb:\u00bbunordered\u00bb,\u00bbtype\u00bb:\u00bblist\u00bb},{\u00ab_id\u00bb:\u00bb7JQ7CJKG6BEW5FN3CASJUUR4SM\u00bb,\u00bbadditional_properties\u00bb:{},\u00bbcontent\u00bb:\u00bbLa Conasami ha reiterado que el MIR \u201ctiene como \u00fanica finalidad la recuperaci\u00f3n del poder adquisitivo\u201d y que <b>no debe usarse como referencia para otros salarios<\/b>, como los contractuales o gubernamentales.\u00bb,\u00bbtype\u00bb:\u00bbtext\u00bb},{\u00ab_id\u00bb:\u00bbEISJBTI55RGUJN5JOCM4Y5NTA4&#8243;,\u00bbadditional_properties\u00bb:{},\u00bbcontent\u00bb:\u00bb\u00bb,\u00bbtype\u00bb:\u00bbtext\u00bb},{\u00ab_id\u00bb:\u00bbERZIGRIP4BBLNJTEV5IW5ZDLXM\u00bb,\u00bbadditional_properties\u00bb:{\u00abfullSizeResizeUrl\u00bb:\u00bb\/resizer\/v2\/ERZIGRIP4BBLNJTEV5IW5ZDLXM.jpg?auth=d28b6903c134aa48d0d17be796311b6a6d8818dcf496f67c7d4c02aee75ecd70&#8243;,\u00bbgalleries\u00bb:[],\u00bbingestionMethod\u00bb:\u00bbmanual\u00bb,\u00bbmime_type\u00bb:\u00bbimage\/jpeg\u00bb,\u00bboriginalName\u00bb:\u00bbProyecto (18).jpg\u00bb,\u00bboriginalUrl\u00bb:\u00bbhttps:\/\/cloudfront-us-east-1.images.arcpublishing.com\/elimparcial\/ERZIGRIP4BBLNJTEV5IW5ZDLXM.jpg\u00bb,\u00bbproxyUrl\u00bb:\u00bb\/resizer\/v2\/ERZIGRIP4BBLNJTEV5IW5ZDLXM.jpg?auth=d28b6903c134aa48d0d17be796311b6a6d8818dcf496f67c7d4c02aee75ecd70&#8243;,\u00bbpublished\u00bb:true,\u00bbresizeUrl\u00bb:\u00bb\/resizer\/v2\/ERZIGRIP4BBLNJTEV5IW5ZDLXM.jpg?auth=d28b6903c134aa48d0d17be796311b6a6d8818dcf496f67c7d4c02aee75ecd70&#8243;,\u00bbrestricted\u00bb:false,\u00bbthumbnailResizeUrl\u00bb:\u00bb\/resizer\/v2\/ERZIGRIP4BBLNJTEV5IW5ZDLXM.jpg?auth=d28b6903c134aa48d0d17be796311b6a6d8818dcf496f67c7d4c02aee75ecd70&#038;width=300&#8243;,\u00bbversion\u00bb:0,\u00bbtemplate_id\u00bb:1220,\u00bbalt_text\u00bb:\u00bbJ\u00f3venes Construyendo el Futuro tendr\u00e1 un incremento directo en su beca mensual a partir de enero de 2026, derivado del aumento al salario m\u00ednimo anunciado por el Gobierno de M\u00e9xico.\u00bb,\u00bblink\u00bb:\u00bb\u00bb},\u00bbaddress\u00bb:{},\u00bbalt_text\u00bb:\u00bbJ\u00f3venes Construyendo el Futuro tendr\u00e1 un incremento directo en su beca mensual a partir de enero de 2026, derivado del aumento al salario m\u00ednimo anunciado por el Gobierno de M\u00e9xico.\u00bb,\u00bbauth\u00bb:{\u00ab2&#8243;:\u00bbd28b6903c134aa48d0d17be796311b6a6d8818dcf496f67c7d4c02aee75ecd70&#8243;},\u00bbcaption\u00bb:\u00bbDe acuerdo con la Conasami, a partir del 1 de enero de 2026 se aplicar\u00e1 el nuevo ajuste. Foto: Archivo\u00bb,\u00bbcreated_date\u00bb:\u00bb2025-12-12T04:19:22Z\u00bb,\u00bbcredits\u00bb:{\u00abaffiliation\u00bb:[]},\u00bbheight\u00bb:1080,\u00bbimage_type\u00bb:\u00bbphotograph\u00bb,\u00bblast_updated_date\u00bb:\u00bb2025-12-12T04:19:22Z\u00bb,\u00bblicensable\u00bb:false,\u00bbowner\u00bb:{\u00abid\u00bb:\u00bbelimparcial\u00bb,\u00bbsponsored\u00bb:false},\u00bbsource\u00bb:{\u00abadditional_properties\u00bb:{\u00abeditor\u00bb:\u00bbphoto center\u00bb},\u00bbedit_url\u00bb:\u00bb\u00bb,\u00bbsystem\u00bb:\u00bbphoto center\u00bb},\u00bbsubtitle\u00bb:\u00bbJ\u00f3venes Construyendo el Futuro tendr\u00e1 un incremento directo en su beca mensual a partir de enero de 2026, derivado del aumento al salario m\u00ednimo anunciado por el Gobierno de M\u00e9xico.\u00bb,\u00bbtaxonomy\u00bb:{\u00abassociated_tasks\u00bb:[]},\u00bbtype\u00bb:\u00bbimage\u00bb,\u00bburl\u00bb:\u00bbhttps:\/\/cloudfront-us-east-1.images.arcpublishing.com\/elimparcial\/ERZIGRIP4BBLNJTEV5IW5ZDLXM.jpg\u00bb,\u00bbversion\u00bb:\u00bb0.10.9&#8243;,\u00bbwidth\u00bb:1920,\u00bbsyndication\u00bb:{}},{\u00ab_id\u00bb:\u00bbLFDHNW5RJZCRFFS766XSV5BSGM\u00bb,\u00bbadditional_properties\u00bb:{},\u00bbcontent\u00bb:\u00bb\u00bb,\u00bbtype\u00bb:\u00bbtext\u00bb},{\u00ab_id\u00bb:\u00bbMKJTJ2VN7ZF55OZV6JILN3FXS4&#8243;,\u00bbadditional_properties\u00bb:{},\u00bbcontent\u00bb:\u00bb<b>Te puede interesar: <\/b><a href=\\\"https:\/\/www.elimparcial.com\/mundo\/2025\/10\/19\/mientras-los-mexicanos-buscan-una-jornada-laboral-de-40-horas-en-china-los-descansos-son-vistos-como-perdida-de-tiempo-y-se-consideran-antieconomicos\/\\\" target=\\\"_blank\\\" rel=\\\"noreferrer\\\" title=\\\"https:\/\/www.elimparcial.com\/mundo\/2025\/10\/19\/mientras-los-mexicanos-buscan-una-jornada-laboral-de-40-horas-en-china-los-descansos-son-vistos-como-perdida-de-tiempo-y-se-consideran-antieconomicos\/\\\"><b>Mientras los mexicanos buscan una jornada laboral de 40 horas, en China los descansos son vistos como p\u00e9rdida de tiempo y se consideran \u201cantiecon\u00f3micos\u201d<\/b><\/a>\u00ab,\u00bbtype\u00bb:\u00bbtext\u00bb},{\u00ab_id\u00bb:\u00bbUW3WIEZLHNCKJNKW7YYNA72AKY\u00bb,\u00bbadditional_properties\u00bb:{},\u00bbcontent\u00bb:\u00bb\u00bfCu\u00e1nto gana al mes una persona con salario m\u00ednimo en M\u00e9xico?\u00bb,\u00bblevel\u00bb:2,\u00bbtype\u00bb:\u00bbheader\u00bb},{\u00ab_id\u00bb:\u00bb7GDOBAC55ZBPHFCOKZ2FT2MESQ\u00bb,\u00bbadditional_properties\u00bb:{},\u00bbcontent\u00bb:\u00bbCon estos ajustes, el ingreso mensual aproximado queda as\u00ed:\u00bb,\u00bbtype\u00bb:\u00bbtext\u00bb},{\u00ab_id\u00bb:\u00bbK5XMMXE5PFA7PDWO7FLRTYTYBE\u00bb,\u00bbitems\u00bb:[{\u00ab_id\u00bb:\u00bbLUFPHQCHG5EY7CGCXZ7XADICZ4&#8243;,\u00bbadditional_properties\u00bb:{\u00abindent\u00bb:0},\u00bbalignment\u00bb:\u00bbleft\u00bb,\u00bbcontent\u00bb:\u00bb<b>Salario m\u00ednimo general<\/b>:\u00bb,\u00bbtype\u00bb:\u00bbtext\u00bb},{\u00ab_id\u00bb:\u00bbSY7YNXUYMJDJTERJV5326AHYQU\u00bb,\u00bbadditional_properties\u00bb:{\u00abindent\u00bb:0},\u00bbalignment\u00bb:\u00bbleft\u00bb,\u00bbitems\u00bb:[{\u00ab_id\u00bb:\u00bbAX6VP4OV55FIDGRYXXX6J4EZFE\u00bb,\u00bbadditional_properties\u00bb:{\u00abindent\u00bb:1},\u00bbalignment\u00bb:\u00bbleft\u00bb,\u00bbcontent\u00bb:\u00bb315.04 pesos diarios \u2192 <b>alrededor de 9,450 pesos mensuales<\/b>.\u00bb,\u00bbtype\u00bb:\u00bbtext\u00bb}],\u00bblist_type\u00bb:\u00bbunordered\u00bb,\u00bbtype\u00bb:\u00bblist\u00bb},{\u00ab_id\u00bb:\u00bbUMI56QYA7JDTBEE2QFBP7RWGMY\u00bb,\u00bbadditional_properties\u00bb:{\u00abindent\u00bb:0},\u00bbalignment\u00bb:\u00bbleft\u00bb,\u00bbcontent\u00bb:\u00bb<b>Zona Libre de la Frontera Norte<\/b>:\u00bb,\u00bbtype\u00bb:\u00bbtext\u00bb},{\u00ab_id\u00bb:\u00bb5HDA254KIVBKNO565J6DWC7ZKE\u00bb,\u00bbadditional_properties\u00bb:{\u00abindent\u00bb:0},\u00bbalignment\u00bb:\u00bbleft\u00bb,\u00bbitems\u00bb:[{\u00ab_id\u00bb:\u00bb2TKJFU7YVFCVNNPSZZQGIAOI2E\u00bb,\u00bbadditional_properties\u00bb:{\u00abindent\u00bb:1},\u00bbalignment\u00bb:\u00bbleft\u00bb,\u00bbcontent\u00bb:\u00bb440.87 pesos diarios \u2192 <b>aproximadamente 13,200 pesos mensuales<\/b>.\u00bb,\u00bbtype\u00bb:\u00bbtext\u00bb}],\u00bblist_type\u00bb:\u00bbunordered\u00bb,\u00bbtype\u00bb:\u00bblist\u00bb}],\u00bblist_type\u00bb:\u00bbunordered\u00bb,\u00bbtype\u00bb:\u00bblist\u00bb},{\u00ab_id\u00bb:\u00bbNNMXQIHUO5EPNMK6UJHCPFNLTU\u00bb,\u00bbadditional_properties\u00bb:{},\u00bbcontent\u00bb:\u00bbEstas cifras colocan al salario m\u00ednimo mexicano muy por encima del ingreso m\u00ednimo que se paga en China cuando se convierte a pesos mexicanos.\u00bb,\u00bbtype\u00bb:\u00bbtext\u00bb},{\u00ab_id\u00bb:\u00bbNLSC4I3XIFCWBHKLIIZ32MVKLI\u00bb,\u00bbadditional_properties\u00bb:{},\u00bbcontent\u00bb:\u00bb\u00bfC\u00f3mo funciona el salario m\u00ednimo en China?\u00bb,\u00bblevel\u00bb:2,\u00bbtype\u00bb:\u00bbheader\u00bb},{\u00ab_id\u00bb:\u00bbZW2DRF6VLVAKHGWGKBOLC5Z5VQ\u00bb,\u00bbadditional_properties\u00bb:{},\u00bbcontent\u00bb:\u00bbA diferencia de M\u00e9xico, <b>China no tiene un salario m\u00ednimo nacional \u00fanico<\/b>. \u00ab,\u00bbtype\u00bb:\u00bbtext\u00bb},{\u00ab_id\u00bb:\u00bbWIQWER6JMRH5TMEMHZKLIJTUVI\u00bb,\u00bbadditional_properties\u00bb:{},\u00bbcontent\u00bb:\u00bbLa Ley Laboral establece que cada provincia, regi\u00f3n aut\u00f3noma o ciudad fija su propio salario m\u00ednimo, con base en factores como el costo de vida, el desarrollo econ\u00f3mico local y el empleo.\u00bb,\u00bbtype\u00bb:\u00bbtext\u00bb},{\u00ab_id\u00bb:\u00bb5BBCFYMZBFH5ZKOTXQY6CVYLTA\u00bb,\u00bbadditional_properties\u00bb:{},\u00bbcontent\u00bb:\u00bbEn 2025, los salarios m\u00ednimos mensuales m\u00e1s altos se registran en grandes ciudades como Shangh\u00e1i o Pek\u00edn.\u00bb,\u00bbtype\u00bb:\u00bbtext\u00bb},{\u00ab_id\u00bb:\u00bb36MC6NGGGBHEPNKQZ4EVE5THQA\u00bb,\u00bbadditional_properties\u00bb:{},\u00bbcontent\u00bb:\u00bb\u00bfCu\u00e1nto es el salario m\u00ednimo chino en pesos mexicanos?\u00bb,\u00bblevel\u00bb:2,\u00bbtype\u00bb:\u00bbheader\u00bb},{\u00ab_id\u00bb:\u00bbZIYQHYTCRRB5LPEVV6BPTVCEKM\u00bb,\u00bbadditional_properties\u00bb:{},\u00bbcontent\u00bb:\u00bbAl convertir el salario m\u00ednimo chino a pesos mexicanos, usando un tipo de cambio promedio de <b>1 yuan \u2248 2.55 pesos<\/b>, los montos quedan as\u00ed:\u00bb,\u00bbtype\u00bb:\u00bbtext\u00bb},{\u00ab_id\u00bb:\u00bbUNWXLZKZ5ZCTXLST3KYR4YER5M\u00bb,\u00bbitems\u00bb:[{\u00ab_id\u00bb:\u00bbM36YJA3EJFB7ZI4XZEO4SAL2KE\u00bb,\u00bbadditional_properties\u00bb:{\u00abindent\u00bb:0},\u00bbalignment\u00bb:\u00bbleft\u00bb,\u00bbcontent\u00bb:\u00bb<b>Shangh\u00e1i<\/b>:\u00bb,\u00bbtype\u00bb:\u00bbtext\u00bb},{\u00ab_id\u00bb:\u00bbHG5MDO7NJZHPTPUBMMKUJE3T5I\u00bb,\u00bbadditional_properties\u00bb:{\u00abindent\u00bb:0},\u00bbalignment\u00bb:\u00bbleft\u00bb,\u00bbitems\u00bb:[{\u00ab_id\u00bb:\u00bb7VQRA5M6CFC3JHZYMWR23PQD6Y\u00bb,\u00bbadditional_properties\u00bb:{\u00abindent\u00bb:1},\u00bbalignment\u00bb:\u00bbleft\u00bb,\u00bbcontent\u00bb:\u00bb2,740 yuanes al mes \u2192 <b>cerca de 7,000 pesos mensuales<\/b>.\u00bb,\u00bbtype\u00bb:\u00bbtext\u00bb}],\u00bblist_type\u00bb:\u00bbunordered\u00bb,\u00bbtype\u00bb:\u00bblist\u00bb},{\u00ab_id\u00bb:\u00bbDRMHLVVMKZDI5H5CI5X6LED6DI\u00bb,\u00bbadditional_properties\u00bb:{\u00abindent\u00bb:0},\u00bbalignment\u00bb:\u00bbleft\u00bb,\u00bbcontent\u00bb:\u00bb<b>Pek\u00edn<\/b>:\u00bb,\u00bbtype\u00bb:\u00bbtext\u00bb},{\u00ab_id\u00bb:\u00bbFL5BHXNDWJAQ3EIIEATJ7AVBVY\u00bb,\u00bbadditional_properties\u00bb:{\u00abindent\u00bb:0},\u00bbalignment\u00bb:\u00bbleft\u00bb,\u00bbitems\u00bb:[{\u00ab_id\u00bb:\u00bbPIIEKX5ITBFKHO2TXH4G6JBGNU\u00bb,\u00bbadditional_properties\u00bb:{\u00abindent\u00bb:1},\u00bbalignment\u00bb:\u00bbleft\u00bb,\u00bbcontent\u00bb:\u00bb2,420 yuanes \u2192 <b>alrededor de 6,200 pesos mensuales<\/b>.\u00bb,\u00bbtype\u00bb:\u00bbtext\u00bb}],\u00bblist_type\u00bb:\u00bbunordered\u00bb,\u00bbtype\u00bb:\u00bblist\u00bb},{\u00ab_id\u00bb:\u00bbNNPQNY6WA5BL7N22O63H2WQGRU\u00bb,\u00bbadditional_properties\u00bb:{\u00abindent\u00bb:0},\u00bbalignment\u00bb:\u00bbleft\u00bb,\u00bbcontent\u00bb:\u00bb<b>Regiones con salarios m\u00e1s bajos<\/b>:\u00bb,\u00bbtype\u00bb:\u00bbtext\u00bb},{\u00ab_id\u00bb:\u00bbI5G5SGC5DFCPXI4A63VNBMHETY\u00bb,\u00bbadditional_properties\u00bb:{\u00abindent\u00bb:0},\u00bbalignment\u00bb:\u00bbleft\u00bb,\u00bbitems\u00bb:[{\u00ab_id\u00bb:\u00bbA4AU2P3EJBB7RIPVAAXHCVL2KU\u00bb,\u00bbadditional_properties\u00bb:{\u00abindent\u00bb:1},\u00bbalignment\u00bb:\u00bbleft\u00bb,\u00bbcontent\u00bb:\u00bbEntre 1,600 y 2,000 yuanes \u2192 <b>aproximadamente 4,000 a 5,100 pesos mensuales<\/b>.\u00bb,\u00bbtype\u00bb:\u00bbtext\u00bb}],\u00bblist_type\u00bb:\u00bbunordered\u00bb,\u00bbtype\u00bb:\u00bblist\u00bb}],\u00bblist_type\u00bb:\u00bbunordered\u00bb,\u00bbtype\u00bb:\u00bblist\u00bb},{\u00ab_id\u00bb:\u00bbPA7I3JXUWRGCVGCLNEAHDG77LA\u00bb,\u00bbadditional_properties\u00bb:{},\u00bbcontent\u00bb:\u00bbEn t\u00e9rminos comparables, incluso el salario m\u00ednimo general en M\u00e9xico para 2026 supera con claridad el <a href=\\\"https:\/\/www.elimparcial.com\/buscador\/?query=salario%20m%C3%ADnimo\\\" target=\\\"_blank\\\" rel=\\\"noreferrer\\\" title=\\\"https:\/\/www.elimparcial.com\/buscador\/?query=salario%20m%C3%ADnimo\\\">ingreso m\u00ednimo<\/a> mensual que percibe un trabajador en China.\u00bb,\u00bbtype\u00bb:\u00bbtext\u00bb},{\u00ab_id\u00bb:\u00bbMCQ26KEBCBB4RGQ6GORTHTDPQY\u00bb,\u00bbadditional_properties\u00bb:{},\u00bbcontent\u00bb:\u00bbJornada laboral en M\u00e9xico: menos horas, debate abierto\u00bb,\u00bblevel\u00bb:2,\u00bbtype\u00bb:\u00bbheader\u00bb},{\u00ab_id\u00bb:\u00bbDD4RVQISMJBZZG44SAP3A6OK6I\u00bb,\u00bbadditional_properties\u00bb:{},\u00bbcontent\u00bb:\u00bbEn M\u00e9xico, la jornada laboral legal es de <b>48 horas semanales<\/b>. Sin embargo, desde 2023 se discute una reforma constitucional para reducirla a <b>40 horas<\/b>, sin disminuci\u00f3n salarial.\u00bb,\u00bbtype\u00bb:\u00bbtext\u00bb},{\u00ab_id\u00bb:\u00bbPJQK3XYZKNBRXHVZ2X3OJUGBHU\u00bb,\u00bbadditional_properties\u00bb:{},\u00bbcontent\u00bb:\u00bbHasta ahora, la presidenta Claudia Sheinbaum confirm\u00f3 que la reducci\u00f3n de la jornada laboral se llevar\u00e1 a cabo de manera gradual a partir del 2027, comenzando con reducir 2 horas cada a\u00f1o, hasta llegar a las 40 horas semanales en 2030.\u00bb,\u00bbtype\u00bb:\u00bbtext\u00bb},{\u00ab_id\u00bb:\u00bbWAGGC2YEH5HSLGJ5442457C6O4&#8243;,\u00bbadditional_properties\u00bb:{},\u00bbcontent\u00bb:\u00bb<b>Te puede interesar: <\/b><a href=\\\"https:\/\/www.elimparcial.com\/dinero\/2025\/12\/17\/ahora-que-la-jornada-laboral-de-40-horas-se-hara-realidad-aunque-de-forma-gradual-la-coparmex-ya-expreso-su-respaldo-a-esta-iniciativa-junto-al-aumento-del-salario-minimo-rumbo-al-2026\/\\\" target=\\\"_blank\\\" rel=\\\"noreferrer\\\" title=\\\"https:\/\/www.elimparcial.com\/dinero\/2025\/12\/17\/ahora-que-la-jornada-laboral-de-40-horas-se-hara-realidad-aunque-de-forma-gradual-la-coparmex-ya-expreso-su-respaldo-a-esta-iniciativa-junto-al-aumento-del-salario-minimo-rumbo-al-2026\/\\\"><b>Ahora que la jornada laboral de 40 horas se har\u00e1 realidad, aunque de forma gradual, la Coparmex ya expres\u00f3 su respaldo a esta iniciativa junto al aumento del salario m\u00ednimo rumbo al 2026<\/b><\/a>\u00ab,\u00bbtype\u00bb:\u00bbtext\u00bb},{\u00ab_id\u00bb:\u00bbUNOFPSDYVBFWRBXMEL2VHIZWJI\u00bb,\u00bbadditional_properties\u00bb:{},\u00bbcontent\u00bb:\u00bbJornada laboral en China: trabajar m\u00e1s es la norma\u00bb,\u00bblevel\u00bb:2,\u00bbtype\u00bb:\u00bbheader\u00bb},{\u00ab_id\u00bb:\u00bbFWQOXKYHXBHSDED5AAY6CL3GKA\u00bb,\u00bbadditional_properties\u00bb:{},\u00bbcontent\u00bb:\u00bbEn China, la ley establece una jornada est\u00e1ndar de <b>8 horas diarias y 44 horas semanales<\/b>, pero en la pr\u00e1ctica esto no siempre se respeta.\u00bb,\u00bbtype\u00bb:\u00bbtext\u00bb},{\u00ab_id\u00bb:\u00bbIFKIUXAPO5BSHAM6BWVCZKMAMY\u00bb,\u00bbadditional_properties\u00bb:{},\u00bbcontent\u00bb:\u00bbDurante a\u00f1os se ha normalizado el modelo conocido como <b>\u201c996\u201d<\/b>, que implica trabajar de <b>9 de la ma\u00f1ana a 9 de la noche, seis d\u00edas a la semana<\/b>. \u00ab,\u00bbtype\u00bb:\u00bbtext\u00bb},{\u00ab_id\u00bb:\u00bbKZSL5NYTCNDJZB4C46BHNEGDX4&#8243;,\u00bbadditional_properties\u00bb:{},\u00bbcontent\u00bb:\u00bbAunque el gobierno chino ha se\u00f1alado que este esquema es ilegal, sigue<b> presente en muchos sectores privados<\/b>.\u00bb,\u00bbtype\u00bb:\u00bbtext\u00bb},{\u00ab_id\u00bb:\u00bb5QQECUKNQ5HIPJGNF5ZVMEF76Y\u00bb,\u00bbadditional_properties\u00bb:{},\u00bbcontent\u00bb:\u00bbDentro de la cultura laboral china persiste la idea de que <b>trabajar menos horas es \u201cimpr\u00e1ctico\u201d<\/b> y que el esfuerzo prolongado es necesario para el <b>crecimiento econ\u00f3mico<\/b>, aun cuando esto implique menos tiempo libre para los trabajadores.\u00bb,\u00bbtype\u00bb:\u00bbtext\u00bb},{\u00ab_id\u00bb:\u00bbV4UR5ZAVJNCOXDHKYTPJQZVZEE\u00bb,\u00bbadditional_properties\u00bb:{},\u00bbcontent\u00bb:\u00bbM\u00e9xico y China: dos modelos distintos\u00bb,\u00bblevel\u00bb:2,\u00bbtype\u00bb:\u00bbheader\u00bb},{\u00ab_id\u00bb:\u00bbIU66KVXEWVE77C5U2HJ4VQNKGE\u00bb,\u00bbadditional_properties\u00bb:{},\u00bbcontent\u00bb:\u00bbLa comparaci\u00f3n deja claras varias diferencias:\u00bb,\u00bbtype\u00bb:\u00bbtext\u00bb},{\u00ab_id\u00bb:\u00bb62CIP3WHNVFKTJBZCUO3Y5ECYA\u00bb,\u00bbitems\u00bb:[{\u00ab_id\u00bb:\u00bbGXFOVD5655EAZNZCSZ3PN3KCI4&#8243;,\u00bbadditional_properties\u00bb:{\u00abindent\u00bb:0},\u00bbalignment\u00bb:\u00bbleft\u00bb,\u00bbcontent\u00bb:\u00bbM\u00e9xico avanza en aumentos constantes al salario m\u00ednimo y discute reducir la jornada laboral.\u00bb,\u00bbtype\u00bb:\u00bbtext\u00bb},{\u00ab_id\u00bb:\u00bbPSUG4GOWYRGDBBT3SGQKYBLHIA\u00bb,\u00bbadditional_properties\u00bb:{\u00abindent\u00bb:0},\u00bbalignment\u00bb:\u00bbleft\u00bb,\u00bbcontent\u00bb:\u00bbChina mantiene salarios m\u00ednimos regionales m\u00e1s bajos en t\u00e9rminos comparables y jornadas de trabajo m\u00e1s largas.\u00bb,\u00bbtype\u00bb:\u00bbtext\u00bb},{\u00ab_id\u00bb:\u00bbFSSEI6J6IZHF5PYLABIUHF46ZE\u00bb,\u00bbadditional_properties\u00bb:{\u00abindent\u00bb:0},\u00bbalignment\u00bb:\u00bbleft\u00bb,\u00bbcontent\u00bb:\u00bbEn pesos mexicanos, el salario m\u00ednimo en M\u00e9xico ya es mayor que el ingreso m\u00ednimo mensual en China.\u00bb,\u00bbtype\u00bb:\u00bbtext\u00bb},{\u00ab_id\u00bb:\u00bbGSHEZL7IYZFMHETUTBRSKWWJPM\u00bb,\u00bbadditional_properties\u00bb:{\u00abindent\u00bb:0},\u00bbalignment\u00bb:\u00bbleft\u00bb,\u00bbcontent\u00bb:\u00bbEl debate en M\u00e9xico se centra en bienestar y poder adquisitivo; en China, en productividad y horas trabajadas.\u00bb,\u00bbtype\u00bb:\u00bbtext\u00bb}],\u00bblist_type\u00bb:\u00bbunordered\u00bb,\u00bbtype\u00bb:\u00bblist\u00bb},{\u00ab_id\u00bb:\u00bbATSFZOYSKZCEHI43YDU4OUHQNI\u00bb,\u00bbadditional_properties\u00bb:{},\u00bbcontent\u00bb:\u00bb\u00bb,\u00bbtype\u00bb:\u00bbtext\u00bb},{\u00ab_id\u00bb:\u00bbFWKMPE37FJE3TA72OVCDJ5VAGA\u00bb,\u00bbadditional_properties\u00bb:{\u00abfullSizeResizeUrl\u00bb:\u00bb\/resizer\/v2\/FWKMPE37FJE3TA72OVCDJ5VAGA.jpg?auth=44b07c707685f6cf97d6788e4a606d9ea1fee54a571d61c8e8d41d80b1ede2d3&#8243;,\u00bbgalleries\u00bb:[],\u00bbingestionMethod\u00bb:\u00bbmanual\u00bb,\u00bbmime_type\u00bb:\u00bbimage\/jpeg\u00bb,\u00bboriginalName\u00bb:\u00bbTexto &#8211; 2025-12-05T213005.111.jpg\u00bb,\u00bboriginalUrl\u00bb:\u00bbhttps:\/\/cloudfront-us-east-1.images.arcpublishing.com\/elimparcial\/FWKMPE37FJE3TA72OVCDJ5VAGA.jpg\u00bb,\u00bbproxyUrl\u00bb:\u00bb\/resizer\/v2\/FWKMPE37FJE3TA72OVCDJ5VAGA.jpg?auth=44b07c707685f6cf97d6788e4a606d9ea1fee54a571d61c8e8d41d80b1ede2d3&#8243;,\u00bbpublished\u00bb:true,\u00bbresizeUrl\u00bb:\u00bb\/resizer\/v2\/FWKMPE37FJE3TA72OVCDJ5VAGA.jpg?auth=44b07c707685f6cf97d6788e4a606d9ea1fee54a571d61c8e8d41d80b1ede2d3&#8243;,\u00bbrestricted\u00bb:false,\u00bbthumbnailResizeUrl\u00bb:\u00bb\/resizer\/v2\/FWKMPE37FJE3TA72OVCDJ5VAGA.jpg?auth=44b07c707685f6cf97d6788e4a606d9ea1fee54a571d61c8e8d41d80b1ede2d3&#038;width=300&#8243;,\u00bbversion\u00bb:0,\u00bbtemplate_id\u00bb:1220,\u00bbalt_text\u00bb:\u00bbEl salario m\u00ednimo aumentar\u00e1 en 2026, pero no todos los trabajadores ver\u00e1n un incremento autom\u00e1tico.\u00bb,\u00bblink\u00bb:\u00bb\u00bb},\u00bbaddress\u00bb:{},\u00bbalt_text\u00bb:\u00bbEl salario m\u00ednimo aumentar\u00e1 en 2026, pero no todos los trabajadores ver\u00e1n un incremento autom\u00e1tico.\u00bb,\u00bbauth\u00bb:{\u00ab2&#8243;:\u00bb44b07c707685f6cf97d6788e4a606d9ea1fee54a571d61c8e8d41d80b1ede2d3&#8243;},\u00bbcaption\u00bb:\u00bbM\u00e9xico avanza en aumentos constantes al salario m\u00ednimo y discute reducir la jornada laboral. (Reuters\/Canva)\u00bb,\u00bbcreated_date\u00bb:\u00bb2025-12-06T04:36:40Z\u00bb,\u00bbcredits\u00bb:{\u00abaffiliation\u00bb:[]},\u00bbheight\u00bb:1080,\u00bbimage_type\u00bb:\u00bbphotograph\u00bb,\u00bblast_updated_date\u00bb:\u00bb2025-12-06T04:36:40Z\u00bb,\u00bblicensable\u00bb:false,\u00bbowner\u00bb:{\u00abid\u00bb:\u00bbelimparcial\u00bb,\u00bbsponsored\u00bb:false},\u00bbsource\u00bb:{\u00abadditional_properties\u00bb:{\u00abeditor\u00bb:\u00bbphoto center\u00bb},\u00bbedit_url\u00bb:\u00bb\u00bb,\u00bbsystem\u00bb:\u00bbphoto center\u00bb},\u00bbsubtitle\u00bb:\u00bbEl salario m\u00ednimo aumentar\u00e1 en 2026, pero no todos los trabajadores ver\u00e1n un incremento autom\u00e1tico.\u00bb,\u00bbtaxonomy\u00bb:{\u00abassociated_tasks\u00bb:[]},\u00bbtype\u00bb:\u00bbimage\u00bb,\u00bburl\u00bb:\u00bbhttps:\/\/cloudfront-us-east-1.images.arcpublishing.com\/elimparcial\/FWKMPE37FJE3TA72OVCDJ5VAGA.jpg\u00bb,\u00bbversion\u00bb:\u00bb0.10.9&#8243;,\u00bbwidth\u00bb:1920,\u00bbsyndication\u00bb:{}},{\u00ab_id\u00bb:\u00bbW3E2FKUT25HUDJD6QTDCBITIXI\u00bb,\u00bbadditional_properties\u00bb:{},\u00bbcontent\u00bb:\u00bb\u00bb,\u00bbtype\u00bb:\u00bbtext\u00bb},{\u00ab_id\u00bb:\u00bbXRNAT52RUNGSROGMNXYTBHP5SI\u00bb,\u00bbadditional_properties\u00bb:{},\u00bbcontent\u00bb:\u00bbMientras el gobierno mexicano insiste en que el salario m\u00ednimo \u201cno debe perder poder adquisitivo\u201d, China mantiene un modelo laboral donde el ingreso base es menor y el tiempo de trabajo suele ser mayor. \u00ab,\u00bbtype\u00bb:\u00bbtext\u00bb},{\u00ab_id\u00bb:\u00bbYWQPXGWDZVG35NBXHQ4SGY22ME\u00bb,\u00bbadditional_properties\u00bb:{},\u00bbcontent\u00bb:\u00bb<b>Te puede interesar: <\/b><a href=\\\"https:\/\/www.elimparcial.com\/mexico\/2025\/12\/15\/ebrard-y-sheinbaum-intensificaron-las-medidas-contra-china-por-practicas-desleales-para-frenar-la-importacion-de-productos-artificialmente-baratos-y-proteger-al-menos-350-mil-empleos-en-mexico\/\\\" target=\\\"_blank\\\" rel=\\\"noreferrer\\\" title=\\\"https:\/\/www.elimparcial.com\/mexico\/2025\/12\/15\/ebrard-y-sheinbaum-intensificaron-las-medidas-contra-china-por-practicas-desleales-para-frenar-la-importacion-de-productos-artificialmente-baratos-y-proteger-al-menos-350-mil-empleos-en-mexico\/\\\"><b>Ebrard y Sheinbaum intensificaron las medidas contra China por pr\u00e1cticas desleales, para frenar la importaci\u00f3n de productos artificialmente baratos y proteger al menos 350 mil empleos en M\u00e9xico<\/b><\/a>\u00ab,\u00bbtype\u00bb:\u00bbtext\u00bb},{\u00ab_id\u00bb:\u00bbDKI2GNM3HNBNJHDTAGFVCB3ULM\u00bb,\u00bbadditional_properties\u00bb:{},\u00bbcontent\u00bb:\u00bbLa comparaci\u00f3n no solo es econ\u00f3mica, tambi\u00e9n refleja dos visiones distintas sobre el trabajo, el tiempo y la calidad de vida de los trabajadores.\u00bb,\u00bbtype\u00bb:\u00bbtext\u00bb}],\u00bbcreated_date\u00bb:\u00bb2025-12-17T20:16:53.926Z\u00bb,\u00bbcredits\u00bb:{\u00abby\u00bb:[{\u00ab_id\u00bb:\u00bbecontreras\u00bb,\u00bbtype\u00bb:\u00bbauthor\u00bb,\u00bbversion\u00bb:\u00bb0.5.8&#8243;,\u00bbname\u00bb:\u00bbEnya M. Contreras\u00bb,\u00bbimage\u00bb:{\u00aburl\u00bb:\u00bbhttps:\/\/author-service-images-prod-us-east-1.publishing.aws.arc.pub\/elimparcial\/0936a10f-6aab-4a68-b212-aa13bc5afe99.png\u00bb,\u00bbversion\u00bb:\u00bb0.5.8&#8243;},\u00bbdescription\u00bb:\u00bbEditora Web\u00bb,\u00bburl\u00bb:\u00bb\/people\/enya-m-contreras\u00bb,\u00bbslug\u00bb:\u00bbenya-m-contreras\u00bb,\u00bbsocial_links\u00bb:[{\u00absite\u00bb:\u00bbemail\u00bb,\u00bburl\u00bb:\u00bbecontreras@elimparcial.com\u00bb}],\u00bbsocialLinks\u00bb:[{\u00absite\u00bb:\u00bbemail\u00bb,\u00bburl\u00bb:\u00bbecontreras@elimparcial.com\u00bb,\u00bbdeprecated\u00bb:true,\u00bbdeprecation_msg\u00bb:\u00bbPlease use social_links.\u00bb}],\u00bbadditional_properties\u00bb:{\u00aboriginal\u00bb:{\u00ab_id\u00bb:\u00bbecontreras\u00bb,\u00bbslug\u00bb:\u00bbenya-m-contreras\u00bb,\u00bbbyline\u00bb:\u00bbEnya M. Contreras\u00bb,\u00bbfirstName\u00bb:\u00bbEnya M.\u00bb,\u00bblastName\u00bb:\u00bbContreras\u00bb,\u00bbemail\u00bb:\u00bbecontreras@elimparcial.com\u00bb,\u00bbbio_page\u00bb:\u00bb\/people\/enya-m-contreras\u00bb,\u00bblast_updated_date\u00bb:\u00bb2025-12-05T15:02:34.897Z\u00bb,\u00bbbooks\u00bb:[],\u00bbpodcasts\u00bb:[],\u00bbeducation\u00bb:[],\u00bbawards\u00bb:[],\u00bblongBio\u00bb:\u00bbEditora Digital, licenciada en Literaturas Hisp\u00e1nicas por la Universidad de Sonora. Me integr\u00e9 a EL IMPARCIAL en 2022 como Redactora web, enfocada en noticias Internacionales y Nacionales, luego me desempe\u00f1\u00e9 como Editora web de dichas secciones desde inicios del 2024 y en octubre de 2025 se me confi\u00f3 la tarea de editar los portales de EL IMPARCIAL, LA CR\u00d3NICA y FRONTERA como responsable del equipo Web del \u00e1rea Digital.\u00bb,\u00bbbio\u00bb:\u00bbEditora Web\u00bb,\u00bbrole\u00bb:\u00bbEditora Digital\u00bb,\u00bbimage\u00bb:\u00bbhttps:\/\/author-service-images-prod-us-east-1.publishing.aws.arc.pub\/elimparcial\/0936a10f-6aab-4a68-b212-aa13bc5afe99.png\u00bb}}}]},\u00bbdescription\u00bb:{\u00abbasic\u00bb:\u00bbM\u00e9xico entra a 2026 con un nuevo incremento al salario m\u00ednimo y con la discusi\u00f3n abierta sobre la reducci\u00f3n de la jornada laboral. En contraste, China mantiene un esquema de salarios m\u00ednimos regionales m\u00e1s bajos en t\u00e9rminos comparables y una cultura laboral que prioriza trabajar m\u00e1s horas.\u00bb},\u00bbdisplay_date\u00bb:\u00bb2025-12-21T16:34:16.474Z\u00bb,\u00bbdistributor\u00bb:{\u00abcategory\u00bb:\u00bbstaff\u00bb,\u00bbname\u00bb:\u00bbelimparcial\u00bb,\u00bbsubcategory\u00bb:\u00bb\u00bb},\u00bbfirst_publish_date\u00bb:\u00bb2025-12-17T20:43:41.615Z\u00bb,\u00bbheadlines\u00bb:{\u00abbasic\u00bb:\u00bbMientras Sheinbaum confirm\u00f3 un aumento al salario m\u00ednimo a partir del 1 de enero, en China tienen sueldos de 4 mil pesos al mes, con jornadas laborales m\u00e1s largas e intensas\u00bb,\u00bbmeta_title\u00bb:\u00bb\u00bb,\u00bbmobile\u00bb:\u00bb\u00bb,\u00bbnative\u00bb:\u00bb\u00bb,\u00bbprint\u00bb:\u00bb\u00bb,\u00bbtablet\u00bb:\u00bb\u00bb,\u00bbweb\u00bb:\u00bb\u00bb},\u00bblast_updated_date\u00bb:\u00bb2025-12-21T16:34:16.635Z\u00bb,\u00bbowner\u00bb:{\u00abid\u00bb:\u00bbelimparcial\u00bb,\u00bbsponsored\u00bb:false},\u00bbplanning\u00bb:{\u00abscheduling\u00bb:{\u00abwill_have_image\u00bb:true},\u00bbstory_length\u00bb:{\u00abcharacter_count_actual\u00bb:5827,\u00bbinch_count_actual\u00bb:10,\u00bbline_count_actual\u00bb:64,\u00bbword_count_actual\u00bb:966}},\u00bbpromo_items\u00bb:{\u00abbasic\u00bb:{\u00ab_id\u00bb:\u00bbNT6EV2OXH5BWZEETQGDUNY26QM\u00bb,\u00bbadditional_properties\u00bb:{\u00abfullSizeResizeUrl\u00bb:\u00bb\/resizer\/v2\/NT6EV2OXH5BWZEETQGDUNY26QM.jpg?auth=e545dce8dd7c77c4dadea9123b6117868d409b0c973766706399ccaa0b97ebe9&#8243;,\u00bbgalleries\u00bb:[],\u00bbingestionMethod\u00bb:\u00bbmanual\u00bb,\u00bbmime_type\u00bb:\u00bbimage\/jpeg\u00bb,\u00bboriginalName\u00bb:\u00bbsalarios minimos mexico china.jpg\u00bb,\u00bboriginalUrl\u00bb:\u00bbhttps:\/\/cloudfront-us-east-1.images.arcpublishing.com\/elimparcial\/NT6EV2OXH5BWZEETQGDUNY26QM.jpg\u00bb,\u00bbproxyUrl\u00bb:\u00bb\/resizer\/v2\/NT6EV2OXH5BWZEETQGDUNY26QM.jpg?auth=e545dce8dd7c77c4dadea9123b6117868d409b0c973766706399ccaa0b97ebe9&#8243;,\u00bbpublished\u00bb:true,\u00bbresizeUrl\u00bb:\u00bb\/resizer\/v2\/NT6EV2OXH5BWZEETQGDUNY26QM.jpg?auth=e545dce8dd7c77c4dadea9123b6117868d409b0c973766706399ccaa0b97ebe9&#8243;,\u00bbrestricted\u00bb:false,\u00bbthumbnailResizeUrl\u00bb:\u00bb\/resizer\/v2\/NT6EV2OXH5BWZEETQGDUNY26QM.jpg?auth=e545dce8dd7c77c4dadea9123b6117868d409b0c973766706399ccaa0b97ebe9&#038;width=300&#8243;,\u00bbversion\u00bb:0,\u00bbtemplate_id\u00bb:1220},\u00bbaddress\u00bb:{},\u00bbalt_text\u00bb:\u00bbComparativa entre el salario m\u00ednimo en M\u00e9xico y China: M\u00e9xico busca alcanzar 315 pesos diarios en 2026, mientras que en China el promedio t\u00edpico equivale a 192 pesos diarios.\u00bb,\u00bbauth\u00bb:{\u00ab2&#8243;:\u00bbe545dce8dd7c77c4dadea9123b6117868d409b0c973766706399ccaa0b97ebe9&#8243;},\u00bbcaption\u00bb:\u00bbComparativa entre el salario m\u00ednimo en M\u00e9xico y China: M\u00e9xico busca alcanzar 315 pesos diarios en 2026, mientras que en China el promedio t\u00edpico equivale a 192 pesos diarios. Foto: Especial\u00bb,\u00bbcreated_date\u00bb:\u00bb2025-09-08T17:43:15Z\u00bb,\u00bbcredits\u00bb:{\u00abaffiliation\u00bb:[]},\u00bbheight\u00bb:1080,\u00bbimage_type\u00bb:\u00bbphotograph\u00bb,\u00bblast_updated_date\u00bb:\u00bb2025-09-08T17:43:15Z\u00bb,\u00bblicensable\u00bb:false,\u00bbowner\u00bb:{\u00abid\u00bb:\u00bbelimparcial\u00bb,\u00bbsponsored\u00bb:false},\u00bbsource\u00bb:{\u00abadditional_properties\u00bb:{\u00abeditor\u00bb:\u00bbphoto center\u00bb},\u00bbedit_url\u00bb:\u00bb\u00bb,\u00bbsystem\u00bb:\u00bbphoto center\u00bb},\u00bbsubtitle\u00bb:\u00bbComparativa entre el salario m\u00ednimo en M\u00e9xico y China: M\u00e9xico busca alcanzar 315 pesos diarios en 2026, mientras que en China el promedio t\u00edpico equivale a 192 pesos diarios.\u00bb,\u00bbtaxonomy\u00bb:{\u00abassociated_tasks\u00bb:[]},\u00bbtype\u00bb:\u00bbimage\u00bb,\u00bburl\u00bb:\u00bbhttps:\/\/cloudfront-us-east-1.images.arcpublishing.com\/elimparcial\/NT6EV2OXH5BWZEETQGDUNY26QM.jpg\u00bb,\u00bbversion\u00bb:\u00bb0.10.9&#8243;,\u00bbwidth\u00bb:1920,\u00bbsyndication\u00bb:{},\u00bbaspect\u00bb:\u00bb16\/9&#8243;,\u00bbmedia\u00bb:\u00bbei-simple-list\u00bb,\u00bbsmart\u00bb:true}},\u00bbpublish_date\u00bb:\u00bb2025-12-21T16:34:16.474Z\u00bb,\u00bbrelated_content\u00bb:{\u00abbasic\u00bb:[],\u00bbclonedChildren\u00bb:[],\u00bbclonedFromParent\u00bb:[]},\u00bbrevision\u00bb:{\u00abbranch\u00bb:\u00bbdefault\u00bb,\u00bbeditions\u00bb:[\u00abdefault\u00bb],\u00bbparent_id\u00bb:\u00bb7UO7VGSP3BFULECUHO2WASLDDU\u00bb,\u00bbpublished\u00bb:true,\u00bbrevision_id\u00bb:\u00bbCMJ7T2XSDBATTPNKS7VFAPDWLY\u00bb},\u00bbsource\u00bb:{\u00abname\u00bb:\u00bbelimparcial\u00bb,\u00bbsource_type\u00bb:\u00bbstaff\u00bb,\u00bbsystem\u00bb:\u00bbcomposer\u00bb},\u00bbsubheadlines\u00bb:{\u00abbasic\u00bb:\u00bbM\u00e9xico entra a 2026 con un nuevo incremento al salario m\u00ednimo y con la discusi\u00f3n abierta sobre la reducci\u00f3n de la jornada laboral. En contraste, China mantiene un esquema de salarios m\u00ednimos regionales m\u00e1s bajos en t\u00e9rminos comparables y una cultura laboral que prioriza trabajar m\u00e1s horas.\u00bb},\u00bbtaxonomy\u00bb:{\u00abprimary_section\u00bb:{\u00ab_id\u00bb:\u00bb\/dinero\u00bb,\u00bb_website\u00bb:\u00bbelimparcial\u00bb,\u00bbtype\u00bb:\u00bbsection\u00bb,\u00bbversion\u00bb:\u00bb0.6.0&#8243;,\u00bbname\u00bb:\u00bbDinero\u00bb,\u00bbpath\u00bb:\u00bb\/dinero\u00bb,\u00bbparent_id\u00bb:\u00bbhttps:\/\/www.elimparcial.com\/\u00bb,\u00bbparent\u00bb:{\u00abdefault\u00bb:\u00bbhttps:\/\/www.elimparcial.com\/\u00bb},\u00bbadditional_properties\u00bb:{\u00aboriginal\u00bb:{\u00ab_id\u00bb:\u00bb\/dinero\u00bb,\u00bb_website\u00bb:\u00bbelimparcial\u00bb,\u00bbname\u00bb:\u00bbDinero\u00bb,\u00bbinactive\u00bb:false,\u00bbancestors\u00bb:{\u00abcomposer-menu\u00bb:[\u00abhttps:\/\/www.elimparcial.com\/\u00bb]},\u00bbparent\u00bb:{\u00abdefault\u00bb:\u00bbhttps:\/\/www.elimparcial.com\/\u00bb,\u00bbcomposer-menu\u00bb:\u00bbhttps:\/\/www.elimparcial.com\/\u00bb},\u00bborder\u00bb:{\u00abcomposer-menu\u00bb:1001},\u00bbnode_type\u00bb:\u00bbsection\u00bb}}},\u00bbprimary_site\u00bb:{\u00ab_id\u00bb:\u00bb\/dinero\u00bb,\u00bbtype\u00bb:\u00bbsite\u00bb,\u00bbversion\u00bb:\u00bb0.5.8&#8243;,\u00bbname\u00bb:\u00bbDinero\u00bb,\u00bbpath\u00bb:\u00bb\/dinero\u00bb,\u00bbparent_id\u00bb:\u00bbhttps:\/\/www.elimparcial.com\/\u00bb,\u00bbadditional_properties\u00bb:{\u00aboriginal\u00bb:{\u00ab_id\u00bb:\u00bb\/dinero\u00bb,\u00bbname\u00bb:\u00bbDinero\u00bb,\u00bbinactive\u00bb:false,\u00bbancestors\u00bb:{\u00abcomposer-menu\u00bb:[\u00abhttps:\/\/www.elimparcial.com\/\u00bb]},\u00bbparent\u00bb:{\u00abdefault\u00bb:\u00bbhttps:\/\/www.elimparcial.com\/\u00bb,\u00bbcomposer-menu\u00bb:\u00bbhttps:\/\/www.elimparcial.com\/\u00bb},\u00bborder\u00bb:{\u00abcomposer-menu\u00bb:1001}}}},\u00bbsections\u00bb:[{\u00ab_id\u00bb:\u00bb\/dinero\u00bb,\u00bb_website\u00bb:\u00bbelimparcial\u00bb,\u00bbtype\u00bb:\u00bbsection\u00bb,\u00bbversion\u00bb:\u00bb0.6.0&#8243;,\u00bbname\u00bb:\u00bbDinero\u00bb,\u00bbpath\u00bb:\u00bb\/dinero\u00bb,\u00bbparent_id\u00bb:\u00bbhttps:\/\/www.elimparcial.com\/\u00bb,\u00bbparent\u00bb:{\u00abdefault\u00bb:\u00bbhttps:\/\/www.elimparcial.com\/\u00bb},\u00bbadditional_properties\u00bb:{\u00aboriginal\u00bb:{\u00ab_id\u00bb:\u00bb\/dinero\u00bb,\u00bb_website\u00bb:\u00bbelimparcial\u00bb,\u00bbname\u00bb:\u00bbDinero\u00bb,\u00bbinactive\u00bb:false,\u00bbancestors\u00bb:{\u00abcomposer-menu\u00bb:[\u00abhttps:\/\/www.elimparcial.com\/\u00bb]},\u00bbparent\u00bb:{\u00abdefault\u00bb:\u00bbhttps:\/\/www.elimparcial.com\/\u00bb,\u00bbcomposer-menu\u00bb:\u00bbhttps:\/\/www.elimparcial.com\/\u00bb},\u00bborder\u00bb:{\u00abcomposer-menu\u00bb:1001},\u00bbnode_type\u00bb:\u00bbsection\u00bb}},\u00bb_website_section_id\u00bb:\u00bbelimparcial.\/dinero\u00bb},{\u00ab_id\u00bb:\u00bb\/mundo\u00bb,\u00bb_website\u00bb:\u00bbelimparcial\u00bb,\u00bbtype\u00bb:\u00bbsection\u00bb,\u00bbversion\u00bb:\u00bb0.6.0&#8243;,\u00bbname\u00bb:\u00bbMundo\u00bb,\u00bbpath\u00bb:\u00bb\/mundo\u00bb,\u00bbparent_id\u00bb:\u00bbhttps:\/\/www.elimparcial.com\/\u00bb,\u00bbparent\u00bb:{\u00abdefault\u00bb:\u00bbhttps:\/\/www.elimparcial.com\/\u00bb},\u00bbadditional_properties\u00bb:{\u00aboriginal\u00bb:{\u00ab_id\u00bb:\u00bb\/mundo\u00bb,\u00bb_website\u00bb:\u00bbelimparcial\u00bb,\u00bbname\u00bb:\u00bbMundo\u00bb,\u00bbinactive\u00bb:false,\u00bbancestors\u00bb:{\u00abcomposer-menu\u00bb:[\u00abhttps:\/\/www.elimparcial.com\/\u00bb],\u00bbdefault\u00bb:[\u00abhttps:\/\/www.elimparcial.com\/\u00bb]},\u00bbparent\u00bb:{\u00abdefault\u00bb:\u00bbhttps:\/\/www.elimparcial.com\/\u00bb,\u00bbcomposer-menu\u00bb:\u00bbhttps:\/\/www.elimparcial.com\/\u00bb},\u00bborder\u00bb:{\u00abcomposer-menu\u00bb:1013,\u00bbdefault\u00bb:1008},\u00bbnode_type\u00bb:\u00bbsection\u00bb}},\u00bb_website_section_id\u00bb:\u00bbelimparcial.\/mundo\u00bb}],\u00bbsites\u00bb:[{\u00ab_id\u00bb:\u00bb\/dinero\u00bb,\u00bbtype\u00bb:\u00bbsite\u00bb,\u00bbversion\u00bb:\u00bb0.5.8&#8243;,\u00bbname\u00bb:\u00bbDinero\u00bb,\u00bbpath\u00bb:\u00bb\/dinero\u00bb,\u00bbparent_id\u00bb:\u00bbhttps:\/\/www.elimparcial.com\/\u00bb,\u00bbadditional_properties\u00bb:{\u00aboriginal\u00bb:{\u00ab_id\u00bb:\u00bb\/dinero\u00bb,\u00bbname\u00bb:\u00bbDinero\u00bb,\u00bbinactive\u00bb:false,\u00bbancestors\u00bb:{\u00abcomposer-menu\u00bb:[\u00abhttps:\/\/www.elimparcial.com\/\u00bb]},\u00bbparent\u00bb:{\u00abdefault\u00bb:\u00bbhttps:\/\/www.elimparcial.com\/\u00bb,\u00bbcomposer-menu\u00bb:\u00bbhttps:\/\/www.elimparcial.com\/\u00bb},\u00bborder\u00bb:{\u00abcomposer-menu\u00bb:1001}}}},{\u00ab_id\u00bb:\u00bb\/mundo\u00bb,\u00bbtype\u00bb:\u00bbsite\u00bb,\u00bbversion\u00bb:\u00bb0.5.8&#8243;,\u00bbname\u00bb:\u00bbMundo\u00bb,\u00bbpath\u00bb:\u00bb\/mundo\u00bb,\u00bbparent_id\u00bb:\u00bbhttps:\/\/www.elimparcial.com\/\u00bb,\u00bbadditional_properties\u00bb:{\u00aboriginal\u00bb:{\u00ab_id\u00bb:\u00bb\/mundo\u00bb,\u00bbname\u00bb:\u00bbMundo\u00bb,\u00bbinactive\u00bb:false,\u00bbancestors\u00bb:{\u00abcomposer-menu\u00bb:[\u00abhttps:\/\/www.elimparcial.com\/\u00bb],\u00bbdefault\u00bb:[\u00abhttps:\/\/www.elimparcial.com\/\u00bb]},\u00bbparent\u00bb:{\u00abdefault\u00bb:\u00bbhttps:\/\/www.elimparcial.com\/\u00bb,\u00bbcomposer-menu\u00bb:\u00bbhttps:\/\/www.elimparcial.com\/\u00bb},\u00bborder\u00bb:{\u00abcomposer-menu\u00bb:1013,\u00bbdefault\u00bb:1008}}}}],\u00bbtags\u00bb:[{\u00ab_id\u00bb:\u00bbIDXPYXZ6E5BL3IDL2FRIHY2JLI\u00bb,\u00bbdescription\u00bb:\u00bbSalario m\u00ednimo\u00bb,\u00bbslug\u00bb:\u00bbsalario-mnimo\u00bb,\u00bbtext\u00bb:\u00bbSalario m\u00ednimo\u00bb},{\u00ab_id\u00bb:\u00bbRSYJMNMJ3RCC5IZEUVPDNFDQQM\u00bb,\u00bbdescription\u00bb:\u00bbChina\u00bb,\u00bbslug\u00bb:\u00bbchina\u00bb,\u00bbtext\u00bb:\u00bbChina\u00bb},{\u00ab_id\u00bb:\u00bbGJOH5SSTCBCJHA7LZTJSJCD53M\u00bb,\u00bbdescription\u00bb:\u00bbJornada laboral\u00bb,\u00bbslug\u00bb:\u00bbjornada-laboral\u00bb,\u00bbtext\u00bb:\u00bbJornada laboral\u00bb},{\u00ab_id\u00bb:\u00bbFIGHEPCJS5B77DAQSFOG2DMBFM\u00bb,\u00bbdescription\u00bb:\u00bbReducci\u00f3n jornada laboral\u00bb,\u00bbslug\u00bb:\u00bbreduccion-jornada-laboral\u00bb,\u00bbtext\u00bb:\u00bbReducci\u00f3n jornada laboral\u00bb},{\u00ab_id\u00bb:\u00bbDZIRVYPYSZH6VB6FHTEPHFGWY4&#8243;,\u00bbdescription\u00bb:\u00bbM\u00e9xico\u00bb,\u00bbslug\u00bb:\u00bbmxico\u00bb,\u00bbtext\u00bb:\u00bbM\u00e9xico\u00bb},{\u00ab_id\u00bb:\u00bbEWJ7P7TL6RA5DHX6Q5UJRYPQCA\u00bb,\u00bbdescription\u00bb:\u00bbClaudia Sheinbaum\u00bb,\u00bbslug\u00bb:\u00bbclaudia-sheinbaum\u00bb,\u00bbtext\u00bb:\u00bbClaudia Sheinbaum\u00bb},{\u00ab_id\u00bb:\u00bbAPPBHTU7FZHZPIYWO6Z3AMHJRI\u00bb,\u00bbdescription\u00bb:\u00bbXi Jinping\u00bb,\u00bbslug\u00bb:\u00bbxi-jinping\u00bb,\u00bbtext\u00bb:\u00bbXi Jinping\u00bb},{\u00ab_id\u00bb:\u00bb3IY4F76K3RHVFHHEKTQMLEELOM\u00bb,\u00bbdescription\u00bb:\u00bbsueldo\u00bb,\u00bbslug\u00bb:\u00bbsueldo\u00bb,\u00bbtext\u00bb:\u00bbsueldo\u00bb},{\u00ab_id\u00bb:\u00bbHBUXTEJNP5GGRHTAYR5TZDU3IQ\u00bb,\u00bbdescription\u00bb:\u00bbPago\u00bb,\u00bbslug\u00bb:\u00bbpago\u00bb,\u00bbtext\u00bb:\u00bbPago\u00bb}]},\u00bbtype\u00bb:\u00bbstory\u00bb,\u00bbversion\u00bb:\u00bb0.10.11&#8243;,\u00bbwebsites\u00bb:{\u00abelimparcial\u00bb:{\u00abwebsite_section\u00bb:{\u00ab_id\u00bb:\u00bb\/dinero\u00bb,\u00bb_website\u00bb:\u00bbelimparcial\u00bb,\u00bbtype\u00bb:\u00bbsection\u00bb,\u00bbversion\u00bb:\u00bb0.6.0&#8243;,\u00bbname\u00bb:\u00bbDinero\u00bb,\u00bbpath\u00bb:\u00bb\/dinero\u00bb,\u00bbparent_id\u00bb:\u00bbhttps:\/\/www.elimparcial.com\/\u00bb,\u00bbparent\u00bb:{\u00abdefault\u00bb:\u00bbhttps:\/\/www.elimparcial.com\/\u00bb},\u00bbadditional_properties\u00bb:{\u00aboriginal\u00bb:{\u00ab_id\u00bb:\u00bb\/dinero\u00bb,\u00bb_website\u00bb:\u00bbelimparcial\u00bb,\u00bbname\u00bb:\u00bbDinero\u00bb,\u00bbinactive\u00bb:false,\u00bbancestors\u00bb:{\u00abcomposer-menu\u00bb:[\u00abhttps:\/\/www.elimparcial.com\/\u00bb]},\u00bbparent\u00bb:{\u00abdefault\u00bb:\u00bbhttps:\/\/www.elimparcial.com\/\u00bb,\u00bbcomposer-menu\u00bb:\u00bbhttps:\/\/www.elimparcial.com\/\u00bb},\u00bborder\u00bb:{\u00abcomposer-menu\u00bb:1001},\u00bbnode_type\u00bb:\u00bbsection\u00bb}},\u00bb_website_section_id\u00bb:\u00bbelimparcial.\/dinero\u00bb},\u00bbwebsite_url\u00bb:\u00bbhttps:\/\/www.elimparcial.com\/dinero\/2025\/12\/17\/mientras-sheinbaum-garantiza-un-aumento-al-salario-minimo-a-partir-del-1-de-enero-en-china-tienen-sueldos-de-4-mil-pesos-al-mes-con-jornadas-laborales-mas-largas-e-intensas\/\u00bb}},\u00bbworkflow\u00bb:{\u00abstatus_code\u00bb:3},\u00bbcanonical_url\u00bb:\u00bbhttps:\/\/www.elimparcial.com\/dinero\/2025\/12\/17\/mientras-sheinbaum-garantiza-un-aumento-al-salario-minimo-a-partir-del-1-de-enero-en-china-tienen-sueldos-de-4-mil-pesos-al-mes-con-jornadas-laborales-mas-largas-e-intensas\/\u00bb,\u00bbpublishing\u00bb:{\u00abscheduled_operations\u00bb:{\u00abpublish_edition\u00bb:[],\u00bbunpublish_edition\u00bb:[]}},\u00bbwebsite\u00bb:\u00bbelimparcial\u00bb,\u00bbwebsite_url\u00bb:\u00bbhttps:\/\/www.elimparcial.com\/dinero\/2025\/12\/17\/mientras-sheinbaum-garantiza-un-aumento-al-salario-minimo-a-partir-del-1-de-enero-en-china-tienen-sueldos-de-4-mil-pesos-al-mes-con-jornadas-laborales-mas-largas-e-intensas\/\u00bb},{\u00ab_id\u00bb:\u00bbOIP7MZREPVDZ5PZO5YNHQRLXNM\u00bb,\u00bbadditional_properties\u00bb:{\u00abhas_published_copy\u00bb:true,\u00bbis_published\u00bb:true,\u00bbpublish_date\u00bb:\u00bb2025-12-21T16:24:31.373Z\u00bb},\u00bbcanonical_website\u00bb:\u00bbelimparcial\u00bb,\u00bbcontent_elements\u00bb:[{\u00ab_id\u00bb:\u00bb6VMHK34YCNHSJB3TILROGBGPNI\u00bb,\u00bbadditional_properties\u00bb:{},\u00bbcontent\u00bb:\u00bbLa expansi\u00f3n internacional de <a href=\\\"https:\/\/www.elimparcial.com\/buscador\/?query=Carlos%20Slim\\\" target=\\\"_blank\\\" rel=\\\"noreferrer\\\" title=\\\"https:\/\/www.elimparcial.com\/buscador\/?query=Carlos%20Slim\\\"><b>Carlos Slim<\/b><\/a><b> <\/b>volvi\u00f3 a colocarse en el centro de la conversaci\u00f3n econ\u00f3mica. \u00ab,\u00bbtype\u00bb:\u00bbtext\u00bb},{\u00ab_id\u00bb:\u00bbOAX562QDONHYLAVNA2LY4A2QMU\u00bb,\u00bbadditional_properties\u00bb:{},\u00bbcontent\u00bb:\u00bbA pocos d\u00edas de llamar a los empresarios mexicanos a <b>aumentar la inversi\u00f3n privada para impulsar el crecimiento del pa\u00eds<\/b>, el empresario mexicano concret\u00f3 un nuevo movimiento fuera de M\u00e9xico. \u00ab,\u00bbtype\u00bb:\u00bbtext\u00bb},{\u00ab_id\u00bb:\u00bbMM53JUJ2Y5HOZJDWXOQ2P7YWGY\u00bb,\u00bbadditional_properties\u00bb:{},\u00bbcontent\u00bb:\u00bbSu grupo participa en la adjudicaci\u00f3n de un contrato superior a los 300 millones de d\u00f3lares para renovar y operar una <b>planta potabilizadora en <\/b><a href=\\\"https:\/\/www.elimparcial.com\/buscador\/?query=Jap%C3%B3n\\\" target=\\\"_blank\\\" rel=\\\"noreferrer\\\" title=\\\"https:\/\/www.elimparcial.com\/buscador\/?query=Jap%C3%B3n\\\"><b>Jap\u00f3n<\/b><\/a>, a trav\u00e9s de Aqualia, filial de la constructora <b>FCC<\/b>.\u00bb,\u00bbtype\u00bb:\u00bbtext\u00bb},{\u00ab_id\u00bb:\u00bbUPNGKSWFJRB65IWPDUIXCXPNNM\u00bb,\u00bbadditional_properties\u00bb:{},\u00bbcontent\u00bb:\u00bbLa informaci\u00f3n fue reportada por <b>medios econ\u00f3micos internacionales especializados en infraestructura y negocios<\/b>, que dieron seguimiento a la adjudicaci\u00f3n en la prefectura japonesa de Aichi.\u00bb,\u00bbtype\u00bb:\u00bbtext\u00bb},{\u00ab_id\u00bb:\u00bbMXWTUXPAWFHSLJ4EZ6Z4XMFQWQ\u00bb,\u00bbadditional_properties\u00bb:{},\u00bbcontent\u00bb:\u00bbEste proyecto no solo marca un paso relevante para los negocios de Slim en Asia, sino que tambi\u00e9n lo coloca en un sector considerado estrat\u00e9gico por el gobierno japon\u00e9s: el manejo y tratamiento de agua potable.\u00bb,\u00bbtype\u00bb:\u00bbtext\u00bb},{\u00ab_id\u00bb:\u00bbXXRF3HV475GBFKKKYRF45WUXDE\u00bb,\u00bbadditional_properties\u00bb:{},\u00bbcontent\u00bb:\u00bb<b>Te puede interesar: <\/b><a href=\\\"https:\/\/www.elimparcial.com\/mexico\/2025\/12\/18\/carlos-slim-y-sheinbaum-bloquearan-los-telefonos-celulares-de-los-usuarios-telcel-de-todo-mexico-a-partir-del-7-de-enero-tanto-de-plan-como-de-prepago-si-no-vinculan-su-numero-con-una-identificacion-oficial-y-su-curp\/\\\" target=\\\"_blank\\\" rel=\\\"noreferrer\\\" title=\\\"https:\/\/www.elimparcial.com\/mexico\/2025\/12\/18\/carlos-slim-y-sheinbaum-bloquearan-los-telefonos-celulares-de-los-usuarios-telcel-de-todo-mexico-a-partir-del-7-de-enero-tanto-de-plan-como-de-prepago-si-no-vinculan-su-numero-con-una-identificacion-oficial-y-su-curp\/\\\"><b>Carlos Slim y Sheinbaum bloquear\u00e1n los tel\u00e9fonos celulares de los usuarios Telcel de todo M\u00e9xico a partir del 7 de enero, tanto de plan como de prepago, si no vinculan su n\u00famero con una identificaci\u00f3n oficial y su CURP<\/b><\/a>\u00ab,\u00bbtype\u00bb:\u00bbtext\u00bb},{\u00ab_id\u00bb:\u00bbX7O3NKHCXFA47LF6CGJHRVOB2A\u00bb,\u00bbadditional_properties\u00bb:{},\u00bbcontent\u00bb:\u00bb\u00bfQu\u00e9 proyecto gan\u00f3 Carlos Slim en Jap\u00f3n?\u00bb,\u00bblevel\u00bb:2,\u00bbtype\u00bb:\u00bbheader\u00bb},{\u00ab_id\u00bb:\u00bbBB5GH3AG6VF53M4INO423HAKIE\u00bb,\u00bbadditional_properties\u00bb:{},\u00bbcontent\u00bb:\u00bbLa empresa Aqualia, filial de FCC \u2014constructora con sede en Espa\u00f1a y controlada por Carlos Slim\u2014 obtuvo el contrato para la <b>renovaci\u00f3n y operaci\u00f3n de la planta potabilizadora de Toyohashi<\/b>, ubicada en la prefectura de Aichi, aproximadamente a 300 kil\u00f3metros al oeste de Tokio.\u00bb,\u00bbtype\u00bb:\u00bbtext\u00bb},{\u00ab_id\u00bb:\u00bbIXQULWEGMRG4PDESTQ5ZYRXQWQ\u00bb,\u00bbadditional_properties\u00bb:{},\u00bbcontent\u00bb:\u00bbLa planta fue construida en <b>1967<\/b> y ser\u00e1 modernizada para alcanzar una capacidad de <b>tratamiento de hasta 80 mil metros c\u00fabicos de agua potable al d\u00eda<\/b>, una cifra clave para el suministro urbano e industrial de la regi\u00f3n.\u00bb,\u00bbtype\u00bb:\u00bbtext\u00bb},{\u00ab_id\u00bb:\u00bbD3Z75TE7GBG5LCXGR6FADRXTXY\u00bb,\u00bbadditional_properties\u00bb:{},\u00bbcontent\u00bb:\u00bbEl contrato supera los <b>300 millones de d\u00f3lares<\/b> y se desarrollar\u00e1 en asociaci\u00f3n con un <b>fondo australiano<\/b>, lo que refuerza el car\u00e1cter internacional del proyecto.\u00bb,\u00bbtype\u00bb:\u00bbtext\u00bb},{\u00ab_id\u00bb:\u00bbWYGB3GPJKNEXHN47FQDCBVAS6U\u00bb,\u00bbadditional_properties\u00bb:{},\u00bbcontent\u00bb:\u00bb\u00bb,\u00bbtype\u00bb:\u00bbtext\u00bb},{\u00ab_id\u00bb:\u00bbTMNZSVPLANB3BANKKI47OUJ24U\u00bb,\u00bbadditional_properties\u00bb:{\u00abfullSizeResizeUrl\u00bb:\u00bb\/resizer\/v2\/TMNZSVPLANB3BANKKI47OUJ24U.png?auth=61397dd115694a602bc0eb8f75d6dd2625b8ce6018ef1328a619feffa05852af\u00bb,\u00bbgalleries\u00bb:[],\u00bbingestionMethod\u00bb:\u00bbmanual\u00bb,\u00bbmime_type\u00bb:\u00bbimage\/png\u00bb,\u00bboriginalName\u00bb:\u00bbDise\u00f1o sin t\u00edtulo (6).png\u00bb,\u00bboriginalUrl\u00bb:\u00bbhttps:\/\/cloudfront-us-east-1.images.arcpublishing.com\/elimparcial\/TMNZSVPLANB3BANKKI47OUJ24U.png\u00bb,\u00bbproxyUrl\u00bb:\u00bb\/resizer\/v2\/TMNZSVPLANB3BANKKI47OUJ24U.png?auth=61397dd115694a602bc0eb8f75d6dd2625b8ce6018ef1328a619feffa05852af\u00bb,\u00bbpublished\u00bb:true,\u00bbresizeUrl\u00bb:\u00bb\/resizer\/v2\/TMNZSVPLANB3BANKKI47OUJ24U.png?auth=61397dd115694a602bc0eb8f75d6dd2625b8ce6018ef1328a619feffa05852af\u00bb,\u00bbrestricted\u00bb:false,\u00bbthumbnailResizeUrl\u00bb:\u00bb\/resizer\/v2\/TMNZSVPLANB3BANKKI47OUJ24U.png?auth=61397dd115694a602bc0eb8f75d6dd2625b8ce6018ef1328a619feffa05852af&#038;width=300&#8243;,\u00bbversion\u00bb:0,\u00bbtemplate_id\u00bb:1220,\u00bbalt_text\u00bb:\u00bbEste es el plan de Claudia Sheinbaum junto a Carlos Slim para impulsar la econom\u00eda mexicana\u00bb,\u00bblink\u00bb:\u00bb\u00bb},\u00bbaddress\u00bb:{},\u00bbalt_text\u00bb:\u00bbEste es el plan de Claudia Sheinbaum junto a Carlos Slim para impulsar la econom\u00eda mexicana\u00bb,\u00bbauth\u00bb:{\u00ab2&#8243;:\u00bb61397dd115694a602bc0eb8f75d6dd2625b8ce6018ef1328a619feffa05852af\u00bb},\u00bbcaption\u00bb:\u00bbA pocos d\u00edas de llamar a los empresarios mexicanos a aumentar la inversi\u00f3n privada para impulsar el crecimiento del pa\u00eds, el empresario mexicano concret\u00f3 un nuevo movimiento fuera de M\u00e9xico. \u00ab,\u00bbcreated_date\u00bb:\u00bb2025-12-07T19:15:18Z\u00bb,\u00bbcredits\u00bb:{\u00abaffiliation\u00bb:[]},\u00bbheight\u00bb:612,\u00bbimage_type\u00bb:\u00bbphotograph\u00bb,\u00bblast_updated_date\u00bb:\u00bb2025-12-07T19:15:18Z\u00bb,\u00bblicensable\u00bb:false,\u00bbowner\u00bb:{\u00abid\u00bb:\u00bbelimparcial\u00bb,\u00bbsponsored\u00bb:false},\u00bbsource\u00bb:{\u00abadditional_properties\u00bb:{\u00abeditor\u00bb:\u00bbphoto center\u00bb},\u00bbedit_url\u00bb:\u00bb\u00bb,\u00bbsystem\u00bb:\u00bbphoto center\u00bb},\u00bbsubtitle\u00bb:\u00bbEste es el plan de Claudia Sheinbaum junto a Carlos Slim para impulsar la econom\u00eda mexicana\u00bb,\u00bbtaxonomy\u00bb:{\u00abassociated_tasks\u00bb:[]},\u00bbtype\u00bb:\u00bbimage\u00bb,\u00bburl\u00bb:\u00bbhttps:\/\/cloudfront-us-east-1.images.arcpublishing.com\/elimparcial\/TMNZSVPLANB3BANKKI47OUJ24U.png\u00bb,\u00bbversion\u00bb:\u00bb0.10.9&#8243;,\u00bbwidth\u00bb:918,\u00bbsyndication\u00bb:{}},{\u00ab_id\u00bb:\u00bb5K3YQBOE3NARLO3X2UIPKZBJ74&#8243;,\u00bbadditional_properties\u00bb:{},\u00bbcontent\u00bb:\u00bb\u00bb,\u00bbtype\u00bb:\u00bbtext\u00bb},{\u00ab_id\u00bb:\u00bbLYAORBFCXNHINGJEUKMI2DUL4A\u00bb,\u00bbadditional_properties\u00bb:{},\u00bbcontent\u00bb:\u00bb<b>Te puede interesar: <\/b><a href=\\\"https:\/\/www.elimparcial.com\/mexico\/2025\/12\/01\/movimientos-patrimoniales-2025-la-fortuna-de-carlos-slim-se-reduce-pero-mantiene-el-liderazgo-mientras-ricardo-salinas-pliego-registra-una-caida-del-634\/\\\" target=\\\"_blank\\\" rel=\\\"noreferrer\\\" title=\\\"https:\/\/www.elimparcial.com\/mexico\/2025\/12\/01\/movimientos-patrimoniales-2025-la-fortuna-de-carlos-slim-se-reduce-pero-mantiene-el-liderazgo-mientras-ricardo-salinas-pliego-registra-una-caida-del-634\/\\\"><b>La fortuna de Carlos Slim se reduce en 2025 pero mantiene su liderazgo en M\u00e9xico, mientras Ricardo Salinas Pliego enfrenta una ca\u00edda patrimonial del 63.4%, reflejando c\u00f3mo la diversificaci\u00f3n y la exposici\u00f3n sectorial marcaron el a\u00f1o econ\u00f3mico<\/b><\/a>\u00ab,\u00bbtype\u00bb:\u00bbtext\u00bb},{\u00ab_id\u00bb:\u00bb63EPXCUWURE3ZHL6SZVOMACK5E\u00bb,\u00bbadditional_properties\u00bb:{},\u00bbcontent\u00bb:\u00bb\u00bfPor qu\u00e9 es relevante esta inversi\u00f3n?\u00bb,\u00bblevel\u00bb:2,\u00bbtype\u00bb:\u00bbheader\u00bb},{\u00ab_id\u00bb:\u00bbRLCOPJXI7VFDLAY6Z7X7YRA7TU\u00bb,\u00bbadditional_properties\u00bb:{},\u00bbcontent\u00bb:\u00bbEl proyecto tiene varios elementos que lo vuelven estrat\u00e9gico:\u00bb,\u00bbtype\u00bb:\u00bbtext\u00bb},{\u00ab_id\u00bb:\u00bbPCTOUSKYR5GWZCQ4CVCSOILA24&#8243;,\u00bbitems\u00bb:[{\u00ab_id\u00bb:\u00bbOSEQU2I5I5AJXPLP65DAJRBGZA\u00bb,\u00bbadditional_properties\u00bb:{\u00abindent\u00bb:0},\u00bbalignment\u00bb:\u00bbleft\u00bb,\u00bbcontent\u00bb:\u00bbRepresenta la <b>entrada formal de Aqualia al mercado japon\u00e9s del agua<\/b>.\u00bb,\u00bbtype\u00bb:\u00bbtext\u00bb},{\u00ab_id\u00bb:\u00bb6PQCEIOHKZHSJJ26CNFQBC7MOI\u00bb,\u00bbadditional_properties\u00bb:{\u00abindent\u00bb:0},\u00bbalignment\u00bb:\u00bbleft\u00bb,\u00bbcontent\u00bb:\u00bbFunciona como <b>referencia t\u00e9cnica y financiera<\/b> para competir por futuros contratos en Asia.\u00bb,\u00bbtype\u00bb:\u00bbtext\u00bb},{\u00ab_id\u00bb:\u00bb2RGWOY27UBDN5L6KK2UK3U657U\u00bb,\u00bbadditional_properties\u00bb:{\u00abindent\u00bb:0},\u00bbalignment\u00bb:\u00bbleft\u00bb,\u00bbcontent\u00bb:\u00bbSe trata de un sector sensible y altamente regulado, donde Jap\u00f3n suele ser cauteloso con la participaci\u00f3n extranjera.\u00bb,\u00bbtype\u00bb:\u00bbtext\u00bb}],\u00bblist_type\u00bb:\u00bbunordered\u00bb,\u00bbtype\u00bb:\u00bblist\u00bb},{\u00ab_id\u00bb:\u00bbG5JQPDK6JRF2RD5JHRGIGJTGTE\u00bb,\u00bbadditional_properties\u00bb:{},\u00bbcontent\u00bb:\u00bbAdem\u00e1s, la adjudicaci\u00f3n introduce una modalidad contractual poco com\u00fan en ese pa\u00eds.\u00bb,\u00bbtype\u00bb:\u00bbtext\u00bb},{\u00ab_id\u00bb:\u00bbKCWSP5PAJFCS5H3HPKXMRDTVI4&#8243;,\u00bbadditional_properties\u00bb:{},\u00bbcontent\u00bb:\u00bb\u00bfQu\u00e9 tipo de contrato se utilizar\u00e1 en la planta de Toyohashi?\u00bb,\u00bblevel\u00bb:2,\u00bbtype\u00bb:\u00bbheader\u00bb},{\u00ab_id\u00bb:\u00bb6ECK5LUZDFA5JDCMVZM3TH3FS4&#8243;,\u00bbadditional_properties\u00bb:{},\u00bbcontent\u00bb:\u00bbLa renovaci\u00f3n y operaci\u00f3n de la planta se realizar\u00e1 bajo un <b>modelo h\u00edbrido<\/b>, que combina dos esquemas:\u00bb,\u00bbtype\u00bb:\u00bbtext\u00bb},{\u00ab_id\u00bb:\u00bbBSXFNKYZH5FC5IOITXDQ732KQI\u00bb,\u00bbitems\u00bb:[{\u00ab_id\u00bb:\u00bbQBZANP4QYZH6XC5GSX4K3KDQQM\u00bb,\u00bbadditional_properties\u00bb:{\u00abindent\u00bb:0},\u00bbalignment\u00bb:\u00bbleft\u00bb,\u00bbcontent\u00bb:\u00bb<b>Build and Transfer (construcci\u00f3n y transferencia)<\/b>\u00ab,\u00bbtype\u00bb:\u00bbtext\u00bb},{\u00ab_id\u00bb:\u00bbBQDTV7QZDJEJPPZCVSZEV2PU3Y\u00bb,\u00bbadditional_properties\u00bb:{\u00abindent\u00bb:0},\u00bbalignment\u00bb:\u00bbleft\u00bb,\u00bbcontent\u00bb:\u00bb<b>Concesi\u00f3n para operaci\u00f3n y mantenimiento<\/b>\u00ab,\u00bbtype\u00bb:\u00bbtext\u00bb}],\u00bblist_type\u00bb:\u00bbunordered\u00bb,\u00bbtype\u00bb:\u00bblist\u00bb},{\u00ab_id\u00bb:\u00bbR7JA7JSSX5DW7JUKHL2GWUHPLM\u00bb,\u00bbadditional_properties\u00bb:{},\u00bbcontent\u00bb:\u00bbEste esquema mixto es considerado una <b>novedad en Jap\u00f3n<\/b>, donde tradicionalmente el control de infraestructura h\u00eddrica permanece en manos p\u00fablicas. \u00ab,\u00bbtype\u00bb:\u00bbtext\u00bb},{\u00ab_id\u00bb:\u00bbD2FQUWXYLNER3NZNFHDHIPCEXE\u00bb,\u00bbadditional_properties\u00bb:{},\u00bbcontent\u00bb:\u00bbEl modelo abre la puerta a una <b>mayor participaci\u00f3n privada en servicios esenciales<\/b>, bajo supervisi\u00f3n estatal.\u00bb,\u00bbtype\u00bb:\u00bbtext\u00bb},{\u00ab_id\u00bb:\u00bbOWZ2TQE6SFGXXGS2YV62TLWIVM\u00bb,\u00bbadditional_properties\u00bb:{},\u00bbcontent\u00bb:\u00bbSlim y su llamado a invertir en M\u00e9xico\u00bb,\u00bblevel\u00bb:2,\u00bbtype\u00bb:\u00bbheader\u00bb},{\u00ab_id\u00bb:\u00bbVJVX4VNFHVFT5E2DTZED4ZRKY4&#8243;,\u00bbadditional_properties\u00bb:{},\u00bbcontent\u00bb:\u00bbLa adjudicaci\u00f3n en Jap\u00f3n ocurre <b>dos semanas despu\u00e9s<\/b> de que Carlos Slim declarara p\u00fablicamente que, para que M\u00e9xico retome una senda de crecimiento sostenido, es necesario que la inversi\u00f3n privada alcance <b>alrededor del 25% del Producto Interno Bruto (PIB)<\/b>.\u00bb,\u00bbtype\u00bb:\u00bbtext\u00bb},{\u00ab_id\u00bb:\u00bb4BEOCIVS35DRFOYMBUG73KVVJA\u00bb,\u00bbadditional_properties\u00bb:{},\u00bbcontent\u00bb:\u00bbLa coincidencia temporal gener\u00f3 interpretaciones encontradas. Sin embargo, no existe contradicci\u00f3n formal entre ambas acciones: Slim mantiene inversiones activas tanto en M\u00e9xico como en el extranjero, y su grupo opera bajo una l\u00f3gica de diversificaci\u00f3n global.\u00bb,\u00bbtype\u00bb:\u00bbtext\u00bb},{\u00ab_id\u00bb:\u00bbGAXVJ6I5OBGG3J3OL47H4AU5V4&#8243;,\u00bbadditional_properties\u00bb:{},\u00bbcontent\u00bb:\u00bb\u00bfDesde cu\u00e1ndo invierte Carlos Slim en Jap\u00f3n?\u00bb,\u00bblevel\u00bb:2,\u00bbtype\u00bb:\u00bbheader\u00bb},{\u00ab_id\u00bb:\u00bbFCN5GDMNWJFE3N6MMWO5LUIAKE\u00bb,\u00bbadditional_properties\u00bb:{},\u00bbcontent\u00bb:\u00bbLa relaci\u00f3n del empresario con Jap\u00f3n no es nueva. <b>Desde 2019<\/b>, Carlos Slim participa en el mercado japon\u00e9s tras ingresar al accionariado de <b>Miniso<\/b>, la cadena de tiendas de art\u00edculos de bajo costo de origen chino, con fuerte presencia en Asia.\u00bb,\u00bbtype\u00bb:\u00bbtext\u00bb},{\u00ab_id\u00bb:\u00bbX5FD3WDCBBE2DAWB7JZEF6HBB4&#8243;,\u00bbadditional_properties\u00bb:{},\u00bbcontent\u00bb:\u00bbLa inversi\u00f3n en infraestructura h\u00eddrica marca un <b>salto cualitativo<\/b>, al tratarse de un sector distinto al comercio minorista y con altos est\u00e1ndares t\u00e9cnicos y regulatorios.\u00bb,\u00bbtype\u00bb:\u00bbtext\u00bb},{\u00ab_id\u00bb:\u00bbODS4NDP6I5GNZBKAA42THL3KGE\u00bb,\u00bbadditional_properties\u00bb:{},\u00bbcontent\u00bb:\u00bb<b>Te puede interesar: <\/b><a href=\\\"https:\/\/www.elimparcial.com\/son\/sonora\/2025\/12\/09\/alfonso-durazo-se-reune-con-carlos-slim-y-francisco-cervantes-para-revisar-proyectos-de-crecimiento-en-sonora\/\\\" target=\\\"_blank\\\" rel=\\\"noreferrer\\\" title=\\\"https:\/\/www.elimparcial.com\/son\/sonora\/2025\/12\/09\/alfonso-durazo-se-reune-con-carlos-slim-y-francisco-cervantes-para-revisar-proyectos-de-crecimiento-en-sonora\/\\\"><b>Alfonso Durazo se re\u00fane con Carlos Slim y Francisco Cervantes para revisar proyectos de crecimiento en Sonora<\/b><\/a>\u00ab,\u00bbtype\u00bb:\u00bbtext\u00bb},{\u00ab_id\u00bb:\u00bbEVPBUI2ELZF3HJDMT35A7SU4HE\u00bb,\u00bbadditional_properties\u00bb:{},\u00bbcontent\u00bb:\u00bb\u00bb,\u00bbtype\u00bb:\u00bbtext\u00bb},{\u00ab_id\u00bb:\u00bbFOY25DGUEFB53O6P3NKMRCAFIM\u00bb,\u00bbadditional_properties\u00bb:{\u00abfullSizeResizeUrl\u00bb:\u00bb\/resizer\/v2\/FOY25DGUEFB53O6P3NKMRCAFIM.png?auth=651f5905e831e215d4a6dbb6c5b4ee1fda7504145e82d9d176a24fa70ba2f0d0&#8243;,\u00bbgalleries\u00bb:[],\u00bbingestionMethod\u00bb:\u00bbmanual\u00bb,\u00bbmime_type\u00bb:\u00bbimage\/png\u00bb,\u00bboriginalName\u00bb:\u00bbing carlos slim si.png\u00bb,\u00bboriginalUrl\u00bb:\u00bbhttps:\/\/cloudfront-us-east-1.images.arcpublishing.com\/elimparcial\/FOY25DGUEFB53O6P3NKMRCAFIM.png\u00bb,\u00bbproxyUrl\u00bb:\u00bb\/resizer\/v2\/FOY25DGUEFB53O6P3NKMRCAFIM.png?auth=651f5905e831e215d4a6dbb6c5b4ee1fda7504145e82d9d176a24fa70ba2f0d0&#8243;,\u00bbpublished\u00bb:true,\u00bbresizeUrl\u00bb:\u00bb\/resizer\/v2\/FOY25DGUEFB53O6P3NKMRCAFIM.png?auth=651f5905e831e215d4a6dbb6c5b4ee1fda7504145e82d9d176a24fa70ba2f0d0&#8243;,\u00bbrestricted\u00bb:false,\u00bbthumbnailResizeUrl\u00bb:\u00bb\/resizer\/v2\/FOY25DGUEFB53O6P3NKMRCAFIM.png?auth=651f5905e831e215d4a6dbb6c5b4ee1fda7504145e82d9d176a24fa70ba2f0d0&#038;width=300&#8243;,\u00bbversion\u00bb:0,\u00bbtemplate_id\u00bb:1220,\u00bbalt_text\u00bb:\u00bb\u00bb,\u00bblink\u00bb:\u00bb\u00bb},\u00bbaddress\u00bb:{},\u00bbauth\u00bb:{\u00ab2&#8243;:\u00bb651f5905e831e215d4a6dbb6c5b4ee1fda7504145e82d9d176a24fa70ba2f0d0&#8243;},\u00bbcaption\u00bb:\u00bbDesde 2019, Carlos Slim participa en el mercado japon\u00e9s tras ingresar al accionariado de Miniso, la cadena de tiendas de art\u00edculos de bajo costo de origen chino, con fuerte presencia en Asia. Foto: Archivo\u00bb,\u00bbcreated_date\u00bb:\u00bb2025-02-10T21:25:27Z\u00bb,\u00bbcredits\u00bb:{\u00abaffiliation\u00bb:[]},\u00bbheight\u00bb:613,\u00bbimage_type\u00bb:\u00bbphotograph\u00bb,\u00bblast_updated_date\u00bb:\u00bb2025-02-10T21:25:27Z\u00bb,\u00bblicensable\u00bb:false,\u00bbowner\u00bb:{\u00abid\u00bb:\u00bbelimparcial\u00bb,\u00bbsponsored\u00bb:false},\u00bbsource\u00bb:{\u00abadditional_properties\u00bb:{\u00abeditor\u00bb:\u00bbphoto center\u00bb},\u00bbedit_url\u00bb:\u00bb\u00bb,\u00bbsystem\u00bb:\u00bbphoto center\u00bb},\u00bbsubtitle\u00bb:\u00bb\u201cDel IFT tenemos un mal recuerdo\u201d: Carlos Slim cuestiona su autonom\u00eda y denuncia regulaciones irracionales\u00bb,\u00bbtaxonomy\u00bb:{\u00abassociated_tasks\u00bb:[]},\u00bbtype\u00bb:\u00bbimage\u00bb,\u00bburl\u00bb:\u00bbhttps:\/\/cloudfront-us-east-1.images.arcpublishing.com\/elimparcial\/FOY25DGUEFB53O6P3NKMRCAFIM.png\u00bb,\u00bbversion\u00bb:\u00bb0.10.9&#8243;,\u00bbwidth\u00bb:915,\u00bbsyndication\u00bb:{}},{\u00ab_id\u00bb:\u00bbNUJQN6ATZRCOXOOQ57Q7W2ZQGY\u00bb,\u00bbadditional_properties\u00bb:{},\u00bbcontent\u00bb:\u00bb\u00bb,\u00bbtype\u00bb:\u00bbtext\u00bb},{\u00ab_id\u00bb:\u00bbNBR53NZFBVBYHCQ4EA6PQCFGMM\u00bb,\u00bbadditional_properties\u00bb:{},\u00bbcontent\u00bb:\u00bbLo que sigue para los negocios de Slim en Asia\u00bb,\u00bblevel\u00bb:2,\u00bbtype\u00bb:\u00bbheader\u00bb},{\u00ab_id\u00bb:\u00bbS45JSQUJCVFLZFVQ3XQAQTKYI4&#8243;,\u00bbadditional_properties\u00bb:{},\u00bbcontent\u00bb:\u00bbCon este contrato, Carlos Slim consolid\u00f3 su presencia en <a href=\\\"https:\/\/www.elimparcial.com\/buscador\/?query=Asia\\\" target=\\\"_blank\\\" rel=\\\"noreferrer\\\" title=\\\"https:\/\/www.elimparcial.com\/buscador\/?query=Asia\\\">Asia<\/a> dentro de un sector estrat\u00e9gico y de largo plazo. \u00ab,\u00bbtype\u00bb:\u00bbtext\u00bb},{\u00ab_id\u00bb:\u00bbNN66UOV5J5BPPDYAW2WNUDTEQA\u00bb,\u00bbadditional_properties\u00bb:{},\u00bbcontent\u00bb:\u00bbEl proyecto en Toyohashi no solo implica ingresos, sino <b>posicionamiento t\u00e9cnico y reputacional<\/b>, un factor clave para competir en futuros proyectos de agua e infraestructura en la regi\u00f3n.\u00bb,\u00bbtype\u00bb:\u00bbtext\u00bb}],\u00bbcreated_date\u00bb:\u00bb2025-12-18T21:49:02.678Z\u00bb,\u00bbcredits\u00bb:{\u00abby\u00bb:[{\u00ab_id\u00bb:\u00bbecontreras\u00bb,\u00bbtype\u00bb:\u00bbauthor\u00bb,\u00bbversion\u00bb:\u00bb0.5.8&#8243;,\u00bbname\u00bb:\u00bbEnya M. Contreras\u00bb,\u00bbimage\u00bb:{\u00aburl\u00bb:\u00bbhttps:\/\/author-service-images-prod-us-east-1.publishing.aws.arc.pub\/elimparcial\/0936a10f-6aab-4a68-b212-aa13bc5afe99.png\u00bb,\u00bbversion\u00bb:\u00bb0.5.8&#8243;},\u00bbdescription\u00bb:\u00bbEditora Web\u00bb,\u00bburl\u00bb:\u00bb\/people\/enya-m-contreras\u00bb,\u00bbslug\u00bb:\u00bbenya-m-contreras\u00bb,\u00bbsocial_links\u00bb:[{\u00absite\u00bb:\u00bbemail\u00bb,\u00bburl\u00bb:\u00bbecontreras@elimparcial.com\u00bb}],\u00bbsocialLinks\u00bb:[{\u00absite\u00bb:\u00bbemail\u00bb,\u00bburl\u00bb:\u00bbecontreras@elimparcial.com\u00bb,\u00bbdeprecated\u00bb:true,\u00bbdeprecation_msg\u00bb:\u00bbPlease use social_links.\u00bb}],\u00bbadditional_properties\u00bb:{\u00aboriginal\u00bb:{\u00ab_id\u00bb:\u00bbecontreras\u00bb,\u00bbslug\u00bb:\u00bbenya-m-contreras\u00bb,\u00bbbyline\u00bb:\u00bbEnya M. Contreras\u00bb,\u00bbfirstName\u00bb:\u00bbEnya M.\u00bb,\u00bblastName\u00bb:\u00bbContreras\u00bb,\u00bbemail\u00bb:\u00bbecontreras@elimparcial.com\u00bb,\u00bbbio_page\u00bb:\u00bb\/people\/enya-m-contreras\u00bb,\u00bblast_updated_date\u00bb:\u00bb2025-12-05T15:02:34.897Z\u00bb,\u00bbbooks\u00bb:[],\u00bbpodcasts\u00bb:[],\u00bbeducation\u00bb:[],\u00bbawards\u00bb:[],\u00bblongBio\u00bb:\u00bbEditora Digital, licenciada en Literaturas Hisp\u00e1nicas por la Universidad de Sonora. Me integr\u00e9 a EL IMPARCIAL en 2022 como Redactora web, enfocada en noticias Internacionales y Nacionales, luego me desempe\u00f1\u00e9 como Editora web de dichas secciones desde inicios del 2024 y en octubre de 2025 se me confi\u00f3 la tarea de editar los portales de EL IMPARCIAL, LA CR\u00d3NICA y FRONTERA como responsable del equipo Web del \u00e1rea Digital.\u00bb,\u00bbbio\u00bb:\u00bbEditora Web\u00bb,\u00bbrole\u00bb:\u00bbEditora Digital\u00bb,\u00bbimage\u00bb:\u00bbhttps:\/\/author-service-images-prod-us-east-1.publishing.aws.arc.pub\/elimparcial\/0936a10f-6aab-4a68-b212-aa13bc5afe99.png\u00bb}}}]},\u00bbdescription\u00bb:{\u00abbasic\u00bb:\u00bbEste proyecto no solo marca un paso relevante para los negocios de Slim en Asia, sino que tambi\u00e9n lo coloca en un sector considerado estrat\u00e9gico por el gobierno japon\u00e9s: el manejo y tratamiento de agua potable.\u00bb},\u00bbdisplay_date\u00bb:\u00bb2025-12-21T16:34:28.928Z\u00bb,\u00bbdistributor\u00bb:{\u00abcategory\u00bb:\u00bbstaff\u00bb,\u00bbname\u00bb:\u00bbelimparcial\u00bb,\u00bbsubcategory\u00bb:\u00bb\u00bb},\u00bbfirst_publish_date\u00bb:\u00bb2025-12-18T23:19:56.164Z\u00bb,\u00bbheadlines\u00bb:{\u00abbasic\u00bb:\u00bbLuego de que Carlos Slim pidi\u00f3 a empresarios mexicanos aumentar la inversi\u00f3n privada para el crecimiento del pa\u00eds, aceler\u00f3 inversiones en Asia y gan\u00f3 un contrato de m\u00e1s de 300 millones de d\u00f3lares para operar una planta potabilizadora de agua en Jap\u00f3n\u00bb,\u00bbmeta_title\u00bb:\u00bb\u00bb,\u00bbmobile\u00bb:\u00bb\u00bb,\u00bbnative\u00bb:\u00bb\u00bb,\u00bbprint\u00bb:\u00bb\u00bb,\u00bbtablet\u00bb:\u00bb\u00bb,\u00bbweb\u00bb:\u00bb\u00bb},\u00bblast_updated_date\u00bb:\u00bb2025-12-21T16:34:29.077Z\u00bb,\u00bbowner\u00bb:{\u00abid\u00bb:\u00bbelimparcial\u00bb,\u00bbsponsored\u00bb:false},\u00bbplanning\u00bb:{\u00abscheduling\u00bb:{\u00abwill_have_image\u00bb:true},\u00bbstory_length\u00bb:{\u00abcharacter_count_actual\u00bb:4533,\u00bbinch_count_actual\u00bb:6,\u00bbline_count_actual\u00bb:42,\u00bbword_count_actual\u00bb:714}},\u00bbpromo_items\u00bb:{\u00abbasic\u00bb:{\u00ab_id\u00bb:\u00bbD4TUU53M2NHOBAZLQYEI6LA2SY\u00bb,\u00bbadditional_properties\u00bb:{\u00abfullSizeResizeUrl\u00bb:\u00bb\/resizer\/v2\/D4TUU53M2NHOBAZLQYEI6LA2SY.jpg?auth=14aead283612d91bb54b88d53a66ae5b102a50885bf5ec1cf47fd5e95718b0e2&#8243;,\u00bbgalleries\u00bb:[],\u00bbingestionMethod\u00bb:\u00bbmanual\u00bb,\u00bbmime_type\u00bb:\u00bbimage\/jpeg\u00bb,\u00bboriginalName\u00bb:\u00bbcarlos slim y sus inversiones en asia japon.jpg\u00bb,\u00bboriginalUrl\u00bb:\u00bbhttps:\/\/cloudfront-us-east-1.images.arcpublishing.com\/elimparcial\/D4TUU53M2NHOBAZLQYEI6LA2SY.jpg\u00bb,\u00bbproxyUrl\u00bb:\u00bb\/resizer\/v2\/D4TUU53M2NHOBAZLQYEI6LA2SY.jpg?auth=14aead283612d91bb54b88d53a66ae5b102a50885bf5ec1cf47fd5e95718b0e2&#8243;,\u00bbpublished\u00bb:true,\u00bbresizeUrl\u00bb:\u00bb\/resizer\/v2\/D4TUU53M2NHOBAZLQYEI6LA2SY.jpg?auth=14aead283612d91bb54b88d53a66ae5b102a50885bf5ec1cf47fd5e95718b0e2&#8243;,\u00bbrestricted\u00bb:false,\u00bbthumbnailResizeUrl\u00bb:\u00bb\/resizer\/v2\/D4TUU53M2NHOBAZLQYEI6LA2SY.jpg?auth=14aead283612d91bb54b88d53a66ae5b102a50885bf5ec1cf47fd5e95718b0e2&#038;width=300&#8243;,\u00bbversion\u00bb:0,\u00bbtemplate_id\u00bb:1220},\u00bbaddress\u00bb:{},\u00bbalt_text\u00bb:\u00bbCon este contrato, Carlos Slim consolida su presencia en Asia dentro de un sector estrat\u00e9gico y de largo plazo.\u00bb,\u00bbauth\u00bb:{\u00ab2&#8243;:\u00bb14aead283612d91bb54b88d53a66ae5b102a50885bf5ec1cf47fd5e95718b0e2&#8243;},\u00bbcaption\u00bb:\u00bbCon este contrato, Carlos Slim consolida su presencia en Asia dentro de un sector estrat\u00e9gico y de largo plazo. Foto: Especial (Reuters\/Gobierno de M\u00e9xico\/Canva)\u00bb,\u00bbcreated_date\u00bb:\u00bb2025-12-18T23:19:03Z\u00bb,\u00bbcredits\u00bb:{\u00abaffiliation\u00bb:[]},\u00bbheight\u00bb:1080,\u00bbimage_type\u00bb:\u00bbphotograph\u00bb,\u00bblast_updated_date\u00bb:\u00bb2025-12-18T23:19:03Z\u00bb,\u00bblicensable\u00bb:false,\u00bbowner\u00bb:{\u00abid\u00bb:\u00bbelimparcial\u00bb,\u00bbsponsored\u00bb:false},\u00bbsource\u00bb:{\u00abadditional_properties\u00bb:{\u00abeditor\u00bb:\u00bbphoto center\u00bb},\u00bbedit_url\u00bb:\u00bb\u00bb,\u00bbsystem\u00bb:\u00bbphoto center\u00bb},\u00bbsubtitle\u00bb:\u00bbCon este contrato, Carlos Slim consolida su presencia en Asia dentro de un sector estrat\u00e9gico y de largo plazo.\u00bb,\u00bbtaxonomy\u00bb:{\u00abassociated_tasks\u00bb:[]},\u00bbtype\u00bb:\u00bbimage\u00bb,\u00bburl\u00bb:\u00bbhttps:\/\/cloudfront-us-east-1.images.arcpublishing.com\/elimparcial\/D4TUU53M2NHOBAZLQYEI6LA2SY.jpg\u00bb,\u00bbversion\u00bb:\u00bb0.10.9&#8243;,\u00bbwidth\u00bb:1920,\u00bbsyndication\u00bb:{},\u00bbaspect\u00bb:\u00bb16\/9&#8243;,\u00bbmedia\u00bb:\u00bbei-simple-list\u00bb,\u00bbsmart\u00bb:true}},\u00bbpublish_date\u00bb:\u00bb2025-12-21T16:34:28.928Z\u00bb,\u00bbrelated_content\u00bb:{\u00abbasic\u00bb:[],\u00bbclonedChildren\u00bb:[],\u00bbclonedFromParent\u00bb:[]},\u00bbrevision\u00bb:{\u00abbranch\u00bb:\u00bbdefault\u00bb,\u00bbeditions\u00bb:[\u00abdefault\u00bb],\u00bbparent_id\u00bb:\u00bbFCJEAZFCJRD3DNAZZO27HTXM4M\u00bb,\u00bbpublished\u00bb:true,\u00bbrevision_id\u00bb:\u00bbAJNMOXW3Y5BSLPONBNWLRBHF5E\u00bb},\u00bbsource\u00bb:{\u00abname\u00bb:\u00bbelimparcial\u00bb,\u00bbsource_type\u00bb:\u00bbstaff\u00bb,\u00bbsystem\u00bb:\u00bbcomposer\u00bb},\u00bbsubheadlines\u00bb:{\u00abbasic\u00bb:\u00bbEste proyecto no solo marca un paso relevante para los negocios de Slim en Asia, sino que tambi\u00e9n lo coloca en un sector considerado estrat\u00e9gico por el gobierno japon\u00e9s: el manejo y tratamiento de agua potable.\u00bb},\u00bbtaxonomy\u00bb:{\u00abprimary_section\u00bb:{\u00ab_id\u00bb:\u00bb\/mexico\u00bb,\u00bb_website\u00bb:\u00bbelimparcial\u00bb,\u00bbtype\u00bb:\u00bbsection\u00bb,\u00bbversion\u00bb:\u00bb0.6.0&#8243;,\u00bbname\u00bb:\u00bbM\u00e9xico\u00bb,\u00bbpath\u00bb:\u00bb\/mexico\u00bb,\u00bbparent_id\u00bb:\u00bbhttps:\/\/www.elimparcial.com\/\u00bb,\u00bbparent\u00bb:{\u00abdefault\u00bb:\u00bbhttps:\/\/www.elimparcial.com\/\u00bb},\u00bbadditional_properties\u00bb:{\u00aboriginal\u00bb:{\u00ab_id\u00bb:\u00bb\/mexico\u00bb,\u00bb_website\u00bb:\u00bbelimparcial\u00bb,\u00bbname\u00bb:\u00bbM\u00e9xico\u00bb,\u00bbinactive\u00bb:false,\u00bbancestors\u00bb:{\u00abcomposer-menu\u00bb:[\u00abhttps:\/\/www.elimparcial.com\/\u00bb],\u00bbdefault\u00bb:[\u00abhttps:\/\/www.elimparcial.com\/\u00bb]},\u00bbparent\u00bb:{\u00abdefault\u00bb:\u00bbhttps:\/\/www.elimparcial.com\/\u00bb,\u00bbcomposer-menu\u00bb:\u00bbhttps:\/\/www.elimparcial.com\/\u00bb},\u00bborder\u00bb:{\u00abcomposer-menu\u00bb:1012,\u00bbdefault\u00bb:1009},\u00bbnode_type\u00bb:\u00bbsection\u00bb}}},\u00bbprimary_site\u00bb:{\u00ab_id\u00bb:\u00bb\/mexico\u00bb,\u00bbtype\u00bb:\u00bbsite\u00bb,\u00bbversion\u00bb:\u00bb0.5.8&#8243;,\u00bbname\u00bb:\u00bbM\u00e9xico\u00bb,\u00bbpath\u00bb:\u00bb\/mexico\u00bb,\u00bbparent_id\u00bb:\u00bbhttps:\/\/www.elimparcial.com\/\u00bb,\u00bbadditional_properties\u00bb:{\u00aboriginal\u00bb:{\u00ab_id\u00bb:\u00bb\/mexico\u00bb,\u00bbname\u00bb:\u00bbM\u00e9xico\u00bb,\u00bbinactive\u00bb:false,\u00bbancestors\u00bb:{\u00abcomposer-menu\u00bb:[\u00abhttps:\/\/www.elimparcial.com\/\u00bb],\u00bbdefault\u00bb:[\u00abhttps:\/\/www.elimparcial.com\/\u00bb]},\u00bbparent\u00bb:{\u00abdefault\u00bb:\u00bbhttps:\/\/www.elimparcial.com\/\u00bb,\u00bbcomposer-menu\u00bb:\u00bbhttps:\/\/www.elimparcial.com\/\u00bb},\u00bborder\u00bb:{\u00abcomposer-menu\u00bb:1012,\u00bbdefault\u00bb:1009}}}},\u00bbsections\u00bb:[{\u00ab_id\u00bb:\u00bb\/mexico\u00bb,\u00bb_website\u00bb:\u00bbelimparcial\u00bb,\u00bbtype\u00bb:\u00bbsection\u00bb,\u00bbversion\u00bb:\u00bb0.6.0&#8243;,\u00bbname\u00bb:\u00bbM\u00e9xico\u00bb,\u00bbpath\u00bb:\u00bb\/mexico\u00bb,\u00bbparent_id\u00bb:\u00bbhttps:\/\/www.elimparcial.com\/\u00bb,\u00bbparent\u00bb:{\u00abdefault\u00bb:\u00bbhttps:\/\/www.elimparcial.com\/\u00bb},\u00bbadditional_properties\u00bb:{\u00aboriginal\u00bb:{\u00ab_id\u00bb:\u00bb\/mexico\u00bb,\u00bb_website\u00bb:\u00bbelimparcial\u00bb,\u00bbname\u00bb:\u00bbM\u00e9xico\u00bb,\u00bbinactive\u00bb:false,\u00bbancestors\u00bb:{\u00abcomposer-menu\u00bb:[\u00abhttps:\/\/www.elimparcial.com\/\u00bb],\u00bbdefault\u00bb:[\u00abhttps:\/\/www.elimparcial.com\/\u00bb]},\u00bbparent\u00bb:{\u00abdefault\u00bb:\u00bbhttps:\/\/www.elimparcial.com\/\u00bb,\u00bbcomposer-menu\u00bb:\u00bbhttps:\/\/www.elimparcial.com\/\u00bb},\u00bborder\u00bb:{\u00abcomposer-menu\u00bb:1012,\u00bbdefault\u00bb:1009},\u00bbnode_type\u00bb:\u00bbsection\u00bb}},\u00bb_website_section_id\u00bb:\u00bbelimparcial.\/mexico\u00bb},{\u00ab_id\u00bb:\u00bb\/dinero\u00bb,\u00bb_website\u00bb:\u00bbelimparcial\u00bb,\u00bbtype\u00bb:\u00bbsection\u00bb,\u00bbversion\u00bb:\u00bb0.6.0&#8243;,\u00bbname\u00bb:\u00bbDinero\u00bb,\u00bbpath\u00bb:\u00bb\/dinero\u00bb,\u00bbparent_id\u00bb:\u00bbhttps:\/\/www.elimparcial.com\/\u00bb,\u00bbparent\u00bb:{\u00abdefault\u00bb:\u00bbhttps:\/\/www.elimparcial.com\/\u00bb},\u00bbadditional_properties\u00bb:{\u00aboriginal\u00bb:{\u00ab_id\u00bb:\u00bb\/dinero\u00bb,\u00bb_website\u00bb:\u00bbelimparcial\u00bb,\u00bbname\u00bb:\u00bbDinero\u00bb,\u00bbinactive\u00bb:false,\u00bbancestors\u00bb:{\u00abcomposer-menu\u00bb:[\u00abhttps:\/\/www.elimparcial.com\/\u00bb]},\u00bbparent\u00bb:{\u00abdefault\u00bb:\u00bbhttps:\/\/www.elimparcial.com\/\u00bb,\u00bbcomposer-menu\u00bb:\u00bbhttps:\/\/www.elimparcial.com\/\u00bb},\u00bborder\u00bb:{\u00abcomposer-menu\u00bb:1001},\u00bbnode_type\u00bb:\u00bbsection\u00bb}},\u00bb_website_section_id\u00bb:\u00bbelimparcial.\/dinero\u00bb}],\u00bbsites\u00bb:[{\u00ab_id\u00bb:\u00bb\/mexico\u00bb,\u00bbtype\u00bb:\u00bbsite\u00bb,\u00bbversion\u00bb:\u00bb0.5.8&#8243;,\u00bbname\u00bb:\u00bbM\u00e9xico\u00bb,\u00bbpath\u00bb:\u00bb\/mexico\u00bb,\u00bbparent_id\u00bb:\u00bbhttps:\/\/www.elimparcial.com\/\u00bb,\u00bbadditional_properties\u00bb:{\u00aboriginal\u00bb:{\u00ab_id\u00bb:\u00bb\/mexico\u00bb,\u00bbname\u00bb:\u00bbM\u00e9xico\u00bb,\u00bbinactive\u00bb:false,\u00bbancestors\u00bb:{\u00abcomposer-menu\u00bb:[\u00abhttps:\/\/www.elimparcial.com\/\u00bb],\u00bbdefault\u00bb:[\u00abhttps:\/\/www.elimparcial.com\/\u00bb]},\u00bbparent\u00bb:{\u00abdefault\u00bb:\u00bbhttps:\/\/www.elimparcial.com\/\u00bb,\u00bbcomposer-menu\u00bb:\u00bbhttps:\/\/www.elimparcial.com\/\u00bb},\u00bborder\u00bb:{\u00abcomposer-menu\u00bb:1012,\u00bbdefault\u00bb:1009}}}},{\u00ab_id\u00bb:\u00bb\/dinero\u00bb,\u00bbtype\u00bb:\u00bbsite\u00bb,\u00bbversion\u00bb:\u00bb0.5.8&#8243;,\u00bbname\u00bb:\u00bbDinero\u00bb,\u00bbpath\u00bb:\u00bb\/dinero\u00bb,\u00bbparent_id\u00bb:\u00bbhttps:\/\/www.elimparcial.com\/\u00bb,\u00bbadditional_properties\u00bb:{\u00aboriginal\u00bb:{\u00ab_id\u00bb:\u00bb\/dinero\u00bb,\u00bbname\u00bb:\u00bbDinero\u00bb,\u00bbinactive\u00bb:false,\u00bbancestors\u00bb:{\u00abcomposer-menu\u00bb:[\u00abhttps:\/\/www.elimparcial.com\/\u00bb]},\u00bbparent\u00bb:{\u00abdefault\u00bb:\u00bbhttps:\/\/www.elimparcial.com\/\u00bb,\u00bbcomposer-menu\u00bb:\u00bbhttps:\/\/www.elimparcial.com\/\u00bb},\u00bborder\u00bb:{\u00abcomposer-menu\u00bb:1001}}}}],\u00bbtags\u00bb:[{\u00ab_id\u00bb:\u00bbLHTP3QCQJVG55HHACE2ZGE3SIM\u00bb,\u00bbdescription\u00bb:\u00bbCarlos Slim\u00bb,\u00bbslug\u00bb:\u00bbcarlos-slim\u00bb,\u00bbtext\u00bb:\u00bbCarlos Slim\u00bb},{\u00ab_id\u00bb:\u00bb7AN6SFF2SJB6PN2U6QK3Z3QQAQ\u00bb,\u00bbdescription\u00bb:\u00bbJap\u00f3n\u00bb,\u00bbslug\u00bb:\u00bbjapn\u00bb,\u00bbtext\u00bb:\u00bbJap\u00f3n\u00bb},{\u00ab_id\u00bb:\u00bbC4NS2VEJF5AHDJQPMS3FJU3JSA\u00bb,\u00bbdescription\u00bb:\u00bbEconom\u00eda\u00bb,\u00bbslug\u00bb:\u00bbeconoma\u00bb,\u00bbtext\u00bb:\u00bbEconom\u00eda\u00bb},{\u00ab_id\u00bb:\u00bbS5TRUZRHANG2FFPNKRXR4KU4JQ\u00bb,\u00bbdescription\u00bb:\u00bbAgua\u00bb,\u00bbslug\u00bb:\u00bbagua\u00bb,\u00bbtext\u00bb:\u00bbAgua\u00bb},{\u00ab_id\u00bb:\u00bbTK63KA64RFAILIECSOPEXPY3WE\u00bb,\u00bbdescription\u00bb:\u00bbpotabilizadora de agua\u00bb,\u00bbslug\u00bb:\u00bbpotabilizadora-de-agua\u00bb,\u00bbtext\u00bb:\u00bbpotabilizadora de agua\u00bb},{\u00ab_id\u00bb:\u00bbWK7FMBVX3FARPJDWDTKRZWKRAI\u00bb,\u00bbdescription\u00bb:\u00bbFCC\u00bb,\u00bbslug\u00bb:\u00bbfcc\u00bb,\u00bbtext\u00bb:\u00bbFCC\u00bb},{\u00ab_id\u00bb:\u00bbW6HVNBHKDNGEXME2UYWV3GAH44&#8243;,\u00bbdescription\u00bb:\u00bbMiniso\u00bb,\u00bbslug\u00bb:\u00bbminiso\u00bb,\u00bbtext\u00bb:\u00bbMiniso\u00bb},{\u00ab_id\u00bb:\u00bbTNUI7X4CEBCC7P4XEMCLCHJQVY\u00bb,\u00bbdescription\u00bb:\u00bbInversi\u00f3n\u00bb,\u00bbslug\u00bb:\u00bbinversin\u00bb,\u00bbtext\u00bb:\u00bbInversi\u00f3n\u00bb},{\u00ab_id\u00bb:\u00bbGPKIJBS7FZDIFCUHYMXLZHGOTE\u00bb,\u00bbdescription\u00bb:\u00bbEmpresas privadas\u00bb,\u00bbslug\u00bb:\u00bbempresas-privadas\u00bb,\u00bbtext\u00bb:\u00bbEmpresas privadas\u00bb},{\u00ab_id\u00bb:\u00bbVQ4B5JCOFNCJ5AYD4IVOKLCQSE\u00bb,\u00bbdescription\u00bb:\u00bbSector Privado\u00bb,\u00bbslug\u00bb:\u00bbsector-privado\u00bb,\u00bbtext\u00bb:\u00bbSector Privado\u00bb}]},\u00bbtype\u00bb:\u00bbstory\u00bb,\u00bbversion\u00bb:\u00bb0.10.11&#8243;,\u00bbwebsites\u00bb:{\u00abelimparcial\u00bb:{\u00abwebsite_section\u00bb:{\u00ab_id\u00bb:\u00bb\/mexico\u00bb,\u00bb_website\u00bb:\u00bbelimparcial\u00bb,\u00bbtype\u00bb:\u00bbsection\u00bb,\u00bbversion\u00bb:\u00bb0.6.0&#8243;,\u00bbname\u00bb:\u00bbM\u00e9xico\u00bb,\u00bbpath\u00bb:\u00bb\/mexico\u00bb,\u00bbparent_id\u00bb:\u00bbhttps:\/\/www.elimparcial.com\/\u00bb,\u00bbparent\u00bb:{\u00abdefault\u00bb:\u00bbhttps:\/\/www.elimparcial.com\/\u00bb},\u00bbadditional_properties\u00bb:{\u00aboriginal\u00bb:{\u00ab_id\u00bb:\u00bb\/mexico\u00bb,\u00bb_website\u00bb:\u00bbelimparcial\u00bb,\u00bbname\u00bb:\u00bbM\u00e9xico\u00bb,\u00bbinactive\u00bb:false,\u00bbancestors\u00bb:{\u00abcomposer-menu\u00bb:[\u00abhttps:\/\/www.elimparcial.com\/\u00bb],\u00bbdefault\u00bb:[\u00abhttps:\/\/www.elimparcial.com\/\u00bb]},\u00bbparent\u00bb:{\u00abdefault\u00bb:\u00bbhttps:\/\/www.elimparcial.com\/\u00bb,\u00bbcomposer-menu\u00bb:\u00bbhttps:\/\/www.elimparcial.com\/\u00bb},\u00bborder\u00bb:{\u00abcomposer-menu\u00bb:1012,\u00bbdefault\u00bb:1009},\u00bbnode_type\u00bb:\u00bbsection\u00bb}},\u00bb_website_section_id\u00bb:\u00bbelimparcial.\/mexico\u00bb},\u00bbwebsite_url\u00bb:\u00bbhttps:\/\/www.elimparcial.com\/mexico\/2025\/12\/18\/luego-de-que-carlos-slim-pidio-a-empresarios-mexicanos-aumentar-la-inversion-privada-para-el-crecimiento-del-pais-acelero-inversiones-en-asia-y-gano-un-contrato-de-mas-de-300-millones-de-dolares-para-operar-una-planta-potabilizadora-de-agua-en-japon\/\u00bb}},\u00bbworkflow\u00bb:{\u00abstatus_code\u00bb:3},\u00bbcanonical_url\u00bb:\u00bbhttps:\/\/www.elimparcial.com\/mexico\/2025\/12\/18\/luego-de-que-carlos-slim-pidio-a-empresarios-mexicanos-aumentar-la-inversion-privada-para-el-crecimiento-del-pais-acelero-inversiones-en-asia-y-gano-un-contrato-de-mas-de-300-millones-de-dolares-para-operar-una-planta-potabilizadora-de-agua-en-japon\/\u00bb,\u00bbpublishing\u00bb:{\u00abscheduled_operations\u00bb:{\u00abpublish_edition\u00bb:[],\u00bbunpublish_edition\u00bb:[]}},\u00bbwebsite\u00bb:\u00bbelimparcial\u00bb,\u00bbwebsite_url\u00bb:\u00bbhttps:\/\/www.elimparcial.com\/mexico\/2025\/12\/18\/luego-de-que-carlos-slim-pidio-a-empresarios-mexicanos-aumentar-la-inversion-privada-para-el-crecimiento-del-pais-acelero-inversiones-en-asia-y-gano-un-contrato-de-mas-de-300-millones-de-dolares-para-operar-una-planta-potabilizadora-de-agua-en-japon\/\u00bb},{\u00ab_id\u00bb:\u00bbDATUZVZHHVFMTM6NRGGW3I6A3Y\u00bb,\u00bbadditional_properties\u00bb:{\u00abhas_published_copy\u00bb:true,\u00bbis_published\u00bb:true,\u00bbpublish_date\u00bb:\u00bb2025-12-19T01:15:22.375Z\u00bb},\u00bbcanonical_website\u00bb:\u00bbelimparcial\u00bb,\u00bbcontent_elements\u00bb:[{\u00ab_id\u00bb:\u00bb3PZVXMYHBNBQTOWTJAJNV3XY5Y\u00bb,\u00bbadditional_properties\u00bb:{},\u00bbcontent\u00bb:\u00bbTijuana, BC.-Julio Carrasco Palos, de casi 80 a\u00f1os de edad, trabaj\u00f3 cerca de 50 a\u00f1os en Estados Unidos; sin embargo, desde <b>hace 14 a\u00f1os fue <\/b><a href=\\\"https:\/\/www.elimparcial.com\/tags\/deportaciones\/\\\" target=\\\"_blank\\\" rel=\\\"noreferrer\\\" title=\\\"https:\/\/www.elimparcial.com\/tags\/deportaciones\/\\\"><b>deportado<\/b><\/a><b>,<\/b> situaci\u00f3n que le impidi\u00f3 acceder a la pensi\u00f3n que asegura haber generado durante d\u00e9cadas de trabajo y pago de impuestos.\u00bb,\u00bbtype\u00bb:\u00bbtext\u00bb},{\u00ab_id\u00bb:\u00bbACBCSMQXNRHFDGSGENTRBLZWZE\u00bb,\u00bbadditional_properties\u00bb:{},\u00bbcontent\u00bb:\u00bbCarrasco relat\u00f3 que su deportaci\u00f3n ocurri\u00f3 luego de que, sin su conocimiento,<b> le colocaran una maleta con droga<\/b> entre sus pertenencias.\u00bb,\u00bbtype\u00bb:\u00bbtext\u00bb},{\u00ab_id\u00bb:\u00bbI2RAFPIGJ5DYLFJZN4AX52QE34&#8243;,\u00bbadditional_properties\u00bb:{\u00ablanguage\u00bb:{\u00abcode\u00bb:\u00bbes\u00bb,\u00bbregion\u00bb:\u00bb419&#8243;}},\u00bbcitation\u00bb:{\u00abcontent\u00bb:\u00bb\u00bb,\u00bbtype\u00bb:\u00bbtext\u00bb},\u00bbcontent_elements\u00bb:[{\u00ab_id\u00bb:\u00bb625FGHTYWRDNPGX4KTY3KFR7MU\u00bb,\u00bbadditional_properties\u00bb:{},\u00bbcontent\u00bb:\u00bbFui deportado porque me jugaron una jugada, me metieron una maleta con alrededor de 50 libras de marihuana sin saber\u201d\u00bb,\u00bbtype\u00bb:\u00bbtext\u00bb}],\u00bbsubtype\u00bb:\u00bbpullquote\u00bb,\u00bbtype\u00bb:\u00bbquote\u00bb},{\u00ab_id\u00bb:\u00bbZQWDSZ4YZZAANDRM3TGNSCQU3M\u00bb,\u00bbadditional_properties\u00bb:{},\u00bbcontent\u00bb:\u00bb Expres\u00f3.\u00bb,\u00bbtype\u00bb:\u00bbtext\u00bb},{\u00ab_id\u00bb:\u00bbXQWSL6I2UBAQHJ4KK67LDOIY3I\u00bb,\u00bbadditional_properties\u00bb:{},\u00bbcontent\u00bb:\u00bbAsegur\u00f3 que<b> se trataba de su primera falta en territorio estadounidense<\/b> y que durante toda su vida laboral cumpli\u00f3 con el pago de impuestos, por lo que considera injusta la sanci\u00f3n impuesta.\u00bb,\u00bbtype\u00bb:\u00bbtext\u00bb},{\u00ab_id\u00bb:\u00bbGSCTXG4REZCMVKZ3KAJNA2ABLM\u00bb,\u00bbadditional_properties\u00bb:{\u00abfullSizeResizeUrl\u00bb:\u00bb\/resizer\/v2\/GSCTXG4REZCMVKZ3KAJNA2ABLM.jpeg?auth=fd88f2b005da64f26e96c21cd6a7eb6d92f80fabff1c4e3e9df0253a79d60396&#8243;,\u00bbgalleries\u00bb:[],\u00bbingestionMethod\u00bb:\u00bbmanual\u00bb,\u00bbmime_type\u00bb:\u00bbimage\/jpeg\u00bb,\u00bboriginalName\u00bb:\u00bbWhatsApp Image 2025-12-18 at 16.59.47 (1).jpeg\u00bb,\u00bboriginalUrl\u00bb:\u00bbhttps:\/\/cloudfront-us-east-1.images.arcpublishing.com\/elimparcial\/GSCTXG4REZCMVKZ3KAJNA2ABLM.jpeg\u00bb,\u00bbproxyUrl\u00bb:\u00bb\/resizer\/v2\/GSCTXG4REZCMVKZ3KAJNA2ABLM.jpeg?auth=fd88f2b005da64f26e96c21cd6a7eb6d92f80fabff1c4e3e9df0253a79d60396&#8243;,\u00bbpublished\u00bb:true,\u00bbresizeUrl\u00bb:\u00bb\/resizer\/v2\/GSCTXG4REZCMVKZ3KAJNA2ABLM.jpeg?auth=fd88f2b005da64f26e96c21cd6a7eb6d92f80fabff1c4e3e9df0253a79d60396&#8243;,\u00bbrestricted\u00bb:false,\u00bbthumbnailResizeUrl\u00bb:\u00bb\/resizer\/v2\/GSCTXG4REZCMVKZ3KAJNA2ABLM.jpeg?auth=fd88f2b005da64f26e96c21cd6a7eb6d92f80fabff1c4e3e9df0253a79d60396&#038;width=300&#8243;,\u00bbversion\u00bb:0,\u00bbtemplate_id\u00bb:1220},\u00bbaddress\u00bb:{},\u00bbauth\u00bb:{\u00ab2&#8243;:\u00bbfd88f2b005da64f26e96c21cd6a7eb6d92f80fabff1c4e3e9df0253a79d60396&#8243;},\u00bbcaption\u00bb:\u00bbLe colocaran una maleta con droga entre sus pertenencias sin su conocimiento, representante de SOS Migrantes, confirm\u00f3 que existen m\u00faltiples casos como el de Julio Carrasco. Foto: Border Zoom\u00bb,\u00bbcreated_date\u00bb:\u00bb2025-12-19T01:14:14Z\u00bb,\u00bbcredits\u00bb:{\u00abaffiliation\u00bb:[]},\u00bbheight\u00bb:854,\u00bbimage_type\u00bb:\u00bbphotograph\u00bb,\u00bblast_updated_date\u00bb:\u00bb2025-12-19T01:14:14Z\u00bb,\u00bblicensable\u00bb:false,\u00bbowner\u00bb:{\u00abid\u00bb:\u00bbelimparcial\u00bb,\u00bbsponsored\u00bb:false},\u00bbsource\u00bb:{\u00abadditional_properties\u00bb:{\u00abeditor\u00bb:\u00bbphoto center\u00bb},\u00bbedit_url\u00bb:\u00bb\u00bb,\u00bbsystem\u00bb:\u00bbphoto center\u00bb},\u00bbsubtitle\u00bb:\u00bbTras 50 a\u00f1os de trabajo en Estados Unidos, adulto mayor deportado no recibe pensi\u00f3n\u00bb,\u00bbtype\u00bb:\u00bbimage\u00bb,\u00bburl\u00bb:\u00bbhttps:\/\/cloudfront-us-east-1.images.arcpublishing.com\/elimparcial\/GSCTXG4REZCMVKZ3KAJNA2ABLM.jpeg\u00bb,\u00bbversion\u00bb:\u00bb0.10.9&#8243;,\u00bbwidth\u00bb:1280},{\u00ab_id\u00bb:\u00bbSWD5CZQMFZBQNHAKI6CR72YQ3U\u00bb,\u00bbadditional_properties\u00bb:{},\u00bbcontent\u00bb:\u00bbTe puede interesar: <a href=\\\"https:\/\/www.elimparcial.com\/tij\/tijuana\/2025\/12\/19\/deporta-inm-a-mas-de-mil-migrantes-extranjeros-de-tijuana\/\\\" target=\\\"_blank\\\" rel=\\\"noreferrer\\\" title=\\\"https:\/\/www.elimparcial.com\/tij\/tijuana\/2025\/12\/19\/deporta-inm-a-mas-de-mil-migrantes-extranjeros-de-tijuana\/\\\">Deporta INM a m\u00e1s de mil migrantes extranjeros de Tijuana<\/a>\u00ab,\u00bbtype\u00bb:\u00bbtext\u00bb},{\u00ab_id\u00bb:\u00bb3DN3OXQBCNDUPBZL5NDDYLAH4E\u00bb,\u00bbadditional_properties\u00bb:{},\u00bbcontent\u00bb:\u00bbNo puede recibir su pensi\u00f3n \u00ab,\u00bblevel\u00bb:2,\u00bbtype\u00bb:\u00bbheader\u00bb},{\u00ab_id\u00bb:\u00bbOWECLXDGLNBIJKPG2AEWC734RU\u00bb,\u00bbadditional_properties\u00bb:{},\u00bbcontent\u00bb:\u00bbEl adulto mayor se\u00f1al\u00f3 que actualmente su familia no lo visita por lo que vive solo. Adem\u00e1s, indic\u00f3 que cuatro meses despu\u00e9s de su deportaci\u00f3n <b>se divorci\u00f3 y perdi\u00f3 los bienes que ten\u00eda <\/b>en <a href=\\\"https:\/\/www.elimparcial.com\/tags\/estados-unidos\/\\\" target=\\\"_blank\\\" rel=\\\"noreferrer\\\" title=\\\"https:\/\/www.elimparcial.com\/tags\/estados-unidos\/\\\"><b>Estados Unidos.<\/b><\/a>\u00ab,\u00bbtype\u00bb:\u00bbtext\u00bb},{\u00ab_id\u00bb:\u00bbZ3VAOMDVWVEXZNZ7HQURSFSLNY\u00bb,\u00bbadditional_properties\u00bb:{\u00ablanguage\u00bb:{\u00abcode\u00bb:\u00bbes\u00bb,\u00bbregion\u00bb:\u00bb419&#8243;}},\u00bbcitation\u00bb:{\u00abcontent\u00bb:\u00bb\u00bb,\u00bbtype\u00bb:\u00bbtext\u00bb},\u00bbcontent_elements\u00bb:[{\u00ab_id\u00bb:\u00bbPMJR5XOWDJAGZDUYUZZR75UY2Y\u00bb,\u00bbadditional_properties\u00bb:{},\u00bbcontent\u00bb:\u00bbNo entiendo, si no he hecho nada. Me deportaron, me divorciaron y se quedaron con mis casas y mis carros\u201d\u00bb,\u00bbtype\u00bb:\u00bbtext\u00bb}],\u00bbsubtype\u00bb:\u00bbpullquote\u00bb,\u00bbtype\u00bb:\u00bbquote\u00bb},{\u00ab_id\u00bb:\u00bbPAQSV5S6JFHQLNJMPKUWTHUHKQ\u00bb,\u00bbadditional_properties\u00bb:{},\u00bbcontent\u00bb:\u00bbLament\u00f3.\u00bb,\u00bbtype\u00bb:\u00bbtext\u00bb},{\u00ab_id\u00bb:\u00bb27RJXIONKBFFJMTVXMIG5SZLRY\u00bb,\u00bbadditional_properties\u00bb:{},\u00bbcontent\u00bb:\u00bbCarrasco explic\u00f3 que autoridades estadounidenses le han informado que <b>no puede recibir su pensi\u00f3n hasta que regularice su situaci\u00f3n migratoria<\/b>, lo cual considera contradictorio.\u00bb,\u00bbtype\u00bb:\u00bbtext\u00bb},{\u00ab_id\u00bb:\u00bbFLBPGQI5XBD3XENXXQUW26MNS4&#8243;,\u00bbadditional_properties\u00bb:{\u00ablanguage\u00bb:{\u00abcode\u00bb:\u00bbes\u00bb,\u00bbregion\u00bb:\u00bb419&#8243;}},\u00bbcitation\u00bb:{\u00abcontent\u00bb:\u00bb\u00bb,\u00bbtype\u00bb:\u00bbtext\u00bb},\u00bbcontent_elements\u00bb:[{\u00ab_id\u00bb:\u00bbG2H27MBLFFEUTIL7GMJEWWVVMY\u00bb,\u00bbadditional_properties\u00bb:{},\u00bbcontent\u00bb:\u00bbNo pueden pagar mi pensi\u00f3n hasta que yo arregle mi situaci\u00f3n y est\u00e9 all\u00e1, seg\u00fan ellos, pero es dinero que me quitaron semana por semana\u201d\u00bb,\u00bbtype\u00bb:\u00bbtext\u00bb}],\u00bbsubtype\u00bb:\u00bbpullquote\u00bb,\u00bbtype\u00bb:\u00bbquote\u00bb},{\u00ab_id\u00bb:\u00bbLNEO4FI3JRBNVCHQMVEFF42LLA\u00bb,\u00bbadditional_properties\u00bb:{},\u00bbcontent\u00bb:\u00bb Se\u00f1al\u00f3.\u00bb,\u00bbtype\u00bb:\u00bbtext\u00bb},{\u00ab_id\u00bb:\u00bbH542PRKXH5DNDH7M4ZBKMRL4K4&#8243;,\u00bbadditional_properties\u00bb:{\u00abfullSizeResizeUrl\u00bb:\u00bb\/resizer\/v2\/H542PRKXH5DNDH7M4ZBKMRL4K4.jpeg?auth=021fb28de9ba6e0f64db3e21a06091fc6097624118b7ec42b7bfce8cfac89b0d\u00bb,\u00bbgalleries\u00bb:[],\u00bbingestionMethod\u00bb:\u00bbmanual\u00bb,\u00bbmime_type\u00bb:\u00bbimage\/jpeg\u00bb,\u00bboriginalName\u00bb:\u00bbWhatsApp Image 2025-12-18 at 16.59.47.jpeg\u00bb,\u00bboriginalUrl\u00bb:\u00bbhttps:\/\/cloudfront-us-east-1.images.arcpublishing.com\/elimparcial\/H542PRKXH5DNDH7M4ZBKMRL4K4.jpeg\u00bb,\u00bbproxyUrl\u00bb:\u00bb\/resizer\/v2\/H542PRKXH5DNDH7M4ZBKMRL4K4.jpeg?auth=021fb28de9ba6e0f64db3e21a06091fc6097624118b7ec42b7bfce8cfac89b0d\u00bb,\u00bbpublished\u00bb:true,\u00bbresizeUrl\u00bb:\u00bb\/resizer\/v2\/H542PRKXH5DNDH7M4ZBKMRL4K4.jpeg?auth=021fb28de9ba6e0f64db3e21a06091fc6097624118b7ec42b7bfce8cfac89b0d\u00bb,\u00bbrestricted\u00bb:false,\u00bbthumbnailResizeUrl\u00bb:\u00bb\/resizer\/v2\/H542PRKXH5DNDH7M4ZBKMRL4K4.jpeg?auth=021fb28de9ba6e0f64db3e21a06091fc6097624118b7ec42b7bfce8cfac89b0d&#038;width=300&#8243;,\u00bbversion\u00bb:0,\u00bbtemplate_id\u00bb:1220},\u00bbaddress\u00bb:{},\u00bbauth\u00bb:{\u00ab2&#8243;:\u00bb021fb28de9ba6e0f64db3e21a06091fc6097624118b7ec42b7bfce8cfac89b0d\u00bb},\u00bbcaption\u00bb:\u00bbLe colocaran una maleta con droga entre sus pertenencias sin su conocimiento, representante de SOS Migrantes, confirm\u00f3 que existen m\u00faltiples casos como el de Julio Carrasco. Foto: Border Zoom\u00bb,\u00bbcreated_date\u00bb:\u00bb2025-12-19T01:14:13Z\u00bb,\u00bbcredits\u00bb:{\u00abaffiliation\u00bb:[]},\u00bbheight\u00bb:854,\u00bbimage_type\u00bb:\u00bbphotograph\u00bb,\u00bblast_updated_date\u00bb:\u00bb2025-12-19T01:14:13Z\u00bb,\u00bblicensable\u00bb:false,\u00bbowner\u00bb:{\u00abid\u00bb:\u00bbelimparcial\u00bb,\u00bbsponsored\u00bb:false},\u00bbsource\u00bb:{\u00abadditional_properties\u00bb:{\u00abeditor\u00bb:\u00bbphoto center\u00bb},\u00bbedit_url\u00bb:\u00bb\u00bb,\u00bbsystem\u00bb:\u00bbphoto center\u00bb},\u00bbsubtitle\u00bb:\u00bbTras 50 a\u00f1os de trabajo en Estados Unidos, adulto mayor deportado no recibe pensi\u00f3n\u00bb,\u00bbtype\u00bb:\u00bbimage\u00bb,\u00bburl\u00bb:\u00bbhttps:\/\/cloudfront-us-east-1.images.arcpublishing.com\/elimparcial\/H542PRKXH5DNDH7M4ZBKMRL4K4.jpeg\u00bb,\u00bbversion\u00bb:\u00bb0.10.9&#8243;,\u00bbwidth\u00bb:1280},{\u00ab_id\u00bb:\u00bb54VBLOMTRFAPJMPYKO236SQ5V4&#8243;,\u00bbadditional_properties\u00bb:{},\u00bbcontent\u00bb:\u00bbPor su parte, Hugo Castro, representante de SOS Migrantes, confirm\u00f3 que <b>existen m\u00faltiples casos como el de Julio Carrasco <\/b>y calific\u00f3 como ir\u00f3nica la postura de las autoridades estadounidenses.\u00bb,\u00bbtype\u00bb:\u00bbtext\u00bb},{\u00ab_id\u00bb:\u00bbH4XQESRTZNHGZJOELEDDLALEVM\u00bb,\u00bbadditional_properties\u00bb:{\u00ablanguage\u00bb:{\u00abcode\u00bb:\u00bbes\u00bb,\u00bbregion\u00bb:\u00bb419&#8243;}},\u00bbcitation\u00bb:{\u00abcontent\u00bb:\u00bb\u00bb,\u00bbtype\u00bb:\u00bbtext\u00bb},\u00bbcontent_elements\u00bb:[{\u00ab_id\u00bb:\u00bbBLCPZ3XDBBBFTKXBEJ4GOF7DSU\u00bb,\u00bbadditional_properties\u00bb:{},\u00bbcontent\u00bb:\u00bbLes dicen que s\u00ed pueden recibir su seguro social, pero que deben tramitarlo dentro de Estados Unidos; sin embargo, al estar deportados, no pueden hacerlo\u201d\u00bb,\u00bbtype\u00bb:\u00bbtext\u00bb}],\u00bbsubtype\u00bb:\u00bbpullquote\u00bb,\u00bbtype\u00bb:\u00bbquote\u00bb},{\u00ab_id\u00bb:\u00bbTXK5IHGQ3NFEHLZ27BX3ZVNOK4&#8243;,\u00bbadditional_properties\u00bb:{},\u00bbcontent\u00bb:\u00bb Concluy\u00f3.\u00bb,\u00bbtype\u00bb:\u00bbtext\u00bb},{\u00ab_id\u00bb:\u00bbF56DZ7DZXFBOPKY6OGYD7PQKCI\u00bb,\u00bbadditional_properties\u00bb:{},\u00bbcontent\u00bb:\u00bb\u00bb,\u00bbtype\u00bb:\u00bbtext\u00bb}],\u00bbcreated_date\u00bb:\u00bb2025-12-19T01:11:27.852Z\u00bb,\u00bbcredits\u00bb:{\u00abby\u00bb:[{\u00ab_id\u00bb:\u00bbredaccion-gh\u00bb,\u00bbtype\u00bb:\u00bbauthor\u00bb,\u00bbversion\u00bb:\u00bb0.5.8&#8243;,\u00bbname\u00bb:\u00bbRedacci\u00f3n GH\u00bb,\u00bburl\u00bb:\u00bb\/people\/redaccion-gh\u00bb,\u00bbslug\u00bb:\u00bbredaccion-gh\u00bb,\u00bbadditional_properties\u00bb:{\u00aboriginal\u00bb:{\u00ab_id\u00bb:\u00bbredaccion-gh\u00bb,\u00bbslug\u00bb:\u00bbredaccion-gh\u00bb,\u00bbbyline\u00bb:\u00bbRedacci\u00f3n GH\u00bb,\u00bbfirstName\u00bb:\u00bbRedacci\u00f3n GH\u00bb,\u00bbbio_page\u00bb:\u00bb\/people\/redaccion-gh\u00bb,\u00bblast_updated_date\u00bb:\u00bb2024-07-25T13:18:04.273Z\u00bb,\u00bbbooks\u00bb:[],\u00bbpodcasts\u00bb:[],\u00bbeducation\u00bb:[],\u00bbawards\u00bb:[]}}}]},\u00bbdescription\u00bb:{\u00abbasic\u00bb:\u00bbLe colocaran una maleta con droga entre sus pertenencias sin su conocimiento, representante de SOS Migrantes, confirm\u00f3 que existen m\u00faltiples casos como el de Julio Carrasco.\\n\u00bb},\u00bbdisplay_date\u00bb:\u00bb2025-12-19T01:14:56.049Z\u00bb,\u00bbdistributor\u00bb:{\u00abcategory\u00bb:\u00bbstaff\u00bb,\u00bbname\u00bb:\u00bbelimparcial\u00bb,\u00bbsubcategory\u00bb:\u00bb\u00bb},\u00bbfirst_publish_date\u00bb:\u00bb2025-12-19T01:14:56.049Z\u00bb,\u00bbheadlines\u00bb:{\u00abbasic\u00bb:\u00bbTras 50 a\u00f1os de trabajo en Estados Unidos, adulto mayor deportado no recibe pensi\u00f3n\u00bb,\u00bbmeta_title\u00bb:\u00bb\u00bb,\u00bbmobile\u00bb:\u00bb\u00bb,\u00bbnative\u00bb:\u00bb\u00bb,\u00bbprint\u00bb:\u00bb\u00bb,\u00bbtablet\u00bb:\u00bb\u00bb,\u00bbweb\u00bb:\u00bb\u00bb},\u00bblast_updated_date\u00bb:\u00bb2025-12-19T01:15:37.745Z\u00bb,\u00bbowner\u00bb:{\u00abid\u00bb:\u00bbelimparcial\u00bb,\u00bbsponsored\u00bb:false},\u00bbplanning\u00bb:{\u00abscheduling\u00bb:{\u00abwill_have_image\u00bb:true},\u00bbstory_length\u00bb:{\u00abcharacter_count_actual\u00bb:1307,\u00bbinch_count_actual\u00bb:2,\u00bbline_count_actual\u00bb:14,\u00bbword_count_actual\u00bb:210}},\u00bbpromo_items\u00bb:{\u00abbasic\u00bb:{\u00ab_id\u00bb:\u00bbDIVLEHPYC5HCDI6FBSYHEUAHGE\u00bb,\u00bbadditional_properties\u00bb:{\u00abfullSizeResizeUrl\u00bb:\u00bb\/resizer\/v2\/DIVLEHPYC5HCDI6FBSYHEUAHGE.jpeg?auth=d8be7205c2f4aa5a3beda35a7152fae5eb872462f5bb9b4bb5865fac01b2df0a\u00bb,\u00bbgalleries\u00bb:[],\u00bbingestionMethod\u00bb:\u00bbmanual\u00bb,\u00bbmime_type\u00bb:\u00bbimage\/jpeg\u00bb,\u00bboriginalName\u00bb:\u00bbWhatsApp Image 2025-12-18 at 16.59.46.jpeg\u00bb,\u00bboriginalUrl\u00bb:\u00bbhttps:\/\/cloudfront-us-east-1.images.arcpublishing.com\/elimparcial\/DIVLEHPYC5HCDI6FBSYHEUAHGE.jpeg\u00bb,\u00bbproxyUrl\u00bb:\u00bb\/resizer\/v2\/DIVLEHPYC5HCDI6FBSYHEUAHGE.jpeg?auth=d8be7205c2f4aa5a3beda35a7152fae5eb872462f5bb9b4bb5865fac01b2df0a\u00bb,\u00bbpublished\u00bb:true,\u00bbresizeUrl\u00bb:\u00bb\/resizer\/v2\/DIVLEHPYC5HCDI6FBSYHEUAHGE.jpeg?auth=d8be7205c2f4aa5a3beda35a7152fae5eb872462f5bb9b4bb5865fac01b2df0a\u00bb,\u00bbrestricted\u00bb:false,\u00bbthumbnailResizeUrl\u00bb:\u00bb\/resizer\/v2\/DIVLEHPYC5HCDI6FBSYHEUAHGE.jpeg?auth=d8be7205c2f4aa5a3beda35a7152fae5eb872462f5bb9b4bb5865fac01b2df0a&#038;width=300&#8243;,\u00bbversion\u00bb:0,\u00bbtemplate_id\u00bb:1220},\u00bbaddress\u00bb:{},\u00bbauth\u00bb:{\u00ab2&#8243;:\u00bbd8be7205c2f4aa5a3beda35a7152fae5eb872462f5bb9b4bb5865fac01b2df0a\u00bb},\u00bbcaption\u00bb:\u00bbLe colocaran una maleta con droga entre sus pertenencias sin su conocimiento, representante de SOS Migrantes, confirm\u00f3 que existen m\u00faltiples casos como el de Julio Carrasco. Foto: Border Zoom\u00bb,\u00bbcreated_date\u00bb:\u00bb2025-12-19T01:14:13Z\u00bb,\u00bbcredits\u00bb:{\u00abaffiliation\u00bb:[]},\u00bbheight\u00bb:854,\u00bbimage_type\u00bb:\u00bbphotograph\u00bb,\u00bblast_updated_date\u00bb:\u00bb2025-12-19T01:14:13Z\u00bb,\u00bblicensable\u00bb:false,\u00bbowner\u00bb:{\u00abid\u00bb:\u00bbelimparcial\u00bb,\u00bbsponsored\u00bb:false},\u00bbsource\u00bb:{\u00abadditional_properties\u00bb:{\u00abeditor\u00bb:\u00bbphoto center\u00bb},\u00bbedit_url\u00bb:\u00bb\u00bb,\u00bbsystem\u00bb:\u00bbphoto center\u00bb},\u00bbsubtitle\u00bb:\u00bbTras 50 a\u00f1os de trabajo en Estados Unidos, adulto mayor deportado no recibe pensi\u00f3n\u00bb,\u00bbtaxonomy\u00bb:{\u00abassociated_tasks\u00bb:[]},\u00bbtype\u00bb:\u00bbimage\u00bb,\u00bburl\u00bb:\u00bbhttps:\/\/cloudfront-us-east-1.images.arcpublishing.com\/elimparcial\/DIVLEHPYC5HCDI6FBSYHEUAHGE.jpeg\u00bb,\u00bbversion\u00bb:\u00bb0.10.9&#8243;,\u00bbwidth\u00bb:1280,\u00bbsyndication\u00bb:{},\u00bbaspect\u00bb:\u00bb16\/9&#8243;,\u00bbmedia\u00bb:\u00bbei-simple-list\u00bb,\u00bbsmart\u00bb:true}},\u00bbpublish_date\u00bb:\u00bb2025-12-19T01:15:37.647Z\u00bb,\u00bbrelated_content\u00bb:{\u00abbasic\u00bb:[],\u00bbclonedChildren\u00bb:[],\u00bbclonedFromParent\u00bb:[]},\u00bbrevision\u00bb:{\u00abbranch\u00bb:\u00bbdefault\u00bb,\u00bbeditions\u00bb:[\u00abdefault\u00bb],\u00bbparent_id\u00bb:\u00bbAYUMG4F4EZFETLG23ROBQA2BGY\u00bb,\u00bbpublished\u00bb:true,\u00bbrevision_id\u00bb:\u00bbU3GSVHT2PRAUDAA4C6KDAGJASE\u00bb},\u00bbsource\u00bb:{\u00abname\u00bb:\u00bbelimparcial\u00bb,\u00bbsource_type\u00bb:\u00bbstaff\u00bb,\u00bbsystem\u00bb:\u00bbcomposer\u00bb},\u00bbsubheadlines\u00bb:{\u00abbasic\u00bb:\u00bbLe colocaran una maleta con droga entre sus pertenencias sin su conocimiento, representante de SOS Migrantes confirm\u00f3 que existen m\u00faltiples casos como el de Julio Carrasco.\u00bb},\u00bbtaxonomy\u00bb:{\u00abprimary_section\u00bb:{\u00ab_id\u00bb:\u00bb\/tij\/tijuana\u00bb,\u00bb_website\u00bb:\u00bbelimparcial\u00bb,\u00bbtype\u00bb:\u00bbsection\u00bb,\u00bbversion\u00bb:\u00bb0.6.0&#8243;,\u00bbname\u00bb:\u00bbTijuana\u00bb,\u00bbdescription\u00bb:\u00bbEl mejor medio en l\u00ednea con noticias en tiempo real e informaci\u00f3n de Mexicali, Baja California, M\u00e9xico y el mundo\u00bb,\u00bbpath\u00bb:\u00bb\/tij\/tijuana\u00bb,\u00bbparent_id\u00bb:\u00bbhttps:\/\/www.elimparcial.com\/\u00bb,\u00bbparent\u00bb:{\u00abdefault\u00bb:\u00bbhttps:\/\/www.elimparcial.com\/\u00bb},\u00bbadditional_properties\u00bb:{\u00aboriginal\u00bb:{\u00ab_id\u00bb:\u00bb\/tij\/tijuana\u00bb,\u00bbsite\u00bb:{\u00absite_tagline\u00bb:null,\u00bbsite_url\u00bb:\u00bbhttps:\/\/www.elimparcial.com\/tij\/tijuana\/\u00bb,\u00bbsite_title\u00bb:\u00bbTijuana | Noticias de Tijuana | EL IMPARCIAL\u00bb,\u00bbsite_about\u00bb:null,\u00bbsite_keywords\u00bb:null,\u00bbsite_description\u00bb:\u00bbEl mejor medio en l\u00ednea con noticias en tiempo real e informaci\u00f3n de Mexicali, Baja California, M\u00e9xico y el mundo\u00bb,\u00bbpagebuilder_path_for_native_apps\u00bb:null},\u00bbsocial\u00bb:{\u00abtwitter\u00bb:null,\u00bbinstagram\u00bb:null,\u00bbrss\u00bb:null,\u00bbfacebook\u00bb:null},\u00bbnavigation\u00bb:{\u00abnav_title\u00bb:null},\u00bbsite_topper\u00bb:{\u00absite_logo_image\u00bb:null},\u00bb_admin\u00bb:{\u00abalias_ids\u00bb:[\u00ab\/tij\/tijuana\u00bb]},\u00bb_website\u00bb:\u00bbelimparcial\u00bb,\u00bbname\u00bb:\u00bbTijuana\u00bb,\u00bborder\u00bb:{\u00abcomposer-menu\u00bb:1005,\u00bbdefault\u00bb:1017},\u00bbparent\u00bb:{\u00abdefault\u00bb:\u00bbhttps:\/\/www.elimparcial.com\/\u00bb,\u00bbcomposer-menu\u00bb:\u00bbhttps:\/\/www.elimparcial.com\/\u00bb,\u00bbNavbar\u00bb:null},\u00bbancestors\u00bb:{\u00abdefault\u00bb:[\u00abhttps:\/\/www.elimparcial.com\/\u00bb],\u00bbcomposer-menu\u00bb:[\u00abhttps:\/\/www.elimparcial.com\/\u00bb],\u00bbNavbar\u00bb:[]},\u00bbinactive\u00bb:false,\u00bbnode_type\u00bb:\u00bbsection\u00bb}}},\u00bbprimary_site\u00bb:{\u00ab_id\u00bb:\u00bb\/tij\/tijuana\u00bb,\u00bbtype\u00bb:\u00bbsite\u00bb,\u00bbversion\u00bb:\u00bb0.5.8&#8243;,\u00bbname\u00bb:\u00bbTijuana\u00bb,\u00bbdescription\u00bb:\u00bbEl mejor medio en l\u00ednea con noticias en tiempo real e informaci\u00f3n de Mexicali, Baja California, M\u00e9xico y el mundo\u00bb,\u00bbpath\u00bb:\u00bb\/tij\/tijuana\u00bb,\u00bbparent_id\u00bb:\u00bbhttps:\/\/www.elimparcial.com\/\u00bb,\u00bbadditional_properties\u00bb:{\u00aboriginal\u00bb:{\u00ab_id\u00bb:\u00bb\/tij\/tijuana\u00bb,\u00bbsite\u00bb:{\u00absite_tagline\u00bb:null,\u00bbsite_url\u00bb:\u00bbhttps:\/\/www.elimparcial.com\/tij\/tijuana\/\u00bb,\u00bbsite_title\u00bb:\u00bbTijuana | Noticias de Tijuana | EL IMPARCIAL\u00bb,\u00bbsite_about\u00bb:null,\u00bbsite_keywords\u00bb:null,\u00bbsite_description\u00bb:\u00bbEl mejor medio en l\u00ednea con noticias en tiempo real e informaci\u00f3n de Mexicali, Baja California, M\u00e9xico y el mundo\u00bb,\u00bbpagebuilder_path_for_native_apps\u00bb:null},\u00bbsocial\u00bb:{\u00abtwitter\u00bb:null,\u00bbinstagram\u00bb:null,\u00bbrss\u00bb:null,\u00bbfacebook\u00bb:null},\u00bbnavigation\u00bb:{\u00abnav_title\u00bb:null},\u00bbsite_topper\u00bb:{\u00absite_logo_image\u00bb:null},\u00bb_admin\u00bb:{\u00abalias_ids\u00bb:[\u00ab\/tij\/tijuana\u00bb]},\u00bbname\u00bb:\u00bbTijuana\u00bb,\u00bborder\u00bb:{\u00abcomposer-menu\u00bb:1005,\u00bbdefault\u00bb:1017},\u00bbparent\u00bb:{\u00abdefault\u00bb:\u00bbhttps:\/\/www.elimparcial.com\/\u00bb,\u00bbcomposer-menu\u00bb:\u00bbhttps:\/\/www.elimparcial.com\/\u00bb,\u00bbNavbar\u00bb:null},\u00bbancestors\u00bb:{\u00abdefault\u00bb:[\u00abhttps:\/\/www.elimparcial.com\/\u00bb],\u00bbcomposer-menu\u00bb:[\u00abhttps:\/\/www.elimparcial.com\/\u00bb],\u00bbNavbar\u00bb:[]},\u00bbinactive\u00bb:false,\u00bbnode_type\u00bb:\u00bbsection\u00bb}}},\u00bbsections\u00bb:[{\u00ab_id\u00bb:\u00bb\/tij\/tijuana\u00bb,\u00bb_website\u00bb:\u00bbelimparcial\u00bb,\u00bbtype\u00bb:\u00bbsection\u00bb,\u00bbversion\u00bb:\u00bb0.6.0&#8243;,\u00bbname\u00bb:\u00bbTijuana\u00bb,\u00bbdescription\u00bb:\u00bbEl mejor medio en l\u00ednea con noticias en tiempo real e informaci\u00f3n de Mexicali, Baja California, M\u00e9xico y el mundo\u00bb,\u00bbpath\u00bb:\u00bb\/tij\/tijuana\u00bb,\u00bbparent_id\u00bb:\u00bbhttps:\/\/www.elimparcial.com\/\u00bb,\u00bbparent\u00bb:{\u00abdefault\u00bb:\u00bbhttps:\/\/www.elimparcial.com\/\u00bb},\u00bbadditional_properties\u00bb:{\u00aboriginal\u00bb:{\u00ab_id\u00bb:\u00bb\/tij\/tijuana\u00bb,\u00bbsite\u00bb:{\u00absite_tagline\u00bb:null,\u00bbsite_url\u00bb:\u00bbhttps:\/\/www.elimparcial.com\/tij\/tijuana\/\u00bb,\u00bbsite_title\u00bb:\u00bbTijuana | Noticias de Tijuana | EL IMPARCIAL\u00bb,\u00bbsite_about\u00bb:null,\u00bbsite_keywords\u00bb:null,\u00bbsite_description\u00bb:\u00bbEl mejor medio en l\u00ednea con noticias en tiempo real e informaci\u00f3n de Mexicali, Baja California, M\u00e9xico y el mundo\u00bb,\u00bbpagebuilder_path_for_native_apps\u00bb:null},\u00bbsocial\u00bb:{\u00abtwitter\u00bb:null,\u00bbinstagram\u00bb:null,\u00bbrss\u00bb:null,\u00bbfacebook\u00bb:null},\u00bbnavigation\u00bb:{\u00abnav_title\u00bb:null},\u00bbsite_topper\u00bb:{\u00absite_logo_image\u00bb:null},\u00bb_admin\u00bb:{\u00abalias_ids\u00bb:[\u00ab\/tij\/tijuana\u00bb]},\u00bb_website\u00bb:\u00bbelimparcial\u00bb,\u00bbname\u00bb:\u00bbTijuana\u00bb,\u00bborder\u00bb:{\u00abcomposer-menu\u00bb:1005,\u00bbdefault\u00bb:1017},\u00bbparent\u00bb:{\u00abdefault\u00bb:\u00bbhttps:\/\/www.elimparcial.com\/\u00bb,\u00bbcomposer-menu\u00bb:\u00bbhttps:\/\/www.elimparcial.com\/\u00bb,\u00bbNavbar\u00bb:null},\u00bbancestors\u00bb:{\u00abdefault\u00bb:[\u00abhttps:\/\/www.elimparcial.com\/\u00bb],\u00bbcomposer-menu\u00bb:[\u00abhttps:\/\/www.elimparcial.com\/\u00bb],\u00bbNavbar\u00bb:[]},\u00bbinactive\u00bb:false,\u00bbnode_type\u00bb:\u00bbsection\u00bb}},\u00bb_website_section_id\u00bb:\u00bbelimparcial.\/tij\/tijuana\u00bb}],\u00bbsites\u00bb:[{\u00ab_id\u00bb:\u00bb\/tij\/tijuana\u00bb,\u00bbtype\u00bb:\u00bbsite\u00bb,\u00bbversion\u00bb:\u00bb0.5.8&#8243;,\u00bbname\u00bb:\u00bbTijuana\u00bb,\u00bbdescription\u00bb:\u00bbEl mejor medio en l\u00ednea con noticias en tiempo real e informaci\u00f3n de Mexicali, Baja California, M\u00e9xico y el mundo\u00bb,\u00bbpath\u00bb:\u00bb\/tij\/tijuana\u00bb,\u00bbparent_id\u00bb:\u00bbhttps:\/\/www.elimparcial.com\/\u00bb,\u00bbadditional_properties\u00bb:{\u00aboriginal\u00bb:{\u00ab_id\u00bb:\u00bb\/tij\/tijuana\u00bb,\u00bbsite\u00bb:{\u00absite_tagline\u00bb:null,\u00bbsite_url\u00bb:\u00bbhttps:\/\/www.elimparcial.com\/tij\/tijuana\/\u00bb,\u00bbsite_title\u00bb:\u00bbTijuana | Noticias de Tijuana | EL IMPARCIAL\u00bb,\u00bbsite_about\u00bb:null,\u00bbsite_keywords\u00bb:null,\u00bbsite_description\u00bb:\u00bbEl mejor medio en l\u00ednea con noticias en tiempo real e informaci\u00f3n de Mexicali, Baja California, M\u00e9xico y el mundo\u00bb,\u00bbpagebuilder_path_for_native_apps\u00bb:null},\u00bbsocial\u00bb:{\u00abtwitter\u00bb:null,\u00bbinstagram\u00bb:null,\u00bbrss\u00bb:null,\u00bbfacebook\u00bb:null},\u00bbnavigation\u00bb:{\u00abnav_title\u00bb:null},\u00bbsite_topper\u00bb:{\u00absite_logo_image\u00bb:null},\u00bb_admin\u00bb:{\u00abalias_ids\u00bb:[\u00ab\/tij\/tijuana\u00bb]},\u00bbname\u00bb:\u00bbTijuana\u00bb,\u00bborder\u00bb:{\u00abcomposer-menu\u00bb:1005,\u00bbdefault\u00bb:1017},\u00bbparent\u00bb:{\u00abdefault\u00bb:\u00bbhttps:\/\/www.elimparcial.com\/\u00bb,\u00bbcomposer-menu\u00bb:\u00bbhttps:\/\/www.elimparcial.com\/\u00bb,\u00bbNavbar\u00bb:null},\u00bbancestors\u00bb:{\u00abdefault\u00bb:[\u00abhttps:\/\/www.elimparcial.com\/\u00bb],\u00bbcomposer-menu\u00bb:[\u00abhttps:\/\/www.elimparcial.com\/\u00bb],\u00bbNavbar\u00bb:[]},\u00bbinactive\u00bb:false,\u00bbnode_type\u00bb:\u00bbsection\u00bb}}}],\u00bbtags\u00bb:[{\u00ab_id\u00bb:\u00bbYFX4OJJXV5GF5AYYXG4NHMBVBM\u00bb,\u00bbdescription\u00bb:\u00bbDeportaciones\u00bb,\u00bbslug\u00bb:\u00bbdeportaciones\u00bb,\u00bbtext\u00bb:\u00bbDeportaciones\u00bb},{\u00ab_id\u00bb:\u00bbDITIN47OXBASZNEZWMPCERGB6E\u00bb,\u00bbdescription\u00bb:\u00bbDeportaci\u00f3n\u00bb,\u00bbslug\u00bb:\u00bbdeportacion\u00bb,\u00bbtext\u00bb:\u00bbDeportaci\u00f3n\u00bb},{\u00ab_id\u00bb:\u00bb3MMON52G4NFCPLKEG6TMGDB6QA\u00bb,\u00bbdescription\u00bb:\u00bbDeportaciones en EU\u00bb,\u00bbslug\u00bb:\u00bbdeportaciones-en-eu\u00bb,\u00bbtext\u00bb:\u00bbDeportaciones en EU\u00bb},{\u00ab_id\u00bb:\u00bbCXZHCXUCJVA5DDMNRTNW2WV3EY\u00bb,\u00bbdescription\u00bb:\u00bbTijuana\u00bb,\u00bbslug\u00bb:\u00bbtijuana\u00bb,\u00bbtext\u00bb:\u00bbTijuana\u00bb}]},\u00bbtype\u00bb:\u00bbstory\u00bb,\u00bbversion\u00bb:\u00bb0.10.11&#8243;,\u00bbwebsites\u00bb:{\u00abelimparcial\u00bb:{\u00abwebsite_section\u00bb:{\u00ab_id\u00bb:\u00bb\/tij\/tijuana\u00bb,\u00bb_website\u00bb:\u00bbelimparcial\u00bb,\u00bbtype\u00bb:\u00bbsection\u00bb,\u00bbversion\u00bb:\u00bb0.6.0&#8243;,\u00bbname\u00bb:\u00bbTijuana\u00bb,\u00bbdescription\u00bb:\u00bbEl mejor medio en l\u00ednea con noticias en tiempo real e informaci\u00f3n de Mexicali, Baja California, M\u00e9xico y el mundo\u00bb,\u00bbpath\u00bb:\u00bb\/tij\/tijuana\u00bb,\u00bbparent_id\u00bb:\u00bbhttps:\/\/www.elimparcial.com\/\u00bb,\u00bbparent\u00bb:{\u00abdefault\u00bb:\u00bbhttps:\/\/www.elimparcial.com\/\u00bb},\u00bbadditional_properties\u00bb:{\u00aboriginal\u00bb:{\u00ab_id\u00bb:\u00bb\/tij\/tijuana\u00bb,\u00bbsite\u00bb:{\u00absite_tagline\u00bb:null,\u00bbsite_url\u00bb:\u00bbhttps:\/\/www.elimparcial.com\/tij\/tijuana\/\u00bb,\u00bbsite_title\u00bb:\u00bbTijuana | Noticias de Tijuana | EL IMPARCIAL\u00bb,\u00bbsite_about\u00bb:null,\u00bbsite_keywords\u00bb:null,\u00bbsite_description\u00bb:\u00bbEl mejor medio en l\u00ednea con noticias en tiempo real e informaci\u00f3n de Mexicali, Baja California, M\u00e9xico y el mundo\u00bb,\u00bbpagebuilder_path_for_native_apps\u00bb:null},\u00bbsocial\u00bb:{\u00abtwitter\u00bb:null,\u00bbinstagram\u00bb:null,\u00bbrss\u00bb:null,\u00bbfacebook\u00bb:null},\u00bbnavigation\u00bb:{\u00abnav_title\u00bb:null},\u00bbsite_topper\u00bb:{\u00absite_logo_image\u00bb:null},\u00bb_admin\u00bb:{\u00abalias_ids\u00bb:[\u00ab\/tij\/tijuana\u00bb]},\u00bb_website\u00bb:\u00bbelimparcial\u00bb,\u00bbname\u00bb:\u00bbTijuana\u00bb,\u00bborder\u00bb:{\u00abcomposer-menu\u00bb:1005,\u00bbdefault\u00bb:1017},\u00bbparent\u00bb:{\u00abdefault\u00bb:\u00bbhttps:\/\/www.elimparcial.com\/\u00bb,\u00bbcomposer-menu\u00bb:\u00bbhttps:\/\/www.elimparcial.com\/\u00bb,\u00bbNavbar\u00bb:null},\u00bbancestors\u00bb:{\u00abdefault\u00bb:[\u00abhttps:\/\/www.elimparcial.com\/\u00bb],\u00bbcomposer-menu\u00bb:[\u00abhttps:\/\/www.elimparcial.com\/\u00bb],\u00bbNavbar\u00bb:[]},\u00bbinactive\u00bb:false,\u00bbnode_type\u00bb:\u00bbsection\u00bb}},\u00bb_website_section_id\u00bb:\u00bbelimparcial.\/tij\/tijuana\u00bb},\u00bbwebsite_url\u00bb:\u00bbhttps:\/\/www.elimparcial.com\/tij\/tijuana\/2025\/12\/19\/tras-50-anos-de-trabajo-en-estados-unidos-adulto-mayor-deportado-no-recibe-pension\/\u00bb}},\u00bbworkflow\u00bb:{\u00abstatus_code\u00bb:3},\u00bbcanonical_url\u00bb:\u00bbhttps:\/\/www.elimparcial.com\/tij\/tijuana\/2025\/12\/19\/tras-50-anos-de-trabajo-en-estados-unidos-adulto-mayor-deportado-no-recibe-pension\/\u00bb,\u00bbpublishing\u00bb:{\u00abscheduled_operations\u00bb:{\u00abpublish_edition\u00bb:[],\u00bbunpublish_edition\u00bb:[]}},\u00bbwebsite\u00bb:\u00bbelimparcial\u00bb,\u00bbwebsite_url\u00bb:\u00bbhttps:\/\/www.elimparcial.com\/tij\/tijuana\/2025\/12\/19\/tras-50-anos-de-trabajo-en-estados-unidos-adulto-mayor-deportado-no-recibe-pension\/\u00bb},{\u00ab_id\u00bb:\u00bb7CNXVXHGSVAG5LGZL7PEVKW5VY\u00bb,\u00bbadditional_properties\u00bb:{\u00abhas_published_copy\u00bb:true,\u00bbis_published\u00bb:true,\u00bbpublish_date\u00bb:\u00bb2025-12-19T16:14:43.659Z\u00bb},\u00bbcanonical_website\u00bb:\u00bbelimparcial\u00bb,\u00bbcontent_elements\u00bb:[{\u00ab_id\u00bb:\u00bbZFC32G4MSZAI3ETWH4E2U2FZPU\u00bb,\u00bbadditional_properties\u00bb:{},\u00bbcontent\u00bb:\u00bbLa disputa legal entre las empresas de apuestas vinculadas a <a href=\\\"https:\/\/www.elimparcial.com\/buscador\/?query=ricardo%20salinas%20pliego\\\" target=\\\"_blank\\\" rel=\\\"noreferrer\\\" title=\\\"https:\/\/www.elimparcial.com\/buscador\/?query=ricardo%20salinas%20pliego\\\"><b>Ricardo Salinas Pliego<\/b><\/a> y el gobierno federal sigue abierta y con efectos limitados para la operaci\u00f3n de sus plataformas. \u00ab,\u00bbtype\u00bb:\u00bbtext\u00bb},{\u00ab_id\u00bb:\u00bbP2MUMIGP5ZER3G667URCJKHQEI\u00bb,\u00bbadditional_properties\u00bb:{},\u00bbcontent\u00bb:\u00bbUn juez federal concedi\u00f3 una suspensi\u00f3n definitiva a favor de Bet365 y Betano, pero esta medida <b>no autoriza la reanudaci\u00f3n de juegos y apuestas<\/b>, sino \u00fanicamente la <b>conservaci\u00f3n de sus dominios y aplicaciones<\/b>. \u00ab,\u00bbtype\u00bb:\u00bbtext\u00bb},{\u00ab_id\u00bb:\u00bbUDJSBVD5YFBP5HGRAVELAEXBLU\u00bb,\u00bbadditional_properties\u00bb:{},\u00bbcontent\u00bb:\u00bbEl caso se da en medio de investigaciones de la Unidad de Inteligencia Financiera (<a href=\\\"https:\/\/www.elimparcial.com\/buscador\/?query=UIF\\\" target=\\\"_blank\\\" rel=\\\"noreferrer\\\" title=\\\"https:\/\/www.elimparcial.com\/buscador\/?query=UIF\\\"><b>UIF<\/b><\/a>), resoluciones contradictorias en tribunales y una solicitud de la Secretar\u00eda de Gobernaci\u00f3n (<a href=\\\"https:\/\/www.elimparcial.com\/buscador\/?query=Segob\\\" target=\\\"_blank\\\" rel=\\\"noreferrer\\\" title=\\\"https:\/\/www.elimparcial.com\/buscador\/?query=Segob\\\"><b>Segob<\/b><\/a>) para remover al juez que lleva uno de los expedientes.\u00bb,\u00bbtype\u00bb:\u00bbtext\u00bb},{\u00ab_id\u00bb:\u00bb7R3HOBOWVJGQDDKDFFBD53ZWZE\u00bb,\u00bbadditional_properties\u00bb:{},\u00bbcontent\u00bb:\u00bb\u00bfQu\u00e9 resolvi\u00f3 el juez sobre Bet365 y Betano?\u00bb,\u00bblevel\u00bb:2,\u00bbtype\u00bb:\u00bbheader\u00bb},{\u00ab_id\u00bb:\u00bbL3UKOGOYAFHYZJUQ2BYPNADGPQ\u00bb,\u00bbadditional_properties\u00bb:{},\u00bbcontent\u00bb:\u00bbDe acuerdo con un art\u00edculo publicado por El CEO, el juez Sexto de Distrito en Materia Administrativa en la Ciudad de M\u00e9xico, <b>Francisco Javier Rebolledo Pe\u00f1a<\/b>, otorg\u00f3 la suspensi\u00f3n definitiva a favor de <a href=\\\"https:\/\/www.elimparcial.com\/buscador\/?query=Ganador%20Azteca\\\" target=\\\"_blank\\\" rel=\\\"noreferrer\\\" title=\\\"https:\/\/www.elimparcial.com\/buscador\/?query=Ganador%20Azteca\\\"><b>Ganador Azteca<\/b><\/a><b> S.A.P.I. de C.V.<\/b>, empresa relacionada con Bet365 y Betano.\u00bb,\u00bbtype\u00bb:\u00bbtext\u00bb},{\u00ab_id\u00bb:\u00bbJXS67G2YZVFMXPVGBQZQN3HGDY\u00bb,\u00bbadditional_properties\u00bb:{},\u00bbcontent\u00bb:\u00bbLa resoluci\u00f3n se emiti\u00f3 despu\u00e9s de que el <b>D\u00e9cimo Primer Tribunal Colegiado en Materia Administrativa del Primer Circuito<\/b> modific\u00f3 una suspensi\u00f3n previa, tras una queja presentada por la Segob.\u00bb,\u00bbtype\u00bb:\u00bbtext\u00bb},{\u00ab_id\u00bb:\u00bbPKWAEXJQZBEAJAP2DJVMJYCGC4&#8243;,\u00bbadditional_properties\u00bb:{},\u00bbcontent\u00bb:\u00bbEn su resoluci\u00f3n, el juez se\u00f1al\u00f3:\u00bb,\u00bbtype\u00bb:\u00bbtext\u00bb},{\u00ab_id\u00bb:\u00bbOFI447PSOZFOPJLZWDKXGA3L7M\u00bb,\u00bbadditional_properties\u00bb:{\u00ablanguage\u00bb:{\u00abcode\u00bb:\u00bbes\u00bb,\u00bbregion\u00bb:\u00bbMX\u00bb}},\u00bbcitation\u00bb:{\u00abcontent\u00bb:\u00bb\u00bb,\u00bbtype\u00bb:\u00bbtext\u00bb},\u00bbcontent_elements\u00bb:[{\u00ab_id\u00bb:\u00bb67HWQ5VSDFBPPBRXLLMCZFF4JI\u00bb,\u00bbadditional_properties\u00bb:{},\u00bbcontent\u00bb:\u00bbSe concede la suspensi\u00f3n definitiva solicitada por Ganador Azteca, Sociedad An\u00f3nima Promotora de Inversi\u00f3n de Capital Variable\u201d.\u00bb,\u00bbtype\u00bb:\u00bbtext\u00bb}],\u00bbsubtype\u00bb:\u00bbpullquote\u00bb,\u00bbtype\u00bb:\u00bbquote\u00bb},{\u00ab_id\u00bb:\u00bbKOE72545MJFWXAOBH32IPMTYSM\u00bb,\u00bbadditional_properties\u00bb:{},\u00bbcontent\u00bb:\u00bb\u00bb,\u00bbtype\u00bb:\u00bbtext\u00bb},{\u00ab_id\u00bb:\u00bb62SCNX6IWZGWPKFWR4B4K6DT3Q\u00bb,\u00bbadditional_properties\u00bb:{\u00abfullSizeResizeUrl\u00bb:\u00bb\/resizer\/v2\/62SCNX6IWZGWPKFWR4B4K6DT3Q.jpg?auth=0b9422ea9a96b8530270da027810c0fe53f4e74790a32f491a670ef96ea0847e\u00bb,\u00bbgalleries\u00bb:[],\u00bbingestionMethod\u00bb:\u00bbmanual\u00bb,\u00bbmime_type\u00bb:\u00bbimage\/jpeg\u00bb,\u00bboriginalName\u00bb:\u00bbRicardo Salinas Pliego Claudia Sheinbaum casino en l\u00ednea Ganador Azteca.jpg\u00bb,\u00bboriginalUrl\u00bb:\u00bbhttps:\/\/cloudfront-us-east-1.images.arcpublishing.com\/elimparcial\/62SCNX6IWZGWPKFWR4B4K6DT3Q.jpg\u00bb,\u00bbproxyUrl\u00bb:\u00bb\/resizer\/v2\/62SCNX6IWZGWPKFWR4B4K6DT3Q.jpg?auth=0b9422ea9a96b8530270da027810c0fe53f4e74790a32f491a670ef96ea0847e\u00bb,\u00bbpublished\u00bb:true,\u00bbresizeUrl\u00bb:\u00bb\/resizer\/v2\/62SCNX6IWZGWPKFWR4B4K6DT3Q.jpg?auth=0b9422ea9a96b8530270da027810c0fe53f4e74790a32f491a670ef96ea0847e\u00bb,\u00bbrestricted\u00bb:false,\u00bbthumbnailResizeUrl\u00bb:\u00bb\/resizer\/v2\/62SCNX6IWZGWPKFWR4B4K6DT3Q.jpg?auth=0b9422ea9a96b8530270da027810c0fe53f4e74790a32f491a670ef96ea0847e&#038;width=300&#8243;,\u00bbversion\u00bb:0,\u00bbtemplate_id\u00bb:1220},\u00bbaddress\u00bb:{},\u00bbalt_text\u00bb:\u00bbEl empresario mexicano Ricardo Salinas Pliego est\u00e1 en problemas con el Gobierno de Claudia Sheinbaum por su casino en l\u00ednea Ganador Azteca, se\u00f1alado por presunto mal uso de la Ley de Amparo. | Archivo GH y Presidencia MX\u00bb,\u00bbauth\u00bb:{\u00ab2&#8243;:\u00bb0b9422ea9a96b8530270da027810c0fe53f4e74790a32f491a670ef96ea0847e\u00bb},\u00bbcaption\u00bb:\u00bbEl empresario mexicano Ricardo Salinas Pliego est\u00e1 en problemas con el Gobierno de Claudia Sheinbaum por su casino en l\u00ednea Ganador Azteca, se\u00f1alado por presunto mal uso de la Ley de Amparo. | Archivo GH y Presidencia MX\u00bb,\u00bbcreated_date\u00bb:\u00bb2025-12-09T22:51:04Z\u00bb,\u00bbcredits\u00bb:{\u00abaffiliation\u00bb:[]},\u00bbheight\u00bb:1080,\u00bbimage_type\u00bb:\u00bbphotograph\u00bb,\u00bblast_updated_date\u00bb:\u00bb2025-12-09T22:51:04Z\u00bb,\u00bblicensable\u00bb:false,\u00bbowner\u00bb:{\u00abid\u00bb:\u00bbelimparcial\u00bb,\u00bbsponsored\u00bb:false},\u00bbsource\u00bb:{\u00abadditional_properties\u00bb:{\u00abeditor\u00bb:\u00bbphoto center\u00bb},\u00bbedit_url\u00bb:\u00bb\u00bb,\u00bbsystem\u00bb:\u00bbphoto center\u00bb},\u00bbsubtitle\u00bb:\u00bbRicardo Salinas Pliego Claudia Sheinbaum casino en l\u00ednea Ganador Azteca\u00bb,\u00bbtaxonomy\u00bb:{\u00abassociated_tasks\u00bb:[]},\u00bbtype\u00bb:\u00bbimage\u00bb,\u00bburl\u00bb:\u00bbhttps:\/\/cloudfront-us-east-1.images.arcpublishing.com\/elimparcial\/62SCNX6IWZGWPKFWR4B4K6DT3Q.jpg\u00bb,\u00bbversion\u00bb:\u00bb0.10.9&#8243;,\u00bbwidth\u00bb:1920,\u00bbsyndication\u00bb:{}},{\u00ab_id\u00bb:\u00bb4TYJNPCPSZGBZPLA6JVFIP7EBY\u00bb,\u00bbadditional_properties\u00bb:{},\u00bbcontent\u00bb:\u00bb\u00bb,\u00bbtype\u00bb:\u00bbtext\u00bb},{\u00ab_id\u00bb:\u00bbVK45EFDMQFENPP4LSLJKAWOSUU\u00bb,\u00bbadditional_properties\u00bb:{},\u00bbcontent\u00bb:\u00bb<a href=\\\"https:\/\/www.elimparcial.com\/mexico\/2025\/12\/09\/ricardo-salinas-pliego-se-metio-en-mas-problemas-con-el-gobierno-de-claudia-sheinbaum-por-el-mal-uso-de-la-ley-de-amparo-en-caso-de-suspension-a-sus-casinos-en-linea-ganador-azteca\/\\\" target=\\\"_blank\\\" rel=\\\"noreferrer\\\" title=\\\"https:\/\/www.elimparcial.com\/mexico\/2025\/12\/09\/ricardo-salinas-pliego-se-metio-en-mas-problemas-con-el-gobierno-de-claudia-sheinbaum-por-el-mal-uso-de-la-ley-de-amparo-en-caso-de-suspension-a-sus-casinos-en-linea-ganador-azteca\/\\\"><b>Te puede interesar: Ricardo Salinas Pliego se meti\u00f3 en m\u00e1s problemas con el gobierno de Claudia Sheinbaum por el mal uso de la Ley de Amparo en caso de suspensi\u00f3n a sus casinos en l\u00ednea Ganador Azteca<\/b><\/a>\u00ab,\u00bbtype\u00bb:\u00bbtext\u00bb},{\u00ab_id\u00bb:\u00bbZZSL5ASBEVCSXDZ4BOZAOYCCWI\u00bb,\u00bbadditional_properties\u00bb:{},\u00bbcontent\u00bb:\u00bb\u00bfQu\u00e9 permite y qu\u00e9 proh\u00edbe esta suspensi\u00f3n definitiva?\u00bb,\u00bblevel\u00bb:2,\u00bbtype\u00bb:\u00bbheader\u00bb},{\u00ab_id\u00bb:\u00bbBTGGR7WX35HTBOSGFQD2GRORXU\u00bb,\u00bbadditional_properties\u00bb:{},\u00bbcontent\u00bb:\u00bbLa suspensi\u00f3n definitiva <b>no autoriza<\/b> la reapertura de los casinos ni la reanudaci\u00f3n de apuestas en l\u00ednea. Sus alcances son limitados:\u00bb,\u00bbtype\u00bb:\u00bbtext\u00bb},{\u00ab_id\u00bb:\u00bbHLGPG5XG7VBP5JMVGYLAQTL6G4&#8243;,\u00bbitems\u00bb:[{\u00ab_id\u00bb:\u00bb4ZA24XEZVJFGDODR52FNKZ5UWA\u00bb,\u00bbadditional_properties\u00bb:{\u00abindent\u00bb:0},\u00bbalignment\u00bb:\u00bbleft\u00bb,\u00bbcontent\u00bb:\u00bbLas empresas <b>pueden conservar y operar sus dominios y aplicaciones<\/b>.\u00bb,\u00bbtype\u00bb:\u00bbtext\u00bb},{\u00ab_id\u00bb:\u00bbBOBFPEYLHREVTB7LZH3KSQLNEE\u00bb,\u00bbadditional_properties\u00bb:{\u00abindent\u00bb:0},\u00bbalignment\u00bb:\u00bbleft\u00bb,\u00bbcontent\u00bb:\u00bbNo perder\u00e1n los dominios de sus sitios web.\u00bb,\u00bbtype\u00bb:\u00bbtext\u00bb},{\u00ab_id\u00bb:\u00bbNESDPKCUFBCPPHHTHWYQ3PNQPM\u00bb,\u00bbadditional_properties\u00bb:{\u00abindent\u00bb:0},\u00bbalignment\u00bb:\u00bbleft\u00bb,\u00bbcontent\u00bb:\u00bb<b>No pueden realizar operaciones de juegos y apuestas<\/b>.\u00bb,\u00bbtype\u00bb:\u00bbtext\u00bb},{\u00ab_id\u00bb:\u00bb6W6FWXJYFZCVVIXW3XO6FNDCYU\u00bb,\u00bbadditional_properties\u00bb:{\u00abindent\u00bb:0},\u00bbalignment\u00bb:\u00bbleft\u00bb,\u00bbcontent\u00bb:\u00bbSi se detecta que vuelven a operar apuestas, <b>las autoridades judiciales pueden levantar la suspensi\u00f3n<\/b>.\u00bb,\u00bbtype\u00bb:\u00bbtext\u00bb}],\u00bblist_type\u00bb:\u00bbunordered\u00bb,\u00bbtype\u00bb:\u00bblist\u00bb},{\u00ab_id\u00bb:\u00bbNU7C7XYJZ5FN7M3FCEBTVDWHXE\u00bb,\u00bbadditional_properties\u00bb:{},\u00bbcontent\u00bb:\u00bbEn t\u00e9rminos pr\u00e1cticos, Bet365 y Betano pueden mantener su presencia digital, pero no ofrecer servicios de apuestas al p\u00fablico.\u00bb,\u00bbtype\u00bb:\u00bbtext\u00bb},{\u00ab_id\u00bb:\u00bbRCOFNRTOWNFFZC32SR2255XD3Y\u00bb,\u00bbadditional_properties\u00bb:{},\u00bbcontent\u00bb:\u00bb\u00bfPor qu\u00e9 intervino un tribunal colegiado?\u00bb,\u00bblevel\u00bb:2,\u00bbtype\u00bb:\u00bbheader\u00bb},{\u00ab_id\u00bb:\u00bb7PTZKG4T4BABBA3WM2UE3KNPMY\u00bb,\u00bbadditional_properties\u00bb:{},\u00bbcontent\u00bb:\u00bbEl tribunal colegiado modific\u00f3 una suspensi\u00f3n original otorgada por el propio juez Rebolledo Pe\u00f1a, luego de que la Segob impugn\u00f3 esa decisi\u00f3n. \u00ab,\u00bbtype\u00bb:\u00bbtext\u00bb},{\u00ab_id\u00bb:\u00bbTJZHAZM3E5CDBLIF4QFUCYZKP4&#8243;,\u00bbadditional_properties\u00bb:{},\u00bbcontent\u00bb:\u00bbLa autoridad federal consider\u00f3 que <b>el juzgador mantuvo una postura favorable a las empresas<\/b>, pese a que una instancia superior ya hab\u00eda establecido criterios distintos sobre el alcance de la suspensi\u00f3n.\u00bb,\u00bbtype\u00bb:\u00bbtext\u00bb},{\u00ab_id\u00bb:\u00bbH32PXTYKGBHGBE2FKJVELQD7J4&#8243;,\u00bbadditional_properties\u00bb:{},\u00bbcontent\u00bb:\u00bbEste desacuerdo deriv\u00f3, d\u00edas despu\u00e9s, en una solicitud formal para remover al juez del caso.\u00bb,\u00bbtype\u00bb:\u00bbtext\u00bb},{\u00ab_id\u00bb:\u00bbJ5373T6BEBA5DI44UA2OCSFOJA\u00bb,\u00bbadditional_properties\u00bb:{},\u00bbcontent\u00bb:\u00bb<b>Te puede interesar: <\/b><a href=\\\"https:\/\/www.elimparcial.com\/mexico\/2025\/12\/17\/tras-la-resolucion-de-la-nueva-corte-contra-ricardo-salinas-pliego-por-su-deuda-al-sat-samsung-esta-preocupado-pues-podria-perder-hasta-13-mil-500-millones-de-pesos-en-multas-y-recargos-por-posible-doble-tributacion-en-iva\/\\\" target=\\\"_blank\\\" rel=\\\"noreferrer\\\" title=\\\"https:\/\/www.elimparcial.com\/mexico\/2025\/12\/17\/tras-la-resolucion-de-la-nueva-corte-contra-ricardo-salinas-pliego-por-su-deuda-al-sat-samsung-esta-preocupado-pues-podria-perder-hasta-13-mil-500-millones-de-pesos-en-multas-y-recargos-por-posible-doble-tributacion-en-iva\/\\\"><b>Tras la resoluci\u00f3n de la nueva Corte contra Ricardo Salinas Pliego por su deuda al SAT, Samsung est\u00e1 preocupado, pues podr\u00eda perder hasta 13 mil 500 millones de pesos en multas y recargos por posible doble tributaci\u00f3n en IVA<\/b><\/a>\u00ab,\u00bbtype\u00bb:\u00bbtext\u00bb},{\u00ab_id\u00bb:\u00bbGVOUJ67LSVFTZDS6LJQWSVR2FQ\u00bb,\u00bbadditional_properties\u00bb:{},\u00bbcontent\u00bb:\u00bbEl otro amparo que a\u00fan est\u00e1 en proceso\u00bb,\u00bblevel\u00bb:2,\u00bbtype\u00bb:\u00bbheader\u00bb},{\u00ab_id\u00bb:\u00bbLPTSM4RWAJEMJN466OGLFEK6BI\u00bb,\u00bbadditional_properties\u00bb:{},\u00bbcontent\u00bb:\u00bbAdem\u00e1s de este juicio, <b>Ganador Azteca cuenta con un segundo amparo<\/b>, tramitado en el <b>Juzgado Segundo de Distrito en Materia Administrativa de la Ciudad de M\u00e9xico<\/b>.\u00bb,\u00bbtype\u00bb:\u00bbtext\u00bb},{\u00ab_id\u00bb:\u00bbM5OV2H5EYFHTVLZPIDLFHXE7TU\u00bb,\u00bbadditional_properties\u00bb:{},\u00bbcontent\u00bb:\u00bbEste recurso va dirigido contra diversas autoridades y contra los <b>art\u00edculos 14 y 16 de la Ley Federal de Juegos y Sorteos<\/b>.\u00bb,\u00bbtype\u00bb:\u00bbtext\u00bb},{\u00ab_id\u00bb:\u00bbHXVS3FFOSVGN7KE3XM2ETN6XAI\u00bb,\u00bbadditional_properties\u00bb:{},\u00bbcontent\u00bb:\u00bbEl juez <b>Germ\u00e1n Cruz Silva<\/b> admiti\u00f3 el amparo a finales de noviembre de 2025. Actualmente, el proceso sigue en etapa de recepci\u00f3n de informes por parte de:\u00bb,\u00bbtype\u00bb:\u00bbtext\u00bb},{\u00ab_id\u00bb:\u00bbTYPH4HCUVNAFVPVKTPBTJI4UPI\u00bb,\u00bbitems\u00bb:[{\u00ab_id\u00bb:\u00bb3BKW4IRQRRGZRBJBZBES5YIB7M\u00bb,\u00bbadditional_properties\u00bb:{\u00abindent\u00bb:0},\u00bbalignment\u00bb:\u00bbleft\u00bb,\u00bbcontent\u00bb:\u00bbLa C\u00e1mara de Diputados\u00bb,\u00bbtype\u00bb:\u00bbtext\u00bb},{\u00ab_id\u00bb:\u00bbIPAJEGW3TBHU3FBPY3BDRJUQ64&#8243;,\u00bbadditional_properties\u00bb:{\u00abindent\u00bb:0},\u00bbalignment\u00bb:\u00bbleft\u00bb,\u00bbcontent\u00bb:\u00bbLa C\u00e1mara de Senadores\u00bb,\u00bbtype\u00bb:\u00bbtext\u00bb},{\u00ab_id\u00bb:\u00bbAGTLHE4NVZBYPPGCXPIAQ7BBHQ\u00bb,\u00bbadditional_properties\u00bb:{\u00abindent\u00bb:0},\u00bbalignment\u00bb:\u00bbleft\u00bb,\u00bbcontent\u00bb:\u00bbLa Secretar\u00eda de Gobernaci\u00f3n\u00bb,\u00bbtype\u00bb:\u00bbtext\u00bb}],\u00bblist_type\u00bb:\u00bbunordered\u00bb,\u00bbtype\u00bb:\u00bblist\u00bb},{\u00ab_id\u00bb:\u00bbIDC7MIDQYRANLNQDXECFHATTQ4&#8243;,\u00bbadditional_properties\u00bb:{},\u00bbcontent\u00bb:\u00bbLa <b>audiencia constitucional est\u00e1 programada para febrero de 2026<\/b>, cuando se definir\u00e1 si las empresas obtienen o no la protecci\u00f3n de la justicia federal frente a la suspensi\u00f3n de sus casinos y cuentas.\u00bb,\u00bbtype\u00bb:\u00bbtext\u00bb},{\u00ab_id\u00bb:\u00bbSNEFC3XXGNC6TG6VA3BXHGVTBY\u00bb,\u00bbadditional_properties\u00bb:{},\u00bbcontent\u00bb:\u00bbUIF y Segob vs. Salinas Pliego: c\u00f3mo inici\u00f3 el conflicto\u00bb,\u00bblevel\u00bb:2,\u00bbtype\u00bb:\u00bbheader\u00bb},{\u00ab_id\u00bb:\u00bb7FLMZEMQANBNHIZGQQPXGLF2GA\u00bb,\u00bbadditional_properties\u00bb:{},\u00bbcontent\u00bb:\u00bbEl conflicto comenz\u00f3 el <b>12 de diciembre<\/b>, cuando la <b>Unidad de Inteligencia Financiera (UIF)<\/b> anunci\u00f3 la investigaci\u00f3n de <b>13 casinos<\/b>, entre ellos los operados por <b>Ganador Azteca<\/b>.\u00bb,\u00bbtype\u00bb:\u00bbtext\u00bb},{\u00ab_id\u00bb:\u00bbISMHATEFW5DGTKLY7ATI7FLARU\u00bb,\u00bbadditional_properties\u00bb:{},\u00bbcontent\u00bb:\u00bbTras este anuncio, la <b>Direcci\u00f3n General de Juegos y Sorteos de la Segob<\/b> orden\u00f3 la <b>suspensi\u00f3n inmediata de operaciones<\/b>, bajo el argumento de que la medida se aplic\u00f3 conforme a la ley para:\u00bb,\u00bbtype\u00bb:\u00bbtext\u00bb},{\u00ab_id\u00bb:\u00bbEB5E2RHVKFEFHFQPUNM7S2U35A\u00bb,\u00bbitems\u00bb:[{\u00ab_id\u00bb:\u00bbJ7DQHFYUINABRGCNTNIP6ID3XA\u00bb,\u00bbadditional_properties\u00bb:{\u00abindent\u00bb:0},\u00bbalignment\u00bb:\u00bbleft\u00bb,\u00bbcontent\u00bb:\u00bbGarantizar la legalidad de las operaciones\u00bb,\u00bbtype\u00bb:\u00bbtext\u00bb},{\u00ab_id\u00bb:\u00bbX7RKS524IBFBDGSISVCYB7E35E\u00bb,\u00bbadditional_properties\u00bb:{\u00abindent\u00bb:0},\u00bbalignment\u00bb:\u00bbleft\u00bb,\u00bbcontent\u00bb:\u00bbProteger a los usuarios\u00bb,\u00bbtype\u00bb:\u00bbtext\u00bb}],\u00bblist_type\u00bb:\u00bbunordered\u00bb,\u00bbtype\u00bb:\u00bblist\u00bb},{\u00ab_id\u00bb:\u00bbGMN4L7DCKFAPVMKDO3NRD5EZCM\u00bb,\u00bbadditional_properties\u00bb:{},\u00bbcontent\u00bb:\u00bbLa suspensi\u00f3n incluy\u00f3 tanto casinos f\u00edsicos como plataformas digitales.\u00bb,\u00bbtype\u00bb:\u00bbtext\u00bb},{\u00ab_id\u00bb:\u00bbCYUMNMHRARAHZORDJJR3LPV3H4&#8243;,\u00bbadditional_properties\u00bb:{},\u00bbcontent\u00bb:\u00bb<b>Te puede interesar: <\/b><a href=\\\"https:\/\/www.elimparcial.com\/mexico\/2025\/12\/18\/ricardo-salinas-pliego-seria-el-candidato-del-pan-para-las-elecciones-2030-segun-simpatizantes-del-partido-cuantas-personas-apoyan-esta-idea\/\\\" target=\\\"_blank\\\" rel=\\\"noreferrer\\\" title=\\\"https:\/\/www.elimparcial.com\/mexico\/2025\/12\/18\/ricardo-salinas-pliego-seria-el-candidato-del-pan-para-las-elecciones-2030-segun-simpatizantes-del-partido-cuantas-personas-apoyan-esta-idea\/\\\"><b>Ricardo Salinas Pliego ser\u00eda el candidato del PAN para las elecciones 2030 seg\u00fan simpatizantes del partido, \u00bfcu\u00e1ntas personas apoyan esta idea?<\/b><\/a>\u00ab,\u00bbtype\u00bb:\u00bbtext\u00bb},{\u00ab_id\u00bb:\u00bbVIEZUBCPOJBK3CWIX2CJ5YVYT4&#8243;,\u00bbadditional_properties\u00bb:{},\u00bbcontent\u00bb:\u00bbLa respuesta de Grupo Salinas\u00bb,\u00bblevel\u00bb:2,\u00bbtype\u00bb:\u00bbheader\u00bb},{\u00ab_id\u00bb:\u00bbFJJLS35WTBFYXL3IJU6AXJA4AY\u00bb,\u00bbadditional_properties\u00bb:{},\u00bbcontent\u00bb:\u00bb<b>Grupo Salinas<\/b> rechaz\u00f3 las acciones del gobierno federal, encabezado por la presidenta<b> <\/b><a href=\\\"https:\/\/www.elimparcial.com\/buscador\/?query=Claudia%20Sheinbaum\\\" target=\\\"_blank\\\" rel=\\\"noreferrer\\\" title=\\\"https:\/\/www.elimparcial.com\/buscador\/?query=Claudia%20Sheinbaum\\\"><b>Claudia Sheinbaum<\/b><\/a>, y calific\u00f3 la medida como un acto arbitrario. \u00ab,\u00bbtype\u00bb:\u00bbtext\u00bb},{\u00ab_id\u00bb:\u00bbGGG4NEVXONHK7JSC536HM2JCL4&#8243;,\u00bbadditional_properties\u00bb:{},\u00bbcontent\u00bb:\u00bbEn un posicionamiento p\u00fablico, sostuvo que se trat\u00f3 de una:\u00bb,\u00bbtype\u00bb:\u00bbtext\u00bb},{\u00ab_id\u00bb:\u00bbQTRSZUCJFRA5FNMIUUTH2NBX6A\u00bb,\u00bbadditional_properties\u00bb:{},\u00bbcontent\u00bb:\u00bb<b>\u201cpersecuci\u00f3n de Estado\u201d <\/b>derivada de un \u201cacto autoritario e infundado\u201d.\u00bb,\u00bbtype\u00bb:\u00bbtext\u00bb},{\u00ab_id\u00bb:\u00bbEW7I5OGCUVC4BCENHBDDDTNANQ\u00bb,\u00bbadditional_properties\u00bb:{},\u00bbcontent\u00bb:\u00bbDesde entonces, la confrontaci\u00f3n legal se ha trasladado a distintos juzgados federales.\u00bb,\u00bbtype\u00bb:\u00bbtext\u00bb},{\u00ab_id\u00bb:\u00bbIV4X7JM5SBFQHF4LWTEC2HLFD4&#8243;,\u00bbadditional_properties\u00bb:{},\u00bbcontent\u00bb:\u00bb\u00bb,\u00bbtype\u00bb:\u00bbtext\u00bb},{\u00ab_id\u00bb:\u00bbZZJES2ZRGZF3NLKLSQJK2VGK5Q\u00bb,\u00bbadditional_properties\u00bb:{\u00abfullSizeResizeUrl\u00bb:\u00bb\/resizer\/v2\/ZZJES2ZRGZF3NLKLSQJK2VGK5Q.jpg?auth=59840e8b29c67a61370751ed7c3293e658e7e0f2bd0c3839063111ecca4fbbc8&#8243;,\u00bbgalleries\u00bb:[],\u00bbingestionMethod\u00bb:\u00bbmanual\u00bb,\u00bbmime_type\u00bb:\u00bbimage\/jpeg\u00bb,\u00bboriginalName\u00bb:\u00bbCasinos de Ricado Salinas Pliego.jpg\u00bb,\u00bboriginalUrl\u00bb:\u00bbhttps:\/\/cloudfront-us-east-1.images.arcpublishing.com\/elimparcial\/ZZJES2ZRGZF3NLKLSQJK2VGK5Q.jpg\u00bb,\u00bbproxyUrl\u00bb:\u00bb\/resizer\/v2\/ZZJES2ZRGZF3NLKLSQJK2VGK5Q.jpg?auth=59840e8b29c67a61370751ed7c3293e658e7e0f2bd0c3839063111ecca4fbbc8&#8243;,\u00bbpublished\u00bb:true,\u00bbresizeUrl\u00bb:\u00bb\/resizer\/v2\/ZZJES2ZRGZF3NLKLSQJK2VGK5Q.jpg?auth=59840e8b29c67a61370751ed7c3293e658e7e0f2bd0c3839063111ecca4fbbc8&#8243;,\u00bbrestricted\u00bb:false,\u00bbthumbnailResizeUrl\u00bb:\u00bb\/resizer\/v2\/ZZJES2ZRGZF3NLKLSQJK2VGK5Q.jpg?auth=59840e8b29c67a61370751ed7c3293e658e7e0f2bd0c3839063111ecca4fbbc8&#038;width=300&#8243;,\u00bbversion\u00bb:0,\u00bbtemplate_id\u00bb:1220,\u00bbalt_text\u00bb:\u00bbLa UIF presentar\u00e1 denuncias ante la Fiscal\u00eda General de la Rep\u00fablica (FGR) por operaciones con recursos de procedencia il\u00edcita, asociaci\u00f3n delictuosa y delitos del orden fiscal, adem\u00e1s de notificar a la Procuradur\u00eda Fiscal de la Federaci\u00f3n (PFF).\u00bb,\u00bblink\u00bb:\u00bb\u00bb},\u00bbaddress\u00bb:{},\u00bbalt_text\u00bb:\u00bbLa UIF presentar\u00e1 denuncias ante la Fiscal\u00eda General de la Rep\u00fablica (FGR) por operaciones con recursos de procedencia il\u00edcita, asociaci\u00f3n delictuosa y delitos del orden fiscal, adem\u00e1s de notificar a la Procuradur\u00eda Fiscal de la Federaci\u00f3n (PFF).\u00bb,\u00bbauth\u00bb:{\u00ab2&#8243;:\u00bb59840e8b29c67a61370751ed7c3293e658e7e0f2bd0c3839063111ecca4fbbc8&#8243;},\u00bbcaption\u00bb:\u00bbUn juez federal concedi\u00f3 una suspensi\u00f3n definitiva a favor de Bet365 y Betano, pero esta medida no autoriza la reanudaci\u00f3n de juegos y apuestas, sino \u00fanicamente la conservaci\u00f3n de sus dominios y aplicaciones. \u00ab,\u00bbcreated_date\u00bb:\u00bb2025-11-12T15:05:12Z\u00bb,\u00bbcredits\u00bb:{\u00abaffiliation\u00bb:[]},\u00bbheight\u00bb:1080,\u00bbimage_type\u00bb:\u00bbphotograph\u00bb,\u00bblast_updated_date\u00bb:\u00bb2025-11-12T15:05:12Z\u00bb,\u00bblicensable\u00bb:false,\u00bbowner\u00bb:{\u00abid\u00bb:\u00bbelimparcial\u00bb,\u00bbsponsored\u00bb:false},\u00bbsource\u00bb:{\u00abadditional_properties\u00bb:{\u00abeditor\u00bb:\u00bbphoto center\u00bb},\u00bbedit_url\u00bb:\u00bb\u00bb,\u00bbsystem\u00bb:\u00bbphoto center\u00bb},\u00bbsubtitle\u00bb:\u00bbLa UIF presentar\u00e1 denuncias ante la Fiscal\u00eda General de la Rep\u00fablica (FGR) por operaciones con recursos de procedencia il\u00edcita, asociaci\u00f3n delictuosa y delitos del orden fiscal, adem\u00e1s de notificar a la Procuradur\u00eda Fiscal de la Federaci\u00f3n (PFF).q\u00bb,\u00bbtaxonomy\u00bb:{\u00abassociated_tasks\u00bb:[]},\u00bbtype\u00bb:\u00bbimage\u00bb,\u00bburl\u00bb:\u00bbhttps:\/\/cloudfront-us-east-1.images.arcpublishing.com\/elimparcial\/ZZJES2ZRGZF3NLKLSQJK2VGK5Q.jpg\u00bb,\u00bbversion\u00bb:\u00bb0.10.9&#8243;,\u00bbwidth\u00bb:1920,\u00bbsyndication\u00bb:{}},{\u00ab_id\u00bb:\u00bbPJ7L32OFTFEKXKVBKX4Q7T2RB4&#8243;,\u00bbadditional_properties\u00bb:{},\u00bbcontent\u00bb:\u00bb\u00bb,\u00bbtype\u00bb:\u00bbtext\u00bb},{\u00ab_id\u00bb:\u00bbX3TAGNTUW5AVNEQQWHB2QZBYBA\u00bb,\u00bbadditional_properties\u00bb:{},\u00bbcontent\u00bb:\u00bb<b>Te puede interesar: <\/b><a href=\\\"https:\/\/www.elimparcial.com\/mexico\/2025\/12\/01\/movimientos-patrimoniales-2025-la-fortuna-de-carlos-slim-se-reduce-pero-mantiene-el-liderazgo-mientras-ricardo-salinas-pliego-registra-una-caida-del-634\/\\\" target=\\\"_blank\\\" rel=\\\"noreferrer\\\" title=\\\"https:\/\/www.elimparcial.com\/mexico\/2025\/12\/01\/movimientos-patrimoniales-2025-la-fortuna-de-carlos-slim-se-reduce-pero-mantiene-el-liderazgo-mientras-ricardo-salinas-pliego-registra-una-caida-del-634\/\\\"><b>La fortuna de Carlos Slim se reduce en 2025, pero mantiene su liderazgo en M\u00e9xico, mientras Ricardo Salinas Pliego enfrenta una ca\u00edda patrimonial del 63.4%, reflejando c\u00f3mo la diversificaci\u00f3n y la exposici\u00f3n sectorial marcaron el a\u00f1o econ\u00f3mico<\/b><\/a>\u00ab,\u00bbtype\u00bb:\u00bbtext\u00bb},{\u00ab_id\u00bb:\u00bbQH6DFGIIYFDSZF5ZWDAN5RREUU\u00bb,\u00bbadditional_properties\u00bb:{},\u00bbcontent\u00bb:\u00bb\u00bfQu\u00e9 sigue para Bet365 y Betano?\u00bb,\u00bblevel\u00bb:2,\u00bbtype\u00bb:\u00bbheader\u00bb},{\u00ab_id\u00bb:\u00bbEUOWNPFPZNELRMD7ED3IAB3XII\u00bb,\u00bbadditional_properties\u00bb:{},\u00bbcontent\u00bb:\u00bbPor ahora, la reanudaci\u00f3n de apuestas sigue <b>en suspenso<\/b>. Las empresas deber\u00e1n esperar:\u00bb,\u00bbtype\u00bb:\u00bbtext\u00bb},{\u00ab_id\u00bb:\u00bb33JTUKWD6FE4NO2EKXDPI6EOBE\u00bb,\u00bbitems\u00bb:[{\u00ab_id\u00bb:\u00bbVL6HKZFMXFFBNHUVZC7OELXEZQ\u00bb,\u00bbadditional_properties\u00bb:{\u00abindent\u00bb:0},\u00bbalignment\u00bb:\u00bbleft\u00bb,\u00bbcontent\u00bb:\u00bbLa resoluci\u00f3n del segundo amparo en febrero de 2026&#8243;,\u00bbtype\u00bb:\u00bbtext\u00bb},{\u00ab_id\u00bb:\u00bbF7GJ3VMPVRHD5A2RGK2UOWERUY\u00bb,\u00bbadditional_properties\u00bb:{\u00abindent\u00bb:0},\u00bbalignment\u00bb:\u00bbleft\u00bb,\u00bbcontent\u00bb:\u00bbEl desenlace de las investigaciones de la UIF\u00bb,\u00bbtype\u00bb:\u00bbtext\u00bb},{\u00ab_id\u00bb:\u00bb5E5EB2RZTVBZFHCCYM57WCDX2I\u00bb,\u00bbadditional_properties\u00bb:{\u00abindent\u00bb:0},\u00bbalignment\u00bb:\u00bbleft\u00bb,\u00bbcontent\u00bb:\u00bbLa decisi\u00f3n sobre la permanencia del juez Rebolledo Pe\u00f1a en el caso\u00bb,\u00bbtype\u00bb:\u00bbtext\u00bb}],\u00bblist_type\u00bb:\u00bbunordered\u00bb,\u00bbtype\u00bb:\u00bblist\u00bb},{\u00ab_id\u00bb:\u00bbGZEFHKEDNZBPPMG4AYK7KY6T6Q\u00bb,\u00bbadditional_properties\u00bb:{},\u00bbcontent\u00bb:\u00bbMientras tanto, <b>cualquier intento de volver a operar apuestas podr\u00eda anular los beneficios de la suspensi\u00f3n concedida<\/b>.\u00bb,\u00bbtype\u00bb:\u00bbtext\u00bb}],\u00bbcreated_date\u00bb:\u00bb2025-12-18T21:14:54.997Z\u00bb,\u00bbcredits\u00bb:{\u00abby\u00bb:[{\u00ab_id\u00bb:\u00bbecontreras\u00bb,\u00bbtype\u00bb:\u00bbauthor\u00bb,\u00bbversion\u00bb:\u00bb0.5.8&#8243;,\u00bbname\u00bb:\u00bbEnya M. Contreras\u00bb,\u00bbimage\u00bb:{\u00aburl\u00bb:\u00bbhttps:\/\/author-service-images-prod-us-east-1.publishing.aws.arc.pub\/elimparcial\/0936a10f-6aab-4a68-b212-aa13bc5afe99.png\u00bb,\u00bbversion\u00bb:\u00bb0.5.8&#8243;},\u00bbdescription\u00bb:\u00bbEditora Web\u00bb,\u00bburl\u00bb:\u00bb\/people\/enya-m-contreras\u00bb,\u00bbslug\u00bb:\u00bbenya-m-contreras\u00bb,\u00bbsocial_links\u00bb:[{\u00absite\u00bb:\u00bbemail\u00bb,\u00bburl\u00bb:\u00bbecontreras@elimparcial.com\u00bb}],\u00bbsocialLinks\u00bb:[{\u00absite\u00bb:\u00bbemail\u00bb,\u00bburl\u00bb:\u00bbecontreras@elimparcial.com\u00bb,\u00bbdeprecated\u00bb:true,\u00bbdeprecation_msg\u00bb:\u00bbPlease use social_links.\u00bb}],\u00bbadditional_properties\u00bb:{\u00aboriginal\u00bb:{\u00ab_id\u00bb:\u00bbecontreras\u00bb,\u00bbslug\u00bb:\u00bbenya-m-contreras\u00bb,\u00bbbyline\u00bb:\u00bbEnya M. Contreras\u00bb,\u00bbfirstName\u00bb:\u00bbEnya M.\u00bb,\u00bblastName\u00bb:\u00bbContreras\u00bb,\u00bbemail\u00bb:\u00bbecontreras@elimparcial.com\u00bb,\u00bbbio_page\u00bb:\u00bb\/people\/enya-m-contreras\u00bb,\u00bblast_updated_date\u00bb:\u00bb2025-12-05T15:02:34.897Z\u00bb,\u00bbbooks\u00bb:[],\u00bbpodcasts\u00bb:[],\u00bbeducation\u00bb:[],\u00bbawards\u00bb:[],\u00bblongBio\u00bb:\u00bbEditora Digital, licenciada en Literaturas Hisp\u00e1nicas por la Universidad de Sonora. Me integr\u00e9 a EL IMPARCIAL en 2022 como Redactora web, enfocada en noticias Internacionales y Nacionales, luego me desempe\u00f1\u00e9 como Editora web de dichas secciones desde inicios del 2024 y en octubre de 2025 se me confi\u00f3 la tarea de editar los portales de EL IMPARCIAL, LA CR\u00d3NICA y FRONTERA como responsable del equipo Web del \u00e1rea Digital.\u00bb,\u00bbbio\u00bb:\u00bbEditora Web\u00bb,\u00bbrole\u00bb:\u00bbEditora Digital\u00bb,\u00bbimage\u00bb:\u00bbhttps:\/\/author-service-images-prod-us-east-1.publishing.aws.arc.pub\/elimparcial\/0936a10f-6aab-4a68-b212-aa13bc5afe99.png\u00bb}}}]},\u00bbdescription\u00bb:{\u00abbasic\u00bb:\u00bbLa suspensi\u00f3n definitiva no autoriza la reapertura de los casinos ni la reanudaci\u00f3n de apuestas en l\u00ednea. \u00ab},\u00bbdisplay_date\u00bb:\u00bb2025-12-21T16:24:53.014Z\u00bb,\u00bbdistributor\u00bb:{\u00abcategory\u00bb:\u00bbstaff\u00bb,\u00bbname\u00bb:\u00bbelimparcial\u00bb,\u00bbsubcategory\u00bb:\u00bb\u00bb},\u00bbfirst_publish_date\u00bb:\u00bb2025-12-18T21:45:27.773Z\u00bb,\u00bbheadlines\u00bb:{\u00abbasic\u00bb:\u00bbJuez federal Francisco Javier Rebolledo Pe\u00f1a concedi\u00f3 una suspensi\u00f3n definitiva a favor de Ricardo Salinas Pliego y sus casinos Bet365 y Betano, en medio de investigaciones de la UIF y petici\u00f3n de la Segob para removerlo de su cargo por supuestamente favorecer ilegalmente a la empresa Ganador Azteca S.A.P.I. de C.V.\u00bb,\u00bbmeta_title\u00bb:\u00bb\u00bb,\u00bbmobile\u00bb:\u00bb\u00bb,\u00bbnative\u00bb:\u00bb\u00bb,\u00bbprint\u00bb:\u00bb\u00bb,\u00bbtablet\u00bb:\u00bb\u00bb,\u00bbweb\u00bb:\u00bb\u00bb},\u00bblast_updated_date\u00bb:\u00bb2025-12-21T16:24:53.158Z\u00bb,\u00bbowner\u00bb:{\u00abid\u00bb:\u00bbelimparcial\u00bb,\u00bbsponsored\u00bb:false},\u00bbplanning\u00bb:{\u00abscheduling\u00bb:{\u00abwill_have_image\u00bb:true},\u00bbstory_length\u00bb:{\u00abcharacter_count_actual\u00bb:5196,\u00bbinch_count_actual\u00bb:8,\u00bbline_count_actual\u00bb:52,\u00bbword_count_actual\u00bb:834}},\u00bbpromo_items\u00bb:{\u00abbasic\u00bb:{\u00ab_id\u00bb:\u00bb5SKZNEMABZHFDODY3B3HKNUU3E\u00bb,\u00bbadditional_properties\u00bb:{\u00abfullSizeResizeUrl\u00bb:\u00bb\/resizer\/v2\/5SKZNEMABZHFDODY3B3HKNUU3E.jpg?auth=45f8af03b056fb85aacb5c10846ee839ad0132ab2b6b62cc81eafe621ae82522&#8243;,\u00bbgalleries\u00bb:[],\u00bbingestionMethod\u00bb:\u00bbmanual\u00bb,\u00bbmime_type\u00bb:\u00bbimage\/jpeg\u00bb,\u00bboriginalName\u00bb:\u00bbjuez a favor de salinas.jpg\u00bb,\u00bboriginalUrl\u00bb:\u00bbhttps:\/\/cloudfront-us-east-1.images.arcpublishing.com\/elimparcial\/5SKZNEMABZHFDODY3B3HKNUU3E.jpg\u00bb,\u00bbproxyUrl\u00bb:\u00bb\/resizer\/v2\/5SKZNEMABZHFDODY3B3HKNUU3E.jpg?auth=45f8af03b056fb85aacb5c10846ee839ad0132ab2b6b62cc81eafe621ae82522&#8243;,\u00bbpublished\u00bb:true,\u00bbresizeUrl\u00bb:\u00bb\/resizer\/v2\/5SKZNEMABZHFDODY3B3HKNUU3E.jpg?auth=45f8af03b056fb85aacb5c10846ee839ad0132ab2b6b62cc81eafe621ae82522&#8243;,\u00bbrestricted\u00bb:false,\u00bbthumbnailResizeUrl\u00bb:\u00bb\/resizer\/v2\/5SKZNEMABZHFDODY3B3HKNUU3E.jpg?auth=45f8af03b056fb85aacb5c10846ee839ad0132ab2b6b62cc81eafe621ae82522&#038;width=300&#8243;,\u00bbversion\u00bb:0,\u00bbtemplate_id\u00bb:1220},\u00bbaddress\u00bb:{},\u00bbalt_text\u00bb:\u00bbLa resoluci\u00f3n no beneficia econ\u00f3micamente a las empresas en lo inmediato, solo evita que pierdan su infraestructura digital.\u00bb,\u00bbauth\u00bb:{\u00ab2&#8243;:\u00bb45f8af03b056fb85aacb5c10846ee839ad0132ab2b6b62cc81eafe621ae82522&#8243;},\u00bbcaption\u00bb:\u00bbLa resoluci\u00f3n no beneficia econ\u00f3micamente a las empresas en lo inmediato, solo evita que pierdan su infraestructura digital. Foto: Especial (Gobierno de M\u00e9xico\/Redes sociales\/Canva)\u00bb,\u00bbcreated_date\u00bb:\u00bb2025-12-18T21:37:18Z\u00bb,\u00bbcredits\u00bb:{\u00abaffiliation\u00bb:[]},\u00bbheight\u00bb:1080,\u00bbimage_type\u00bb:\u00bbphotograph\u00bb,\u00bblast_updated_date\u00bb:\u00bb2025-12-18T21:37:18Z\u00bb,\u00bblicensable\u00bb:false,\u00bbowner\u00bb:{\u00abid\u00bb:\u00bbelimparcial\u00bb,\u00bbsponsored\u00bb:false},\u00bbsource\u00bb:{\u00abadditional_properties\u00bb:{\u00abeditor\u00bb:\u00bbphoto center\u00bb},\u00bbedit_url\u00bb:\u00bb\u00bb,\u00bbsystem\u00bb:\u00bbphoto center\u00bb},\u00bbsubtitle\u00bb:\u00bbLa resoluci\u00f3n no beneficia econ\u00f3micamente a las empresas en lo inmediato, solo evita que pierdan su infraestructura digital.\u00bb,\u00bbtaxonomy\u00bb:{\u00abassociated_tasks\u00bb:[]},\u00bbtype\u00bb:\u00bbimage\u00bb,\u00bburl\u00bb:\u00bbhttps:\/\/cloudfront-us-east-1.images.arcpublishing.com\/elimparcial\/5SKZNEMABZHFDODY3B3HKNUU3E.jpg\u00bb,\u00bbversion\u00bb:\u00bb0.10.9&#8243;,\u00bbwidth\u00bb:1920,\u00bbsyndication\u00bb:{},\u00bbaspect\u00bb:\u00bb16\/9&#8243;,\u00bbmedia\u00bb:\u00bbei-simple-list\u00bb,\u00bbsmart\u00bb:true}},\u00bbpublish_date\u00bb:\u00bb2025-12-21T16:24:53.014Z\u00bb,\u00bbrelated_content\u00bb:{\u00abbasic\u00bb:[],\u00bbclonedChildren\u00bb:[],\u00bbclonedFromParent\u00bb:[]},\u00bbrevision\u00bb:{\u00abbranch\u00bb:\u00bbdefault\u00bb,\u00bbeditions\u00bb:[\u00abdefault\u00bb],\u00bbparent_id\u00bb:\u00bbHQT63QQD55B35E4BSBYXCGQHSM\u00bb,\u00bbpublished\u00bb:true,\u00bbrevision_id\u00bb:\u00bbKSHU3NRYYVB5RL4OYHKCFNDL5U\u00bb},\u00bbsource\u00bb:{\u00abname\u00bb:\u00bbelimparcial\u00bb,\u00bbsource_type\u00bb:\u00bbstaff\u00bb,\u00bbsystem\u00bb:\u00bbcomposer\u00bb},\u00bbsubheadlines\u00bb:{\u00abbasic\u00bb:\u00bbLa suspensi\u00f3n definitiva no autoriza la reapertura de los casinos ni la reanudaci\u00f3n de apuestas en l\u00ednea. \u00ab},\u00bbtaxonomy\u00bb:{\u00abprimary_section\u00bb:{\u00ab_id\u00bb:\u00bb\/mexico\u00bb,\u00bb_website\u00bb:\u00bbelimparcial\u00bb,\u00bbtype\u00bb:\u00bbsection\u00bb,\u00bbversion\u00bb:\u00bb0.6.0&#8243;,\u00bbname\u00bb:\u00bbM\u00e9xico\u00bb,\u00bbpath\u00bb:\u00bb\/mexico\u00bb,\u00bbparent_id\u00bb:\u00bbhttps:\/\/www.elimparcial.com\/\u00bb,\u00bbparent\u00bb:{\u00abdefault\u00bb:\u00bbhttps:\/\/www.elimparcial.com\/\u00bb},\u00bbadditional_properties\u00bb:{\u00aboriginal\u00bb:{\u00ab_id\u00bb:\u00bb\/mexico\u00bb,\u00bb_website\u00bb:\u00bbelimparcial\u00bb,\u00bbname\u00bb:\u00bbM\u00e9xico\u00bb,\u00bbinactive\u00bb:false,\u00bbancestors\u00bb:{\u00abcomposer-menu\u00bb:[\u00abhttps:\/\/www.elimparcial.com\/\u00bb],\u00bbdefault\u00bb:[\u00abhttps:\/\/www.elimparcial.com\/\u00bb]},\u00bbparent\u00bb:{\u00abdefault\u00bb:\u00bbhttps:\/\/www.elimparcial.com\/\u00bb,\u00bbcomposer-menu\u00bb:\u00bbhttps:\/\/www.elimparcial.com\/\u00bb},\u00bborder\u00bb:{\u00abcomposer-menu\u00bb:1012,\u00bbdefault\u00bb:1009},\u00bbnode_type\u00bb:\u00bbsection\u00bb}}},\u00bbprimary_site\u00bb:{\u00ab_id\u00bb:\u00bb\/mexico\u00bb,\u00bbtype\u00bb:\u00bbsite\u00bb,\u00bbversion\u00bb:\u00bb0.5.8&#8243;,\u00bbname\u00bb:\u00bbM\u00e9xico\u00bb,\u00bbpath\u00bb:\u00bb\/mexico\u00bb,\u00bbparent_id\u00bb:\u00bbhttps:\/\/www.elimparcial.com\/\u00bb,\u00bbadditional_properties\u00bb:{\u00aboriginal\u00bb:{\u00ab_id\u00bb:\u00bb\/mexico\u00bb,\u00bbname\u00bb:\u00bbM\u00e9xico\u00bb,\u00bbinactive\u00bb:false,\u00bbancestors\u00bb:{\u00abcomposer-menu\u00bb:[\u00abhttps:\/\/www.elimparcial.com\/\u00bb],\u00bbdefault\u00bb:[\u00abhttps:\/\/www.elimparcial.com\/\u00bb]},\u00bbparent\u00bb:{\u00abdefault\u00bb:\u00bbhttps:\/\/www.elimparcial.com\/\u00bb,\u00bbcomposer-menu\u00bb:\u00bbhttps:\/\/www.elimparcial.com\/\u00bb},\u00bborder\u00bb:{\u00abcomposer-menu\u00bb:1012,\u00bbdefault\u00bb:1009}}}},\u00bbsections\u00bb:[{\u00ab_id\u00bb:\u00bb\/mexico\u00bb,\u00bb_website\u00bb:\u00bbelimparcial\u00bb,\u00bbtype\u00bb:\u00bbsection\u00bb,\u00bbversion\u00bb:\u00bb0.6.0&#8243;,\u00bbname\u00bb:\u00bbM\u00e9xico\u00bb,\u00bbpath\u00bb:\u00bb\/mexico\u00bb,\u00bbparent_id\u00bb:\u00bbhttps:\/\/www.elimparcial.com\/\u00bb,\u00bbparent\u00bb:{\u00abdefault\u00bb:\u00bbhttps:\/\/www.elimparcial.com\/\u00bb},\u00bbadditional_properties\u00bb:{\u00aboriginal\u00bb:{\u00ab_id\u00bb:\u00bb\/mexico\u00bb,\u00bb_website\u00bb:\u00bbelimparcial\u00bb,\u00bbname\u00bb:\u00bbM\u00e9xico\u00bb,\u00bbinactive\u00bb:false,\u00bbancestors\u00bb:{\u00abcomposer-menu\u00bb:[\u00abhttps:\/\/www.elimparcial.com\/\u00bb],\u00bbdefault\u00bb:[\u00abhttps:\/\/www.elimparcial.com\/\u00bb]},\u00bbparent\u00bb:{\u00abdefault\u00bb:\u00bbhttps:\/\/www.elimparcial.com\/\u00bb,\u00bbcomposer-menu\u00bb:\u00bbhttps:\/\/www.elimparcial.com\/\u00bb},\u00bborder\u00bb:{\u00abcomposer-menu\u00bb:1012,\u00bbdefault\u00bb:1009},\u00bbnode_type\u00bb:\u00bbsection\u00bb}},\u00bb_website_section_id\u00bb:\u00bbelimparcial.\/mexico\u00bb}],\u00bbsites\u00bb:[{\u00ab_id\u00bb:\u00bb\/mexico\u00bb,\u00bbtype\u00bb:\u00bbsite\u00bb,\u00bbversion\u00bb:\u00bb0.5.8&#8243;,\u00bbname\u00bb:\u00bbM\u00e9xico\u00bb,\u00bbpath\u00bb:\u00bb\/mexico\u00bb,\u00bbparent_id\u00bb:\u00bbhttps:\/\/www.elimparcial.com\/\u00bb,\u00bbadditional_properties\u00bb:{\u00aboriginal\u00bb:{\u00ab_id\u00bb:\u00bb\/mexico\u00bb,\u00bbname\u00bb:\u00bbM\u00e9xico\u00bb,\u00bbinactive\u00bb:false,\u00bbancestors\u00bb:{\u00abcomposer-menu\u00bb:[\u00abhttps:\/\/www.elimparcial.com\/\u00bb],\u00bbdefault\u00bb:[\u00abhttps:\/\/www.elimparcial.com\/\u00bb]},\u00bbparent\u00bb:{\u00abdefault\u00bb:\u00bbhttps:\/\/www.elimparcial.com\/\u00bb,\u00bbcomposer-menu\u00bb:\u00bbhttps:\/\/www.elimparcial.com\/\u00bb},\u00bborder\u00bb:{\u00abcomposer-menu\u00bb:1012,\u00bbdefault\u00bb:1009}}}}],\u00bbtags\u00bb:[{\u00ab_id\u00bb:\u00bbWOCMJUQHTVF4XNEWQ7R2POQFYY\u00bb,\u00bbdescription\u00bb:\u00bbRicardo Salinas Pliego\u00bb,\u00bbslug\u00bb:\u00bbricardo-salinas-pliego\u00bb,\u00bbtext\u00bb:\u00bbRicardo Salinas Pliego\u00bb},{\u00ab_id\u00bb:\u00bbHUX3AWKT7FBJFEH6UCTJXUS3HY\u00bb,\u00bbdescription\u00bb:\u00bbJuez\u00bb,\u00bbslug\u00bb:\u00bbjuez\u00bb,\u00bbtext\u00bb:\u00bbJuez\u00bb},{\u00ab_id\u00bb:\u00bbONN4LGNB35AD3BXEXROLQQWE2Y\u00bb,\u00bbdescription\u00bb:\u00bbSCJN\u00bb,\u00bbslug\u00bb:\u00bbscjn\u00bb,\u00bbtext\u00bb:\u00bbSCJN\u00bb},{\u00ab_id\u00bb:\u00bb3QHS4RLCWFB2BCG7GDJWPTVYCE\u00bb,\u00bbdescription\u00bb:\u00bbGrupo Salinas\u00bb,\u00bbslug\u00bb:\u00bbgrupo-salinas\u00bb,\u00bbtext\u00bb:\u00bbGrupo Salinas\u00bb},{\u00ab_id\u00bb:\u00bbBMBA4LL6NZEQ3HZUKLSJ7KRY6Q\u00bb,\u00bbdescription\u00bb:\u00bbUIF\u00bb,\u00bbslug\u00bb:\u00bbuif\u00bb,\u00bbtext\u00bb:\u00bbUIF\u00bb},{\u00ab_id\u00bb:\u00bbGXPVDUAX25CL3JS2X752UVPKMM\u00bb,\u00bbdescription\u00bb:\u00bbSegob\u00bb,\u00bbslug\u00bb:\u00bbsegob\u00bb,\u00bbtext\u00bb:\u00bbSegob\u00bb}]},\u00bbtype\u00bb:\u00bbstory\u00bb,\u00bbversion\u00bb:\u00bb0.10.11&#8243;,\u00bbwebsites\u00bb:{\u00abelimparcial\u00bb:{\u00abwebsite_section\u00bb:{\u00ab_id\u00bb:\u00bb\/mexico\u00bb,\u00bb_website\u00bb:\u00bbelimparcial\u00bb,\u00bbtype\u00bb:\u00bbsection\u00bb,\u00bbversion\u00bb:\u00bb0.6.0&#8243;,\u00bbname\u00bb:\u00bbM\u00e9xico\u00bb,\u00bbpath\u00bb:\u00bb\/mexico\u00bb,\u00bbparent_id\u00bb:\u00bbhttps:\/\/www.elimparcial.com\/\u00bb,\u00bbparent\u00bb:{\u00abdefault\u00bb:\u00bbhttps:\/\/www.elimparcial.com\/\u00bb},\u00bbadditional_properties\u00bb:{\u00aboriginal\u00bb:{\u00ab_id\u00bb:\u00bb\/mexico\u00bb,\u00bb_website\u00bb:\u00bbelimparcial\u00bb,\u00bbname\u00bb:\u00bbM\u00e9xico\u00bb,\u00bbinactive\u00bb:false,\u00bbancestors\u00bb:{\u00abcomposer-menu\u00bb:[\u00abhttps:\/\/www.elimparcial.com\/\u00bb],\u00bbdefault\u00bb:[\u00abhttps:\/\/www.elimparcial.com\/\u00bb]},\u00bbparent\u00bb:{\u00abdefault\u00bb:\u00bbhttps:\/\/www.elimparcial.com\/\u00bb,\u00bbcomposer-menu\u00bb:\u00bbhttps:\/\/www.elimparcial.com\/\u00bb},\u00bborder\u00bb:{\u00abcomposer-menu\u00bb:1012,\u00bbdefault\u00bb:1009},\u00bbnode_type\u00bb:\u00bbsection\u00bb}},\u00bb_website_section_id\u00bb:\u00bbelimparcial.\/mexico\u00bb},\u00bbwebsite_url\u00bb:\u00bbhttps:\/\/www.elimparcial.com\/mexico\/2025\/12\/18\/juez-federal-francisco-javier-rebolledo-pena-concedio-una-suspension-definitiva-a-favor-de-ricardo-salinas-pliego-y-sus-casinos-bet365-y-betano-en-medio-de-investigaciones-de-la-uif-y-peticion-de-la-segob-para-removerlo-de-su-cargo-por-supuestamente-favorecer-ilegalmente-a-la-empresa-ganador-azteca-sapi-de-cv\/\u00bb}},\u00bbworkflow\u00bb:{\u00abstatus_code\u00bb:3},\u00bbcanonical_url\u00bb:\u00bbhttps:\/\/www.elimparcial.com\/mexico\/2025\/12\/18\/juez-federal-francisco-javier-rebolledo-pena-concedio-una-suspension-definitiva-a-favor-de-ricardo-salinas-pliego-y-sus-casinos-bet365-y-betano-en-medio-de-investigaciones-de-la-uif-y-peticion-de-la-segob-para-removerlo-de-su-cargo-por-supuestamente-favorecer-ilegalmente-a-la-empresa-ganador-azteca-sapi-de-cv\/\u00bb,\u00bbpublishing\u00bb:{\u00abscheduled_operations\u00bb:{\u00abpublish_edition\u00bb:[],\u00bbunpublish_edition\u00bb:[]}},\u00bbwebsite\u00bb:\u00bbelimparcial\u00bb,\u00bbwebsite_url\u00bb:\u00bbhttps:\/\/www.elimparcial.com\/mexico\/2025\/12\/18\/juez-federal-francisco-javier-rebolledo-pena-concedio-una-suspension-definitiva-a-favor-de-ricardo-salinas-pliego-y-sus-casinos-bet365-y-betano-en-medio-de-investigaciones-de-la-uif-y-peticion-de-la-segob-para-removerlo-de-su-cargo-por-supuestamente-favorecer-ilegalmente-a-la-empresa-ganador-azteca-sapi-de-cv\/\u00bb}],\u00bbexpires\u00bb:1766368437201,\u00bblastModified\u00bb:1766368136662}},\u00bbrecommended-card\u00bb:{\u00ab{\\\u00bbcontentId\\\u00bb:\\\u00bb46LJO5YG5VGLHNRRDUIYL3QD3A\\\u00bb,\\\u00bboffSet\\\u00bb:0,\\\u00bbsection\\\u00bb:\\\u00bb\/espectaculos\\\u00bb,\\\u00bbsize\\\u00bb:2,\\\u00bbtags\\\u00bb:\\\u00bb[{\\\\\\\u00bb_id\\\\\\\u00bb:\\\\\\\u00bbGI345WCTSRAM3A3MUKIRNMHZWA\\\\\\\u00bb,\\\\\\\u00bbdescription\\\\\\\u00bb:\\\\\\\u00bbJames Hetfield\\\\\\\u00bb,\\\\\\\u00bbslug\\\\\\\u00bb:\\\\\\\u00bbjames-hetfield\\\\\\\u00bb,\\\\\\\u00bbtext\\\\\\\u00bb:\\\\\\\u00bbJames Hetfield\\\\\\\u00bb},{\\\\\\\u00bb_id\\\\\\\u00bb:\\\\\\\u00bbXORHZRPYKRCPRGAZDFTWPJLVT4\\\\\\\u00bb,\\\\\\\u00bbdescription\\\\\\\u00bb:\\\\\\\u00bbMetallica\\\\\\\u00bb,\\\\\\\u00bbslug\\\\\\\u00bb:\\\\\\\u00bbmetallica\\\\\\\u00bb,\\\\\\\u00bbtext\\\\\\\u00bb:\\\\\\\u00bbMetallica\\\\\\\u00bb},{\\\\\\\u00bb_id\\\\\\\u00bb:\\\\\\\u00bbVW653DGJM5F6DGXSXPBEZWVSYA\\\\\\\u00bb,\\\\\\\u00bbdescription\\\\\\\u00bb:\\\\\\\u00bbCacer\u00eda en Sonora\\\\\\\u00bb,\\\\\\\u00bbslug\\\\\\\u00bb:\\\\\\\u00bbcaceria-en-sonora\\\\\\\u00bb,\\\\\\\u00bbtext\\\\\\\u00bb:\\\\\\\u00bbCacer\u00eda en Sonora\\\\\\\u00bb},{\\\\\\\u00bb_id\\\\\\\u00bb:\\\\\\\u00bbYS7FZUFZSVBYZCQXDIOEAXXTPQ\\\\\\\u00bb,\\\\\\\u00bbdescription\\\\\\\u00bb:\\\\\\\u00bbCacer\u00eda\\\\\\\u00bb,\\\\\\\u00bbslug\\\\\\\u00bb:\\\\\\\u00bbcaceria\\\\\\\u00bb,\\\\\\\u00bbtext\\\\\\\u00bb:\\\\\\\u00bbCacer\u00eda\\\\\\\u00bb},{\\\\\\\u00bb_id\\\\\\\u00bb:\\\\\\\u00bbFGO2FOEVFREENDPE5UITH5W4FA\\\\\\\u00bb,\\\\\\\u00bbdescription\\\\\\\u00bb:\\\\\\\u00bbciudad-obregon\\\\\\\u00bb,\\\\\\\u00bbslug\\\\\\\u00bb:\\\\\\\u00bbciudad-obregon\\\\\\\u00bb,\\\\\\\u00bbtext\\\\\\\u00bb:\\\\\\\u00bbciudad-obregon\\\\\\\u00bb}]\\\u00bb,\\\u00bbwebsite\\\u00bb:\\\u00bbelimparcial\\\u00bb}\u00bb:{\u00abdata\u00bb:{\u00abcontent_elements\u00bb:[{\u00ab_id\u00bb:\u00bbMMKYHNWKRZAPDBMOGMGRULQTJE\u00bb,\u00bbcanonical_url\u00bb:\u00bbhttps:\/\/www.elimparcial.com\/son\/ciudad-obregon\/2025\/12\/05\/con-nuevo-quirofano-movil-buscan-impulsar-esterilizaciones-en-cajeme\/\u00bb,\u00bbdescription\u00bb:{\u00abbasic\u00bb:\u00bbCentro de Control Animal de Cajeme proyecta 1,250 esterilizaciones este a\u00f1o y anuncia la adquisici\u00f3n de un quir\u00f3fano m\u00f3vil para 2026, con una inversi\u00f3n total de 500 mil pesos.\u00bb},\u00bbheadlines\u00bb:{\u00abbasic\u00bb:\u00bbCon nuevo quirofano movil buscan impulsar esterilizaciones en Cajeme \u00ab,\u00bbmeta_title\u00bb:\u00bb\u00bb},\u00bbpromo_items\u00bb:{\u00abbasic\u00bb:{\u00ab_id\u00bb:\u00bbBKO22YZGHNCDDLAWDTSTIJLSXQ\u00bb,\u00bbauth\u00bb:{\u00ab2&#8243;:\u00bb9f6d700990e95ff19f13c14b899db005804959398b24b3d33a041e57a487f589&#8243;},\u00bburl\u00bb:\u00bbhttps:\/\/cloudfront-us-east-1.images.arcpublishing.com\/elimparcial\/BKO22YZGHNCDDLAWDTSTIJLSXQ.png\u00bb}},\u00bbtaxonomy\u00bb:{\u00abprimary_section\u00bb:{\u00abadditional_properties\u00bb:{\u00aboriginal\u00bb:{\u00absite\u00bb:{\u00absite_url\u00bb:\u00bbhttps:\/\/www.elimparcial.com\/son\/ciudad-obregon\/\u00bb}}},\u00bbname\u00bb:\u00bbCiudad Obreg\u00f3n\u00bb,\u00bbpath\u00bb:\u00bb\/son\/ciudad-obregon\u00bb}}}],\u00bb_id\u00bb:\u00bb0eb24962d88e12454ce136706a59d86f2353e8b896db1a5fa5c35ad109fc5847&#8243;},\u00bbexpires\u00bb:1766369069429,\u00bblastModified\u00bb:1766365469365},\u00bb{\\\u00bbcontentId\\\u00bb:\\\u00bb46LJO5YG5VGLHNRRDUIYL3QD3A\\\u00bb,\\\u00bboffSet\\\u00bb:2,\\\u00bbsection\\\u00bb:\\\u00bb\/espectaculos\\\u00bb,\\\u00bbsize\\\u00bb:5,\\\u00bbtags\\\u00bb:\\\u00bb[{\\\\\\\u00bb_id\\\\\\\u00bb:\\\\\\\u00bbGI345WCTSRAM3A3MUKIRNMHZWA\\\\\\\u00bb,\\\\\\\u00bbdescription\\\\\\\u00bb:\\\\\\\u00bbJames Hetfield\\\\\\\u00bb,\\\\\\\u00bbslug\\\\\\\u00bb:\\\\\\\u00bbjames-hetfield\\\\\\\u00bb,\\\\\\\u00bbtext\\\\\\\u00bb:\\\\\\\u00bbJames Hetfield\\\\\\\u00bb},{\\\\\\\u00bb_id\\\\\\\u00bb:\\\\\\\u00bbXORHZRPYKRCPRGAZDFTWPJLVT4\\\\\\\u00bb,\\\\\\\u00bbdescription\\\\\\\u00bb:\\\\\\\u00bbMetallica\\\\\\\u00bb,\\\\\\\u00bbslug\\\\\\\u00bb:\\\\\\\u00bbmetallica\\\\\\\u00bb,\\\\\\\u00bbtext\\\\\\\u00bb:\\\\\\\u00bbMetallica\\\\\\\u00bb},{\\\\\\\u00bb_id\\\\\\\u00bb:\\\\\\\u00bbVW653DGJM5F6DGXSXPBEZWVSYA\\\\\\\u00bb,\\\\\\\u00bbdescription\\\\\\\u00bb:\\\\\\\u00bbCacer\u00eda en Sonora\\\\\\\u00bb,\\\\\\\u00bbslug\\\\\\\u00bb:\\\\\\\u00bbcaceria-en-sonora\\\\\\\u00bb,\\\\\\\u00bbtext\\\\\\\u00bb:\\\\\\\u00bbCacer\u00eda en Sonora\\\\\\\u00bb},{\\\\\\\u00bb_id\\\\\\\u00bb:\\\\\\\u00bbYS7FZUFZSVBYZCQXDIOEAXXTPQ\\\\\\\u00bb,\\\\\\\u00bbdescription\\\\\\\u00bb:\\\\\\\u00bbCacer\u00eda\\\\\\\u00bb,\\\\\\\u00bbslug\\\\\\\u00bb:\\\\\\\u00bbcaceria\\\\\\\u00bb,\\\\\\\u00bbtext\\\\\\\u00bb:\\\\\\\u00bbCacer\u00eda\\\\\\\u00bb},{\\\\\\\u00bb_id\\\\\\\u00bb:\\\\\\\u00bbFGO2FOEVFREENDPE5UITH5W4FA\\\\\\\u00bb,\\\\\\\u00bbdescription\\\\\\\u00bb:\\\\\\\u00bbciudad-obregon\\\\\\\u00bb,\\\\\\\u00bbslug\\\\\\\u00bb:\\\\\\\u00bbciudad-obregon\\\\\\\u00bb,\\\\\\\u00bbtext\\\\\\\u00bb:\\\\\\\u00bbciudad-obregon\\\\\\\u00bb}]\\\u00bb,\\\u00bbwebsite\\\u00bb:\\\u00bbelimparcial\\\u00bb}\u00bb:{\u00abdata\u00bb:{\u00abcontent_elements\u00bb:[{\u00ab_id\u00bb:\u00bbMMKYHNWKRZAPDBMOGMGRULQTJE\u00bb,\u00bbcanonical_url\u00bb:\u00bbhttps:\/\/www.elimparcial.com\/son\/ciudad-obregon\/2025\/12\/05\/con-nuevo-quirofano-movil-buscan-impulsar-esterilizaciones-en-cajeme\/\u00bb,\u00bbdescription\u00bb:{\u00abbasic\u00bb:\u00bbCentro de Control Animal de Cajeme proyecta 1,250 esterilizaciones este a\u00f1o y anuncia la adquisici\u00f3n de un quir\u00f3fano m\u00f3vil para 2026, con una inversi\u00f3n total de 500 mil pesos.\u00bb},\u00bbheadlines\u00bb:{\u00abbasic\u00bb:\u00bbCon nuevo quirofano movil buscan impulsar esterilizaciones en Cajeme \u00ab,\u00bbmeta_title\u00bb:\u00bb\u00bb},\u00bbpromo_items\u00bb:{\u00abbasic\u00bb:{\u00ab_id\u00bb:\u00bbBKO22YZGHNCDDLAWDTSTIJLSXQ\u00bb,\u00bbauth\u00bb:{\u00ab2&#8243;:\u00bb9f6d700990e95ff19f13c14b899db005804959398b24b3d33a041e57a487f589&#8243;},\u00bburl\u00bb:\u00bbhttps:\/\/cloudfront-us-east-1.images.arcpublishing.com\/elimparcial\/BKO22YZGHNCDDLAWDTSTIJLSXQ.png\u00bb}},\u00bbtaxonomy\u00bb:{\u00abprimary_section\u00bb:{\u00abadditional_properties\u00bb:{\u00aboriginal\u00bb:{\u00absite\u00bb:{\u00absite_url\u00bb:\u00bbhttps:\/\/www.elimparcial.com\/son\/ciudad-obregon\/\u00bb}}},\u00bbname\u00bb:\u00bbCiudad Obreg\u00f3n\u00bb,\u00bbpath\u00bb:\u00bb\/son\/ciudad-obregon\u00bb}}}],\u00bb_id\u00bb:\u00bb9eb3203655814246fa87ff813649ca4685522ac5083ad8075eebc3fa49cc77a7&#8243;},\u00bbexpires\u00bb:1766369069441,\u00bblastModified\u00bb:1766365469364}}};Fusion.layout=\u00bbei-article\u00bb;Fusion.metas={\u00abpage-type\u00bb:{\u00abvalue\u00bb:\u00bbarticle\u00bb,\u00bbhtml\u00bb:true}};Fusion.outputType=\u00bbdefault\u00bb;Fusion.template=\u00bbtemplate\/tvD3et8y8nOBylBVt\u00bb;Fusion.tree={\u00abcollection\u00bb:\u00bblayouts\u00bb,\u00bbtype\u00bb:\u00bbei-article\u00bb,\u00bbprops\u00bb:{\u00abcollection\u00bb:\u00bblayouts\u00bb,\u00bbtype\u00bb:\u00bbei-article\u00bb,\u00bbid\u00bb:\u00bbei-article\u00bb,\u00bbchildProps\u00bb:[{\u00abcollection\u00bb:\u00bbsections\u00bb,\u00bbid\u00bb:0},{\u00abcollection\u00bb:\u00bbsections\u00bb,\u00bbid\u00bb:1},{\u00abcollection\u00bb:\u00bbsections\u00bb,\u00bbid\u00bb:2},{\u00abcollection\u00bb:\u00bbsections\u00bb,\u00bbid\u00bb:3},{\u00abcollection\u00bb:\u00bbsections\u00bb,\u00bbid\u00bb:4},{\u00abcollection\u00bb:\u00bbsections\u00bb,\u00bbid\u00bb:5}]},\u00bbchildren\u00bb:[{\u00abcollection\u00bb:\u00bbsections\u00bb,\u00bbprops\u00bb:{\u00abcollection\u00bb:\u00bbsections\u00bb,\u00bbid\u00bb:0},\u00bbchildren\u00bb:[{\u00abcollection\u00bb:\u00bbfeatures\u00bb,\u00bbtype\u00bb:\u00bbei-masthead\/default\u00bb,\u00bbprops\u00bb:{\u00abcollection\u00bb:\u00bbfeatures\u00bb,\u00bbtype\u00bb:\u00bbei-masthead\/default\u00bb,\u00bbid\u00bb:\u00bbf0fGmqDjTS3R7U\u00bb,\u00bbname\u00bb:\u00bbEI &#8211; Masthead\u00bb,\u00bbcontentConfig\u00bb:{\u00abcontentService\u00bb:\u00bb\u00bb,\u00bbcontentConfigValues\u00bb:{},\u00bbinherit\u00bb:true},\u00bbcustomFields\u00bb:{\u00abnavigationConfig\u00bb:{\u00abcontentService\u00bb:\u00bbsite-service-hierarchy\u00bb,\u00bbcontentConfigValues\u00bb:{\u00abhierarchy\u00bb:\u00bbNavbar\u00bb,\u00bbsectionId\u00bb:\u00bb\u00bb}},\u00bbcustomShare\u00bb:true,\u00bbcustomTwitterUsername\u00bb:\u00bbHoyCripto\u00bb,\u00bbcustomFacebookPage\u00bb:\u00bbhttps:\/\/www.facebook.com\/HoyCripto\u00bb,\u00bbcustomInstagramUsername\u00bb:\u00bbhoycripto\u00bb,\u00bbcustomYoutubeChannel\u00bb:\u00bbhttps:\/\/www.youtube.com\/channel\/UCRAeC1lzO7ZqgViB9WzR0Cw\u00bb,\u00bbcustomTikTokChannel\u00bb:\u00bbhttps:\/\/www.tiktok.com\/@elimparcialcom\u00bb,\u00bbcustomThreadsChannel\u00bb:\u00bbhttps:\/\/www.threads.net\/@elimparcial\u00bb,\u00bbdescriptionText\u00bb:\u00bbEn Vivo:\u00bb,\u00bbliveBarContentConfig\u00bb:{\u00abcontentConfigValues\u00bb:{},\u00bbcontentService\u00bb:\u00bb\u00bb},\u00bbcustomFooterCopyrightText\u00bb:\u00bb\u00a9 Hoy Cripto, 2023.\u00bb},\u00bbdisplayProperties\u00bb:{},\u00bblocalEdits\u00bb:{},\u00bbvariants\u00bb:{}}}]},{\u00abcollection\u00bb:\u00bbsections\u00bb,\u00bbprops\u00bb:{\u00abcollection\u00bb:\u00bbsections\u00bb,\u00bbid\u00bb:1},\u00bbchildren\u00bb:[{\u00abcollection\u00bb:\u00bbfeatures\u00bb,\u00bbtype\u00bb:\u00bbads\/default\u00bb,\u00bbprops\u00bb:{\u00abcollection\u00bb:\u00bbfeatures\u00bb,\u00bbtype\u00bb:\u00bbads\/default\u00bb,\u00bbid\u00bb:\u00bbf0flw7LQTS3RFs\u00bb,\u00bbname\u00bb:\u00bbAd Block\u00bb,\u00bbcontentConfig\u00bb:{\u00abcontentService\u00bb:\u00bb\u00bb,\u00bbcontentConfigValues\u00bb:{},\u00bbinherit\u00bb:true},\u00bbcustomFields\u00bb:{\u00abadType\u00bb:\u00bbresponsive_article_leaderboard_1&#8243;,\u00bblazyLoad\u00bb:true,\u00bbdisplayAdLabel\u00bb:false,\u00bbadLabel\u00bb:\u00bb\u00bb,\u00bbreserveSpace\u00bb:true,\u00bbhideOnTablet\u00bb:true,\u00bbhideOnMobile\u00bb:false,\u00bbbackgroundColor\u00bb:\u00bb#fff\u00bb},\u00bbdisplayProperties\u00bb:{},\u00bblocalEdits\u00bb:{},\u00bbvariants\u00bb:{}}}]},{\u00abcollection\u00bb:\u00bbsections\u00bb,\u00bbprops\u00bb:{\u00abcollection\u00bb:\u00bbsections\u00bb,\u00bbid\u00bb:2},\u00bbchildren\u00bb:[{\u00abcollection\u00bb:\u00bbfeatures\u00bb,\u00bbtype\u00bb:\u00bbei-article-aperture\/default\u00bb,\u00bbprops\u00bb:{\u00abcollection\u00bb:\u00bbfeatures\u00bb,\u00bbtype\u00bb:\u00bbei-article-aperture\/default\u00bb,\u00bbid\u00bb:\u00bbf0fMpqToyC7yzj\u00bb,\u00bbname\u00bb:\u00bbEI &#8211; Article Aperture\u00bb,\u00bbcontentConfig\u00bb:{\u00abcontentService\u00bb:\u00bb\u00bb,\u00bbcontentConfigValues\u00bb:{},\u00bbinherit\u00bb:true},\u00bbcustomFields\u00bb:{},\u00bbdisplayProperties\u00bb:{},\u00bblocalEdits\u00bb:{},\u00bbvariants\u00bb:{}}},{\u00abcollection\u00bb:\u00bbchains\u00bb,\u00bbtype\u00bb:\u00bbarticle-body\u00bb,\u00bbprops\u00bb:{\u00abcollection\u00bb:\u00bbchains\u00bb,\u00bbtype\u00bb:\u00bbarticle-body\u00bb,\u00bbid\u00bb:\u00bbc0fCGaiFUS3RPh\u00bb,\u00bbname\u00bb:\u00bbArticle Body \u2013 Hoy Cripto\u00bb,\u00bbcustomFields\u00bb:{\u00abshrinkToFit\u00bb:true,\u00bbviewportPercentage\u00bb:65,\u00bbelementPlacement\u00bb:{\u00ab1&#8243;:\u00bb2&#8243;,\u00bb2&#8243;:\u00bb3&#8243;,\u00bb3&#8243;:\u00bb4&#8243;,\u00bb4&#8243;:\u00bb6&#8243;,\u00bb5&#8243;:\u00bb6&#8243;,\u00bb6&#8243;:\u00bb6&#8243;,\u00bb7&#8243;:\u00bb8&#8243;,\u00bb8&#8243;:\u00bb8&#8243;,\u00bb9&#8243;:\u00bb10&#8243;,\u00bb10&#8243;:\u00bb12&#8243;,\u00bb11&#8243;:\u00bb14&#8243;,\u00bb12&#8243;:\u00bb16&#8243;,\u00bb13&#8243;:\u00bb18&#8243;}},\u00bbdisplayProperties\u00bb:{}},\u00bbchildren\u00bb:[{\u00abcollection\u00bb:\u00bbfeatures\u00bb,\u00bbtype\u00bb:\u00bbhtmlRaw\/default\u00bb,\u00bbprops\u00bb:{\u00abcollection\u00bb:\u00bbfeatures\u00bb,\u00bbtype\u00bb:\u00bbhtmlRaw\/default\u00bb,\u00bbid\u00bb:\u00bbf0flCRCabers2iF\u00bb,\u00bbname\u00bb:\u00bbTruvidPos\u00bb,\u00bbcontentConfig\u00bb:{\u00abcontentService\u00bb:\u00bb\u00bb,\u00bbcontentConfigValues\u00bb:{},\u00bbinherit\u00bb:true},\u00bbcustomFields\u00bb:{\u00abshowRawHtml\u00bb:true,\u00bbHTML\u00bb:\u00bb\\n\\n\u00bb},\u00bbdisplayProperties\u00bb:{},\u00bblocalEdits\u00bb:{},\u00bbvariants\u00bb:{}}},{\u00abcollection\u00bb:\u00bbfeatures\u00bb,\u00bbtype\u00bb:\u00bbrecommended-card\/default\u00bb,\u00bbprops\u00bb:{\u00abcollection\u00bb:\u00bbfeatures\u00bb,\u00bbtype\u00bb:\u00bbrecommended-card\/default\u00bb,\u00bbid\u00bb:\u00bbf0fEcOyYTS3RWy\u00bb,\u00bbname\u00bb:\u00bbrecommended-card default\u00bb,\u00bbcontentConfig\u00bb:{\u00abcontentService\u00bb:\u00bb\u00bb,\u00bbcontentConfigValues\u00bb:{},\u00bbinherit\u00bb:true},\u00bbcustomFields\u00bb:{\u00aboffSet\u00bb:0},\u00bbdisplayProperties\u00bb:{},\u00bblocalEdits\u00bb:{},\u00bbvariants\u00bb:{}}},{\u00abcollection\u00bb:\u00bbfeatures\u00bb,\u00bbtype\u00bb:\u00bbhtmlRaw\/default\u00bb,\u00bbprops\u00bb:{\u00abcollection\u00bb:\u00bbfeatures\u00bb,\u00bbtype\u00bb:\u00bbhtmlRaw\/default\u00bb,\u00bbid\u00bb:\u00bbf0fFqrC9uSnD5RV\u00bb,\u00bbname\u00bb:\u00bbTeadsPos\u00bb,\u00bbcontentConfig\u00bb:{\u00abcontentService\u00bb:\u00bb\u00bb,\u00bbcontentConfigValues\u00bb:{},\u00bbinherit\u00bb:true},\u00bbcustomFields\u00bb:{\u00abshowRawHtml\u00bb:true,\u00bbHTML\u00bb:\u00bb\\n\\n\u00bb,\u00bbpbInternal_cloneId\u00bb:\u00bbf0fFqrC9uSnD5RV\u00bb},\u00bbdisplayProperties\u00bb:{},\u00bblocalEdits\u00bb:{},\u00bbvariants\u00bb:{}}},{\u00abcollection\u00bb:\u00bbfeatures\u00bb,\u00bbtype\u00bb:\u00bbads\/default\u00bb,\u00bbprops\u00bb:{\u00abcollection\u00bb:\u00bbfeatures\u00bb,\u00bbtype\u00bb:\u00bbads\/default\u00bb,\u00bbid\u00bb:\u00bbf0fey0eND56k1px\u00bb,\u00bbname\u00bb:\u00bbAd Block &#8211; Parallaxer\u00bb,\u00bbcontentConfig\u00bb:{\u00abcontentService\u00bb:\u00bb\u00bb,\u00bbcontentConfigValues\u00bb:{},\u00bbinherit\u00bb:true},\u00bbcustomFields\u00bb:{\u00abadType\u00bb:\u00bbdesktop_home_parallaxer\u00bb,\u00bblazyLoad\u00bb:true,\u00bbdisplayAdLabel\u00bb:false,\u00bbadLabel\u00bb:\u00bbPublicidad\u00bb,\u00bbreserveSpace\u00bb:true,\u00bbhideOnTablet\u00bb:true,\u00bbhideOnMobile\u00bb:true,\u00bbhideOnDesktop\u00bb:true},\u00bbdisplayProperties\u00bb:{},\u00bblocalEdits\u00bb:{},\u00bbvariants\u00bb:{}}},{\u00abcollection\u00bb:\u00bbfeatures\u00bb,\u00bbtype\u00bb:\u00bbads\/default\u00bb,\u00bbprops\u00bb:{\u00abcollection\u00bb:\u00bbfeatures\u00bb,\u00bbtype\u00bb:\u00bbads\/default\u00bb,\u00bbid\u00bb:\u00bbf0flcoD2US3ROs\u00bb,\u00bbname\u00bb:\u00bbArticle Ad Block 1&#8243;,\u00bbcontentConfig\u00bb:{\u00abcontentService\u00bb:\u00bb\u00bb,\u00bbcontentConfigValues\u00bb:{},\u00bbinherit\u00bb:true},\u00bbcustomFields\u00bb:{\u00abadType\u00bb:\u00bbresponsive_article_box_2&#8243;,\u00bblazyLoad\u00bb:true,\u00bbdisplayAdLabel\u00bb:false,\u00bbreserveSpace\u00bb:true,\u00bbbackgroundColor\u00bb:\u00bb#fff\u00bb,\u00bbborderColor\u00bb:\u00bb#d5d5d5&#8243;,\u00bbhideOnMobile\u00bb:true,\u00bbhideOnTablet\u00bb:true},\u00bbdisplayProperties\u00bb:{},\u00bblocalEdits\u00bb:{},\u00bbvariants\u00bb:{}}},{\u00abcollection\u00bb:\u00bbfeatures\u00bb,\u00bbtype\u00bb:\u00bbads\/default\u00bb,\u00bbprops\u00bb:{\u00abcollection\u00bb:\u00bbfeatures\u00bb,\u00bbtype\u00bb:\u00bbads\/default\u00bb,\u00bbid\u00bb:\u00bbf0fXjMOsoKLY2On\u00bb,\u00bbname\u00bb:\u00bbArticle Ad Block 1-1&#8243;,\u00bbcontentConfig\u00bb:{\u00abcontentService\u00bb:\u00bb\u00bb,\u00bbcontentConfigValues\u00bb:{},\u00bbinherit\u00bb:true},\u00bbcustomFields\u00bb:{\u00abadType\u00bb:\u00bbresponsive_article_box_1&#8243;,\u00bblazyLoad\u00bb:true,\u00bbdisplayAdLabel\u00bb:false,\u00bbreserveSpace\u00bb:true,\u00bbbackgroundColor\u00bb:\u00bb#fff\u00bb,\u00bbborderColor\u00bb:\u00bb\u00bb,\u00bbpbInternal_cloneId\u00bb:\u00bbf0fXjMOsoKLY2On\u00bb,\u00bbhideOnDesktop\u00bb:true},\u00bbdisplayProperties\u00bb:{},\u00bblocalEdits\u00bb:{},\u00bbvariants\u00bb:{}}},{\u00abcollection\u00bb:\u00bbfeatures\u00bb,\u00bbtype\u00bb:\u00bbads\/default\u00bb,\u00bbprops\u00bb:{\u00abcollection\u00bb:\u00bbfeatures\u00bb,\u00bbtype\u00bb:\u00bbads\/default\u00bb,\u00bbid\u00bb:\u00bbf0f6Ff17US3RWq\u00bb,\u00bbname\u00bb:\u00bbArticle Ad Block 2&#8243;,\u00bbcontentConfig\u00bb:{\u00abcontentService\u00bb:\u00bb\u00bb,\u00bbcontentConfigValues\u00bb:{},\u00bbinherit\u00bb:true},\u00bbcustomFields\u00bb:{\u00abadType\u00bb:\u00bbresponsive_article_box_3&#8243;,\u00bblazyLoad\u00bb:true,\u00bbdisplayAdLabel\u00bb:false,\u00bbreserveSpace\u00bb:true,\u00bbpbInternal_cloneId\u00bb:\u00bbf0ffh2m7iOXl5yI\u00bb,\u00bbbackgroundColor\u00bb:\u00bb#fff\u00bb,\u00bbborderColor\u00bb:\u00bb#d5d5d5&#8243;,\u00bbhideOnMobile\u00bb:true,\u00bbhideOnTablet\u00bb:true},\u00bbdisplayProperties\u00bb:{},\u00bblocalEdits\u00bb:{},\u00bbvariants\u00bb:{}}},{\u00abcollection\u00bb:\u00bbfeatures\u00bb,\u00bbtype\u00bb:\u00bbads\/default\u00bb,\u00bbprops\u00bb:{\u00abcollection\u00bb:\u00bbfeatures\u00bb,\u00bbtype\u00bb:\u00bbads\/default\u00bb,\u00bbid\u00bb:\u00bbf0fI7oLb04CDhR\u00bb,\u00bbname\u00bb:\u00bbArticle Ad Block 2-1&#8243;,\u00bbcontentConfig\u00bb:{\u00abcontentService\u00bb:\u00bb\u00bb,\u00bbcontentConfigValues\u00bb:{},\u00bbinherit\u00bb:true},\u00bbcustomFields\u00bb:{\u00abadType\u00bb:\u00bbresponsive_article_box_2&#8243;,\u00bblazyLoad\u00bb:true,\u00bbdisplayAdLabel\u00bb:false,\u00bbreserveSpace\u00bb:true,\u00bbpbInternal_cloneId\u00bb:\u00bbf0fI7oLb04CDhR\u00bb,\u00bbbackgroundColor\u00bb:\u00bb#fff\u00bb,\u00bbborderColor\u00bb:\u00bb#d5d5d5&#8243;,\u00bbhideOnDesktop\u00bb:true},\u00bbdisplayProperties\u00bb:{},\u00bblocalEdits\u00bb:{},\u00bbvariants\u00bb:{}}},{\u00abcollection\u00bb:\u00bbfeatures\u00bb,\u00bbtype\u00bb:\u00bbads\/default\u00bb,\u00bbprops\u00bb:{\u00abcollection\u00bb:\u00bbfeatures\u00bb,\u00bbtype\u00bb:\u00bbads\/default\u00bb,\u00bbid\u00bb:\u00bbf0f7TSvgUS3RIN\u00bb,\u00bbname\u00bb:\u00bbArticle Ad Block 3&#8243;,\u00bbcontentConfig\u00bb:{\u00abcontentService\u00bb:\u00bb\u00bb,\u00bbcontentConfigValues\u00bb:{},\u00bbinherit\u00bb:true},\u00bbcustomFields\u00bb:{\u00abadType\u00bb:\u00bbresponsive_article_box_4&#8243;,\u00bblazyLoad\u00bb:true,\u00bbdisplayAdLabel\u00bb:false,\u00bbreserveSpace\u00bb:true,\u00bbpbInternal_cloneId\u00bb:\u00bbf0f0l5uTlnYZbmw\u00bb,\u00bbbackgroundColor\u00bb:\u00bb#fff\u00bb,\u00bbborderColor\u00bb:\u00bb#d5d5d5&#8243;},\u00bbdisplayProperties\u00bb:{},\u00bblocalEdits\u00bb:{},\u00bbvariants\u00bb:{}}},{\u00abcollection\u00bb:\u00bbfeatures\u00bb,\u00bbtype\u00bb:\u00bbrecommended-card\/default\u00bb,\u00bbprops\u00bb:{\u00abcollection\u00bb:\u00bbfeatures\u00bb,\u00bbtype\u00bb:\u00bbrecommended-card\/default\u00bb,\u00bbid\u00bb:\u00bbf0fxsdvcUS3RVl\u00bb,\u00bbname\u00bb:\u00bbrecommended-card default-1&#8243;,\u00bbcontentConfig\u00bb:{\u00abcontentService\u00bb:\u00bb\u00bb,\u00bbcontentConfigValues\u00bb:{},\u00bbinherit\u00bb:true},\u00bbcustomFields\u00bb:{\u00abpbInternal_cloneId\u00bb:\u00bbf0fSXIgd60G112W\u00bb,\u00bboffSet\u00bb:1},\u00bbdisplayProperties\u00bb:{},\u00bblocalEdits\u00bb:{},\u00bbvariants\u00bb:{}}},{\u00abcollection\u00bb:\u00bbfeatures\u00bb,\u00bbtype\u00bb:\u00bbads\/default\u00bb,\u00bbprops\u00bb:{\u00abcollection\u00bb:\u00bbfeatures\u00bb,\u00bbtype\u00bb:\u00bbads\/default\u00bb,\u00bbid\u00bb:\u00bbf0fNgQEjUS3RCm\u00bb,\u00bbname\u00bb:\u00bbArticle Ad Block 4&#8243;,\u00bbcontentConfig\u00bb:{\u00abcontentService\u00bb:\u00bb\u00bb,\u00bbcontentConfigValues\u00bb:{},\u00bbinherit\u00bb:true},\u00bbcustomFields\u00bb:{\u00abadType\u00bb:\u00bbresponsive_article_box_5&#8243;,\u00bblazyLoad\u00bb:true,\u00bbdisplayAdLabel\u00bb:false,\u00bbreserveSpace\u00bb:true,\u00bbpbInternal_cloneId\u00bb:\u00bbf0fenCs0nx21cei\u00bb,\u00bbbackgroundColor\u00bb:\u00bb#fff\u00bb,\u00bbborderColor\u00bb:\u00bb#d5d5d5&#8243;},\u00bbdisplayProperties\u00bb:{},\u00bblocalEdits\u00bb:{},\u00bbvariants\u00bb:{}}},{\u00abcollection\u00bb:\u00bbfeatures\u00bb,\u00bbtype\u00bb:\u00bbads\/default\u00bb,\u00bbprops\u00bb:{\u00abcollection\u00bb:\u00bbfeatures\u00bb,\u00bbtype\u00bb:\u00bbads\/default\u00bb,\u00bbid\u00bb:\u00bbf0fC8aWmUS3R2E\u00bb,\u00bbname\u00bb:\u00bbArticle Ad Block 5&#8243;,\u00bbcontentConfig\u00bb:{\u00abcontentService\u00bb:\u00bb\u00bb,\u00bbcontentConfigValues\u00bb:{},\u00bbinherit\u00bb:true},\u00bbcustomFields\u00bb:{\u00abadType\u00bb:\u00bbresponsive_article_box_6&#8243;,\u00bblazyLoad\u00bb:true,\u00bbdisplayAdLabel\u00bb:false,\u00bbreserveSpace\u00bb:true,\u00bbpbInternal_cloneId\u00bb:\u00bbf0fcRh2Vdb8D3u9&#8243;,\u00bbbackgroundColor\u00bb:\u00bb#fff\u00bb,\u00bbborderColor\u00bb:\u00bb#d5d5d5&#8243;},\u00bbdisplayProperties\u00bb:{},\u00bblocalEdits\u00bb:{},\u00bbvariants\u00bb:{}}},{\u00abcollection\u00bb:\u00bbfeatures\u00bb,\u00bbtype\u00bb:\u00bbads\/default\u00bb,\u00bbprops\u00bb:{\u00abcollection\u00bb:\u00bbfeatures\u00bb,\u00bbtype\u00bb:\u00bbads\/default\u00bb,\u00bbid\u00bb:\u00bbf0fMS9puMpB82FV\u00bb,\u00bbname\u00bb:\u00bbArticle Ad Block 1&#215;1&#8243;,\u00bbcontentConfig\u00bb:{\u00abcontentService\u00bb:\u00bb\u00bb,\u00bbcontentConfigValues\u00bb:{},\u00bbinherit\u00bb:true},\u00bbcustomFields\u00bb:{\u00abadType\u00bb:\u00bbDesktop_Article_1x1&#8243;,\u00bblazyLoad\u00bb:true,\u00bbdisplayAdLabel\u00bb:false,\u00bbreserveSpace\u00bb:false,\u00bbbackgroundColor\u00bb:\u00bb#fff\u00bb,\u00bbborderColor\u00bb:\u00bb#d5d5d5&#8243;,\u00bbpbInternal_cloneId\u00bb:\u00bbf0fMS9puMpB82FV\u00bb},\u00bbdisplayProperties\u00bb:{},\u00bblocalEdits\u00bb:{},\u00bbvariants\u00bb:{}}}]},{\u00abcollection\u00bb:\u00bbfeatures\u00bb,\u00bbtype\u00bb:\u00bb@wpmedia\/htmlbox-block\/htmlbox\u00bb,\u00bbprops\u00bb:{\u00abcollection\u00bb:\u00bbfeatures\u00bb,\u00bbtype\u00bb:\u00bb@wpmedia\/htmlbox-block\/htmlbox\u00bb,\u00bbid\u00bb:\u00bbf0fIceQPtdrA1qa\u00bb,\u00bbname\u00bb:\u00bbHTML Box \u2013 Arc Block\u00bb,\u00bbcontentConfig\u00bb:{\u00abcontentService\u00bb:\u00bb\u00bb,\u00bbcontentConfigValues\u00bb:{},\u00bbinherit\u00bb:true},\u00bbcustomFields\u00bb:{\u00abHTML\u00bb:\u00bb\\n.whatsappContent {\\n  position:relative;\\n  padding-left:130px;\\n  color: #000;\\n  display: flex;\\n  align-items: center;\\n  flex-wrap: nowrap;\\n  margin-bottom: 30px;\\n}\\n\\n.whatsappLine {\\n  padding: 10px 0 10px 0;\\n  border-top: 1px solid #d1d7dc;\\n  border-bottom: 1px solid #d1d7dc;\\n  width:100%;\\n}\\n\\ndiv.whatsappHeader img.whatsappHeader_img {\\n  float: left;\\n  margin-right: 7px;\\n  margin-top: 3px;\\n}\\n\\n.whatsappHeader,\\n.whatsappBody {\\n  float: left;\\n  margin-left: 10px;\\n}\\n\\n.whatsappHeader_titleText {\\n  display: inline-block;\\n  vertical-align: top;\\n  font-size: 15px;\\n  white-space: nowrap;\\n}\\n\\n.whatsappBodyText {\\n  font: 700 20px  &#8216;Montserrat&#8217;;\\n}\\n\\n.whatsappBodySubText {\\n    font: 15px &#8216;Montserrat&#8217;;\\n}\\n\\n.whatsappBodyText span {\\n    color: #00a500;\\n}\\n\\n.link {\\n  font: 600 15px &#8216;Montserrat&#8217;;\\n  text-decoration: underline;\\n  cursor:pointer;\\n  color: #000000;\\n}\\n\\n@media only screen and (max-width : 900px) {\\n.whatsappContent {\\n   padding-left: 0;\\n}\\n\\n.whatsappBodyText {\\n   font-size: 23px;\\n}\\n\\n.whatsappHeader_titleText {\\n  display:none;\\n}\\n\\n.whatsappHeader, .whatsappBody {\\n    margin-left: 7px;\\n}\\n\\n.whatsappLine {\\n    display: flex;\\n}\\n\\n.whatsappHeader svg {\\n    width:50px;\\n    height:50px;\\n}\\n\\n\\n}\\n\\n\\n\\n \\n      \\n        \\n\\n\\n\\n\\n        \\n        \\n          <\/p>\n<p class=\"whatsappBodyText\">Sigue nuestro canal de WhatsApp <\/p>\n<p>\\n<\/p>\n<p class=\"whatsappBodySubText\">Recibe las noticias m\u00e1s importantes del d\u00eda. Da click <a class=\"link\" href=\"https:\/\/www.elimparcial.com\/boletin-whatsapp\/\" target=\"_blank\" rel=\"nofollow noopener\">aqu\u00ed<\/a><\/p>\n<p>\\n      \\n    \\n\u00bb},\u00bbdisplayProperties\u00bb:{},\u00bblocalEdits\u00bb:{},\u00bbvariants\u00bb:{}}},{\u00abcollection\u00bb:\u00bbfeatures\u00bb,\u00bbtype\u00bb:\u00bbei-recommended-feed\/default\u00bb,\u00bbprops\u00bb:{\u00abcollection\u00bb:\u00bbfeatures\u00bb,\u00bbtype\u00bb:\u00bbei-recommended-feed\/default\u00bb,\u00bbid\u00bb:\u00bbf0fqYVrnjbMv1FN\u00bb,\u00bbname\u00bb:\u00bbEI &#8211; Recommended Feed\u00bb,\u00bbcontentConfig\u00bb:{\u00abcontentService\u00bb:\u00bb\u00bb,\u00bbcontentConfigValues\u00bb:{},\u00bbinherit\u00bb:true},\u00bbcustomFields\u00bb:{\u00aboffSet\u00bb:2},\u00bbdisplayProperties\u00bb:{},\u00bblocalEdits\u00bb:{},\u00bbvariants\u00bb:{}}},{\u00abcollection\u00bb:\u00bbfeatures\u00bb,\u00bbtype\u00bb:\u00bbei-tag\/default\u00bb,\u00bbprops\u00bb:{\u00abcollection\u00bb:\u00bbfeatures\u00bb,\u00bbtype\u00bb:\u00bbei-tag\/default\u00bb,\u00bbid\u00bb:\u00bbf0f3kmvD64fG2RW\u00bb,\u00bbname\u00bb:\u00bbEI &#8211; Tags\u00bb,\u00bbcontentConfig\u00bb:{\u00abcontentService\u00bb:\u00bb\u00bb,\u00bbcontentConfigValues\u00bb:{},\u00bbinherit\u00bb:true},\u00bbcustomFields\u00bb:{},\u00bbdisplayProperties\u00bb:{},\u00bblocalEdits\u00bb:{},\u00bbvariants\u00bb:{}}},{\u00abcollection\u00bb:\u00bbfeatures\u00bb,\u00bbtype\u00bb:\u00bbei-title-bar\/default\u00bb,\u00bbprops\u00bb:{\u00abcollection\u00bb:\u00bbfeatures\u00bb,\u00bbtype\u00bb:\u00bbei-title-bar\/default\u00bb,\u00bbid\u00bb:\u00bbf0f065rTFkPa2Cg\u00bb,\u00bbname\u00bb:\u00bbEI &#8211; Title Bar &#8211; Historias\u00bb,\u00bbcontentConfig\u00bb:{\u00abcontentService\u00bb:\u00bb\u00bb,\u00bbcontentConfigValues\u00bb:{},\u00bbinherit\u00bb:true},\u00bbcustomFields\u00bb:{\u00absubTitle\u00bb:\u00bbVER M\u00c1S\u00bb,\u00bbtitle\u00bb:\u00bbHISTORIAS\u00bb},\u00bbdisplayProperties\u00bb:{},\u00bblocalEdits\u00bb:{},\u00bbvariants\u00bb:{}}},{\u00abcollection\u00bb:\u00bbfeatures\u00bb,\u00bbtype\u00bb:\u00bbhtmlRaw\/default\u00bb,\u00bbprops\u00bb:{\u00abcollection\u00bb:\u00bbfeatures\u00bb,\u00bbtype\u00bb:\u00bbhtmlRaw\/default\u00bb,\u00bbid\u00bb:\u00bbf0fss0VvQIgLtw\u00bb,\u00bbname\u00bb:\u00bbEI &#8211; HTML Storifyme\u00bb,\u00bbcontentConfig\u00bb:{\u00abcontentService\u00bb:\u00bb\u00bb,\u00bbcontentConfigValues\u00bb:{},\u00bbinherit\u00bb:true},\u00bbcustomFields\u00bb:{\u00abshowRawHtml\u00bb:true,\u00bbHTML\u00bb:\u00bb\\n\\t  \\n\\t  \\n\u00bb},\u00bbdisplayProperties\u00bb:{},\u00bblocalEdits\u00bb:{},\u00bbvariants\u00bb:{}}}]},{\u00abcollection\u00bb:\u00bbsections\u00bb,\u00bbprops\u00bb:{\u00abcollection\u00bb:\u00bbsections\u00bb,\u00bbid\u00bb:3},\u00bbchildren\u00bb:[{\u00abcollection\u00bb:\u00bbfeatures\u00bb,\u00bbtype\u00bb:\u00bbads\/default\u00bb,\u00bbprops\u00bb:{\u00abcollection\u00bb:\u00bbfeatures\u00bb,\u00bbtype\u00bb:\u00bbads\/default\u00bb,\u00bbid\u00bb:\u00bbf0fnVzhQ8IeE3K\u00bb,\u00bbname\u00bb:\u00bbAd Block\u00bb,\u00bbcontentConfig\u00bb:{\u00abcontentService\u00bb:\u00bb\u00bb,\u00bbcontentConfigValues\u00bb:{},\u00bbinherit\u00bb:true},\u00bbcustomFields\u00bb:{\u00abadType\u00bb:\u00bbresponsive_article_box_1&#8243;,\u00bblazyLoad\u00bb:true,\u00bbdisplayAdLabel\u00bb:false,\u00bbadLabel\u00bb:\u00bb\u00bb,\u00bbreserveSpace\u00bb:true,\u00bbhideOnTablet\u00bb:true,\u00bbbackgroundColor\u00bb:\u00bb#fff\u00bb,\u00bbhideOnMobile\u00bb:true},\u00bbdisplayProperties\u00bb:{},\u00bblocalEdits\u00bb:{},\u00bbvariants\u00bb:{}}},{\u00abcollection\u00bb:\u00bbfeatures\u00bb,\u00bbtype\u00bb:\u00bbads\/default\u00bb,\u00bbprops\u00bb:{\u00abcollection\u00bb:\u00bbfeatures\u00bb,\u00bbtype\u00bb:\u00bbads\/default\u00bb,\u00bbid\u00bb:\u00bbf0fvi8OGltt334T\u00bb,\u00bbname\u00bb:\u00bbAd Block\u00bb,\u00bbcontentConfig\u00bb:{\u00abcontentService\u00bb:\u00bb\u00bb,\u00bbcontentConfigValues\u00bb:{},\u00bbinherit\u00bb:true},\u00bbcustomFields\u00bb:{\u00abadType\u00bb:\u00bbresponsive_article_box_3&#8243;,\u00bblazyLoad\u00bb:true,\u00bbdisplayAdLabel\u00bb:false,\u00bbadLabel\u00bb:\u00bbPublicidad\u00bb,\u00bbreserveSpace\u00bb:true,\u00bbhideOnTablet\u00bb:false,\u00bbhideOnDesktop\u00bb:true},\u00bbdisplayProperties\u00bb:{},\u00bblocalEdits\u00bb:{},\u00bbvariants\u00bb:{}}},{\u00abcollection\u00bb:\u00bbfeatures\u00bb,\u00bbtype\u00bb:\u00bbei-simple-list\/default\u00bb,\u00bbprops\u00bb:{\u00abcollection\u00bb:\u00bbfeatures\u00bb,\u00bbtype\u00bb:\u00bbei-simple-list\/default\u00bb,\u00bbid\u00bb:\u00bbf0fVzjUjeDFU1es\u00bb,\u00bbname\u00bb:\u00bbEi &#8211; Simple List\u00bb,\u00bbcontentConfig\u00bb:{\u00abcontentService\u00bb:\u00bb\u00bb,\u00bbcontentConfigValues\u00bb:{},\u00bbinherit\u00bb:true},\u00bbcustomFields\u00bb:{\u00ablistContentConfig\u00bb:{\u00abcontentService\u00bb:\u00bbstory-feed-tag\u00bb,\u00bbcontentConfigValues\u00bb:{\u00abtagSlug\u00bb:\u00bbdiabetes\u00bb,\u00bbfeedSize\u00bb:5}},\u00bbtitle\u00bb:\u00bbLO M\u00c1S VISTO\u00bb,\u00bbshowImage\u00bb:true,\u00bbshowSection\u00bb:true,\u00bbshowHeadline\u00bb:true},\u00bbdisplayProperties\u00bb:{},\u00bblocalEdits\u00bb:{},\u00bbvariants\u00bb:{}}},{\u00abcollection\u00bb:\u00bbfeatures\u00bb,\u00bbtype\u00bb:\u00bbads\/default\u00bb,\u00bbprops\u00bb:{\u00abcollection\u00bb:\u00bbfeatures\u00bb,\u00bbtype\u00bb:\u00bbads\/default\u00bb,\u00bbid\u00bb:\u00bbf0ff0JjYUS3RDl\u00bb,\u00bbname\u00bb:\u00bbAd Block\u00bb,\u00bbcontentConfig\u00bb:{\u00abcontentService\u00bb:\u00bb\u00bb,\u00bbcontentConfigValues\u00bb:{},\u00bbinherit\u00bb:true},\u00bbcustomFields\u00bb:{\u00abadType\u00bb:\u00bbresponsive_article_vertical_1&#8243;,\u00bblazyLoad\u00bb:true,\u00bbdisplayAdLabel\u00bb:false,\u00bbreserveSpace\u00bb:true,\u00bbbackgroundColor\u00bb:\u00bb#fff\u00bb,\u00bbhideOnMobile\u00bb:true},\u00bbdisplayProperties\u00bb:{},\u00bblocalEdits\u00bb:{},\u00bbvariants\u00bb:{}}}]},{\u00abcollection\u00bb:\u00bbsections\u00bb,\u00bbprops\u00bb:{\u00abcollection\u00bb:\u00bbsections\u00bb,\u00bbid\u00bb:4},\u00bbchildren\u00bb:[{\u00abcollection\u00bb:\u00bbfeatures\u00bb,\u00bbtype\u00bb:\u00bb@wpmedia\/htmlbox-block\/htmlbox\u00bb,\u00bbprops\u00bb:{\u00abcollection\u00bb:\u00bbfeatures\u00bb,\u00bbtype\u00bb:\u00bb@wpmedia\/htmlbox-block\/htmlbox\u00bb,\u00bbid\u00bb:\u00bbf0f5LR148RwL1QH\u00bb,\u00bbname\u00bb:\u00bbHTML Box \u2013 Arc Block\u00bb,\u00bbcontentConfig\u00bb:{\u00abcontentService\u00bb:\u00bb\u00bb,\u00bbcontentConfigValues\u00bb:{},\u00bbinherit\u00bb:true},\u00bbcustomFields\u00bb:{\u00abHTML\u00bb:\u00bb\\n \\n\\n \\n\\n\\n\u00bb},\u00bbdisplayProperties\u00bb:{},\u00bblocalEdits\u00bb:{},\u00bbvariants\u00bb:{}}}]},{\u00abcollection\u00bb:\u00bbsections\u00bb,\u00bbprops\u00bb:{\u00abcollection\u00bb:\u00bbsections\u00bb,\u00bbid\u00bb:5},\u00bbchildren\u00bb:[{\u00abcollection\u00bb:\u00bbfeatures\u00bb,\u00bbtype\u00bb:\u00bbads\/default\u00bb,\u00bbprops\u00bb:{\u00abcollection\u00bb:\u00bbfeatures\u00bb,\u00bbtype\u00bb:\u00bbads\/default\u00bb,\u00bbid\u00bb:\u00bbf0f6s5EvWS3RAY\u00bb,\u00bbname\u00bb:\u00bbAd Block\u00bb,\u00bbcontentConfig\u00bb:{\u00abcontentService\u00bb:\u00bb\u00bb,\u00bbcontentConfigValues\u00bb:{},\u00bbinherit\u00bb:true},\u00bbcustomFields\u00bb:{\u00abadType\u00bb:\u00bbresponsive_article_sticky\u00bb,\u00bblazyLoad\u00bb:true,\u00bbdisplayAdLabel\u00bb:false,\u00bbadLabel\u00bb:\u00bb\u00bb,\u00bbreserveSpace\u00bb:true,\u00bbhideOnTablet\u00bb:true,\u00bbhideOnDesktop\u00bb:false},\u00bbdisplayProperties\u00bb:{},\u00bblocalEdits\u00bb:{},\u00bbvariants\u00bb:{}}},{\u00abcollection\u00bb:\u00bbfeatures\u00bb,\u00bbtype\u00bb:\u00bbei-footer\/default\u00bb,\u00bbprops\u00bb:{\u00abcollection\u00bb:\u00bbfeatures\u00bb,\u00bbtype\u00bb:\u00bbei-footer\/default\u00bb,\u00bbid\u00bb:\u00bbf0f7zLQrFOJ62mX\u00bb,\u00bbname\u00bb:\u00bbEI &#8211; Footer\u00bb,\u00bbcontentConfig\u00bb:{\u00abcontentService\u00bb:\u00bb\u00bb,\u00bbcontentConfigValues\u00bb:{},\u00bbinherit\u00bb:true},\u00bbcustomFields\u00bb:{\u00abcustomCopyrightText\u00bb:\u00bb\u00bb,\u00bbnavigationConfig\u00bb:{\u00abcontentService\u00bb:\u00bbsite-service-hierarchy\u00bb,\u00bbcontentConfigValues\u00bb:{\u00abhierarchy\u00bb:\u00bbFooter\u00bb}},\u00bbcustomFacebookPage\u00bb:\u00bbhttps:\/\/www.facebook.com\/elimparcialcom\/\u00bb,\u00bbcustomTwitterUsername\u00bb:\u00bbelimparcialcom\u00bb,\u00bbcustomInstagramUsername\u00bb:\u00bbelimparcial\u00bb,\u00bbcustomYoutubeChannel\u00bb:\u00bbhttps:\/\/www.youtube.com\/user\/RedaccionElImparcial\u00bb,\u00bbcustomTikTokChannel\u00bb:\u00bbhttps:\/\/www.tiktok.com\/@elimparcialcom\u00bb,\u00bbcustomThreadsChannel\u00bb:\u00bbhttps:\/\/www.threads.net\/@elimparcial\u00bb,\u00bbcustomWhatsAppNumber\u00bb:\u00bb526621861024&#8243;,\u00bbcustomTelegramChannel\u00bb:\u00bbhttps:\/\/t.me\/elimparcial\u00bb},\u00bbdisplayProperties\u00bb:{},\u00bblocalEdits\u00bb:{},\u00bbvariants\u00bb:{}}}]}]};Fusion.spa=false;Fusion.spaEnabled=false;<script async src=\"\/\/www.tiktok.com\/embed.js\"><\/script><\/p>\n","protected":false},"excerpt":{"rendered":"El Imparcial \/ Espect\u00e1culos \/ James Hetfield James Hetfield, vocalista de Metallica, fue visto en Ciudad Obreg\u00f3n durante&hellip;\n","protected":false},"author":2,"featured_media":300664,"comment_status":"","ping_status":"","sticky":false,"template":"","format":"standard","meta":{"footnotes":""},"categories":[170],"tags":[71346,71345,71347,146,147,25,24,39619,479,184,185,23],"class_list":{"0":"post-300663","1":"post","2":"type-post","3":"status-publish","4":"format-standard","5":"has-post-thumbnail","7":"category-musica","8":"tag-caceria","9":"tag-caceria-en-sonora","10":"tag-ciudad-obregon","11":"tag-entertainment","12":"tag-entretenimiento","13":"tag-es","14":"tag-espana","15":"tag-james-hetfield","16":"tag-metallica","17":"tag-music","18":"tag-musica","19":"tag-spain"},"share_on_mastodon":{"url":"https:\/\/pubeurope.com\/@es\/115760722743406202","error":""},"_links":{"self":[{"href":"https:\/\/www.europesays.com\/es\/wp-json\/wp\/v2\/posts\/300663","targetHints":{"allow":["GET"]}}],"collection":[{"href":"https:\/\/www.europesays.com\/es\/wp-json\/wp\/v2\/posts"}],"about":[{"href":"https:\/\/www.europesays.com\/es\/wp-json\/wp\/v2\/types\/post"}],"author":[{"embeddable":true,"href":"https:\/\/www.europesays.com\/es\/wp-json\/wp\/v2\/users\/2"}],"replies":[{"embeddable":true,"href":"https:\/\/www.europesays.com\/es\/wp-json\/wp\/v2\/comments?post=300663"}],"version-history":[{"count":0,"href":"https:\/\/www.europesays.com\/es\/wp-json\/wp\/v2\/posts\/300663\/revisions"}],"wp:featuredmedia":[{"embeddable":true,"href":"https:\/\/www.europesays.com\/es\/wp-json\/wp\/v2\/media\/300664"}],"wp:attachment":[{"href":"https:\/\/www.europesays.com\/es\/wp-json\/wp\/v2\/media?parent=300663"}],"wp:term":[{"taxonomy":"category","embeddable":true,"href":"https:\/\/www.europesays.com\/es\/wp-json\/wp\/v2\/categories?post=300663"},{"taxonomy":"post_tag","embeddable":true,"href":"https:\/\/www.europesays.com\/es\/wp-json\/wp\/v2\/tags?post=300663"}],"curies":[{"name":"wp","href":"https:\/\/api.w.org\/{rel}","templated":true}]}}