{"id":300671,"date":"2025-12-22T01:56:10","date_gmt":"2025-12-22T01:56:10","guid":{"rendered":"https:\/\/www.europesays.com\/es\/300671\/"},"modified":"2025-12-22T01:56:10","modified_gmt":"2025-12-22T01:56:10","slug":"muere-el-actor-james-ransone-conocido-por-su-papel-en-the-wire-a-los-46-anos","status":"publish","type":"post","link":"https:\/\/www.europesays.com\/es\/300671\/","title":{"rendered":"Muere el actor James Ransone, conocido por su papel en \u00abThe Wire\u00bb, a los 46 a\u00f1os"},"content":{"rendered":"<p data-uri=\"es.cms.cnn.com\/_components\/editor-note\/instances\/cmjggnaax0004356pwh7axd1s@published\" data-editable=\"text\" data-component-name=\"editor-note\" class=\"editor-note vossi-editor-note inline-placeholder \" data-article-gutter=\"true\">\n    Nota del editor: si usted o alguien que conoce est\u00e1 lidiando con pensamientos suicidas o problemas de salud mental, por favor llame a la L\u00ednea de Prevenci\u00f3n del Suicidio y Crisis 988 marcando el 988 para comunicarse con un consejero capacitado, o visite el <a href=\"https:\/\/988lifeline.org\/\" target=\"_blank\" rel=\"nofollow noopener\">sitio web de la L\u00ednea 988<\/a>.\n<\/p>\n<p>      Los \u00c1ngeles<br \/>\n      AP<br \/>\n        \u00a0\u2014\u00a0<\/p>\n<p class=\"paragraph inline-placeholder vossi-paragraph\" data-uri=\"es.cms.cnn.com\/_components\/paragraph\/instances\/cmjgg4j59008a26p64txfccqy@published\" data-editable=\"text\" data-component-name=\"paragraph\" data-article-gutter=\"true\">\n            El actor James Ransone, reconocido por su papel de Ziggy Sobotka en la aclamada serie de HBO \u201cThe Wire\u201d y en otros programas de televisi\u00f3n y pel\u00edculas, falleci\u00f3 a los 46 a\u00f1os.\n    <\/p>\n<p class=\"paragraph inline-placeholder vossi-paragraph\" data-uri=\"es.cms.cnn.com\/_components\/paragraph\/instances\/cmjgg5fwh0005356n3umn17pr@published\" data-editable=\"text\" data-component-name=\"paragraph\" data-article-gutter=\"true\">\n            La oficina del M\u00e9dico Forense del Condado de Los \u00c1ngeles dijo en los registros en l\u00ednea que Ransone muri\u00f3 por suicidio el viernes.\n    <\/p>\n<p>       <img decoding=\"async\" src=\"https:\/\/www.europesays.com\/es\/wp-content\/uploads\/2025\/12\/gettyimages-81868599.jpg\" alt=\"El actor James Ransone durante el estreno de la miniserie \" generation=\"\" kill=\"\" de=\"\" hbo=\"\" films=\"\" celebrado=\"\" en=\"\" el=\"\" paramount=\"\" theater=\"\" dentro=\"\" los=\"\" estudios=\"\" pictures=\"\" julio=\"\" hollywood=\"\" california.=\"\" class=\"image__dam-img image__dam-img--loading\" onload=\"this.classList.remove('image__dam-img--loading')\" onerror=\"imageLoadError(this)\" height=\"2001\" width=\"3000\" loading=\"lazy\"\/><\/p>\n<p class=\"paragraph inline-placeholder vossi-paragraph\" data-uri=\"es.cms.cnn.com\/_components\/paragraph\/instances\/cmjgg5fwh0006356n6g41zbjl@published\" data-editable=\"text\" data-component-name=\"paragraph\" data-article-gutter=\"true\">\n            Algunas de las pel\u00edculas en las que particip\u00f3 Ransone est\u00e1n \u201cIt: Chapter Two,\u201d \u201cThe Black Phone\u201d y \u201cThe Black Phone 2,\u201d tambi\u00e9n apareci\u00f3 en programas de televisi\u00f3n, incluyendo el drama policial \u201cBosch\u201d y \u201cPoker Face.\u201d\n    <\/p>\n<p class=\"paragraph inline-placeholder vossi-paragraph\" data-uri=\"es.cms.cnn.com\/_components\/paragraph\/instances\/cmjgg5fwh0007356nrsexh6ba@published\" data-editable=\"text\" data-component-name=\"paragraph\" data-article-gutter=\"true\">\n            La noche de este domingo se dejaron mensajes solicitando comentarios a los representantes de Ransone, as\u00ed como al portavoz de la oficina del m\u00e9dico forense.\n    <\/p>\n","protected":false},"excerpt":{"rendered":"Nota del editor: si usted o alguien que conoce est\u00e1 lidiando con pensamientos suicidas o problemas de salud&hellip;\n","protected":false},"author":2,"featured_media":300672,"comment_status":"","ping_status":"","sticky":false,"template":"","format":"standard","meta":{"footnotes":""},"categories":[91],"tags":[146,147,25,24,71350,4809,23,71351],"class_list":{"0":"post-300671","1":"post","2":"type-post","3":"status-publish","4":"format-standard","5":"has-post-thumbnail","7":"category-entretenimiento","8":"tag-entertainment","9":"tag-entretenimiento","10":"tag-es","11":"tag-espana","12":"tag-james-ransone","13":"tag-muertes","14":"tag-spain","15":"tag-the-wire"},"share_on_mastodon":{"url":"https:\/\/pubeurope.com\/@es\/115760738534145519","error":""},"_links":{"self":[{"href":"https:\/\/www.europesays.com\/es\/wp-json\/wp\/v2\/posts\/300671","targetHints":{"allow":["GET"]}}],"collection":[{"href":"https:\/\/www.europesays.com\/es\/wp-json\/wp\/v2\/posts"}],"about":[{"href":"https:\/\/www.europesays.com\/es\/wp-json\/wp\/v2\/types\/post"}],"author":[{"embeddable":true,"href":"https:\/\/www.europesays.com\/es\/wp-json\/wp\/v2\/users\/2"}],"replies":[{"embeddable":true,"href":"https:\/\/www.europesays.com\/es\/wp-json\/wp\/v2\/comments?post=300671"}],"version-history":[{"count":0,"href":"https:\/\/www.europesays.com\/es\/wp-json\/wp\/v2\/posts\/300671\/revisions"}],"wp:featuredmedia":[{"embeddable":true,"href":"https:\/\/www.europesays.com\/es\/wp-json\/wp\/v2\/media\/300672"}],"wp:attachment":[{"href":"https:\/\/www.europesays.com\/es\/wp-json\/wp\/v2\/media?parent=300671"}],"wp:term":[{"taxonomy":"category","embeddable":true,"href":"https:\/\/www.europesays.com\/es\/wp-json\/wp\/v2\/categories?post=300671"},{"taxonomy":"post_tag","embeddable":true,"href":"https:\/\/www.europesays.com\/es\/wp-json\/wp\/v2\/tags?post=300671"}],"curies":[{"name":"wp","href":"https:\/\/api.w.org\/{rel}","templated":true}]}}