{"id":300691,"date":"2025-12-22T02:16:09","date_gmt":"2025-12-22T02:16:09","guid":{"rendered":"https:\/\/www.europesays.com\/es\/300691\/"},"modified":"2025-12-22T02:16:09","modified_gmt":"2025-12-22T02:16:09","slug":"lokillo-denuncia-amenazas-de-muerte-y-se-retira-de-algunas-fechas-de-la-fms-world-series-2025","status":"publish","type":"post","link":"https:\/\/www.europesays.com\/es\/300691\/","title":{"rendered":"Lokillo denuncia amenazas de muerte y se retira de algunas fechas de la FMS World Series 2025"},"content":{"rendered":"\n<p>La FMS World Series 2025, <b>la superliga que re\u00fane a los mejores improvisadores del planeta, tuvo su parada <\/b>en el Movistar Arena de Bogot\u00e1.<\/p>\n<p>En el circuito internacional,<b> el colombiano Lokillo Fl\u00f3rez anunci\u00f3 que se retira de la competencia<\/b>, confirmando que su participaci\u00f3n en la Jornada 4 en Colombia fue la \u00faltima que disputar\u00e1 dentro de esta temporada.<\/p>\n<p>Ante miles de seguidores, <b>el freestyler explic\u00f3 que su decisi\u00f3n est\u00e1 motivada por razones personales y familiares, <\/b>adem\u00e1s de la necesidad de priorizar su salud y bienestar emocional, factores que le impiden continuar en igualdad de condiciones dentro del exigente calendario del torneo.<\/p>\n<p>\u201cQuiero decirles una cosa. Vengo pasando por una cosa demasiado dif\u00edcil, demasiado.<b> Tengo un tema de salud con mi familia que nos tiene muy mal, <\/b>\u00bfcierto? La verdad no iba a venir a competir hoy (&#8230;) Honestamente, no s\u00e9 c\u00f3mo vine hoy y no me dan las tajadas como decimos ac\u00e1 para seguir\u201d, expres\u00f3 Lokillo sobre el escenario.<\/p>\n<p>Tras la jornada en Bogot\u00e1<b>, la organizaci\u00f3n de la FMS World Series confirm\u00f3 oficialmente su salida del cierre de la temporada<\/b>. \u201cPor una situaci\u00f3n personal, Lokillo no podr\u00e1 ser parte del cierre de la temporada. Su suplente para la fecha ser\u00e1 FAT N\u201d, inform\u00f3 la liga, aclarando que el colombiano no estar\u00e1 presente en la Jornada 5.<\/p>\n<p>El propio <b>Lokillo tambi\u00e9n se dirigi\u00f3 a los seguidores en Chile, pa\u00eds donde se disputar\u00e1 la \u00faltima fecha del campeonato.<\/b> \u201cQuiero ofrecerle una disculpa a la gente de Chile porque no voy a ir a Chile (&#8230;) En mi reemplazo en Chile va a estar, yo creo que el mejor que nos puede representar en este momento que es Fat N. No podr\u00edamos estar mejor representados que con \u00e9l\u201d.<\/p>\n<p><b>E<\/b><b>nt\u00e9rese: <a rel=\"nofollow noopener\" href=\"https:\/\/www.elcolombiano.com\/entretenimiento\/denuncia-hollywood-acusan-john-travolta-ocultar-secreto-familia-elvis-presley-ED31893430\" target=\"_blank\">Demanda sacude a Hollywood: aseguran que nieta de Elvis Presley es la madre biol\u00f3gica de un hijo de John Travolta<\/a><\/b><\/p>\n<p>En un video difundido posteriormente por la organizaci\u00f3n, el artista explic\u00f3 que su participaci\u00f3n en Bogot\u00e1 ten\u00eda un significado especial. <b>\u201cDif\u00edcil, dif\u00edcil, pero bueno, sent\u00eda que la \u00faltima rayita que me quedaba la ten\u00eda que compartir, pues con mi gente, en mi casa, en mi pa\u00eds, y donde empez\u00f3 todo\u201d.<\/b><\/p>\n<p>Antes del anuncio, <b>Lokillo hab\u00eda denunciado amenazas contra su vida<\/b> tras su competencia con el freestyler chileno \u201cel Menor\u201d.<\/p>\n<p>\u201cSiempre he cre\u00eddo que la mejor manera de apagar el odio de algunos es ignor\u00e1ndolos. Pero siento que <b>esto ya lleg\u00f3 a unos l\u00edmites inaceptables. No he dejado de recibir amenazas<\/b> desde el primer d\u00eda y desde ayer aumentaron. Entre El Menor y yo no existe ning\u00fan problema, de hecho, hace unos d\u00edas hablamos del tema en muy buenos t\u00e9rminos. <b>Es lamentable que los mismos \u201cseguidores\u201d hayan llevado esta situaci\u00f3n a este punto\u201d,<\/b> fue el comunicado publicado por el freestyler en su cuenta de Instagram.<\/p>\n<p>Asegur\u00f3 que <b>la situaci\u00f3n afect\u00f3 directamente su tranquilidad personal.<\/b><\/p>\n<p>\u201c<b>No ha sido f\u00e1cil para m\u00ed cuidar mi salud mental, teniendo en cuenta que esto se suma a una situaci\u00f3n familiar que me tiene muy mal<\/b> por estos d\u00edas\u201d, dijo.<\/p>\n","protected":false},"excerpt":{"rendered":"La FMS World Series 2025, la superliga que re\u00fane a los mejores improvisadores del planeta, tuvo su parada&hellip;\n","protected":false},"author":2,"featured_media":300692,"comment_status":"","ping_status":"","sticky":false,"template":"","format":"standard","meta":{"footnotes":""},"categories":[170],"tags":[146,147,25,24,184,185,1267,23],"class_list":{"0":"post-300691","1":"post","2":"type-post","3":"status-publish","4":"format-standard","5":"has-post-thumbnail","7":"category-musica","8":"tag-entertainment","9":"tag-entretenimiento","10":"tag-es","11":"tag-espana","12":"tag-music","13":"tag-musica","14":"tag-noticias-el-colombiano","15":"tag-spain"},"share_on_mastodon":{"url":"https:\/\/pubeurope.com\/@es\/115760816714685418","error":""},"_links":{"self":[{"href":"https:\/\/www.europesays.com\/es\/wp-json\/wp\/v2\/posts\/300691","targetHints":{"allow":["GET"]}}],"collection":[{"href":"https:\/\/www.europesays.com\/es\/wp-json\/wp\/v2\/posts"}],"about":[{"href":"https:\/\/www.europesays.com\/es\/wp-json\/wp\/v2\/types\/post"}],"author":[{"embeddable":true,"href":"https:\/\/www.europesays.com\/es\/wp-json\/wp\/v2\/users\/2"}],"replies":[{"embeddable":true,"href":"https:\/\/www.europesays.com\/es\/wp-json\/wp\/v2\/comments?post=300691"}],"version-history":[{"count":0,"href":"https:\/\/www.europesays.com\/es\/wp-json\/wp\/v2\/posts\/300691\/revisions"}],"wp:featuredmedia":[{"embeddable":true,"href":"https:\/\/www.europesays.com\/es\/wp-json\/wp\/v2\/media\/300692"}],"wp:attachment":[{"href":"https:\/\/www.europesays.com\/es\/wp-json\/wp\/v2\/media?parent=300691"}],"wp:term":[{"taxonomy":"category","embeddable":true,"href":"https:\/\/www.europesays.com\/es\/wp-json\/wp\/v2\/categories?post=300691"},{"taxonomy":"post_tag","embeddable":true,"href":"https:\/\/www.europesays.com\/es\/wp-json\/wp\/v2\/tags?post=300691"}],"curies":[{"name":"wp","href":"https:\/\/api.w.org\/{rel}","templated":true}]}}