{"id":300716,"date":"2025-12-22T02:39:10","date_gmt":"2025-12-22T02:39:10","guid":{"rendered":"https:\/\/www.europesays.com\/es\/300716\/"},"modified":"2025-12-22T02:39:10","modified_gmt":"2025-12-22T02:39:10","slug":"analisis-del-episodio-27-de-dragon-ball-gt-una-entrega-crucial-en-la-que-vegeta-el-rey-de-los-saiyans-sucumbio-ante-el-tsufur-baby","status":"publish","type":"post","link":"https:\/\/www.europesays.com\/es\/300716\/","title":{"rendered":"An\u00e1lisis del episodio 27 de Dragon Ball GT, una entrega crucial en la que Vegeta, el rey de los saiyans, sucumbi\u00f3 ante el tsufur Baby."},"content":{"rendered":"<p class=\"c-paragraph\">Hoy toca analizar uno de los episodios m\u00e1s esperados de <b><a href=\"https:\/\/www.hobbyconsolas.com\/hobbycine\/goten-se-luce-delante-su-novia-pares-frente-baby-capitulo-25-dragon-ball_6907713_1.html\" title=\"Goten se luce delante de su novia Pares frente a Baby en el cap\u00edtulo 25 de Dragon Ball GT\" rel=\"nofollow noopener\" target=\"_blank\">Dragon Ball GT<\/a><\/b>, o al menos, por parte de un servidor. \u00a1No todos los d\u00edas vemos a <b><a href=\"https:\/\/www.hobbyconsolas.com\/ultimo\/critica-capitulo-2-dragon-ball-que-vegeta-nos-sorprendio-con-su-horrible-bigote_6665244_1.html\" title=\"Cr\u00edtica del cap\u00edtulo 2 de Dragon Ball GT en el que Vegeta nos sorprendi\u00f3 con su horrible bigote\" rel=\"nofollow noopener\" target=\"_blank\">Vegeta<\/a><\/b>, el rey de los saiyans, sucumbir ante un par\u00e1sito del espacio exterior!<\/p>\n<p class=\"c-paragraph\">S\u00ed, hablamos del episodio 27 de este tremendo anime de<b><a href=\"https:\/\/www.hobbyconsolas.com\/hobbycine\/gohan-poseido-por-baby-destroza-piccolo-con-un-kame-hame-ha-dragon-ball_6910360_1.html\" title=\"Gohan, pose\u00eddo por Baby, destroza a Piccolo con un Kame Hame Ha en Dragon Ball GT\" rel=\"nofollow noopener\" target=\"_blank\"> Toei Animation<\/a><\/b>. La serie est\u00e1 en un punto \u00e1lgido y lo estamos comprobando con las entregas de las \u00faltimas semanas, las cuales se merecen un contundente sobresaliente.<\/p>\n<p class=\"c-paragraph\">Pero antes de empezar, vamos a ponerte un poco en contexto. El malvado <b>Baby<\/b>, una criatura parasitaria del espacio exterior, ha aterrizado en la Tierra para hacerse con el poder de los saiyans, seguir evolucionando y acabar con el bueno de <b>Goku<\/b>.<\/p>\n<p class=\"c-paragraph\">La criatura se lo ha tomado tan en serio que ya se ha hecho con los cuerpos de <b>Goten <\/b>y <b>Gohan<\/b>, siendo su pr\u00f3xima v\u00edctima el orgulloso Vegeta. \u00bfSer\u00e1 capaz de poseer el cuerpo del pr\u00edncipe de los saiyans?<\/p>\n<p class=\"c-paragraph\">El episodio 27 arranca con una escena singular&#8230; \u00a1Vegeta y <b>Bra <\/b>vuelven a casa en coche con decenas de bolsas de la compra! Seg\u00fan la joven, es la primera vez que su padre hace algo as\u00ed con ella, pero Vegeta le deja claro que la que se ha apuntado ha sido ella. Sin embargo, Gohan aparece en plena carretera y la compra termina destrozada.<\/p>\n<p class=\"c-paragraph\">El enfado de Bra es de a\u00fapa, pero Vegeta se da cuenta al instante de que algo no marcha bien, as\u00ed que le pide a su hija que coja el coche y se marche a casa. Una vez solos, Baby confiesa a trav\u00e9s del cuerpo de Gohan que se trata de un tsufur, algo de lo que Vegeta se percata al sentir su extra\u00f1o <b>ki<\/b>.<\/p>\n<p class=\"c-paragraph\">Poco despu\u00e9s, Goten tambi\u00e9n aparece en escena para unir fuerzas con Gohan Baby, dejando a Vegeta totalmente impactado. De hecho, ambos encierran al rey de los saiyans en una prisi\u00f3n cin\u00e9tica con la que terminan hiriendo al orgulloso guerrero.<\/p>\n<p class=\"c-paragraph\">Y ahora que tiene heridas por todas partes y est\u00e1 liberando todo su poder, Baby aprovecha para salir del cuerpo de Gohan y poseer el de Vegeta, en una maniobra excelsa a nivel de dibujo y animaci\u00f3n, como todo el episodio. \u00a1Mira!<\/p>\n<p class=\"c-paragraph\">Una vez terminado el proceso de posesi\u00f3n, Vegeta cree que ha vencido a Baby, pero&#8230; \u00a1su cuerpo empieza a moverse en contra de su voluntad y el par\u00e1sito le empieza a hablar desde su interior! Efectivamente, el rey de los saiyans ha sucumbido a la ambici\u00f3n tsufur, consum\u00e1ndose as\u00ed su venganza contra la raza que destruy\u00f3 su pueblo.<\/p>\n<p class=\"c-paragraph\">Adem\u00e1s, Baby no solo nos desvela el genocidio realizado por los saiyans en su planeta, sino tambi\u00e9n la manera en la que se pudo gestar: <b>el rey tsufur insert\u00f3 sus propios genes en las c\u00e9lulas de una nueva forma de vida parasitaria que crearon ellos mismos<\/b>, antes de lanzarla al espacio. Ahora, poseer\u00e1 al resto de seres vivos y acabar\u00e1 con Goku de una vez por todas. Se abre el tel\u00f3n del aut\u00e9ntico terror.<\/p>\n<p>\u00a1CURIOSIDADES!<\/p>\n<p class=\"c-paragraph\">1- \u00bfCu\u00e1l crees que es la marca que utiliza Vegeta para afeitarse el bigote? \u00bfAlguna idea? Tranquilo, el episodio te lo deja bien claro&#8230;<\/p>\n<p class=\"c-paragraph\">Entre todos los productos que han comprado&#8230; \u00a1vemos una cajita con productos de afeitado de la marca <b>Tori-bot<\/b>, todo un homenaje al alter ego de <b>Akira Toriyama<\/b>!<\/p>\n<p class=\"c-paragraph\">2- Si bien en el episodio anterior no tuvimos un plano lejano del planeta que visitaron nuestros Guerreros Z, en esta ocasi\u00f3n s\u00ed se deja ver la \u00faltima parada del viaje espacial. \u00a1Y ah\u00ed hace un fr\u00edo que pela!<\/p>\n<p class=\"c-paragraph\">Hablamos, como puedes apreciar abajo, del planeta Polaris. En esta estrella fue donde Goku encontr\u00f3 la Bola de Drag\u00f3n de 2 estrellas:<\/p>\n<p class=\"c-paragraph\">\u00bfQu\u00e9 te ha parecido el episodio 27 de Dragon Ball GT? \u00bfLo recordabas tan bueno? \u00bfEst\u00e1s de acuerdo con las notas tan altas que estamos poniendo a la serie en nuestros an\u00e1lisis?<\/p>\n<p class=\"c-paragraph\">Sinceramente, este anime se lo merece. Una vez te pones a analizar cada cap\u00edtulo pormenorizadamente, te queda claro que est\u00e1s ante una serie de notable alto e incluso sobresaliente. \u00a1Kai, Kai!<\/p>\n<p class=\"c-review-module__text\"> Valoraci\u00f3n <\/p>\n<p class=\"c-review-module__text-score\"> Nota 93<a href=\"\"> <\/a><a href=\"\"> <\/a><\/p>\n<p class=\"c-review-module__resume\">Otro episodio de Dragon Ball GT que se erige como una obra de arte a nivel de animaci\u00f3n, dibujo, banda sonora y trama, con una gran revelaci\u00f3n que puso en jaque al pr\u00edncipe de los saiyans. Nunca antes hab\u00edamos visto sucumbir a Vegeta ante este tipo de terror.<\/p>\n<p>Lo mejor<\/p>\n<p class=\"c-review-module__description\">La animaci\u00f3n. La banda sonora. Los entornos. El dibujo. La revelaci\u00f3n de Baby. El terror de Vegeta al comprender la situaci\u00f3n.<\/p>\n<p>Lo peor<\/p>\n<p class=\"c-review-module__description\">No se explica por qu\u00e9 Gohan tiene menos poder que Vegeta, pues el primog\u00e9nito de Goku deber\u00eda tener much\u00edsima m\u00e1s fuerza que \u00e9l.<\/p>\n","protected":false},"excerpt":{"rendered":"Hoy toca analizar uno de los episodios m\u00e1s esperados de Dragon Ball GT, o al menos, por parte&hellip;\n","protected":false},"author":2,"featured_media":300717,"comment_status":"","ping_status":"","sticky":false,"template":"","format":"standard","meta":{"footnotes":""},"categories":[171],"tags":[1054,11203,10515,1497,11202,146,147,25,24,23,214],"class_list":{"0":"post-300716","1":"post","2":"type-post","3":"status-publish","4":"format-standard","5":"has-post-thumbnail","7":"category-tv","8":"tag-1054","9":"tag-ball","10":"tag-capitulo","11":"tag-critica","12":"tag-dragon","13":"tag-entertainment","14":"tag-entretenimiento","15":"tag-es","16":"tag-espana","17":"tag-spain","18":"tag-tv"},"share_on_mastodon":{"url":"https:\/\/pubeurope.com\/@es\/115760907227671350","error":""},"_links":{"self":[{"href":"https:\/\/www.europesays.com\/es\/wp-json\/wp\/v2\/posts\/300716","targetHints":{"allow":["GET"]}}],"collection":[{"href":"https:\/\/www.europesays.com\/es\/wp-json\/wp\/v2\/posts"}],"about":[{"href":"https:\/\/www.europesays.com\/es\/wp-json\/wp\/v2\/types\/post"}],"author":[{"embeddable":true,"href":"https:\/\/www.europesays.com\/es\/wp-json\/wp\/v2\/users\/2"}],"replies":[{"embeddable":true,"href":"https:\/\/www.europesays.com\/es\/wp-json\/wp\/v2\/comments?post=300716"}],"version-history":[{"count":0,"href":"https:\/\/www.europesays.com\/es\/wp-json\/wp\/v2\/posts\/300716\/revisions"}],"wp:featuredmedia":[{"embeddable":true,"href":"https:\/\/www.europesays.com\/es\/wp-json\/wp\/v2\/media\/300717"}],"wp:attachment":[{"href":"https:\/\/www.europesays.com\/es\/wp-json\/wp\/v2\/media?parent=300716"}],"wp:term":[{"taxonomy":"category","embeddable":true,"href":"https:\/\/www.europesays.com\/es\/wp-json\/wp\/v2\/categories?post=300716"},{"taxonomy":"post_tag","embeddable":true,"href":"https:\/\/www.europesays.com\/es\/wp-json\/wp\/v2\/tags?post=300716"}],"curies":[{"name":"wp","href":"https:\/\/api.w.org\/{rel}","templated":true}]}}