{"id":300726,"date":"2025-12-22T02:44:14","date_gmt":"2025-12-22T02:44:14","guid":{"rendered":"https:\/\/www.europesays.com\/es\/300726\/"},"modified":"2025-12-22T02:44:14","modified_gmt":"2025-12-22T02:44:14","slug":"muere-repentinamente-el-novio-de-la-influencer-manuela-ochoa-dias-despues-de-comprometerse-no-tiene-explicacion","status":"publish","type":"post","link":"https:\/\/www.europesays.com\/es\/300726\/","title":{"rendered":"Muere repentinamente el novio de la &#8216;influencer&#8217; Manuela Ochoa, d\u00edas despu\u00e9s de comprometerse: \u00abNo tiene explicaci\u00f3n\u00bb"},"content":{"rendered":"<p class=\"c-paragraph\">Luto en el mundo de las redes sociales tras conocerse la<b> inesperada muerte de Pedro, pareja y prometido de la conocida influencer Manuela Ochoa<\/b>.<\/p>\n<p class=\"c-paragraph\">Seg\u00fan ha anunciado la propia creadora de contenido, el joven ha perdido la vida <b>\u00absin preaviso\u00bb<\/b>. A \u00e9l precisamente<b> le ha dedicado una emocionante carta <\/b>a trav\u00e9s de su perfil de Instagram, donde se despide de su pareja, con el que se hab\u00eda comprometido hace solo unos d\u00edas e iba a casarse en octubre de 2025.<\/p>\n<p class=\"c-paragraph\">En el texto, que lleva por t\u00edtulo a A mi \u00e1ngel de la guarda, explica: \u00abUn 8 de diciembre prometimos querernos todos los d\u00edas de nuestra vida frente a nuestra Virgen de Guadalupe en su casa en M\u00e9xico. 12 de diciembre, en su d\u00eda, decide llevarte al cielo sin preaviso\u00bb.<\/p>\n<p class=\"c-paragraph\">\u00ab<b>Hay gente que es tan tan santa que no est\u00e1 hecha para este mundo<\/b>. Y t\u00fa, mi amor, eres sin duda de esas personas. Qu\u00e9 suerte el cielo de recibir un \u00e1ngel como t\u00fa\u00bb, prosigue en su misiva.<\/p>\n<p class=\"c-paragraph\">\u00ab\u00bfQu\u00e9 voy a hacer sin ti?\u00bb, se pregunta Manuela. \u00abSi te soy sincera, no lo s\u00e9. Reconozco que todo esto me viene un poco grande, <b>no s\u00e9 c\u00f3mo vivir sin ti<\/b>. Lo que s\u00ed s\u00e9, es que hoy esa promesa brilla en el cielo m\u00e1s que nunca\u00bb.<\/p>\n<p class=\"c-paragraph\">\u00abHe aprendido que <b>lo que ha pasado no tiene explicaci\u00f3n <\/b>por m\u00e1s que me pregunte por qu\u00e9, pero s\u00ed tiene una respuesta: el amor\u00bb, asegura.\u00a0\u00abEn diciembre del a\u00f1o pasado me escribiste: &#8216;si al cielo se llega amando, llego seguro porque no sabes lo que te quiero&#8217;, y tengo tan claro que has llegado tan directo porque era imposible querer m\u00e1s que como lo hac\u00edas t\u00fa\u00bb.<\/p>\n<p class=\"c-paragraph\">Tal y como cuenta, ya han despedido al joven, tanto ella como sus familiares y amigos m\u00e1s cercanos.\u00a0Y <b>si hubieras visto la de gente que ha venido a despedirte&#8230; \u00a1te habr\u00edas muerto de verg\u00fcenza!<\/b> Pero sab\u00edas querer tanto y tan bien, que ha sido precioso. Ahora <b>me toca vivir por dos<\/b>, me toca seguir adelante por ti, por nosotros y prometo hacerlo como siempre lo hac\u00edamos\u00bb.<\/p>\n<p class=\"c-paragraph\">\u00ab<b>No sabes la que has liado aqu\u00ed abajo<\/b>, la de gente que est\u00e1 rezando por ti; gracias por mandarme tant\u00edsimos abrazos a trav\u00e9s de toda la gente que adoramos. <b>Ahora entiendo c\u00f3mo te sal\u00edan 270 invitados para la boda, \u00a1pocos me parecen!<\/b> Saber que me iba a casar contigo es lo m\u00e1s duro, pero lo m\u00e1s bonito que me ha pasado nunca y saber que he podido cumplir la misi\u00f3n de llevarte al cielo me llena de paz. Te quiero tanto hoy y siempre, Tu Manuelita\u00bb, se despide.<\/p>\n","protected":false},"excerpt":{"rendered":"Luto en el mundo de las redes sociales tras conocerse la inesperada muerte de Pedro, pareja y prometido&hellip;\n","protected":false},"author":2,"featured_media":300727,"comment_status":"","ping_status":"","sticky":false,"template":"","format":"standard","meta":{"footnotes":""},"categories":[91],"tags":[146,147,25,24,1142,6055,5764,8938,25265,23],"class_list":{"0":"post-300726","1":"post","2":"type-post","3":"status-publish","4":"format-standard","5":"has-post-thumbnail","7":"category-entretenimiento","8":"tag-entertainment","9":"tag-entretenimiento","10":"tag-es","11":"tag-espana","12":"tag-forma","13":"tag-inesperada","14":"tag-influencer","15":"tag-muere","16":"tag-novio","17":"tag-spain"},"share_on_mastodon":{"url":"https:\/\/pubeurope.com\/@es\/115760927075515960","error":""},"_links":{"self":[{"href":"https:\/\/www.europesays.com\/es\/wp-json\/wp\/v2\/posts\/300726","targetHints":{"allow":["GET"]}}],"collection":[{"href":"https:\/\/www.europesays.com\/es\/wp-json\/wp\/v2\/posts"}],"about":[{"href":"https:\/\/www.europesays.com\/es\/wp-json\/wp\/v2\/types\/post"}],"author":[{"embeddable":true,"href":"https:\/\/www.europesays.com\/es\/wp-json\/wp\/v2\/users\/2"}],"replies":[{"embeddable":true,"href":"https:\/\/www.europesays.com\/es\/wp-json\/wp\/v2\/comments?post=300726"}],"version-history":[{"count":0,"href":"https:\/\/www.europesays.com\/es\/wp-json\/wp\/v2\/posts\/300726\/revisions"}],"wp:featuredmedia":[{"embeddable":true,"href":"https:\/\/www.europesays.com\/es\/wp-json\/wp\/v2\/media\/300727"}],"wp:attachment":[{"href":"https:\/\/www.europesays.com\/es\/wp-json\/wp\/v2\/media?parent=300726"}],"wp:term":[{"taxonomy":"category","embeddable":true,"href":"https:\/\/www.europesays.com\/es\/wp-json\/wp\/v2\/categories?post=300726"},{"taxonomy":"post_tag","embeddable":true,"href":"https:\/\/www.europesays.com\/es\/wp-json\/wp\/v2\/tags?post=300726"}],"curies":[{"name":"wp","href":"https:\/\/api.w.org\/{rel}","templated":true}]}}