{"id":30073,"date":"2025-08-06T19:09:11","date_gmt":"2025-08-06T19:09:11","guid":{"rendered":"https:\/\/www.europesays.com\/es\/30073\/"},"modified":"2025-08-06T19:09:11","modified_gmt":"2025-08-06T19:09:11","slug":"herida-una-oficinista-al-quedar-su-mano-enganchada-en-una-trituradora-de-documentos-en-vigo","status":"publish","type":"post","link":"https:\/\/www.europesays.com\/es\/30073\/","title":{"rendered":"Herida una oficinista al quedar\u00a0su mano enganchada en una trituradora de documentos en Vigo"},"content":{"rendered":"<p>\t\t\t \t\t \t\t\t\t\t\t\tImagen de archivo de una ambulancia por el centro de Vigo <strong class=\"pd-l\">M.MORALEJO  <\/strong><\/p>\n<p>\t\t\t\t\t\tLos bomberos dedicaron media hora\u00a0a desmontar la m\u00e1quina para liberar a la mujer, la cual creen que no perder\u00e1 los dedos<br \/>\n\t\t\t\t\t\t\t\t\t\t\t\t<strong>06 ago 2025<\/strong> . Actualizado a las 17:08 h.\t\t\t\t\t\t<\/p>\n<p class=\"first-paragraph txt\">Una oficinista result\u00f3 herida en la ma\u00f1ana de este mi\u00e9rcoles al quedar su <strong>mano enganchada en los dientes de una trituradora de papel<\/strong> y documentos en un\u00a0establecimiento de la calle Pr\u00edncipe, la m\u00e1s c\u00e9ntrica de Vigo, a la altura del n\u00famero 6.<\/p>\n<p class=\"txt\">El incidente fue a las\u00a0doce menos veinte\u00a0de la ma\u00f1ana, cuando un testigo alert\u00f3 al 112.\u00a0Los<strong> bomberos de Vigo<\/strong> dedicaron media hora\u00a0 a desmontar la m\u00e1quina para liberar a la mujer, de mediana edad. Seg\u00fan fuentes de la intervenci\u00f3n, aunque la mujer ten\u00eda heridas en las manos, creen que no perder\u00e1 los dedos.<\/p>\n<p class=\"txt\">La lesionada fue asistida por personal sanitario del <strong>061<\/strong>, que le practic\u00f3 curas. Los bomberos informaron al<strong> 112<\/strong> de que la mujer fue trasladada en ambulancia al Hospital Povisa y que sufr\u00eda cortes leves en una mano.<\/p>\n<p class=\"txt\">El 112 moviliz\u00f3 tambi\u00e9n a la<strong> Polic\u00eda Local, Polic\u00eda Nacional y Protecci\u00f3n Civil.<\/strong><\/p>\n<p>&#13;<br \/>\n\tArchivado en:&#13;<br \/>\n\t\t\t\t\t<a href=\"https:\/\/www.lavozdegalicia.es\/temas\/vigo-ciudad\/\" target=\"_blank\" class=\"mg-l\" rel=\"nofollow noopener\">Vigo ciudad<\/a>&#13;<br \/>\n\t&#13;<\/p>\n","protected":false},"excerpt":{"rendered":"Imagen de archivo de una ambulancia por el centro de Vigo M.MORALEJO Los bomberos dedicaron media hora\u00a0a desmontar&hellip;\n","protected":false},"author":2,"featured_media":30074,"comment_status":"","ping_status":"","sticky":false,"template":"","format":"standard","meta":{"footnotes":""},"categories":[8],"tags":[17,18,25,24,13,14,11,19,20,9,10,15,16,23,12,21,22,3518],"class_list":{"0":"post-30073","1":"post","2":"type-post","3":"status-publish","4":"format-standard","5":"has-post-thumbnail","7":"category-espana","8":"tag-breaking-news","9":"tag-breakingnews","10":"tag-es","11":"tag-espana","12":"tag-featured-news","13":"tag-featurednews","14":"tag-headlines","15":"tag-latest-news","16":"tag-latestnews","17":"tag-news","18":"tag-noticias","19":"tag-noticias-destacadas","20":"tag-noticiasdestacadas","21":"tag-spain","22":"tag-titulares","23":"tag-ultimas-noticias","24":"tag-ultimasnoticias","25":"tag-vigo-ciudad"},"share_on_mastodon":{"url":"","error":""},"_links":{"self":[{"href":"https:\/\/www.europesays.com\/es\/wp-json\/wp\/v2\/posts\/30073","targetHints":{"allow":["GET"]}}],"collection":[{"href":"https:\/\/www.europesays.com\/es\/wp-json\/wp\/v2\/posts"}],"about":[{"href":"https:\/\/www.europesays.com\/es\/wp-json\/wp\/v2\/types\/post"}],"author":[{"embeddable":true,"href":"https:\/\/www.europesays.com\/es\/wp-json\/wp\/v2\/users\/2"}],"replies":[{"embeddable":true,"href":"https:\/\/www.europesays.com\/es\/wp-json\/wp\/v2\/comments?post=30073"}],"version-history":[{"count":0,"href":"https:\/\/www.europesays.com\/es\/wp-json\/wp\/v2\/posts\/30073\/revisions"}],"wp:featuredmedia":[{"embeddable":true,"href":"https:\/\/www.europesays.com\/es\/wp-json\/wp\/v2\/media\/30074"}],"wp:attachment":[{"href":"https:\/\/www.europesays.com\/es\/wp-json\/wp\/v2\/media?parent=30073"}],"wp:term":[{"taxonomy":"category","embeddable":true,"href":"https:\/\/www.europesays.com\/es\/wp-json\/wp\/v2\/categories?post=30073"},{"taxonomy":"post_tag","embeddable":true,"href":"https:\/\/www.europesays.com\/es\/wp-json\/wp\/v2\/tags?post=30073"}],"curies":[{"name":"wp","href":"https:\/\/api.w.org\/{rel}","templated":true}]}}