{"id":300732,"date":"2025-12-22T02:47:07","date_gmt":"2025-12-22T02:47:07","guid":{"rendered":"https:\/\/www.europesays.com\/es\/300732\/"},"modified":"2025-12-22T02:47:07","modified_gmt":"2025-12-22T02:47:07","slug":"el-fin-del-orden-basado-en-reglas","status":"publish","type":"post","link":"https:\/\/www.europesays.com\/es\/300732\/","title":{"rendered":"el fin del orden basado en reglas"},"content":{"rendered":"<p><b>Del orden de posguerra a la ley del m\u00e1s fuerte\u00a0<\/b><\/p>\n<p>El a\u00f1o 2025 cierra en medio de un giro profundo en la pol\u00edtica mundial que no siempre se percibe con claridad en el flujo diario de noticias.\u00a0<\/p>\n<p>Hace ocho d\u00e9cadas termin\u00f3 la Segunda Guerra Mundial y se instaur\u00f3 un orden internacional sostenido en reglas, derecho internacional y cooperaci\u00f3n multilateral. Hoy, ese ciclo llega a su agotamiento.<\/p>\n<p>Las principales potencias han reivindicado el derecho a actuar seg\u00fan el alcance de sus capacidades militares y sus intereses geopol\u00edticos, regionales y globales. Con ello, dejan atr\u00e1s el sistema basado en normas jur\u00eddicas compartidas y reafirman una concepci\u00f3n centrada en la potestad soberana del Estado, que no equivale al respeto del derecho internacional.<\/p>\n<p><b>La guerra en Ucrania y la entente autoritaria<\/b><\/p>\n<p>Este viraje se aceler\u00f3 con la invasi\u00f3n rusa a gran escala contra Ucrania. Mosc\u00fa act\u00faa respaldado por una alianza que comparte el prop\u00f3sito de alterar fronteras, desconocer soberan\u00edas y redefinir el reconocimiento internacional de los Estados seg\u00fan intereses geopol\u00edticos y geoecon\u00f3micos.<\/p>\n<p>Entre quienes respaldan a Rusia figuran Corea del Norte, China, Ir\u00e1n y Bielorrusia, junto con otros pa\u00edses que prestan apoyo directo. Sobre esta base, varios analistas han descrito el eje Mosc\u00fa\u2013Beijing como una entente autoritaria, integrada por reg\u00edmenes abiertamente autocr\u00e1ticos, con capacidad nuclear y trayectorias ligadas a partidos comunistas que operan o han operado como Estados-partido antihegem\u00f3nicos en el coraz\u00f3n de Eurasia.<\/p>\n<p><b>Estados Unidos: del garante al revisionista<\/b><\/p>\n<p>Hasta comienzos de 2025, pod\u00eda afirmarse que las democracias occidentales intentaban evitar el retorno de la guerra, como lo hab\u00eda planteado el gobierno de Joe Biden. Sin embargo, se produjo una iron\u00eda hist\u00f3rica de gran calado: Washington, arquitecto del orden multilateral, modific\u00f3 su postura.<\/p>\n<p>El segundo mandato de Donald Trump marc\u00f3 un quiebre. Estados Unidos critica abiertamente a la ONU y a las cortes internacionales, suspende el programa de USAID y busca entendimientos con potencias contrahegem\u00f3nicas. Aunque el discurso presidencial apela a un nacionalismo aislacionista, en la pr\u00e1ctica se privilegia el uso directo del poder. Cuatro decisiones confirman este cambio:\u00a0<\/p>\n<ul>\n<li style=\"font-weight: 400;\" aria-level=\"1\">El retorno expl\u00edcito al expansionismo territorial, con menciones a Canad\u00e1, Groenlandia y el Canal de Panam\u00e1, recibidas con alarma por esos pa\u00edses.\u00a0<\/li>\n<li style=\"font-weight: 400;\" aria-level=\"1\">La descalificaci\u00f3n de organismos internacionales y la imposici\u00f3n de sanciones a jueces y funcionarios extranjeros.\u00a0<\/li>\n<li style=\"font-weight: 400;\" aria-level=\"1\">La alineaci\u00f3n de Washington con Rusia en la guerra contra Ucrania, desconociendo la condici\u00f3n de v\u00edctima del crimen de agresi\u00f3n.\u00a0<\/li>\n<li style=\"font-weight: 400;\" aria-level=\"1\">La reivindicaci\u00f3n de una visi\u00f3n imperial del siglo XIX, visible en la exaltaci\u00f3n de figuras como McKinley, Theodore Roosevelt o Andrew Jackson, y en el uso recurrente de aranceles.<\/li>\n<\/ul>\n<p>El giro qued\u00f3 consignado en la Estrategia de Seguridad Nacional publicada en 2025. El documento no solo confirma la ruptura con el multilateralismo, sino que anuncia distancias con aliados europeos, descritos como una civilizaci\u00f3n en decadencia. Adem\u00e1s, reafirma el derecho de Estados Unidos a intervenir en Am\u00e9rica Latina mediante el llamado \u201ccorolario Trump\u201d de la doctrina Monroe.<\/p>\n<p>A esto se suma una visi\u00f3n de la pol\u00edtica como negocio lucrativo, que equipara el gobierno con la gesti\u00f3n empresarial. La influencia de figuras como Steve Witkoff o Jared Kushner ilustra esta deriva, con consecuencias preocupantes en materia diplom\u00e1tica.<\/p>\n<p><b>Europa y el nuevo escenario global<\/b><\/p>\n<p>El benepl\u00e1cito del Kremlin frente a esta estrategia no fue accidental. Rusia confirma as\u00ed su prop\u00f3sito de imponerse en Ucrania y de reservarse el derecho a agredir a Estados que no reconozcan sus intereses.<\/p>\n<p>El cuadro se completa con la debilidad de varios Estados europeos \u2014Reino Unido, Alemania, Francia, Italia\u2014 que reaccionan con lentitud frente a desaf\u00edos que hace un siglo habr\u00edan definido el rumbo mundial.<\/p>\n<p>El a\u00f1o 2025 marca la constataci\u00f3n de que el periodo de estabilidad posterior a 1945 lleg\u00f3 a su fin. El orden basado en reglas se desvanece, sustituido por un mundo en el que el poder vuelve a imponerse sobre el derecho.<\/p>\n<p><strong>Le recomendamos: <a href=\"https:\/\/razonpublica.com\/la-politica-exterior-trump-lo-viene-colombia-america-latina\/\" rel=\"nofollow noopener\" target=\"_blank\">La pol\u00edtica exterior de Trump: lo que viene para Colombia y Am\u00e9rica Latina<\/a><\/strong><\/p>\n","protected":false},"excerpt":{"rendered":"Del orden de posguerra a la ley del m\u00e1s fuerte\u00a0 El a\u00f1o 2025 cierra en medio de un&hellip;\n","protected":false},"author":2,"featured_media":300733,"comment_status":"","ping_status":"","sticky":false,"template":"","format":"standard","meta":{"footnotes":""},"categories":[42],"tags":[17,18,13,14,11,61,62,63,64,19,20,9,10,15,16,12,21,22,65,66,67],"class_list":{"0":"post-300732","1":"post","2":"type-post","3":"status-publish","4":"format-standard","5":"has-post-thumbnail","7":"category-internacional","8":"tag-breaking-news","9":"tag-breakingnews","10":"tag-featured-news","11":"tag-featurednews","12":"tag-headlines","13":"tag-internacional","14":"tag-international","15":"tag-international-news","16":"tag-internationalnews","17":"tag-latest-news","18":"tag-latestnews","19":"tag-news","20":"tag-noticias","21":"tag-noticias-destacadas","22":"tag-noticiasdestacadas","23":"tag-titulares","24":"tag-ultimas-noticias","25":"tag-ultimasnoticias","26":"tag-world","27":"tag-world-news","28":"tag-worldnews"},"share_on_mastodon":{"url":"https:\/\/pubeurope.com\/@es\/115760938643879488","error":""},"_links":{"self":[{"href":"https:\/\/www.europesays.com\/es\/wp-json\/wp\/v2\/posts\/300732","targetHints":{"allow":["GET"]}}],"collection":[{"href":"https:\/\/www.europesays.com\/es\/wp-json\/wp\/v2\/posts"}],"about":[{"href":"https:\/\/www.europesays.com\/es\/wp-json\/wp\/v2\/types\/post"}],"author":[{"embeddable":true,"href":"https:\/\/www.europesays.com\/es\/wp-json\/wp\/v2\/users\/2"}],"replies":[{"embeddable":true,"href":"https:\/\/www.europesays.com\/es\/wp-json\/wp\/v2\/comments?post=300732"}],"version-history":[{"count":0,"href":"https:\/\/www.europesays.com\/es\/wp-json\/wp\/v2\/posts\/300732\/revisions"}],"wp:featuredmedia":[{"embeddable":true,"href":"https:\/\/www.europesays.com\/es\/wp-json\/wp\/v2\/media\/300733"}],"wp:attachment":[{"href":"https:\/\/www.europesays.com\/es\/wp-json\/wp\/v2\/media?parent=300732"}],"wp:term":[{"taxonomy":"category","embeddable":true,"href":"https:\/\/www.europesays.com\/es\/wp-json\/wp\/v2\/categories?post=300732"},{"taxonomy":"post_tag","embeddable":true,"href":"https:\/\/www.europesays.com\/es\/wp-json\/wp\/v2\/tags?post=300732"}],"curies":[{"name":"wp","href":"https:\/\/api.w.org\/{rel}","templated":true}]}}