{"id":300736,"date":"2025-12-22T02:50:32","date_gmt":"2025-12-22T02:50:32","guid":{"rendered":"https:\/\/www.europesays.com\/es\/300736\/"},"modified":"2025-12-22T02:50:32","modified_gmt":"2025-12-22T02:50:32","slug":"daimiel-reconoce-la-creatividad-y-la-tradicion-navidena-en-la-entrega-de-premios-del-certamen-de-belenes-y-del-concurso-de-fachadas","status":"publish","type":"post","link":"https:\/\/www.europesays.com\/es\/300736\/","title":{"rendered":"Daimiel reconoce la creatividad y la tradici\u00f3n navide\u00f1a en la entrega de premios del Certamen de Belenes y del Concurso de Fachadas"},"content":{"rendered":"<p dir=\"ltr\"><b id=\"docs-internal-guid-70eaa900-7fff-6efa-eca4-687be452001e\">El Teatro Ayala se llen\u00f3 este viernes de esp\u00edritu navide\u00f1o, emoci\u00f3n y orgullo compartido con motivo de la entrega de premios del XLVI Certamen Local de Belenes y del XV Concurso de Fachadas y Ornamentaci\u00f3n Navide\u00f1a, dos iniciativas muy arraigadas en la vida cultural de Daimiel que ponen en valor la implicaci\u00f3n de vecinos, colectivos y centros educativos durante unas fechas tan especiales.<\/b><\/p>\n<p dir=\"ltr\"><b id=\"docs-internal-guid-70eaa900-7fff-6efa-eca4-687be452001e\">Daimiel Noticias. \u2013 <\/b>Creatividad, imaginaci\u00f3n y, sobre todo, mucha ilusi\u00f3n llenaron este viernes el Teatro Ayala donde se celebr\u00f3 la entrega de premios del Certamen de Belenes y el Concurso de Fachadas Navide\u00f1as. El acto estuvo presidido por el alcalde de Daimiel, Leopoldo Sierra, acompa\u00f1ado por la concejal de Festejos, Alicia Loro; la concejal de Cultura, Lourdes Rodr\u00edguez de Guzm\u00e1n; la\u00a0concejal de Infancia, Mar\u00eda de las Cruces S\u00e1nchez de Pablo, y el concejal de Educaci\u00f3n, Jos\u00e9 Luis Calvo, quienes fueron los encargados de entregar los reconocimientos. La gala, presentada por Jes\u00fas Camacho, se desarroll\u00f3 en un ambiente navide\u00f1o y familiar, marcado por el reconocimiento al trabajo colectivo y al cuidado de las tradiciones.<\/p>\n<p>La velada comenz\u00f3 con la intervenci\u00f3n del alcalde, que agradeci\u00f3 la elevada participaci\u00f3n registrada en ambos concursos y el esfuerzo realizado por todas las personas y colectivos implicados. Sierra puso en valor el significado de estas iniciativas, destacando que no solo embellecen el municipio, sino que contribuyen a mantener vivas tradiciones que se comparten en el \u00e1mbito familiar, transmiten valores entre generaciones y refuerzan sentimientos tan propios de la Navidad como la ilusi\u00f3n. En este sentido, subray\u00f3 que cada bel\u00e9n y cada fachada decorada son reflejo del compromiso de Daimiel con una Navidad vivida en comunidad.<\/p>\n<p>  <img loading=\"lazy\" decoding=\"async\" src=\"https:\/\/www.europesays.com\/es\/wp-content\/uploads\/2025\/12\/20251219_181438.jpg\" width=\"2571\" height=\"2302\" alt=\"El alcalde, Leopoldo Sierra.\" typeof=\"foaf:Image\" class=\"img-fluid\"\/><br \/>\nEl alcalde, Leopoldo Sierra.<\/p>\n<p dir=\"ltr\"><b id=\"docs-internal-guid-70eaa900-7fff-6efa-eca4-687be452001e\">Certamen Local de Belenes<\/b><\/p>\n<p>Tras sus palabras, se procedi\u00f3 a la entrega de premios del XLVI Certamen Local de Belenes, que volvi\u00f3 a contar con una amplia participaci\u00f3n repartida en distintas categor\u00edas.<\/p>\n<p>En la categor\u00eda de familias y particulares, el primer premio fue para Carmen Pilar Mart\u00edn Serrano, con bel\u00e9n ubicado en la calle Estaci\u00f3n, 14; el segundo para Jaime Navarro L\u00f3pez, en la calle Col\u00f3n, 25; y el tercer premio para Mario Gonz\u00e1lez-Carrato Gonz\u00e1lez-Carrato, en la calle Azucena, 25. El cuarto premio recay\u00f3 en la Familia Rinc\u00f3n Arroyo, en la calle Prim, 34; el quinto para Mar\u00eda-Cruces L\u00f3pez Tercero Garc\u00eda-Mu\u00f1oz, en la calle Azucena, 37; y el sexto para Iv\u00e1n Mart\u00edn-Sierra Garz\u00e1s, en la calle Mar\u00eda Oliva, 19. El premio al Mejor Diorama fue para Mar\u00eda-Jos\u00e9 Garc\u00eda-Mu\u00f1oz D\u00edaz-Salazar, con bel\u00e9n situado en la calle Dehesa, 31, galard\u00f3n patrocinado por Papeler\u00eda Fern\u00e1ndez.<\/p>\n<p>Adem\u00e1s, recibieron diploma por su participaci\u00f3n Vicente Vel\u00e1zquez Garc\u00eda-Pardo (calle Calixto Hornedo, 11), Ram\u00f3n C\u00f3rdoba Lozano (calle San Roque, 1, bajo A), Javier P\u00e9rez N\u00fa\u00f1ez de Arenas (calle Granados, 17), Antonio Fern\u00e1ndez de Sim\u00f3n Mu\u00f1oz de Morales (calle Misionero Eusebio Ortega, 7, 2\u00baC), Bernardo Fern\u00e1ndez-Infantes Garc\u00eda-Mu\u00f1oz (calle M\u00e9ndez N\u00fa\u00f1ez, 14, 3\u00baB) y Alejandro Guti\u00e9rrez Velduque (calle Molino P\u00f3veda, 28).<\/p>\n<p>En la categor\u00eda de asociaciones, entidades, hermandades y cofrad\u00edas, el primer premio fue para el bel\u00e9n del Sant\u00edsimo Cristo de la Columna y Nuestra Se\u00f1ora de la Amargura, ubicado en la calle Juan Romero, 1; y el segundo para Nuestra Se\u00f1ora de la Soledad, en la calle General Espartero, 2. Recibieron diploma el Cristo del Consuelo, en el antiguo local de Foto Domingo de la Plaza de Espa\u00f1a, 9; la Cofrad\u00eda Mar\u00eda Desolada, en la calle San Juan, 43; y la Hermandad del Sant\u00edsimo Cristo del Sepulcro, en la calle Nueva, 4.<\/p>\n<p>Dentro del certamen se incluy\u00f3 tambi\u00e9n una menci\u00f3n especial a los alumnos del taller de dibujo y pintura, que participaron con su bel\u00e9n en la Casa de Cultura, reconociendo el valor educativo y creativo de este trabajo colectivo.<\/p>\n<p dir=\"ltr\"><b id=\"docs-internal-guid-70eaa900-7fff-6efa-eca4-687be452001e\">Concurso de Fachadas<\/b><\/p>\n<p>Una vez finalizada la entrega de premios del Certamen de Belenes, la gala continu\u00f3 con el fallo del XV Concurso de Fachadas y Ornamentaci\u00f3n Navide\u00f1a. En la categor\u00eda A (viviendas unifamiliares), el primer premio fue para Pilar L\u00f3pez-Franca Soria, el segundo para Eliana Vacca Lozano y el tercero para M\u00aa Jos\u00e9 G\u00f3mez Pinilla, otorg\u00e1ndose adem\u00e1s acc\u00e9sits a Yolanda L\u00f3pez-Menchero G\u00f3mez-Cambronero, David Honrado Garc\u00eda-Pliego y Sergio Garc\u00eda-Consuegra Rodr\u00edguez-Peral. En la categor\u00eda B (balcones, ventanas y pisos), el primer premio recay\u00f3 en Jaime Navarro L\u00f3pez y el segundo en Sandra Tapiador Aguado. En la categor\u00eda C (comunidades de vecinos), el primer premio fue para la Comunidad de Vecinos de la calle Azor\u00edn y el segundo para la Comunidad de Vecinos de la calle Severo Ochoa.<\/p>\n<p>El acto se cerr\u00f3 con una invitaci\u00f3n a todos los asistentes a seguir viviendo la Navidad en las calles de Daimiel, recorriendo la ruta de belenes repartida por el municipio, una propuesta que permite descubrir el trabajo realizado por vecinos, familias y colectivos y que convierte cada paseo en una oportunidad para compartir tradici\u00f3n, ilusi\u00f3n y esp\u00edritu navide\u00f1o.<\/p>\n","protected":false},"excerpt":{"rendered":"El Teatro Ayala se llen\u00f3 este viernes de esp\u00edritu navide\u00f1o, emoci\u00f3n y orgullo compartido con motivo de la&hellip;\n","protected":false},"author":2,"featured_media":300737,"comment_status":"","ping_status":"","sticky":false,"template":"","format":"standard","meta":{"footnotes":""},"categories":[5],"tags":[60548,17,18,71356,3010,25,24,13,14,11,19,20,9,10,15,16,23,12,21,22],"class_list":{"0":"post-300736","1":"post","2":"type-post","3":"status-publish","4":"format-standard","5":"has-post-thumbnail","7":"category-titulares","8":"tag-belenes","9":"tag-breaking-news","10":"tag-breakingnews","11":"tag-concurso-fachadas-de-navidad","12":"tag-daimiel","13":"tag-es","14":"tag-espana","15":"tag-featured-news","16":"tag-featurednews","17":"tag-headlines","18":"tag-latest-news","19":"tag-latestnews","20":"tag-news","21":"tag-noticias","22":"tag-noticias-destacadas","23":"tag-noticiasdestacadas","24":"tag-spain","25":"tag-titulares","26":"tag-ultimas-noticias","27":"tag-ultimasnoticias"},"share_on_mastodon":{"url":"https:\/\/pubeurope.com\/@es\/115760950800113837","error":""},"_links":{"self":[{"href":"https:\/\/www.europesays.com\/es\/wp-json\/wp\/v2\/posts\/300736","targetHints":{"allow":["GET"]}}],"collection":[{"href":"https:\/\/www.europesays.com\/es\/wp-json\/wp\/v2\/posts"}],"about":[{"href":"https:\/\/www.europesays.com\/es\/wp-json\/wp\/v2\/types\/post"}],"author":[{"embeddable":true,"href":"https:\/\/www.europesays.com\/es\/wp-json\/wp\/v2\/users\/2"}],"replies":[{"embeddable":true,"href":"https:\/\/www.europesays.com\/es\/wp-json\/wp\/v2\/comments?post=300736"}],"version-history":[{"count":0,"href":"https:\/\/www.europesays.com\/es\/wp-json\/wp\/v2\/posts\/300736\/revisions"}],"wp:featuredmedia":[{"embeddable":true,"href":"https:\/\/www.europesays.com\/es\/wp-json\/wp\/v2\/media\/300737"}],"wp:attachment":[{"href":"https:\/\/www.europesays.com\/es\/wp-json\/wp\/v2\/media?parent=300736"}],"wp:term":[{"taxonomy":"category","embeddable":true,"href":"https:\/\/www.europesays.com\/es\/wp-json\/wp\/v2\/categories?post=300736"},{"taxonomy":"post_tag","embeddable":true,"href":"https:\/\/www.europesays.com\/es\/wp-json\/wp\/v2\/tags?post=300736"}],"curies":[{"name":"wp","href":"https:\/\/api.w.org\/{rel}","templated":true}]}}